{"id":91537,"date":"2026-01-23T06:00:10","date_gmt":"2026-01-23T11:00:10","guid":{"rendered":"https:\/\/www.ludwig-van.com\/montreal\/?p=91537"},"modified":"2026-01-23T13:00:01","modified_gmt":"2026-01-23T18:00:01","slug":"nouvelle-laurent-patenaude-sen-va-faire-des-projets-de-beaute-lopera-de-quebec","status":"publish","type":"post","link":"https:\/\/www.ludwig-van.com\/montreal\/2026\/01\/23\/nouvelle-laurent-patenaude-sen-va-faire-des-projets-de-beaute-lopera-de-quebec\/","title":{"rendered":"NOUVELLE | Laurent Patenaude s&rsquo;en va \u00ab\u00a0faire des projets de beaut\u00e9\u00a0\u00bb \u00e0 l&rsquo;Op\u00e9ra de Qu\u00e9bec"},"content":{"rendered":"<figure id=\"attachment_91551\" aria-describedby=\"caption-attachment-91551\" style=\"width: 1200px\" class=\"wp-caption aligncenter\"><img decoding=\"async\" loading=\"lazy\" class=\"size-full wp-image-91551\" src=\"https:\/\/www.ludwig-van.com\/montreal\/wp-content\/uploads\/sites\/3\/2026\/01\/Copie-de-NOUVELLE11.jpg\" alt=\"\" width=\"1200\" height=\"628\" srcset=\"https:\/\/www.ludwig-van.com\/montreal\/wp-content\/uploads\/sites\/3\/2026\/01\/Copie-de-NOUVELLE11.jpg 1200w, https:\/\/www.ludwig-van.com\/montreal\/wp-content\/uploads\/sites\/3\/2026\/01\/Copie-de-NOUVELLE11-300x157.jpg 300w, https:\/\/www.ludwig-van.com\/montreal\/wp-content\/uploads\/sites\/3\/2026\/01\/Copie-de-NOUVELLE11-1024x536.jpg 1024w, https:\/\/www.ludwig-van.com\/montreal\/wp-content\/uploads\/sites\/3\/2026\/01\/Copie-de-NOUVELLE11-768x402.jpg 768w\" sizes=\"(max-width: 1200px) 100vw, 1200px\" \/><figcaption id=\"caption-attachment-91551\" class=\"wp-caption-text\">Laurent Patenaude (Photo : courtoisie Op\u00e9ra de Qu\u00e9bec_<\/figcaption><\/figure>\n<p>Le myst\u00e8re n&rsquo;aura pas plan\u00e9 bien longtemps : quelques jours apr\u00e8s que les <strong>Violons du Roy<\/strong> ont annonc\u00e9 <a href=\"https:\/\/www.ludwig-van.com\/montreal\/2026\/01\/19\/derniere-heure-laurent-patenaude-quitte-les-violons-du-roy-et-la-chapelle-de-quebec\/\" target=\"_blank\" rel=\"noopener\">le d\u00e9part choc de <strong>Laurent Patenaude<\/strong><\/a>, l&rsquo;<strong>Op\u00e9ra de Qu\u00e9bec<\/strong> en fournit l&rsquo;explication en d\u00e9voilant sa nomination en tant que nouveau directeur g\u00e9n\u00e9ral, soulageant <strong>Gr\u00e9goire Legendre<\/strong> d&rsquo;un int\u00e9rim entam\u00e9 il y a un an.<\/p>\n<blockquote><p>\u00ab Nous sommes tr\u00e8s heureux d\u2019accueillir Laurent \u00e0 la direction de notre organisation. Sa riche exp\u00e9rience et sa capacit\u00e9 \u00e0 mobiliser les \u00e9quipes et les partenaires constituent des atouts pr\u00e9cieux pour faire rayonner l\u2019Op\u00e9ra dans notre ville et au-del\u00e0. Son approche visionnaire et collaborative incarne exactement ce dont nous avons besoin pour \u00e9crire le prochain chapitre de notre institution. \u00bb &#8211; Philippe-Edwin B\u00e9langer, pr\u00e9sident du conseil d\u2019administration de l&rsquo;Op\u00e9ra de Qu\u00e9bec<\/p><\/blockquote>\n<p>Rejoint au t\u00e9l\u00e9phone, <strong>Laurent Patenaude<\/strong> explique que l&rsquo;appel de l&rsquo;<strong>Op\u00e9ra de Qu\u00e9bec<\/strong> est arriv\u00e9 \u00e0 un moment opportun : \u00ab\u00a0\u00c0 56 ans, j&rsquo;avais le go\u00fbt de finir ma carri\u00e8re avec du nouveau, de mettre \u00e0 profit l&rsquo;exp\u00e9rience que j&rsquo;avais acquise. L&rsquo;exp\u00e9rience, c&rsquo;est comme la valeur d&rsquo;une maison : c&rsquo;est un peu virtuel, tu peux juste le v\u00e9rifier quand tu vends ta maison,\u00a0\u00bb illustre-t-il. L&rsquo;importance de cette d\u00e9cision a quand m\u00eame justifi\u00e9 de longues heures de r\u00e9flexion, le menant \u00e0 la conclusion que le moment \u00e9tait propice au changement : \u00ab\u00a0La stabilit\u00e9 qu&rsquo;apporte le retour de <strong>Bernard<\/strong> [<strong>Labadie<\/strong>, dont <a href=\"https:\/\/www.ludwig-van.com\/montreal\/2025\/10\/28\/nouvelle-bernard-labadie-et-les-violons-du-roy-le-roi-de-retour-aupres-de-ses-violons\/\" target=\"_blank\" rel=\"noopener\">le retour comme directeur musical<\/a> a \u00e9t\u00e9 annonc\u00e9 le 28 octobre dernier] me permet de partir. Autrement, je ne me serais pas vu quitter. En l&rsquo;occurrence, l&rsquo;\u00e9quipe est soud\u00e9e autour de <strong>Bernard<\/strong>, et sa pr\u00e9sence incite les donateurs et les m\u00e9c\u00e8nes \u00e0 \u00eatre plus g\u00e9n\u00e9reux, parce qu&rsquo;ils le voient comme une valeur.\u00a0\u00bb<\/p>\n<p>En arrivant \u00e0 l&rsquo;<strong>Op\u00e9ra de Qu\u00e9bec<\/strong>, <strong>Laurent Patenaude<\/strong> compte d&rsquo;abord poser un diagnostic complet de l&rsquo;\u00e9tat des lieux, qui lui servira de point de d\u00e9part pour d\u00e9velopper un plan sur cinq ou six ans. Il ne sent pas le besoin de r\u00e9inventer la roue l\u00e0 o\u00f9 ce n&rsquo;est pas n\u00e9cessaire, mais tient plut\u00f4t \u00e0 se rapprocher de l&rsquo;\u00e9quipe et \u00e0 reconqu\u00e9rir le public. Le fait qu&rsquo;il n&rsquo;ait pas travaill\u00e9 dans le milieu op\u00e9ratique auparavant ne l&rsquo;inqui\u00e8te pas : \u00ab\u00a0Il ne faut pas \u00eatre sp\u00e9cialiste, mais \u00eatre allum\u00e9 sur toutes les facettes. Il n&rsquo;y a aucun domaine qui ne m&rsquo;int\u00e9resse pas, que ce soit la philanthropie, le marketing ou autre chose, parce que je sais que tout \u00e7a converge vers un but fantastique.\u00a0\u00bb Et c&rsquo;est ce but qui l&#8217;emballe : \u00ab\u00a0Je pense que ce que l&rsquo;humain peut faire de plus beau, c&rsquo;est de travailler \u00e0 faire des projets de beaut\u00e9 ensemble, et l&rsquo;op\u00e9ra est une des plus belles choses que l&rsquo;\u00eatre humain puisse faire.\u00a0\u00bb Fac\u00e9tieux, il jette : \u00ab\u00a0Je ne me serais pas vu DG d&rsquo;une entreprise de boissons gazeuses!\u00a0\u00bb<\/p>\n<p>En prenant la direction de l&rsquo;<strong>Op\u00e9ra de Qu\u00e9bec<\/strong>, <strong>Laurent Patenaude<\/strong> renouera avec un chef qui a longtemps \u00e9t\u00e9 un collaborateur \u00e9troit des <strong>Violons du Roy<\/strong>, <strong>Jean-Marie Zeitouni<\/strong>, <a href=\"https:\/\/www.ludwig-van.com\/montreal\/2025\/10\/03\/nouvelle-lopera-de-quebec-mise-sur-un-chef-quebecois-la-direction-artistique-et-musicale\/\" target=\"_blank\" rel=\"noopener\">nomm\u00e9 directeur artistique et musical<\/a> il y a quelques mois.<\/p>\n<blockquote><p>\u00ab Laurent poss\u00e8de une vision claire et une approche pragmatique qui compl\u00e9teront parfaitement notre d\u00e9marche artistique. Son \u00e9nergie et sa capacit\u00e9 \u00e0 f\u00e9d\u00e9rer autour d\u2019un projet commun permettront \u00e0 l\u2019Op\u00e9ra de franchir une nouvelle \u00e9tape dans son rayonnement et son d\u00e9veloppement. \u00bb &#8211; Jean-Marie Zeitouni<\/p><\/blockquote>\n<p>De son entr\u00e9e en poste le 2 f\u00e9vrier jusqu&rsquo;au 30 mars,<strong> Laurent Patenaude<\/strong> travaillera \u00e0 mi-temps dans chacune des deux institutions. Cela lui laissera le temps de boucler les derniers d\u00e9tails de la programmation d&rsquo;\u00e9t\u00e9 des <strong>Violons du Roy<\/strong>, ainsi que la saison 2026-2027. Bien s\u00fbr, m\u00eame au-del\u00e0 du 30 mars, il ne sera jamais bien loin, physiquement et en esprit, de l&rsquo;orchestre auquel il a consacr\u00e9 autant d&rsquo;\u00e9nergie pendant 27 ans : une promenade sur les Plaines d&rsquo;Abraham et le long des fortifications suffira \u00e0 le mener de l&rsquo;imposante maison \u00e0 c\u00f4t\u00e9 du Parc Jeanne-d&rsquo;Arc au Palais Montcalm.<\/p>\n<p>Parall\u00e8lement, il pourra lui-m\u00eame compter dans ses nouvelles fonctions sur l&rsquo;appui du directeur g\u00e9n\u00e9ral par int\u00e9rim sortant <strong>Gr\u00e9goire Legendre<\/strong>, puisque celui-ci demeurera actif au sein de l\u2019organisation jusqu\u2019\u00e0 la fin ao\u00fbt \u00e0 titre de conseiller strat\u00e9gique.<\/p>\n<h2><em>Inscrivez-vous \u00e0 notre infolettre! La musique classique et l\u2019op\u00e9ra en 5 minutes, chaque jour<\/em> <a href=\"https:\/\/ludwig-van.us9.list-manage.com\/subscribe?u=4f785cb3f9058f2393ccad035&amp;id=b9b160c032\" target=\"_blank\" rel=\"noopener noreferrer\">ICI<\/a>.<\/h2>\n","protected":false},"excerpt":{"rendered":"<p>Le myst\u00e8re n&rsquo;aura pas plan\u00e9 bien longtemps : quelques jours apr\u00e8s que les Violons du Roy aient annonc\u00e9 le d\u00e9part choc de Laurent Patenaude, l&rsquo;Op\u00e9ra de Qu\u00e9bec en fournit l&rsquo;explication en d\u00e9voilant sa nomination en tant que directeur g\u00e9n\u00e9ral de l&rsquo;organisme.<\/p>\n","protected":false},"author":55,"featured_media":91551,"comment_status":"open","ping_status":"open","sticky":false,"template":"","format":"standard","meta":{"om_disable_all_campaigns":false,"jetpack_post_was_ever_published":false},"categories":[42368,10992],"tags":[42369,27011,3503],"yst_prominent_words":[20427,9842,9856,10536,35630,10156,10538,14575,40423,6886,8139,28312,9838,9976,9975,9974],"acf":[],"jetpack_featured_media_url":"https:\/\/www.ludwig-van.com\/montreal\/wp-content\/uploads\/sites\/3\/2026\/01\/Copie-de-NOUVELLE11.jpg","jetpack_sharing_enabled":true,"jetpack_shortlink":"https:\/\/wp.me\/p9bdYt-nOp","amp_enabled":true,"_links":{"self":[{"href":"https:\/\/www.ludwig-van.com\/montreal\/wp-json\/wp\/v2\/posts\/91537"}],"collection":[{"href":"https:\/\/www.ludwig-van.com\/montreal\/wp-json\/wp\/v2\/posts"}],"about":[{"href":"https:\/\/www.ludwig-van.com\/montreal\/wp-json\/wp\/v2\/types\/post"}],"author":[{"embeddable":true,"href":"https:\/\/www.ludwig-van.com\/montreal\/wp-json\/wp\/v2\/users\/55"}],"replies":[{"embeddable":true,"href":"https:\/\/www.ludwig-van.com\/montreal\/wp-json\/wp\/v2\/comments?post=91537"}],"version-history":[{"count":7,"href":"https:\/\/www.ludwig-van.com\/montreal\/wp-json\/wp\/v2\/posts\/91537\/revisions"}],"predecessor-version":[{"id":91557,"href":"https:\/\/www.ludwig-van.com\/montreal\/wp-json\/wp\/v2\/posts\/91537\/revisions\/91557"}],"wp:featuredmedia":[{"embeddable":true,"href":"https:\/\/www.ludwig-van.com\/montreal\/wp-json\/wp\/v2\/media\/91551"}],"wp:attachment":[{"href":"https:\/\/www.ludwig-van.com\/montreal\/wp-json\/wp\/v2\/media?parent=91537"}],"wp:term":[{"taxonomy":"category","embeddable":true,"href":"https:\/\/www.ludwig-van.com\/montreal\/wp-json\/wp\/v2\/categories?post=91537"},{"taxonomy":"post_tag","embeddable":true,"href":"https:\/\/www.ludwig-van.com\/montreal\/wp-json\/wp\/v2\/tags?post=91537"},{"taxonomy":"yst_prominent_words","embeddable":true,"href":"https:\/\/www.ludwig-van.com\/montreal\/wp-json\/wp\/v2\/yst_prominent_words?post=91537"}],"curies":[{"name":"wp","href":"https:\/\/api.w.org\/{rel}","templated":true}]}}