{"id":91527,"date":"2026-01-22T01:09:21","date_gmt":"2026-01-22T06:09:21","guid":{"rendered":"https:\/\/www.ludwig-van.com\/montreal\/?p=91527"},"modified":"2026-01-23T01:00:02","modified_gmt":"2026-01-23T06:00:02","slug":"compte-rendu-lalliance-chorale-du-quebec-un-50e-anniversaire-rempli-de-vitalite","status":"publish","type":"post","link":"https:\/\/www.ludwig-van.com\/montreal\/2026\/01\/22\/compte-rendu-lalliance-chorale-du-quebec-un-50e-anniversaire-rempli-de-vitalite\/","title":{"rendered":"COMPTE-RENDU | L&rsquo;Alliance chorale du Qu\u00e9bec : un 50e anniversaire rempli de vitalit\u00e9"},"content":{"rendered":"<figure id=\"attachment_91531\" aria-describedby=\"caption-attachment-91531\" style=\"width: 1200px\" class=\"wp-caption aligncenter\"><img decoding=\"async\" loading=\"lazy\" class=\"size-full wp-image-91531\" src=\"https:\/\/www.ludwig-van.com\/montreal\/wp-content\/uploads\/sites\/3\/2026\/01\/Copie-de-COMPTE-RENDU.jpg\" alt=\"L'Alliance chorale concluait dimanche dernier les c\u00e9l\u00e9brations de son 50e anniversaire par un gala \u00e0 l'atmosph\u00e8re chaleureuse. (Photo : Michel Vall\u00e9e, Culture pour tous)\" width=\"1200\" height=\"628\" srcset=\"https:\/\/www.ludwig-van.com\/montreal\/wp-content\/uploads\/sites\/3\/2026\/01\/Copie-de-COMPTE-RENDU.jpg 1200w, https:\/\/www.ludwig-van.com\/montreal\/wp-content\/uploads\/sites\/3\/2026\/01\/Copie-de-COMPTE-RENDU-300x157.jpg 300w, https:\/\/www.ludwig-van.com\/montreal\/wp-content\/uploads\/sites\/3\/2026\/01\/Copie-de-COMPTE-RENDU-1024x536.jpg 1024w, https:\/\/www.ludwig-van.com\/montreal\/wp-content\/uploads\/sites\/3\/2026\/01\/Copie-de-COMPTE-RENDU-768x402.jpg 768w\" sizes=\"(max-width: 1200px) 100vw, 1200px\" \/><figcaption id=\"caption-attachment-91531\" class=\"wp-caption-text\">L&rsquo;Alliance chorale concluait dimanche dernier les c\u00e9l\u00e9brations de son 50e anniversaire par un gala \u00e0 l&rsquo;atmosph\u00e8re chaleureuse. (Photo : Michel Vall\u00e9e, Culture pour tous)<\/figcaption><\/figure>\n<p>\u00c0 50 ans, <strong>l\u2019Alliance chorale du Qu\u00e9bec<\/strong> a fait la d\u00e9monstration de sa vitalit\u00e9 lors d\u2019un gala \u00e0 l\u2019ambiance chaleureuse tenu au <strong>Chic Resto Pop<\/strong> dimanche apr\u00e8s-midi dernier. Devant de nombreux acteurs\u00b7ices du milieu uni\u00b7e\u00b7s par leur passion pour le chant choral, plusieurs prix ont \u00e9t\u00e9 remis reconnaissant les m\u00e9rites de chef\u00b7fe\u00b7s, choristes, pianistes et compositeurs se distinguant par leurs qualit\u00e9s et leur engagement exceptionnels.<\/p>\n<p>Rien de mieux que de chanter pour c\u00e9l\u00e9brer le pouvoir du chant choral : \u00e0 deux reprises au cours de l\u2019\u00e9v\u00e9nement anim\u00e9 par <strong>Mario Paquet<\/strong>, les membres de l\u2019assistance ont \u00e9t\u00e9 invit\u00e9s \u00e0 unir leurs voix en harmonie dans <em>Par-dessus le vacarme<\/em>, un hymne command\u00e9 sp\u00e9cialement par l\u2019Alliance chorale \u00e0 la compositrice <strong>Jeanne Laforest<\/strong> \u00e0 l\u2019occasion de cet anniversaire, et dans <em>Ami reviens<\/em>, un texte de Jacques Michel harmonis\u00e9 par le regrett\u00e9 <strong>Gilles Breton<\/strong>, d\u00e9c\u00e9d\u00e9 au courant de l\u2019ann\u00e9e derni\u00e8re. Des prestations du ch\u0153ur <strong>Ad Vitam<\/strong> et du <strong>Ch\u0153ur Exp\u00e9rimental du Canada<\/strong> (<strong>CEC<\/strong>), comptant tous deux parmi les laur\u00e9ats, ont \u00e9galement agr\u00e9ment\u00e9 la c\u00e9r\u00e9monie.<\/p>\n<h3>Remise des prix<\/h3>\n<p>En cette ann\u00e9e marquante, le nombre de prix se trouvait augment\u00e9 \u00e0 neuf par la cr\u00e9ation de quatre nouvelles distinctions. L\u2019attribution de ces prix avait \u00e9t\u00e9 confi\u00e9e \u00e0 un jury form\u00e9 de <strong>Jos\u00e9e Fortin<\/strong>, <strong>Louis Babin<\/strong> et <strong>Fran\u00e7oise Davoine<\/strong>.<\/p>\n<p>La liste des r\u00e9cipiendaires des prix annuels se lit comme suit\u00a0:<\/p>\n<ul>\n<li>La plus haute distinction individuelle, l\u2019<strong>Ordre<\/strong> <strong>du m\u00e9rite choral<\/strong>, est remise \u00e0 une personne active dans le milieu choral depuis plus de dix ans. Elle a \u00e9t\u00e9 accord\u00e9e \u00e0 <strong>Jean-S\u00e9bastien Vall\u00e9e<\/strong>, professeur et coordonnateur de la division de direction \u00e0 <strong>l\u2019\u00c9cole de musique Schulich<\/strong>, ainsi que directeur artistique et chef principal du <strong>Toronto Mendelssohn Choir<\/strong>. Il est l\u2019initiateur de <strong>l\u2019Acad\u00e9mie chorale d\u2019\u00e9t\u00e9 de Montr\u00e9al<\/strong>, lanc\u00e9e \u00e0 l\u2019\u00e9t\u00e9 2025.<\/li>\n<li>La plus haute distinction remise \u00e0 un ch\u0153ur porte le titre de <strong>Ch\u0153ur Fleuron<\/strong> et est remise \u00e0 un ensemble \u00e9tabli en reconnaissance de son apport exceptionnel au milieu choral. Le Ch\u0153ur Fleuron de cette \u00e9dition est le ch\u0153ur d\u2019adolescent\u00b7e\u00b7s et de jeunes adultes <strong>Ad Vitam<\/strong>, entendu au cours de la c\u00e9r\u00e9monie, dont sont ainsi reconnues la qualit\u00e9, la rigueur et la recherche d\u2019excellence, de m\u00eame que ses valeurs et son engagement communautaire.<\/li>\n<li>Le chef de ch\u0153ur <strong>Jean-Pierre Guindon<\/strong>, pr\u00e9sent au gala, donne son nom \u00e0 un prix dont il a \u00e9t\u00e9 le premier laur\u00e9at en 2007 et qui honore un chef\u00b7fe de ch\u0153ur ayant plus de 25 ans d\u2019exp\u00e9rience en direction chorale. Ce prix a \u00e9t\u00e9 remis \u00e0 <strong>David Rompr\u00e9<\/strong>, fort de 40 ans de vie professionnelle comme chanteur et comme chef de ch\u0153ur, dont 25 ann\u00e9es r\u00e9volues aupr\u00e8s du ch\u0153ur <strong>Les Rhapsodes<\/strong> et bient\u00f4t 25 ans au <strong>Ch\u0153ur de l\u2019Orchestre symphonique de Qu\u00e9bec<\/strong>. Depuis 2025, il est \u00e9galement professeur de direction chorale au <strong>Conservatoire de musique de Qu\u00e9bec<\/strong>.<\/li>\n<li>Reconnaissant le soutien pr\u00e9cieux apport\u00e9 par les personnes accompagnant les ch\u0153urs au piano, que ce soit en r\u00e9p\u00e9tition ou en concert, l\u2019Alliance chorale leur consacre le <strong>prix Gilles-Breton<\/strong>, qui vient saluer le travail d\u2019un\u00b7e pianiste \u0153uvrant dans le domaine choral depuis plus de 15 ans. Il a \u00e9t\u00e9 remis \u00e0 <strong>Lucie St-Pierre<\/strong>, pianiste accompagnatrice des <strong>ch\u0153urs de la Capitale-Nationale et de Chaudi\u00e8re-Appalaches<\/strong> depuis 2000 et du <strong>Ch\u0153ur en Suppl\u00e9ment\u2019air<\/strong> depuis sa fondation en 2015, en plus d\u2019avoir \u00e9t\u00e9 tour \u00e0 tour pianiste au sein du <strong>Ch\u0153ur Arti-Show<\/strong>, du <strong>Ch\u0153ur Gospel Le MondySwing<\/strong> et du <strong>Ch\u0153ur de la Cit\u00e9<\/strong>. Les activit\u00e9s musicales de <strong>Lucie St-Pierre<\/strong> ne se limitent pas \u00e0 l\u2019accompagnement\u00a0: elle r\u00e9alise des orchestrations, dirige et a compos\u00e9 la musique de deux albums rassemblant des pi\u00e8ces instrumentales et des chansons.<\/li>\n<li>Le <strong>prix Marie-Bernard<\/strong> a \u00e9t\u00e9 attribu\u00e9 \u00e0 <strong>Bruno Dufresne<\/strong>, chef <strong>des Voix de la Montagne<\/strong> et des <strong>Chanteurs de la Place Bourget<\/strong>, pour saluer sa riche production de compositions et d\u2019arrangements qui apportent une contribution non n\u00e9gligeable au d\u00e9veloppement d\u2019un r\u00e9pertoire choral de qualit\u00e9. Au cours de sa carri\u00e8re de pr\u00e8s de 40 ans \u00e0 ce jour, <strong>Bruno Dufresne<\/strong> a dirig\u00e9 plus d\u2019une dizaine de chorales scolaires et communautaires \u00e0 travers le Qu\u00e9bec, mettant souvent en valeur des compositeurs m\u00e9connus et des compositions in\u00e9dites. Il est \u00e9galement tr\u00e8s actif comme membre de c.a. et a \u00e9t\u00e9 membre du comit\u00e9 organisateur de <strong>PODIUM 2024<\/strong> et de <strong>Podium Jeunesse<\/strong> qui se sont tenus \u00e0 Montr\u00e9al au printemps 2024.<\/li>\n<\/ul>\n<p>&nbsp;<\/p>\n<figure id=\"attachment_91532\" aria-describedby=\"caption-attachment-91532\" style=\"width: 1200px\" class=\"wp-caption aligncenter\"><img decoding=\"async\" loading=\"lazy\" class=\"size-full wp-image-91532\" src=\"https:\/\/www.ludwig-van.com\/montreal\/wp-content\/uploads\/sites\/3\/2026\/01\/Gala-Alliance-chorale-public-chantant.jpg\" alt=\"Rien de mieux que de chanter pour c\u00e9l\u00e9brer le pouvoir du chant choral! (Photo : Michel Vall\u00e9e, Culture pour tous)\" width=\"1200\" height=\"697\" srcset=\"https:\/\/www.ludwig-van.com\/montreal\/wp-content\/uploads\/sites\/3\/2026\/01\/Gala-Alliance-chorale-public-chantant.jpg 1200w, https:\/\/www.ludwig-van.com\/montreal\/wp-content\/uploads\/sites\/3\/2026\/01\/Gala-Alliance-chorale-public-chantant-300x174.jpg 300w, https:\/\/www.ludwig-van.com\/montreal\/wp-content\/uploads\/sites\/3\/2026\/01\/Gala-Alliance-chorale-public-chantant-1024x595.jpg 1024w, https:\/\/www.ludwig-van.com\/montreal\/wp-content\/uploads\/sites\/3\/2026\/01\/Gala-Alliance-chorale-public-chantant-768x446.jpg 768w\" sizes=\"(max-width: 1200px) 100vw, 1200px\" \/><figcaption id=\"caption-attachment-91532\" class=\"wp-caption-text\">Rien de mieux que de chanter pour c\u00e9l\u00e9brer le pouvoir du chant choral! (Photo : Michel Vall\u00e9e, Culture pour tous)<\/figcaption><\/figure>\n<p>Les quatre nouvelles cat\u00e9gories de prix cr\u00e9\u00e9es cette ann\u00e9e prennent la forme suivante\u00a0:<\/p>\n<ul>\n<li>Le premier prix de l\u2019apr\u00e8s-midi, le <strong>prix Choriste<\/strong>, vient reconna\u00eetre l\u2019engagement remarquable d\u2019un\u00b7e choriste. Le premier r\u00e9cipiendaire en est <strong>Jean Jeukens<\/strong>, membre de l\u2019<strong>Ensemble<\/strong> <strong>vocal Sainte-Anne Singers<\/strong> depuis 2009. Au-del\u00e0 de sa pr\u00e9paration musicale impeccable et de son apport \u00e0 la section de basse, <strong>Jean<\/strong> <strong>Jeukens<\/strong> se m\u00e9rite ce prix par son engagement ind\u00e9fectible dans plusieurs aspects de l\u2019organisation du ch\u0153ur, du placement des chaises pour les r\u00e9p\u00e9titions \u00e0 l\u2019\u00e9laboration d\u2019une panoplie d\u2019outils de travail mise \u00e0 la disposition des choristes (enregistrements, traductions, annotations de partitions), en passant par le graphisme du programme et la cr\u00e9ation de deux sites web.<\/li>\n<li>La vitalit\u00e9 du monde du chant choral repose sur la d\u00e9votion loyale de ses b\u00e9n\u00e9voles. Un nouveau <strong>prix B\u00e9n\u00e9vole ou partenaire d\u2019exception<\/strong> a \u00e9t\u00e9 cr\u00e9\u00e9 pour saluer l\u2019implication exceptionnelle d\u2019une personne qui, par son engagement, fait rayonner le chant choral et l\u2019organisme dans lequel il s\u2019implique. La premi\u00e8re b\u00e9n\u00e9vole ainsi reconnue est <strong>Denise Tousignant<\/strong>, membre du <strong>Ch\u0153ur de la Cit\u00e9<\/strong>, dont elle est r\u00e9p\u00e9titrice du pupitre des sopranos depuis la fondation en 2005. Elle y agit \u00e9galement comme cheffe de ch\u0153ur suppl\u00e9ante et responsable des archives, en plus de produire les pistes d\u2019apprentissage de prononciation et de produire des capsules sur la th\u00e9orie musicale. Elle s\u2019implique \u00e9galement dans de nombreux comit\u00e9s li\u00e9s au fonctionnement du ch\u0153ur.<\/li>\n<li>Le compositeur, chef de ch\u0153ur, p\u00e9dagogue et artiste <strong>Fran\u00e7ois Lukawecki<\/strong> s\u2019est m\u00e9rit\u00e9 le <strong>prix Arrangement ou composition r\u00e9cente<\/strong> pour sa pi\u00e8ce <em>Le secret<\/em> pour quatre ch\u0153urs combin\u00e9s, piano, percussions et cuivres, compos\u00e9e en r\u00e9ponse \u00e0 une commande du <strong>Ch\u0153ur des enfants de Montr\u00e9al<\/strong> et de sa directrice <strong>Eun Jung Park<\/strong>. Ce prix s\u2019ajoute \u00e0 une liste croissante de r\u00e9compenses glan\u00e9es au fil des ann\u00e9es, dont les prix Or et Platine ainsi qu\u2019une r\u00e9compense sp\u00e9ciale lors du World Grand Prix International Music Contest en 2025, et le prix Stephen Chatnam de Choral Canada l\u2019ann\u00e9e pr\u00e9c\u00e9dente.<\/li>\n<li>Le <strong>Ch\u0153ur Exp\u00e9rimental du Canada<\/strong> (<strong>CEC<\/strong>), \u00e0 qui a \u00e9t\u00e9 confi\u00e9e la deuxi\u00e8me prestation musicale du gala, recevait pour sa part le <strong>prix Rel\u00e8ve<\/strong>, soulignant l\u2019innovation d\u2019un ch\u0153ur fond\u00e9 il y a moins de cinq ans. Fond\u00e9 en 2024, le <strong>CEC<\/strong> a la particularit\u00e9 d\u2019\u00eatre un ensemble collaboratif vou\u00e9 \u00e0 la cr\u00e9ation et \u00e0 la promotion de nouvelles \u0153uvres chorales qu\u00e9b\u00e9coises et canadiennes, dont la direction est attribu\u00e9e tour \u00e0 tour \u00e0 diff\u00e9rents chef\u00b7fe\u00b7s. En 2026, l\u2019ensemble pr\u00e9voit participer au rassemblement <strong>PODIUM 2026<\/strong> \u00e0 Victoria.<\/li>\n<\/ul>\n<h3>Une ann\u00e9e charg\u00e9e<\/h3>\n<p>Le gala de dimanche dernier repr\u00e9sentait le couronnement d\u2019une ann\u00e9e de c\u00e9l\u00e9brations au cours de laquelle l\u2019Alliance chorale et ses ch\u0153urs membres ont particip\u00e9 \u00e0 de grands projets\u00a0: Grand spectacle de la F\u00eate nationale \u00e0 Qu\u00e9bec et \u00e0 Montr\u00e9al, Vir\u00e9e classique de l\u2019Orchestre symphonique de Montr\u00e9al, \u00e9v\u00e9nements Ch\u0153urs en rafale \u00e0 Montr\u00e9al, en Outaouais, dans la Capitale-Nationale et en Estrie lors des Journ\u00e9es de la culture et de nouveau \u00e0 Montr\u00e9al \u00e0 l\u2019occasion de la Journ\u00e9e mondiale du chant choral le 14 d\u00e9cembre.<\/p>\n<p>Deux tables rondes r\u00e9unissant des panels de sp\u00e9cialistes et anim\u00e9es par <strong>Marc-Antoine d\u2019Aragon<\/strong> ont \u00e9t\u00e9 pr\u00e9sent\u00e9es gratuitement en f\u00e9vrier, la premi\u00e8re approfondissant les d\u00e9fis et outils li\u00e9s \u00e0 la direction chorale et la seconde abordant les aspects administratifs.<\/p>\n<p>N\u2019ignorant pas les besoins financiers grandissants de ses membres, l\u2019Alliance chorale a de plus proc\u00e9d\u00e9 au printemps 2025 \u00e0 l\u2019\u00e9tablissement d\u2019un programme de bourses dot\u00e9 d\u2019un budget de 30 000 $, distribu\u00e9 parmi 17 r\u00e9cipiendaires.<\/p>\n<p>Sur le web, l\u2019Alliance a proc\u00e9d\u00e9 \u00e0 une s\u00e9rie d\u2019entrevues avec des personnalit\u00e9s du monde musical qu\u00e9b\u00e9cois dont le parcours a \u00e9t\u00e9 marqu\u00e9 par le chant choral\u00a0: <strong>Fran\u00e7ois Dompierre<\/strong>, <strong>Jean-S\u00e9bastien Vall\u00e9e<\/strong>, <strong>Isabelle Peretz<\/strong>, <strong>Patricia Abbott<\/strong>, <strong>Jean-Fran\u00e7ois Rivest<\/strong>, <strong>Robert Ingari<\/strong>, <strong>Karina Gauvin<\/strong> et <strong>Francis Choini\u00e8re<\/strong>. Ces huit entrevues peuvent \u00eatre visionn\u00e9es sur <a href=\"https:\/\/www.youtube.com\/@alliancechoraleduquebec\/videos\" target=\"_blank\" rel=\"noopener\">la cha\u00eene YouTube de l\u2019Alliance chorale<\/a>. \u00a0Dans une autre s\u00e9rie de capsules plus courtes publi\u00e9es sur les r\u00e9seaux sociaux, d\u2019autres intervenant\u00b7e\u00b7s de m\u00e9tiers vari\u00e9s, incluant l\u2019astronaute <strong>David Saint-Jacques<\/strong>, d\u00e9crivent l\u2019apport du chant choral dans leur vie.<\/p>\n<p>&nbsp;<\/p>\n<div class=\"fb-video\" data-allowfullscreen=\"true\" data-href=\"https:\/\/www.facebook.com\/watch\/?v=655573366842139&#038;rdid=4wQE5nE8aYXDNHiO\"><\/div>\n<p>&nbsp;<\/p>\n<h3>Quand musique et politique font bon m\u00e9nage<\/h3>\n<p>Il n&rsquo;y a pas que les aventuriers de l&rsquo;espace qui vibrent au son du chant choral : fait notable, le gala de dimanche accueillait deux repr\u00e9sentants de la classe politique poss\u00e9dant un solide parcours professionnel en musique.<\/p>\n<p>Au niveau provincial, le ministre de la Culture et des communications \u00e9tait repr\u00e9sent\u00e9 par son adjoint gouvernemental <strong>Mathieu Rivest<\/strong>, d\u00e9put\u00e9 de C\u00f4te-du-Sud. Form\u00e9 en trompette, en \u00e9ducation musicale et en direction orchestrale et chorale, <strong>Mathieu Rivest<\/strong> a \u00e9t\u00e9 pendant plus de vingt ans le dynamique directeur du<strong> Camp musical Saint-Alexandre<\/strong>, dans Kamouraska, o\u00f9 il a orchestr\u00e9 des collaborations m\u00e9morables avec des artistes tels que <strong>Loco Locass<\/strong>, <strong>Marc D\u00e9ry<\/strong> et les <strong>Batinses<\/strong>.<\/p>\n<p>Au niveau municipal, la nouvelle administration \u00e9tait repr\u00e9sent\u00e9e par <strong>Andr\u00e9anne Moreau<\/strong>, <span class=\"x193iq5w xeuugli x13faqbe x1vvkbs x1xmvt09 x1lliihq x1s928wv xhkezso x1gmr53x x1cpjm7i x1fgarty x1943h6x xudqn12 x3x7a5m x6prxxf xvq8zen xo1l8bm xzsf02u x1yc453h\" dir=\"auto\">membre du comit\u00e9 ex\u00e9cutif et responsable de la culture, du patrimoine, du design et de la langue fran\u00e7aise de la Ville de Montr\u00e9al. Dipl\u00f4m\u00e9e en chant classique du <strong>Conservatoire de musique de Qu\u00e9bec<\/strong>, <strong>Andr\u00e9anne Moreau<\/strong> continue de se produire en concert comme soliste et comme choriste professionnelle, dont au sein du <strong>Ch\u0153ur de l&rsquo;Orchestre M\u00e9tropolitain<\/strong>, organisme pour lequel elle a \u0153uvr\u00e9 \u00e9nergiquement comme conseill\u00e8re principale, communications et relations publiques.\u00a0<\/span><\/p>\n<p>La familiarit\u00e9 et l&rsquo;affection des deux repr\u00e9sentants politique pour ce milieu qu&rsquo;ils \u00e9taient venu\u00b7e\u00b7s honorer s&rsquo;est manifest\u00e9e dans leurs interventions au micro, au moment d&rsquo;annoncer les prix qu&rsquo;ils avaient la charge de remettre.<\/p>\n<h2><em>Inscrivez-vous \u00e0 notre infolettre! La musique classique et l\u2019op\u00e9ra en 5 minutes, chaque jour<\/em> <a href=\"https:\/\/ludwig-van.us9.list-manage.com\/subscribe?u=4f785cb3f9058f2393ccad035&amp;id=b9b160c032\" target=\"_blank\" rel=\"noopener noreferrer\">ICI<\/a>.<\/h2>\n","protected":false},"excerpt":{"rendered":"<p>\u00c0 50 ans, l\u2019Alliance chorale du Qu\u00e9bec a fait la d\u00e9monstration de sa vitalit\u00e9 lors d\u2019un gala \u00e0 l\u2019ambiance chaleureuse tenu au Chic Resto Pop dimanche apr\u00e8s-midi dernier. Devant de nombreux acteurs\u00b7ices du milieu uni\u00b7e\u00b7s par leur passion pour le chant choral, plusieurs prix ont \u00e9t\u00e9 remis reconnaissant les m\u00e9rites de chef\u00b7fe\u00b7s, choristes, pianistes et compositeurs se distinguant par leurs qualit\u00e9s et leur engagement exceptionnels.<\/p>\n","protected":false},"author":55,"featured_media":91531,"comment_status":"open","ping_status":"open","sticky":false,"template":"","format":"standard","meta":{"om_disable_all_campaigns":false,"jetpack_post_was_ever_published":false},"categories":[42368,10992],"tags":[42369,30992],"yst_prominent_words":[30975,10445,9934,6731,10041,20662,33519,9857],"acf":[],"jetpack_featured_media_url":"https:\/\/www.ludwig-van.com\/montreal\/wp-content\/uploads\/sites\/3\/2026\/01\/Copie-de-COMPTE-RENDU.jpg","jetpack_sharing_enabled":true,"jetpack_shortlink":"https:\/\/wp.me\/p9bdYt-nOf","amp_enabled":true,"_links":{"self":[{"href":"https:\/\/www.ludwig-van.com\/montreal\/wp-json\/wp\/v2\/posts\/91527"}],"collection":[{"href":"https:\/\/www.ludwig-van.com\/montreal\/wp-json\/wp\/v2\/posts"}],"about":[{"href":"https:\/\/www.ludwig-van.com\/montreal\/wp-json\/wp\/v2\/types\/post"}],"author":[{"embeddable":true,"href":"https:\/\/www.ludwig-van.com\/montreal\/wp-json\/wp\/v2\/users\/55"}],"replies":[{"embeddable":true,"href":"https:\/\/www.ludwig-van.com\/montreal\/wp-json\/wp\/v2\/comments?post=91527"}],"version-history":[{"count":14,"href":"https:\/\/www.ludwig-van.com\/montreal\/wp-json\/wp\/v2\/posts\/91527\/revisions"}],"predecessor-version":[{"id":91549,"href":"https:\/\/www.ludwig-van.com\/montreal\/wp-json\/wp\/v2\/posts\/91527\/revisions\/91549"}],"wp:featuredmedia":[{"embeddable":true,"href":"https:\/\/www.ludwig-van.com\/montreal\/wp-json\/wp\/v2\/media\/91531"}],"wp:attachment":[{"href":"https:\/\/www.ludwig-van.com\/montreal\/wp-json\/wp\/v2\/media?parent=91527"}],"wp:term":[{"taxonomy":"category","embeddable":true,"href":"https:\/\/www.ludwig-van.com\/montreal\/wp-json\/wp\/v2\/categories?post=91527"},{"taxonomy":"post_tag","embeddable":true,"href":"https:\/\/www.ludwig-van.com\/montreal\/wp-json\/wp\/v2\/tags?post=91527"},{"taxonomy":"yst_prominent_words","embeddable":true,"href":"https:\/\/www.ludwig-van.com\/montreal\/wp-json\/wp\/v2\/yst_prominent_words?post=91527"}],"curies":[{"name":"wp","href":"https:\/\/api.w.org\/{rel}","templated":true}]}}