{"id":91487,"date":"2026-01-19T16:50:54","date_gmt":"2026-01-19T21:50:54","guid":{"rendered":"https:\/\/www.ludwig-van.com\/montreal\/?p=91487"},"modified":"2026-01-22T01:00:04","modified_gmt":"2026-01-22T06:00:04","slug":"choix-de-la-redaction-un-camaieu-de-musiques-dhier-aujourdhui","status":"publish","type":"post","link":"https:\/\/www.ludwig-van.com\/montreal\/2026\/01\/19\/choix-de-la-redaction-un-camaieu-de-musiques-dhier-aujourdhui\/","title":{"rendered":"CHOIX DE LA R\u00c9DACTION | Un cama\u00efeu de musiques, d&rsquo;hier \u00e0 aujourd&rsquo;hui"},"content":{"rendered":"<figure id=\"attachment_91500\" aria-describedby=\"caption-attachment-91500\" style=\"width: 1200px\" class=\"wp-caption aligncenter\"><img decoding=\"async\" loading=\"lazy\" class=\"size-full wp-image-91500\" src=\"https:\/\/www.ludwig-van.com\/montreal\/wp-content\/uploads\/sites\/3\/2026\/01\/Copie-de-CONCERTS8.jpg\" alt=\"\" width=\"1200\" height=\"628\" srcset=\"https:\/\/www.ludwig-van.com\/montreal\/wp-content\/uploads\/sites\/3\/2026\/01\/Copie-de-CONCERTS8.jpg 1200w, https:\/\/www.ludwig-van.com\/montreal\/wp-content\/uploads\/sites\/3\/2026\/01\/Copie-de-CONCERTS8-300x157.jpg 300w, https:\/\/www.ludwig-van.com\/montreal\/wp-content\/uploads\/sites\/3\/2026\/01\/Copie-de-CONCERTS8-1024x536.jpg 1024w, https:\/\/www.ludwig-van.com\/montreal\/wp-content\/uploads\/sites\/3\/2026\/01\/Copie-de-CONCERTS8-768x402.jpg 768w\" sizes=\"(max-width: 1200px) 100vw, 1200px\" \/><figcaption id=\"caption-attachment-91500\" class=\"wp-caption-text\">Alina Ibragimova (Photo : Josh McKinley); De la mer aux nuages par St\u00e9phanie Pothier; Musique du cin\u00e9ma anglais par l&rsquo;Orchestre M\u00e9tropolitain<\/figcaption><\/figure>\n<p>De musiques anciennes et baroque \u00e0 musique exp\u00e9rimentale, en passant par musique romantique, contemporaine, actuelle et issue du cin\u00e9ma, le r\u00e9pertoire de cette semaine est certainement riche de vari\u00e9t\u00e9! En plus, les concerts sont bien \u00e9chelonn\u00e9s dans la semaine, vous permettant d\u2019assister \u00e0 un, voire deux, concerts par jour. De quoi combler les m\u00e9lomanes avides de musique vivante!<\/p>\n<p><img decoding=\"async\" loading=\"lazy\" class=\"aligncenter size-full wp-image-91493\" src=\"https:\/\/www.ludwig-van.com\/montreal\/wp-content\/uploads\/sites\/3\/2026\/01\/Wapiti-et-Memoire_556.jpg\" alt=\"\" width=\"556\" height=\"695\" srcset=\"https:\/\/www.ludwig-van.com\/montreal\/wp-content\/uploads\/sites\/3\/2026\/01\/Wapiti-et-Memoire_556.jpg 556w, https:\/\/www.ludwig-van.com\/montreal\/wp-content\/uploads\/sites\/3\/2026\/01\/Wapiti-et-Memoire_556-240x300.jpg 240w\" sizes=\"(max-width: 556px) 100vw, 556px\" \/><\/p>\n<h3>Quatuor M\u00e9moire et Wapiti &amp; Daniel Leguizam\u00f3n<\/h3>\n<p>No Hay Banda, <a href=\"https:\/\/www.ludwig-van.com\/montreal\/2025\/11\/05\/entretien-de-no-hay-hay-no-hay-banda-recoit-120-000-de-la-fondation-siemens\/\" target=\"_blank\" rel=\"noopener\">r\u00e9cipiendaire en novembre dernier du prix Siemens<\/a>, produi ce concert consitu\u00e9 d&rsquo;artistes invit\u00e9\u00b7e\u00b7s. En premi\u00e8re partie, le duo <b>Wapiti<\/b> interpr\u00e9tera une \u0153uvre du compositeur colombien <b>Daniel Leguizam\u00f3n<\/b> sur le th\u00e8me de l\u2019\u00e9nergie unique cr\u00e9\u00e9e \u00e0 chaque concert entre les artistes, la salle et le public. Selon lui &#8211; et nous devons lui donner raison -, chaque salle, avec ses particularit\u00e9s acoustiques, a sa propre empreinte sur la musique qui est jou\u00e9e. Il en va de m\u00eame pour l\u2019effet des lieux sur les artistes et le public. Sa composition <i>Tallado en el aire<\/i> explore donc cette facette. En deuxi\u00e8me partie, le <b>Quatuor M\u00e9moire<\/b>, ensemble de musique contemporaine, interpr\u00e9tera deux \u0153uvres de compositrices montr\u00e9alaises, <b>Hannah A. Barnes<\/b> et <b>Lily Koslow<\/b>. La soprano <b>Rebecca Gray<\/b> se joindra au groupe pour <i>The Mysteries Remain<\/i> de Barne, alors que, pour l\u2019interpr\u00e9tation de <i>Zed<\/i> de Koslow, la compositrice elle-m\u00eame rejoindra les cordistes.<\/p>\n<p>LE 19 JANVIER, 20 H, LA SALA ROSSA\u00a0 <a href=\"https:\/\/nohaybanda.ca\/nhb58.html\" target=\"_blank\" rel=\"noopener\">D\u00c9TAILS ET BILLETS<\/a><\/p>\n<p>&nbsp;<\/p>\n<p><img decoding=\"async\" loading=\"lazy\" class=\"aligncenter size-full wp-image-91494\" src=\"https:\/\/www.ludwig-van.com\/montreal\/wp-content\/uploads\/sites\/3\/2026\/01\/Caprice-Baroque.jpg\" alt=\"\" width=\"1200\" height=\"822\" srcset=\"https:\/\/www.ludwig-van.com\/montreal\/wp-content\/uploads\/sites\/3\/2026\/01\/Caprice-Baroque.jpg 1200w, https:\/\/www.ludwig-van.com\/montreal\/wp-content\/uploads\/sites\/3\/2026\/01\/Caprice-Baroque-300x206.jpg 300w, https:\/\/www.ludwig-van.com\/montreal\/wp-content\/uploads\/sites\/3\/2026\/01\/Caprice-Baroque-1024x701.jpg 1024w, https:\/\/www.ludwig-van.com\/montreal\/wp-content\/uploads\/sites\/3\/2026\/01\/Caprice-Baroque-768x526.jpg 768w\" sizes=\"(max-width: 1200px) 100vw, 1200px\" \/><\/p>\n<h3>Caprice &#8211; Baroque<\/h3>\n<p>L\u2019ensemble de musique de chambre <b>Caprice<\/b> vous invite \u00e0 se joindre \u00e0 lui \u00e0 la salle Le 9e du Centre Eaton pour une exp\u00e9rience immersive. Avec un programme de musique\u00a0 fran\u00e7aise baroque, les interpr\u00e8tes <b>Matthias Maute<\/b> (directeur artistique), <b>Sophie Larivi\u00e8re<\/b> (fl\u00fbtes), <b>Jean-Christophe Lizotte<\/b> (violoncelle baroque), <b>David Jacques<\/b> (guitare baroque) et <b>Ziya Tabassian<\/b> (percussions) voyageront au temps de Louis XIV tout en interagissant avec le public.<\/p>\n<p>LE 20 JANVIER, 17 H, LE 9E\u00a0 <a href=\"https:\/\/feverup.com\/m\/369103\" target=\"_blank\" rel=\"noopener\">D\u00c9TAILS ET BILLETS<\/a><\/p>\n<p>&nbsp;<\/p>\n<p><img decoding=\"async\" loading=\"lazy\" class=\"aligncenter size-full wp-image-91495\" src=\"https:\/\/www.ludwig-van.com\/montreal\/wp-content\/uploads\/sites\/3\/2026\/01\/Amour-devotion-et-licornes.png\" alt=\"\" width=\"1200\" height=\"767\" srcset=\"https:\/\/www.ludwig-van.com\/montreal\/wp-content\/uploads\/sites\/3\/2026\/01\/Amour-devotion-et-licornes.png 1200w, https:\/\/www.ludwig-van.com\/montreal\/wp-content\/uploads\/sites\/3\/2026\/01\/Amour-devotion-et-licornes-300x192.png 300w, https:\/\/www.ludwig-van.com\/montreal\/wp-content\/uploads\/sites\/3\/2026\/01\/Amour-devotion-et-licornes-1024x655.png 1024w, https:\/\/www.ludwig-van.com\/montreal\/wp-content\/uploads\/sites\/3\/2026\/01\/Amour-devotion-et-licornes-768x491.png 768w\" sizes=\"(max-width: 1200px) 100vw, 1200px\" \/><\/p>\n<h3>SMAM &#8211; <i>Amour, d\u00e9votion et licornes<\/i><\/h3>\n<p>Le terme <em>Amour <\/em>du titre du concert repr\u00e9sente ici un hommage \u00e0 sainte Anne, grand-m\u00e8re de J\u00e9sus, aux passions de Marie-Madeleine et \u00e0 l\u2019incarnation de l\u2019amour en V\u00e9nus, alors que <i>D\u00e9votion<\/i> fait r\u00e9f\u00e9rence aux \u0153uvres des religieuses clo\u00eetr\u00e9es, \u00e9pouses mystiques du Christ. Mais que viennent faire les licornes dans tout \u00e7a? Tout d\u2019abord, elles sont un symbole de sagesse et de puret\u00e9. Mais le mot \u00e9voque aussi la puissante tradition vocale ancienne, la polyphonie, qui inclut des symboliques souvent mystiques ou spirituelles, et dont les pionnier\u00b7\u00e8re\u00b7s ont brav\u00e9 leur \u00e9poque en la mariant aux pri\u00e8res h\u00e9bra\u00efques et en d\u00e9fiant le patriarcat. C\u2019est donc \u00e0 un concert intime mais puissant que vous invite le <b>Studio de musique ancienne de Montr\u00e9al<\/b> avec les artistes <b>\u00c9lodie Bouchard<\/b> et <b>Leah Weitzner<\/b>, sopranos, <b>Maddie Studt<\/b>, mezzo-soprano, <b>Madeleine Owen<\/b>, th\u00e9orbe et <b>Tristan Best<\/b>, viole de gambe. \u00c0 noter qu\u2019en avril pass\u00e9, le SMAM avait eu une <a href=\"https:\/\/www.ludwig-van.com\/montreal\/2025\/04\/01\/critique-sublime-cozzolani-au-smam\/\">critique \u00e9logieuse<\/a> de leur interpr\u00e9tation d\u2019\u0153uvres de Cozzolani et Leonarda, deux m\u00eames compositrices dont il jouera de nouveau des \u0153uvres lors du concert de mercredi.<\/p>\n<p>LE 21 JANVIER, 19 H 30, CHAPELLE NOTRE-DAME-DE-BON-SECOURS\u00a0 <a href=\"https:\/\/smamontreal.ca\/amour-devotion-et-licornes\/\" target=\"_blank\" rel=\"noopener\">D\u00c9TAILS ET BILLETS<\/a><\/p>\n<p>&nbsp;<\/p>\n<figure id=\"attachment_91491\" aria-describedby=\"caption-attachment-91491\" style=\"width: 1200px\" class=\"wp-caption aligncenter\"><img decoding=\"async\" loading=\"lazy\" class=\"size-full wp-image-91491\" src=\"https:\/\/www.ludwig-van.com\/montreal\/wp-content\/uploads\/sites\/3\/2026\/01\/AVROTROS_Ramon_van-Engelenhoven.1.jpg\" alt=\"Ramon von Engelenhoven (Photo : AVROTROS) \" width=\"1200\" height=\"800\" srcset=\"https:\/\/www.ludwig-van.com\/montreal\/wp-content\/uploads\/sites\/3\/2026\/01\/AVROTROS_Ramon_van-Engelenhoven.1.jpg 1200w, https:\/\/www.ludwig-van.com\/montreal\/wp-content\/uploads\/sites\/3\/2026\/01\/AVROTROS_Ramon_van-Engelenhoven.1-300x200.jpg 300w, https:\/\/www.ludwig-van.com\/montreal\/wp-content\/uploads\/sites\/3\/2026\/01\/AVROTROS_Ramon_van-Engelenhoven.1-1024x683.jpg 1024w, https:\/\/www.ludwig-van.com\/montreal\/wp-content\/uploads\/sites\/3\/2026\/01\/AVROTROS_Ramon_van-Engelenhoven.1-768x512.jpg 768w\" sizes=\"(max-width: 1200px) 100vw, 1200px\" \/><figcaption id=\"caption-attachment-91491\" class=\"wp-caption-text\">Ramon von Engelenhoven (Photo : AVROTROS)<\/figcaption><\/figure>\n<h3>Ramon van Engelenhoven, piano<\/h3>\n<p>Le jeune virtuose n\u00e9erlandais <b>Ramon van Engelenhoven<\/b> est de retour \u00e0 la Salle Bourgie. Alors qu&rsquo;il s&rsquo;y est produit auparavant comme chambriste, c\u2019est en r\u00e9cital qu\u2019il est re\u00e7u cette fois dans un programme \u00e9clectique compos\u00e9 d\u2019\u0153uvres embl\u00e9matiques du r\u00e9pertoire pianistique, mais \u00e9galement de transcriptions de musiques de film, ainsi que d\u2019une cr\u00e9ation de <b>Ramin Amin Tafreshi<\/b>, compositeur irano-n\u00e9erlandais.<\/p>\n<p>LE 21 JANVIER, 19 H 30, SALLE BOURGIE\u00a0<a href=\"https:\/\/www.mbam.qc.ca\/fr\/activites\/ramon-van-engelenhoven-piano\/\" target=\"_blank\" rel=\"noopener\"> D\u00c9TAILS ET BILLETS<\/a><\/p>\n<p>&nbsp;<\/p>\n<figure id=\"attachment_91492\" aria-describedby=\"caption-attachment-91492\" style=\"width: 1200px\" class=\"wp-caption aligncenter\"><img decoding=\"async\" loading=\"lazy\" class=\"size-full wp-image-91492\" src=\"https:\/\/www.ludwig-van.com\/montreal\/wp-content\/uploads\/sites\/3\/2026\/01\/Alina_Ibragimova.png\" alt=\"\" width=\"1200\" height=\"795\" srcset=\"https:\/\/www.ludwig-van.com\/montreal\/wp-content\/uploads\/sites\/3\/2026\/01\/Alina_Ibragimova.png 1200w, https:\/\/www.ludwig-van.com\/montreal\/wp-content\/uploads\/sites\/3\/2026\/01\/Alina_Ibragimova-300x199.png 300w, https:\/\/www.ludwig-van.com\/montreal\/wp-content\/uploads\/sites\/3\/2026\/01\/Alina_Ibragimova-1024x678.png 1024w, https:\/\/www.ludwig-van.com\/montreal\/wp-content\/uploads\/sites\/3\/2026\/01\/Alina_Ibragimova-768x509.png 768w\" sizes=\"(max-width: 1200px) 100vw, 1200px\" \/><figcaption id=\"caption-attachment-91492\" class=\"wp-caption-text\">Alina Ibragimova (Photo : Josh McKinley)<\/figcaption><\/figure>\n<h3>OSM &#8211; L\u2019orchestre selon Duke Ellington et Rachmaninoff<\/h3>\n<p>L\u2019<b>Orchestre symphonique de Montr\u00e9al<\/b> vous propose un programme o\u00f9 la musique symphonique d\u00e9voile un large \u00e9ventail de ses possibilit\u00e9s. De la musique jazz de <i>Harlem<\/i> de Duke Ellington \u00e0 la puissance \u00e9motionnelle du romantisme tardif de la <i>Symphonie no 3<\/i> de Rachmaninov, avec un arr\u00eat dans le style innovant et unique de Stravinsky d\u00e9montr\u00e9 par son <i>Concerto en r\u00e9 majeur pour violon<\/i> interpr\u00e9t\u00e9 par <b>Alina Ibragimova<\/b> (lors des repr\u00e9sentations en soir\u00e9e seulement), c\u2019est une authentique mosa\u00efque musicale qui vous sera pr\u00e9sent\u00e9 sous la direction du chef <b>Robin Ticciati<\/b>.<\/p>\n<p>LE 21 JANVIER, 10 H 30 ET LES 21 ET 22 JANVIER, 19 H 30, MAISON SYMPHONIQUE\u00a0 <a href=\"https:\/\/www.osm.ca\/fr\/concert\/lorchestre-selon-duke-ellington-et-rachmaninov-21-et-22\/\" target=\"_blank\" rel=\"noopener\">D\u00c9TAILS ET BILLETS<\/a><\/p>\n<p>&nbsp;<\/p>\n<figure id=\"attachment_87144\" aria-describedby=\"caption-attachment-87144\" style=\"width: 1200px\" class=\"wp-caption aligncenter\"><img decoding=\"async\" loading=\"lazy\" class=\"size-full wp-image-87144\" src=\"https:\/\/www.ludwig-van.com\/montreal\/wp-content\/uploads\/sites\/3\/2025\/04\/DeLaMerAuxNuages-17.jpg\" alt=\"St\u00e9phanie Pothier et Rosalie Asselin dans De la mer aux nuages (Photo : courtoisie)\" width=\"1200\" height=\"675\" srcset=\"https:\/\/www.ludwig-van.com\/montreal\/wp-content\/uploads\/sites\/3\/2025\/04\/DeLaMerAuxNuages-17.jpg 1200w, https:\/\/www.ludwig-van.com\/montreal\/wp-content\/uploads\/sites\/3\/2025\/04\/DeLaMerAuxNuages-17-300x169.jpg 300w, https:\/\/www.ludwig-van.com\/montreal\/wp-content\/uploads\/sites\/3\/2025\/04\/DeLaMerAuxNuages-17-1024x576.jpg 1024w, https:\/\/www.ludwig-van.com\/montreal\/wp-content\/uploads\/sites\/3\/2025\/04\/DeLaMerAuxNuages-17-768x432.jpg 768w\" sizes=\"(max-width: 1200px) 100vw, 1200px\" \/><figcaption id=\"caption-attachment-87144\" class=\"wp-caption-text\">St\u00e9phanie Pothier et Rosalie Asselin dans De la mer aux nuages (Photo : courtoisie)<\/figcaption><\/figure>\n<h3>St\u00e9phanie Pothier &#8211; <i>De la mer aux nuages<\/i><\/h3>\n<p>La chanteuse et photographe <b>St\u00e9phanie Pothier<\/b> pr\u00e9sente pour une derni\u00e8re fois dans la r\u00e9gion montr\u00e9alaise son spectacle multim\u00e9dia <i>De la mer aux nuages<\/i>. M\u00ealant chant, musique classique et \u00e9lectroacoustique et pr\u00e9sentation visuelle, cette exp\u00e9rience immersive se veut un hommage \u00e0 la beaut\u00e9 et \u00e0 la force du fleuve St-Laurent, ainsi qu\u2019un appel \u00e0 sa protection. Lors de sa derni\u00e8re repr\u00e9sentation en avril, notre r\u00e9dactrice en chef avait rencontr\u00e9 l\u2019artiste, entrevue que vous pouvez lire <a href=\"https:\/\/www.ludwig-van.com\/montreal\/2025\/04\/08\/entrevue-stephanie-pothier-nous-transporte-de-la-mer-aux-nuages\/\">ici<\/a>. Laissez-vous emporter par le flot dans ce concert-spectacle fluide o\u00f9 tout se lie et se succ\u00e8de tel le courant du fleuve.<\/p>\n<p>LE 22 JANVIER, 20 H, TH\u00c9\u00c2TRE OUTREMONT\u00a0<a href=\"https:\/\/theatreoutremont.tuxedobillet.com\/web\/stephanie-pothier?axeptio_token=WrvRMWDOKxIzyqQPSXEfMgd4qo&amp;ea-euidl-bypass=mUYl.8HK93EPOUFp7QkTXcTZvKarbcluyrZfK86GVhykdISzeai4Bw\u2013\" target=\"_blank\" rel=\"noopener\"> D\u00c9TAILS ET BILLETS<\/a><\/p>\n<p>&nbsp;<\/p>\n<h3><img decoding=\"async\" loading=\"lazy\" class=\"aligncenter size-full wp-image-91497\" src=\"https:\/\/www.ludwig-van.com\/montreal\/wp-content\/uploads\/sites\/3\/2026\/01\/OM-Harry-Potter.png\" alt=\"\" width=\"1200\" height=\"966\" srcset=\"https:\/\/www.ludwig-van.com\/montreal\/wp-content\/uploads\/sites\/3\/2026\/01\/OM-Harry-Potter.png 1200w, https:\/\/www.ludwig-van.com\/montreal\/wp-content\/uploads\/sites\/3\/2026\/01\/OM-Harry-Potter-300x242.png 300w, https:\/\/www.ludwig-van.com\/montreal\/wp-content\/uploads\/sites\/3\/2026\/01\/OM-Harry-Potter-1024x824.png 1024w, https:\/\/www.ludwig-van.com\/montreal\/wp-content\/uploads\/sites\/3\/2026\/01\/OM-Harry-Potter-768x618.png 768w\" sizes=\"(max-width: 1200px) 100vw, 1200px\" \/><\/h3>\n<h3>OM &#8211; Le monde symphonique du cin\u00e9ma anglais : d\u2019Hercule Poirot \u00e0 Harry Potter<\/h3>\n<p>Une musique de film efficace en est une dont les personnages prennent vie dans notre t\u00eate \u00e0 l\u2019\u00e9coute de celle-ci. Que ce soit la m\u00e9lodie principale des films d\u2019Harry Potter ou celles des trag\u00e9dies de Shakespeare et des romances de Jane Austen, ou encore celles des aventures de James Bond, quelques phras\u00e9s musicaux suffisent pour nous plonger dans l\u2019univers des personnages ou nous rem\u00e9morer une sc\u00e8ne marquante du film. Retrouvez les musiques ayant \u00e9t\u00e9 inspir\u00e9es par les c\u00e9l\u00e8bres protagonistes anglais de vos films pr\u00e9f\u00e9r\u00e9s!<\/p>\n<p>LE 22 JANVIER, 19 H 30, TH\u00c9\u00c2TRE MIRELLA ET LINO SAPUTO<\/p>\n<p>LE 23 JANVIER, 19 H 30, MAISON SYMPHONIQUE<\/p>\n<p><a href=\"https:\/\/orchestremetropolitain.com\/fr\/concerts\/le-monde-symphonique-du-cinema-anglais-dhercule-poirot-a-harry-potter\/?show_date_id=9113\" target=\"_blank\" rel=\"noopener\">D\u00c9TAILS ET BILLETS<\/a><\/p>\n<p>&nbsp;<\/p>\n<figure id=\"attachment_80678\" aria-describedby=\"caption-attachment-80678\" style=\"width: 1200px\" class=\"wp-caption aligncenter\"><img decoding=\"async\" loading=\"lazy\" class=\"size-full wp-image-80678\" src=\"https:\/\/www.ludwig-van.com\/montreal\/wp-content\/uploads\/sites\/3\/2024\/03\/GenevieveSoly_credit_Robert_Etcheverry_cropped_1200-1.jpg\" alt=\"La claveciniste et pionn\u00e8re de la recherche sur les oeuvres de Christoph Graupner Genevi\u00e8ve Soly (Photo : Robert Etcheverry)\" width=\"1200\" height=\"925\" srcset=\"https:\/\/www.ludwig-van.com\/montreal\/wp-content\/uploads\/sites\/3\/2024\/03\/GenevieveSoly_credit_Robert_Etcheverry_cropped_1200-1.jpg 1200w, https:\/\/www.ludwig-van.com\/montreal\/wp-content\/uploads\/sites\/3\/2024\/03\/GenevieveSoly_credit_Robert_Etcheverry_cropped_1200-1-300x231.jpg 300w, https:\/\/www.ludwig-van.com\/montreal\/wp-content\/uploads\/sites\/3\/2024\/03\/GenevieveSoly_credit_Robert_Etcheverry_cropped_1200-1-1024x789.jpg 1024w, https:\/\/www.ludwig-van.com\/montreal\/wp-content\/uploads\/sites\/3\/2024\/03\/GenevieveSoly_credit_Robert_Etcheverry_cropped_1200-1-768x592.jpg 768w\" sizes=\"(max-width: 1200px) 100vw, 1200px\" \/><figcaption id=\"caption-attachment-80678\" class=\"wp-caption-text\">Genevi\u00e8ve Soly (Photo : Robert Etcheverry)<\/figcaption><\/figure>\n<h3>L\u2019int\u00e9grale des sonates pour clavecin oblig\u00e9 et un instrument de J.S. Bach &#8211; Concert 2<\/h3>\n<p><b>Genevi\u00e8ve Soly<\/b> poursuit sa pr\u00e9sentation des sonates pour clavecin oblig\u00e9 de Bach avec les six derni\u00e8res lui restant \u00e0 interpr\u00e9ter. C\u2019est accompagn\u00e9e d\u2019instrumentistes diff\u00e9rents pour chaque \u0153uvre que la claveciniste d\u00e9montrera le g\u00e9nie visionnaire du compositeur : <b>Guillaume Villeneuve<\/b> interpr\u00e9tera \u00e0 ses c\u00f4t\u00e9s les <i>Sonate pour violon et clavecin no 3, Sonate pour violon et clavecin no 4 et Sonate pour violon et clavecin no 5<\/i>, <b>Margaret Little<\/b> sera de la partie pour les<i> Sonate pour viole de gambe et clavecin no 1 et Sonate pour viole de gambe et clavecin no 3<\/i>, alors que <b>Gr\u00e9goire Jeay<\/b> fera r\u00e9sonner sa fl\u00fbte dans la <i>Sonate pour fl\u00fbte et clavecin en la majeur<\/i>.<\/p>\n<p>LE 24 JANVIER, 19 H 30, SALLE BOURGIE\u00a0<a href=\"https:\/\/www.mbam.qc.ca\/fr\/activites\/lintegrale-des-sonates-pour-clavecin-oblige-et-instrument-de-j-s-bach-concert-2\/\" target=\"_blank\" rel=\"noopener\"> D\u00c9TAILS ET BILLETS<\/a><\/p>\n<p>&nbsp;<\/p>\n<figure id=\"attachment_91498\" aria-describedby=\"caption-attachment-91498\" style=\"width: 1200px\" class=\"wp-caption aligncenter\"><img decoding=\"async\" loading=\"lazy\" class=\"size-full wp-image-91498\" src=\"https:\/\/www.ludwig-van.com\/montreal\/wp-content\/uploads\/sites\/3\/2026\/01\/Trio-Con-Moto.png\" alt=\"\" width=\"1200\" height=\"675\" srcset=\"https:\/\/www.ludwig-van.com\/montreal\/wp-content\/uploads\/sites\/3\/2026\/01\/Trio-Con-Moto.png 1200w, https:\/\/www.ludwig-van.com\/montreal\/wp-content\/uploads\/sites\/3\/2026\/01\/Trio-Con-Moto-300x169.png 300w, https:\/\/www.ludwig-van.com\/montreal\/wp-content\/uploads\/sites\/3\/2026\/01\/Trio-Con-Moto-1024x576.png 1024w, https:\/\/www.ludwig-van.com\/montreal\/wp-content\/uploads\/sites\/3\/2026\/01\/Trio-Con-Moto-768x432.png 768w\" sizes=\"(max-width: 1200px) 100vw, 1200px\" \/><figcaption id=\"caption-attachment-91498\" class=\"wp-caption-text\">Trio con moto (Val\u00e9rie Milot, Jocelyne Roy et Elvira Misbakhova) (Photo : courtoisie)<\/figcaption><\/figure>\n<h3>Trio Con Moto &#8211; <i>S\u00e9r\u00e9nade vers l\u2019\u00e9ther<\/i><\/h3>\n<p>Pour la premi\u00e8re repr\u00e9sentation 2026 de sa programmation, la Chapelle musicale du Bon-Pasteur hors murs re\u00e7oit le <b>Trio Con Moto<\/b>. Compos\u00e9 des musiciennes <b>Elvira Misbakhova<\/b> \u00e0 l\u2019alto,<b> Jocelyne Roy <\/b>\u00e0 la fl\u00fbte et <b>Val\u00e9rie Milot <\/b>\u00e0 la harpe, l\u2019ensemble interpr\u00e9tera des \u0153uvres de trois compositeurs\u00b7trices bas\u00e9\u00b7e\u00b7s \u00e0 Montr\u00e9al, soit <b>Julie Th\u00e9riault<\/b>, <b>Simon Bourget<\/b> et <b>Airat Ichmouratov<\/b>. \u00c9galement au programme la <i>Sonate pour fl\u00fbte, alto et harpe<\/i> de Debussy.<\/p>\n<p>LE 25 JANVIER, 15 H, SALLE PAUL-DESMARAIS\u00a0 <a href=\"https:\/\/montreal.ca\/evenements\/serenade-vers-lether-trio-con-moto-101909\" target=\"_blank\" rel=\"noopener\">D\u00c9TAILS ET BILLETS<\/a><\/p>\n<p>&nbsp;<\/p>\n<figure id=\"attachment_84539\" aria-describedby=\"caption-attachment-84539\" style=\"width: 1200px\" class=\"wp-caption aligncenter\"><img decoding=\"async\" loading=\"lazy\" class=\"size-full wp-image-84539\" src=\"https:\/\/www.ludwig-van.com\/montreal\/wp-content\/uploads\/sites\/3\/2024\/10\/Quasar_Vilnius2024-1.jpg\" alt=\"Le Quatuor Quasar en concert \u00e0 Vilnius, en Lituanie. (Photo : courtoisie)\" width=\"1200\" height=\"801\" srcset=\"https:\/\/www.ludwig-van.com\/montreal\/wp-content\/uploads\/sites\/3\/2024\/10\/Quasar_Vilnius2024-1.jpg 1200w, https:\/\/www.ludwig-van.com\/montreal\/wp-content\/uploads\/sites\/3\/2024\/10\/Quasar_Vilnius2024-1-300x200.jpg 300w, https:\/\/www.ludwig-van.com\/montreal\/wp-content\/uploads\/sites\/3\/2024\/10\/Quasar_Vilnius2024-1-1024x684.jpg 1024w, https:\/\/www.ludwig-van.com\/montreal\/wp-content\/uploads\/sites\/3\/2024\/10\/Quasar_Vilnius2024-1-768x513.jpg 768w\" sizes=\"(max-width: 1200px) 100vw, 1200px\" \/><figcaption id=\"caption-attachment-84539\" class=\"wp-caption-text\">Le Quatuor Quasar en concert \u00e0 Vilnius, en Lituanie. (Photo : courtoisie)<\/figcaption><\/figure>\n<h3>Quasar &#8211; Cinq pi\u00e8ces liquides, Hommage \u00e0 Claude Vivier<\/h3>\n<p>Le quatuor de trombones <b>Quasar<\/b> poursuit sa tourn\u00e9e avec son concert hommage au compositeur montr\u00e9alais Claude Vivier. Pr\u00e9sent\u00e9 d\u2019abord \u00e0 Paris et \u00e0 Montr\u00e9al en 2023, le programme de ce concert a \u00e9t\u00e9 repris en novembre dernier dans Saint-Laurent. Cette fois, c\u2019est \u00e0 l\u2019\u00e9glise St-\u00c9douard de Rosemont-La-Petite-Patrie que l\u2019ensemble vous invite \u00e0 entendre cinq compositions qui gravitent autour de l\u2019univers musical de Claude Vivier &#8211; l\u2019une de son ma\u00eetre en composition \u00e0 Paris Paul M\u00e9fano, une autre d\u2019<b>\u00c9milie Girard-Charest<\/b> qui a \u00e9t\u00e9 inspir\u00e9e par le compositeur en vedette, ainsi que deux \u0153uvres sp\u00e9cialement command\u00e9es pour le projet, <i>Vapeurs taill\u00e9es<\/i> de <b>Florence M. Tremblay<\/b> et <i>Cinq pi\u00e8ces liquides<\/i> de <b>Yassen Vodenitcharov<\/b>.<\/p>\n<p>LE 25 JANVIER, 15 H, \u00c9GLISE ST-\u00c9DOUARD\u00a0 <a href=\"https:\/\/montreal.ca\/evenements\/cinq-pieces-liquides-hommage-claude-vivier-quasar-quatuor-de-saxophones-91042\" target=\"_blank\" rel=\"noopener\">D\u00c9TAILS<\/a><\/p>\n<p>&nbsp;<\/p>\n<h3><img decoding=\"async\" loading=\"lazy\" class=\"aligncenter size-full wp-image-91499\" src=\"https:\/\/www.ludwig-van.com\/montreal\/wp-content\/uploads\/sites\/3\/2026\/01\/Trio-da-Rosa.jpg\" alt=\"\" width=\"1200\" height=\"626\" srcset=\"https:\/\/www.ludwig-van.com\/montreal\/wp-content\/uploads\/sites\/3\/2026\/01\/Trio-da-Rosa.jpg 1200w, https:\/\/www.ludwig-van.com\/montreal\/wp-content\/uploads\/sites\/3\/2026\/01\/Trio-da-Rosa-300x157.jpg 300w, https:\/\/www.ludwig-van.com\/montreal\/wp-content\/uploads\/sites\/3\/2026\/01\/Trio-da-Rosa-1024x534.jpg 1024w, https:\/\/www.ludwig-van.com\/montreal\/wp-content\/uploads\/sites\/3\/2026\/01\/Trio-da-Rosa-768x401.jpg 768w\" sizes=\"(max-width: 1200px) 100vw, 1200px\" \/><\/h3>\n<h3>Trio de Rosa &#8211; La musique classique s\u2019invite au cin\u00e9ma<\/h3>\n<p>Les cin\u00e9philes sont choy\u00e9\u00b7e\u00b7s cette semaine! Apr\u00e8s l\u2019OM et ses concerts de jeudi et vendredi ayant pour th\u00e8me le cin\u00e9ma anglais, dimanche, le <b>Trio de Rosa<\/b> s\u2019attaquera aux musiques classiques ayant \u00e9t\u00e9 utilis\u00e9es par des r\u00e9alisateurs tels que Stanley Kubrick, Steven Spielberg, Martin Scorsese et Francis Ford Coppola dans l\u2019un de leurs c\u00e9l\u00e8bres films. Anim\u00e9 par la pr\u00e9sentatrice <b>Justine McIntyre<\/b> dont les descriptions permettront au public de situer l\u2019\u0153uvre dans son contexte cin\u00e9matographique, la performance musicale sera accompagn\u00e9e d\u2019extraits des films correspondants. Revivez des moments inoubliables ayant marqu\u00e9 l\u2019histoire du cin\u00e9ma gr\u00e2ce aux choix musicaux ayant eu un impact sur la narration cin\u00e9matographique!<\/p>\n<p>LE 25 JANVIER, 15 H, CENTRE SANAAQ\u00a0 <a href=\"https:\/\/montreal.ca\/evenements\/la-musique-classique-sinvite-au-cinema-trio-de-rosa-101046\" target=\"_blank\" rel=\"noopener\">D\u00c9TAILS ET BILLETS<\/a><\/p>\n<h2><em>Inscrivez-vous \u00e0 notre infolettre! La musique classique et l\u2019op\u00e9ra en 5 minutes, chaque jour<\/em> <a href=\"https:\/\/ludwig-van.us9.list-manage.com\/subscribe?u=4f785cb3f9058f2393ccad035&amp;id=b9b160c032\" target=\"_blank\" rel=\"noopener noreferrer\">ICI<\/a>.<\/h2>\n","protected":false},"excerpt":{"rendered":"<p>De musiques anciennes et baroque \u00e0 musique exp\u00e9rimentale, en passant par musique romantique, contemporaine, actuelle et issue du cin\u00e9ma, le r\u00e9pertoire de cette semaine est certainement riche de vari\u00e9t\u00e9! En plus, les concerts sont bien \u00e9chelonn\u00e9s dans la semaine, vous permettant d\u2019assister \u00e0 un, voire deux, concerts par jour. De quoi combler les m\u00e9lomanes avides de musique vivante!<\/p>\n","protected":false},"author":1,"featured_media":91500,"comment_status":"open","ping_status":"open","sticky":false,"template":"","format":"standard","meta":{"om_disable_all_campaigns":false,"jetpack_post_was_ever_published":false},"categories":[42368,10994],"tags":[],"yst_prominent_words":[9863,18022,13117,37546,26052,9877,33503,17138,17134,17133,31964,26639,26640],"acf":[],"jetpack_featured_media_url":"https:\/\/www.ludwig-van.com\/montreal\/wp-content\/uploads\/sites\/3\/2026\/01\/Copie-de-CONCERTS8.jpg","jetpack_sharing_enabled":true,"jetpack_shortlink":"https:\/\/wp.me\/p9bdYt-nNB","amp_enabled":true,"_links":{"self":[{"href":"https:\/\/www.ludwig-van.com\/montreal\/wp-json\/wp\/v2\/posts\/91487"}],"collection":[{"href":"https:\/\/www.ludwig-van.com\/montreal\/wp-json\/wp\/v2\/posts"}],"about":[{"href":"https:\/\/www.ludwig-van.com\/montreal\/wp-json\/wp\/v2\/types\/post"}],"author":[{"embeddable":true,"href":"https:\/\/www.ludwig-van.com\/montreal\/wp-json\/wp\/v2\/users\/1"}],"replies":[{"embeddable":true,"href":"https:\/\/www.ludwig-van.com\/montreal\/wp-json\/wp\/v2\/comments?post=91487"}],"version-history":[{"count":21,"href":"https:\/\/www.ludwig-van.com\/montreal\/wp-json\/wp\/v2\/posts\/91487\/revisions"}],"predecessor-version":[{"id":91530,"href":"https:\/\/www.ludwig-van.com\/montreal\/wp-json\/wp\/v2\/posts\/91487\/revisions\/91530"}],"wp:featuredmedia":[{"embeddable":true,"href":"https:\/\/www.ludwig-van.com\/montreal\/wp-json\/wp\/v2\/media\/91500"}],"wp:attachment":[{"href":"https:\/\/www.ludwig-van.com\/montreal\/wp-json\/wp\/v2\/media?parent=91487"}],"wp:term":[{"taxonomy":"category","embeddable":true,"href":"https:\/\/www.ludwig-van.com\/montreal\/wp-json\/wp\/v2\/categories?post=91487"},{"taxonomy":"post_tag","embeddable":true,"href":"https:\/\/www.ludwig-van.com\/montreal\/wp-json\/wp\/v2\/tags?post=91487"},{"taxonomy":"yst_prominent_words","embeddable":true,"href":"https:\/\/www.ludwig-van.com\/montreal\/wp-json\/wp\/v2\/yst_prominent_words?post=91487"}],"curies":[{"name":"wp","href":"https:\/\/api.w.org\/{rel}","templated":true}]}}