{"id":91136,"date":"2025-12-17T16:12:46","date_gmt":"2025-12-17T21:12:46","guid":{"rendered":"https:\/\/www.ludwig-van.com\/montreal\/?p=91136"},"modified":"2025-12-19T19:00:01","modified_gmt":"2025-12-20T00:00:01","slug":"nouvelle-pro-musica-devoile-dix-concerts-en-2026","status":"publish","type":"post","link":"https:\/\/www.ludwig-van.com\/montreal\/2025\/12\/17\/nouvelle-pro-musica-devoile-dix-concerts-en-2026\/","title":{"rendered":"NOUVELLE | Pro musica d\u00e9voile dix concerts en 2026"},"content":{"rendered":"<p><img decoding=\"async\" loading=\"lazy\" class=\"aligncenter size-full wp-image-91137\" src=\"https:\/\/www.ludwig-van.com\/montreal\/wp-content\/uploads\/sites\/3\/2025\/12\/Copie-de-NOUVELLE9.jpg\" alt=\"\" width=\"1200\" height=\"628\" srcset=\"https:\/\/www.ludwig-van.com\/montreal\/wp-content\/uploads\/sites\/3\/2025\/12\/Copie-de-NOUVELLE9.jpg 1200w, https:\/\/www.ludwig-van.com\/montreal\/wp-content\/uploads\/sites\/3\/2025\/12\/Copie-de-NOUVELLE9-300x157.jpg 300w, https:\/\/www.ludwig-van.com\/montreal\/wp-content\/uploads\/sites\/3\/2025\/12\/Copie-de-NOUVELLE9-1024x536.jpg 1024w, https:\/\/www.ludwig-van.com\/montreal\/wp-content\/uploads\/sites\/3\/2025\/12\/Copie-de-NOUVELLE9-768x402.jpg 768w\" sizes=\"(max-width: 1200px) 100vw, 1200px\" \/><\/p>\n<p>Pro Musica d\u00e9voile aujourd\u2019hui la portion 2026 de sa 77<sup>e<\/sup> saison, dont le th\u00e8me est <em>Les<\/em> <em>Grands romantiques<\/em>. Les adeptes de r\u00e9citals et de musique de chambre y trouveront dix concerts r\u00e9partis dans les trois s\u00e9ries de l\u2019organisme, Cartes blanches, M\u00e9lod\u00eenes et Sur la route.<\/p>\n<blockquote><p>\u00ab La musique romantique, par son accessibilit\u00e9 et sa puissance \u00e9motionnelle, nous touche au plus profond de notre \u00eatre. Elle nous rappelle que les \u00e9motions humaines sont universelles et intemporelles. \u00bb &#8211; Irina Kranyanskaya, directrice artistique de Pro Musica.<\/p><\/blockquote>\n<h3>Cartes blanches<\/h3>\n<p>La s\u00e9rie Cartes blanches met de l\u2019avant des instrumentistes de renomm\u00e9e internationale lors de concerts se tenant le dimanche apr\u00e8s-midi \u00e0 la salle Pierre-Mercure du Centre Pierre-P\u00e9ladeau. Des abonnements aux trois concerts sont disponibles au co\u00fbt r\u00e9gulier de 165,60 $ ou de 91,20 $ pour les 30 ans et moins.<\/p>\n<p>La saison 2026 est lanc\u00e9e par un r\u00e9cital du pianiste <strong>Jan Lisiecki<\/strong> le 22 f\u00e9vrier \u00e0 16 h. Le natif de Calgary est bien connu des m\u00e9lomanes montr\u00e9alais, qui l\u2019ont d\u00e9couvert alors qu\u2019il n\u2019avait que dix ans. Aujourd\u2019hui \u00e2g\u00e9 de 28 ans, le pianiste parcourt la plan\u00e8te et se produit en concert dans les lieux les plus r\u00e9put\u00e9s, tels que le Konzerthaus de Vienne, le Laeiszhalle de Hambourg ou le Prinzregententheater de Munich, o\u00f9 il jouera en janvier avant de venir \u00e0 Montr\u00e9al.<\/p>\n<p><strong>Lisiecki<\/strong> a forg\u00e9 un programme constitu\u00e9 de pi\u00e8ces empreintes de couleurs folkloriques\u00a0: danses tch\u00e8ques de Martin\u016f, danses espagnoles de De Falla, danses polonaises de Szymanowski, danses roumaines de Bartok, danses argentines de Ginastera, ainsi que des valses de Chopin et de Brahms. Ce r\u00e9cital sera pr\u00e9c\u00e9d\u00e9 d\u2019une causerie anim\u00e9e par <strong>Maurice Rh\u00e9aume<\/strong>.<\/p>\n<p>La s\u00e9rie se poursuit le 12 avril (15 h) avec le duo arm\u00e9nien <strong>Narek Hakhnazaryan<\/strong> (violoncelle) et <strong>Geogy Tchaidze<\/strong> (piano). <strong>Hakhnazaryan<\/strong>, laur\u00e9at du premier prix et de la m\u00e9daille d\u2019or au Concours Tcha\u00efkovski en 2011, r\u00e9colte depuis des \u00e9loges \u00e0 travers le monde, dont \u00e0 San Francisco, Los Angeles, Londres. Son compagnon de duo <strong>Tchaidze<\/strong> a remport\u00e9 le premier prix du Concours Honens en 2009 et m\u00e8ne \u00e9galement une carri\u00e8re internationale le voyant se produire \u00e0 Berlin, P\u00e9kin, New York, etc. Ils feront voyager le public en Arm\u00e9nie, en G\u00e9orgie et en Russie \u00e0 travers des \u0153uvres de Sulkhan Tsintsadze, Edvard Bagdasarian, Alexander Harutyunyan, Tcha\u00efkovski et Rachmaninov.<\/p>\n<p>Le dimanche 17 mai, ce sera le tour du duo p\u00e8re-fille form\u00e9 de la violoniste <strong>Maria Ioudenitch<\/strong> et du pianiste <strong>Stanislav Ioudenitch<\/strong>, tous deux des solistes de premier plan m\u00e8nant parall\u00e8lement leur carri\u00e8re de duettiste. Cette fois, c\u2019est la musique fran\u00e7aise qui sera mise \u00e0 l\u2019honneur : des sonates de Ravel, Poulenc et Franck y fr\u00e9quenteront un Nocturne de Lili Boulanger et <em>Soleils couchants<\/em> de sa s\u0153ur Nadia. Ce r\u00e9cital sera \u00e9galement pr\u00e9c\u00e9d\u00e9 d\u2019une causerie.<\/p>\n<h3>Les M\u00e9lod\u00eenes<\/h3>\n<p>Les concerts de la s\u00e9rie M\u00e9lod\u00eenes sont donn\u00e9s le mercredi sur l\u2019heure du midi \u00e0 la salle Claude-L\u00e9veill\u00e9e ou au Piano nobile de la Place des arts. L\u2019abonnement \u00e0 cette s\u00e9rie de quatre concerts est disponible au co\u00fbt unique de 112 $.<\/p>\n<p>Le 28 janvier, la pianiste <strong>Chlo\u00e9 Dumoulin<\/strong> s\u2019y produira dans un programme on ne peut plus romantique, avec les <em>Fantasiest\u00fccke<\/em> de Schumann et la Sonate en si mineur de Liszt.<\/p>\n<p>Le second concert, ayant lieu le 11 mars, a \u00e9t\u00e9 confi\u00e9 au duo form\u00e9 de <strong>Julia Mirzoev<\/strong> au violon et de <strong>Felix Hong<\/strong> au piano, qui interpr\u00e9tera des pi\u00e8ces de Schubert, Grieg, Ysa\u00efe et Beach.<\/p>\n<p>Un autre duo, celui-l\u00e0 consacr\u00e9 au r\u00e9pertoire pour piano quatre mains, suivra le 29 avril. Depuis sa formation en 2015 par les pianistes <strong>Linda Ruan<\/strong> et <strong>Charissa Vandikas<\/strong>, le duo <strong>La Fiammata<\/strong> s\u2019est distingu\u00e9 par des premiers prix au Concours de musique de chambre de Lancaster, au Concours de duo de piano Suzana Sz\u00f6renyi et au Concours d\u2019ensemble de piano Northwest. Le duo interpr\u00e9tera Chaminade, Rachmaninov, Schubert et un arrangement de la <em>Danse macabre<\/em> de Saint-Sa\u00ebns.<\/p>\n<p>La s\u00e9rie M\u00e9lod\u00eenes se conclura le 27 mai par un r\u00e9cital du baryton <strong>Olivier Bergeron<\/strong> et du pianis <strong>Alexey Shafirov<\/strong>, qui feront entendre deux cycles de Robert Schumann, <em>Liederkreis<\/em> et <em>Dichterliebe<\/em>.<\/p>\n<h3>Sur la route<\/h3>\n<p>Le Centre culturel de Bromont accueillera la s\u00e9rie Sur la route \u00e0 trois reprises, soit le 1<sup>er<\/sup> mars avec <strong>Chlo\u00e9 Dumoulin<\/strong>, le 19 mars avec <strong>Marion Portelance<\/strong> et Emmanuel Laforest, et le 31 mai avec le <strong>duo Fortin-Poirier<\/strong>.<\/p>\n<h3>Abonnements et billets<\/h3>\n<p>Le<a href=\"https:\/\/promusica.qc.ca\/\" target=\"_blank\" rel=\"noopener\"> site web de Pro musica<\/a> offre des renseignements suppl\u00e9mentaires ainsi que la possiblit\u00e9 de proc\u00e9der \u00e0\u00a0 l&rsquo;achat d&rsquo;abonnements et de billets<\/p>\n<h2><em>Inscrivez-vous \u00e0 notre infolettre! La musique classique et l\u2019op\u00e9ra en 5 minutes, chaque jour<\/em> <a href=\"https:\/\/ludwig-van.us9.list-manage.com\/subscribe?u=4f785cb3f9058f2393ccad035&amp;id=b9b160c032\" target=\"_blank\" rel=\"noopener noreferrer\">ICI<\/a>.<\/h2>\n","protected":false},"excerpt":{"rendered":"<p>Pro Musica d\u00e9voile aujourd\u2019hui la portion 2026 de sa 77e saison, dont le th\u00e8me est Les Grands romantiques. Les adeptes de r\u00e9citals et de musique de chambre y trouveront dix concerts r\u00e9partis dans les trois s\u00e9ries de l\u2019organisme, Cartes blanches, M\u00e9lod\u00eenes et Sur la route.<\/p>\n","protected":false},"author":55,"featured_media":91137,"comment_status":"open","ping_status":"open","sticky":false,"template":"","format":"standard","meta":{"om_disable_all_campaigns":false,"jetpack_post_was_ever_published":false},"categories":[42299,10992],"tags":[42300,41949],"yst_prominent_words":[41083,41082,8858,10473,14587,11422,29034,9942,9811,12698,10430,7141,14133,18243,11705,12722,11030],"acf":[],"jetpack_featured_media_url":"https:\/\/www.ludwig-van.com\/montreal\/wp-content\/uploads\/sites\/3\/2025\/12\/Copie-de-NOUVELLE9.jpg","jetpack_sharing_enabled":true,"jetpack_shortlink":"https:\/\/wp.me\/p9bdYt-nHW","amp_enabled":true,"_links":{"self":[{"href":"https:\/\/www.ludwig-van.com\/montreal\/wp-json\/wp\/v2\/posts\/91136"}],"collection":[{"href":"https:\/\/www.ludwig-van.com\/montreal\/wp-json\/wp\/v2\/posts"}],"about":[{"href":"https:\/\/www.ludwig-van.com\/montreal\/wp-json\/wp\/v2\/types\/post"}],"author":[{"embeddable":true,"href":"https:\/\/www.ludwig-van.com\/montreal\/wp-json\/wp\/v2\/users\/55"}],"replies":[{"embeddable":true,"href":"https:\/\/www.ludwig-van.com\/montreal\/wp-json\/wp\/v2\/comments?post=91136"}],"version-history":[{"count":19,"href":"https:\/\/www.ludwig-van.com\/montreal\/wp-json\/wp\/v2\/posts\/91136\/revisions"}],"predecessor-version":[{"id":91159,"href":"https:\/\/www.ludwig-van.com\/montreal\/wp-json\/wp\/v2\/posts\/91136\/revisions\/91159"}],"wp:featuredmedia":[{"embeddable":true,"href":"https:\/\/www.ludwig-van.com\/montreal\/wp-json\/wp\/v2\/media\/91137"}],"wp:attachment":[{"href":"https:\/\/www.ludwig-van.com\/montreal\/wp-json\/wp\/v2\/media?parent=91136"}],"wp:term":[{"taxonomy":"category","embeddable":true,"href":"https:\/\/www.ludwig-van.com\/montreal\/wp-json\/wp\/v2\/categories?post=91136"},{"taxonomy":"post_tag","embeddable":true,"href":"https:\/\/www.ludwig-van.com\/montreal\/wp-json\/wp\/v2\/tags?post=91136"},{"taxonomy":"yst_prominent_words","embeddable":true,"href":"https:\/\/www.ludwig-van.com\/montreal\/wp-json\/wp\/v2\/yst_prominent_words?post=91136"}],"curies":[{"name":"wp","href":"https:\/\/api.w.org\/{rel}","templated":true}]}}