{"id":91123,"date":"2025-12-16T15:34:22","date_gmt":"2025-12-16T20:34:22","guid":{"rendered":"https:\/\/www.ludwig-van.com\/montreal\/?p=91123"},"modified":"2025-12-17T13:00:02","modified_gmt":"2025-12-17T18:00:02","slug":"nouvelle-le-chemin-de-noel-de-la-chapelle-de-quebec-recolte-21-475-au-profit-de-solidarite-famille","status":"publish","type":"post","link":"https:\/\/www.ludwig-van.com\/montreal\/2025\/12\/16\/nouvelle-le-chemin-de-noel-de-la-chapelle-de-quebec-recolte-21-475-au-profit-de-solidarite-famille\/","title":{"rendered":"NOUVELLE | Le Chemin de No\u00ebl de la Chapelle de Qu\u00e9bec r\u00e9colte 21 475 $ au profit de Solidarit\u00e9 Familles"},"content":{"rendered":"<figure id=\"attachment_91124\" aria-describedby=\"caption-attachment-91124\" style=\"width: 1200px\" class=\"wp-caption aligncenter\"><img decoding=\"async\" loading=\"lazy\" class=\"size-full wp-image-91124\" src=\"https:\/\/www.ludwig-van.com\/montreal\/wp-content\/uploads\/sites\/3\/2025\/12\/Copie-de-NOUVELLE8.jpg\" alt=\"de g. \u00e0 d. : Christiane Bouill\u00e9 (directrice g\u00e9n\u00e9rale des Violons du Roy et de la Chapelle de Qu\u00e9bec); Sandra C\u00f4t\u00e9 Guimond (codirectrice g\u00e9n\u00e9rale de Solidarit\u00e9 Familles); Bernard Labadie (directeur musical des Violons du Roy et de La Chapelle de Qu\u00e9bec); Jessica Cloutier-Couture (codirectrice g\u00e9n\u00e9rale de Solidarit\u00e9 Familles); Sophie Gingras (directrice des communications et du marketing du Palais Montcalm - Maison de la musique). (Photo : courtoisie Violons du Roy\" width=\"1200\" height=\"628\" srcset=\"https:\/\/www.ludwig-van.com\/montreal\/wp-content\/uploads\/sites\/3\/2025\/12\/Copie-de-NOUVELLE8.jpg 1200w, https:\/\/www.ludwig-van.com\/montreal\/wp-content\/uploads\/sites\/3\/2025\/12\/Copie-de-NOUVELLE8-300x157.jpg 300w, https:\/\/www.ludwig-van.com\/montreal\/wp-content\/uploads\/sites\/3\/2025\/12\/Copie-de-NOUVELLE8-1024x536.jpg 1024w, https:\/\/www.ludwig-van.com\/montreal\/wp-content\/uploads\/sites\/3\/2025\/12\/Copie-de-NOUVELLE8-768x402.jpg 768w\" sizes=\"(max-width: 1200px) 100vw, 1200px\" \/><figcaption id=\"caption-attachment-91124\" class=\"wp-caption-text\">de g. \u00e0 d. : Christiane Bouill\u00e9 (directrice g\u00e9n\u00e9rale des Violons du Roy et de la Chapelle de Qu\u00e9bec); Sandra C\u00f4t\u00e9 Guimond (codirectrice g\u00e9n\u00e9rale de Solidarit\u00e9 Familles); Bernard Labadie (directeur musical des Violons du Roy et de La Chapelle de Qu\u00e9bec); Jessica Cloutier-Couture (codirectrice g\u00e9n\u00e9rale de Solidarit\u00e9 Familles); Sophie Gingras (directrice des communications et du marketing du Palais Montcalm &#8211; Maison de la musique). (Photo : courtoisie Violons du Roy)<\/figcaption><\/figure>\n<p>La distribution de billets pour <em>Le chemin de No\u00ebl<\/em> de <strong>La Chapelle de Qu\u00e9bec<\/strong>, qui sera pr\u00e9sent\u00e9 le 23 d\u00e9cembre \u00e0 18 h au Palais Montcalm, a permis d&rsquo;amasser cette ann\u00e9e un montant de 21 475 $. Ce montant sera remis \u00e0 l&rsquo;organisme sans but lucratif <strong>Solidarit\u00e9 Familles<\/strong> afin de soutenir sa mission aupr\u00e8s des familles en situation de pr\u00e9carit\u00e9 dans le secteur Duberger-Les Saules de Qu\u00e9bec.<\/p>\n<p>Lanc\u00e9e en 2016, la formule du <em>Chemin de No\u00ebl<\/em> est devenue au fil des ans une tradition du temps des F\u00eates dans la Capitale-Nationale. Inspir\u00e9 du <em>Festival of Nine Lessons and Carols<\/em> de la chapelle du King&rsquo;s College de Cambridge, <em>Le<\/em>\u00a0<em>chemin de<\/em> <em>No\u00ebl<\/em>, pr\u00e9sent\u00e9 avec la participation des <strong>Violons du Roy<\/strong>, offre un programme ax\u00e9 sur la douceur et le recueillement. Les chants y sont accompagn\u00e9s de textes invitant \u00e0 la r\u00e9flexion, lus cette ann\u00e9e par le com\u00e9dien <strong>Normand Chouinard<\/strong>.<\/p>\n<p>Les billets, obtenus en versant un don de 25 $ remis enti\u00e8rement \u00e0 <strong>Solidarit\u00e9 familles<\/strong>, se sont envol\u00e9s rapidement d\u00e8s l&rsquo;ouverture de la distribution le 13 d\u00e9cembre dernier. Heureusement, le concert sera\u00a0 transmis en direct sur ICI Musique Classique (site internet ou application Radio-Canada Ohdio) et restera disponible en rattrapage par la suite sur Radio-Canada Ohdio.<\/p>\n<p><em>Le chemin de No\u00ebl<\/em> est rendu possible gr\u00e2ce \u00e0 la collaboration des <strong>Violons du Roy<\/strong> et de <strong>La Chapelle de Qu\u00e9bec<\/strong>, du <strong>Palais Montcalm \u2013 Maison de la musique<\/strong>, de <strong>Bernard Labadie<\/strong>, de <strong>Radio-Canada<\/strong> et d&rsquo;<strong>ICI Musique<\/strong>.<\/p>\n<h2><em>Inscrivez-vous \u00e0 notre infolettre! La musique classique et l\u2019op\u00e9ra en 5 minutes, chaque jour<\/em> <a href=\"https:\/\/ludwig-van.us9.list-manage.com\/subscribe?u=4f785cb3f9058f2393ccad035&amp;id=b9b160c032\" target=\"_blank\" rel=\"noopener noreferrer\">ICI<\/a>.<\/h2>\n","protected":false},"excerpt":{"rendered":"<p>La distribution de billets pour Le chemin de No\u00ebl de La Chapelle de Qu\u00e9bec, qui sera pr\u00e9sent\u00e9 le 23 d\u00e9cembre \u00e0 18 h au Palais Montcalm, a permis d&rsquo;amasser cette ann\u00e9e un montant de 21 475 $ au profit de l&rsquo;organisme Solidarit\u00e9 Familles.<\/p>\n","protected":false},"author":55,"featured_media":91124,"comment_status":"open","ping_status":"open","sticky":false,"template":"","format":"standard","meta":{"om_disable_all_campaigns":false,"jetpack_post_was_ever_published":false},"categories":[42299,10992],"tags":[42300,42293,3503],"yst_prominent_words":[8539,10296,15805,18764,15803,10167,18766,15804,9976,32158,9975,9974],"acf":[],"jetpack_featured_media_url":"https:\/\/www.ludwig-van.com\/montreal\/wp-content\/uploads\/sites\/3\/2025\/12\/Copie-de-NOUVELLE8.jpg","jetpack_sharing_enabled":true,"jetpack_shortlink":"https:\/\/wp.me\/p9bdYt-nHJ","amp_enabled":true,"_links":{"self":[{"href":"https:\/\/www.ludwig-van.com\/montreal\/wp-json\/wp\/v2\/posts\/91123"}],"collection":[{"href":"https:\/\/www.ludwig-van.com\/montreal\/wp-json\/wp\/v2\/posts"}],"about":[{"href":"https:\/\/www.ludwig-van.com\/montreal\/wp-json\/wp\/v2\/types\/post"}],"author":[{"embeddable":true,"href":"https:\/\/www.ludwig-van.com\/montreal\/wp-json\/wp\/v2\/users\/55"}],"replies":[{"embeddable":true,"href":"https:\/\/www.ludwig-van.com\/montreal\/wp-json\/wp\/v2\/comments?post=91123"}],"version-history":[{"count":10,"href":"https:\/\/www.ludwig-van.com\/montreal\/wp-json\/wp\/v2\/posts\/91123\/revisions"}],"predecessor-version":[{"id":91135,"href":"https:\/\/www.ludwig-van.com\/montreal\/wp-json\/wp\/v2\/posts\/91123\/revisions\/91135"}],"wp:featuredmedia":[{"embeddable":true,"href":"https:\/\/www.ludwig-van.com\/montreal\/wp-json\/wp\/v2\/media\/91124"}],"wp:attachment":[{"href":"https:\/\/www.ludwig-van.com\/montreal\/wp-json\/wp\/v2\/media?parent=91123"}],"wp:term":[{"taxonomy":"category","embeddable":true,"href":"https:\/\/www.ludwig-van.com\/montreal\/wp-json\/wp\/v2\/categories?post=91123"},{"taxonomy":"post_tag","embeddable":true,"href":"https:\/\/www.ludwig-van.com\/montreal\/wp-json\/wp\/v2\/tags?post=91123"},{"taxonomy":"yst_prominent_words","embeddable":true,"href":"https:\/\/www.ludwig-van.com\/montreal\/wp-json\/wp\/v2\/yst_prominent_words?post=91123"}],"curies":[{"name":"wp","href":"https:\/\/api.w.org\/{rel}","templated":true}]}}