{"id":91099,"date":"2025-12-15T12:27:55","date_gmt":"2025-12-15T17:27:55","guid":{"rendered":"https:\/\/www.ludwig-van.com\/montreal\/?p=91099"},"modified":"2025-12-16T13:00:02","modified_gmt":"2025-12-16T18:00:02","slug":"choix-de-la-redaction-concerts-de-noel-enjoues-meditatifs-traditionnels-ou-uniques","status":"publish","type":"post","link":"https:\/\/www.ludwig-van.com\/montreal\/2025\/12\/15\/choix-de-la-redaction-concerts-de-noel-enjoues-meditatifs-traditionnels-ou-uniques\/","title":{"rendered":"CHOIX DE LA R\u00c9DACTION | Concerts de No\u00ebl enjou\u00e9s, m\u00e9ditatifs, traditionnels ou uniques"},"content":{"rendered":"<figure id=\"attachment_91106\" aria-describedby=\"caption-attachment-91106\" style=\"width: 1200px\" class=\"wp-caption aligncenter\"><img decoding=\"async\" loading=\"lazy\" class=\"size-full wp-image-91106\" src=\"https:\/\/www.ludwig-van.com\/montreal\/wp-content\/uploads\/sites\/3\/2025\/12\/Copie-de-CONCERTS5.jpg\" alt=\"\" width=\"1200\" height=\"628\" srcset=\"https:\/\/www.ludwig-van.com\/montreal\/wp-content\/uploads\/sites\/3\/2025\/12\/Copie-de-CONCERTS5.jpg 1200w, https:\/\/www.ludwig-van.com\/montreal\/wp-content\/uploads\/sites\/3\/2025\/12\/Copie-de-CONCERTS5-300x157.jpg 300w, https:\/\/www.ludwig-van.com\/montreal\/wp-content\/uploads\/sites\/3\/2025\/12\/Copie-de-CONCERTS5-1024x536.jpg 1024w, https:\/\/www.ludwig-van.com\/montreal\/wp-content\/uploads\/sites\/3\/2025\/12\/Copie-de-CONCERTS5-768x402.jpg 768w\" sizes=\"(max-width: 1200px) 100vw, 1200px\" \/><figcaption id=\"caption-attachment-91106\" class=\"wp-caption-text\">Roseline Balin ((Photo : Ga\u00eblle Leroyer); Le Vent du Nord (Photo : courtoisie); le Ch\u0153ur A &amp; P (Photo : courtoisie)<\/figcaption><\/figure>\n<p>Cette semaine, vous ne pouvez plus vous en tirer, toutes les sorties musicales propos\u00e9es sont des concerts de No\u00ebl! Par contre, vous avez le choix du style et de l\u2019ambiance : baroque, traditionnel, jazz, \u00e9clair\u00e9 aux chandelles, accessible, ou encore au r\u00e9pertoire connu ou rare, il y en a pour tous les go\u00fbts! \u00c0 ces repr\u00e9sentations musicales s\u2019ajoutent un grand classique du temps des F\u00eates, <em>Casse-Noisette<\/em>, par les Grands Ballets. Petite anecdote cocasse : la fondatrice des Grands Ballets, Ludmilla Chiriaeff, a nomm\u00e9 la compagnie ainsi parce que lorsqu\u2019elle a fait la demande de subvention au gouvernement f\u00e9d\u00e9ral, elle a d\u00fb insister pour finalement se faire r\u00e9pondre : \u201cD\u2019accord, vous pouvez le partir votre petit ballet\u201d. Persifleuse, Madame, comme elle \u00e9tait surnomm\u00e9e, appela donc sa compagnie les <em>Grands<\/em> Ballets Canadiens!<\/p>\n<p>&nbsp;<\/p>\n<figure id=\"attachment_91101\" aria-describedby=\"caption-attachment-91101\" style=\"width: 1200px\" class=\"wp-caption aligncenter\"><img decoding=\"async\" loading=\"lazy\" class=\"size-full wp-image-91101\" src=\"https:\/\/www.ludwig-van.com\/montreal\/wp-content\/uploads\/sites\/3\/2025\/12\/Vent-du-Nord-2025-_cropped.jpg\" alt=\"\" width=\"1200\" height=\"777\" srcset=\"https:\/\/www.ludwig-van.com\/montreal\/wp-content\/uploads\/sites\/3\/2025\/12\/Vent-du-Nord-2025-_cropped.jpg 1200w, https:\/\/www.ludwig-van.com\/montreal\/wp-content\/uploads\/sites\/3\/2025\/12\/Vent-du-Nord-2025-_cropped-300x194.jpg 300w, https:\/\/www.ludwig-van.com\/montreal\/wp-content\/uploads\/sites\/3\/2025\/12\/Vent-du-Nord-2025-_cropped-1024x663.jpg 1024w, https:\/\/www.ludwig-van.com\/montreal\/wp-content\/uploads\/sites\/3\/2025\/12\/Vent-du-Nord-2025-_cropped-768x497.jpg 768w\" sizes=\"(max-width: 1200px) 100vw, 1200px\" \/><figcaption id=\"caption-attachment-91101\" class=\"wp-caption-text\">Vent du Nord (Photo : courtoisie OSD)<\/figcaption><\/figure>\n<h3>OSD &#8211; <i>Le Vent du Nord symphonique<\/i><\/h3>\n<p>L\u2019<b>Orchestre symphonique de Drummondville<\/b> vous invite \u00e0 l\u2019une des deux repr\u00e9sentations (l\u2019une \u00e0 Drummondville et l\u2019autre \u00e0 Victoriaville) de son concert de No\u00ebl <i>Le Vent du Nord symphonique<\/i>. <b>Le Vent du Nord<\/b> est un groupe de musique traditionnelle qu\u00e9b\u00e9coise consid\u00e9r\u00e9 comme l\u2019ambassadeur de ce style musical. Ce sera donc un heureux m\u00e9lange de folklore et de musique classique qui vous attend pour un moment qui sera certainement enlevant!<\/p>\n<p>LE 18 D\u00c9CEMBRE, 19 H 30, MAISON DES ARTS DESJARDINS DRUMMONDVILLE;\u00a0LE 21 D\u00c9CEMBRE, 15 H, CARR\u00c9 150 (VICTORIAVILLE)\u00a0\u00a0<a href=\"https:\/\/www.osdrummondville.com\/evenements\/les-grands-concerts-canimex\/le-vent-du-nord-symphonique\/\" target=\"_blank\" rel=\"noopener\">D\u00c9TAILS ET BILLETS<\/a><\/p>\n<h3><img decoding=\"async\" loading=\"lazy\" class=\"aligncenter size-full wp-image-91104\" src=\"https:\/\/www.ludwig-van.com\/montreal\/wp-content\/uploads\/sites\/3\/2025\/12\/Noel-lyrique-Temps-fort.png\" alt=\"\" width=\"1200\" height=\"801\" srcset=\"https:\/\/www.ludwig-van.com\/montreal\/wp-content\/uploads\/sites\/3\/2025\/12\/Noel-lyrique-Temps-fort.png 1200w, https:\/\/www.ludwig-van.com\/montreal\/wp-content\/uploads\/sites\/3\/2025\/12\/Noel-lyrique-Temps-fort-300x200.png 300w, https:\/\/www.ludwig-van.com\/montreal\/wp-content\/uploads\/sites\/3\/2025\/12\/Noel-lyrique-Temps-fort-1024x684.png 1024w, https:\/\/www.ludwig-van.com\/montreal\/wp-content\/uploads\/sites\/3\/2025\/12\/Noel-lyrique-Temps-fort-768x513.png 768w\" sizes=\"(max-width: 1200px) 100vw, 1200px\" \/><\/h3>\n<h3>Les Rendez-vous musicaux Notre-Dame &#8211; Ch\u0153ur Temps Fort<\/h3>\n<p>Le ch\u0153ur <b>Temps Fort<\/b> vous attend vendredi ou samedi pour un concert de No\u00ebl mettant de l\u2019avant des \u0153uvres rares du r\u00e9pertoire de chant choral. Vous y entendrez, peut-\u00eatre pour la premi\u00e8re fois, des pi\u00e8ces m\u00e9connues de la tradition du temps des F\u00eates dans une ambiance chaleureuse accessible \u00e0 tous.<\/p>\n<p>LE 19 D\u00c9CEMBRE, 15H ET LE 20 D\u00c9CEMBRE, 13 H ET 15 H, CHAPELLE NOTRE-DAME-DU-SACR\u00c9-C\u0152UR\u00a0 <a href=\"https:\/\/feverup.com\/m\/386870\" target=\"_blank\" rel=\"noopener\">D\u00c9TAILS ET BILLETS<\/a><\/p>\n<p>&nbsp;<\/p>\n<figure id=\"attachment_91102\" aria-describedby=\"caption-attachment-91102\" style=\"width: 1200px\" class=\"wp-caption aligncenter\"><img decoding=\"async\" loading=\"lazy\" class=\"size-full wp-image-91102\" src=\"https:\/\/www.ludwig-van.com\/montreal\/wp-content\/uploads\/sites\/3\/2025\/12\/CarolsbyCandlelight-ChurchofAP-TamPhotography-12.jpg\" alt=\"\" width=\"1200\" height=\"798\" srcset=\"https:\/\/www.ludwig-van.com\/montreal\/wp-content\/uploads\/sites\/3\/2025\/12\/CarolsbyCandlelight-ChurchofAP-TamPhotography-12.jpg 1200w, https:\/\/www.ludwig-van.com\/montreal\/wp-content\/uploads\/sites\/3\/2025\/12\/CarolsbyCandlelight-ChurchofAP-TamPhotography-12-300x200.jpg 300w, https:\/\/www.ludwig-van.com\/montreal\/wp-content\/uploads\/sites\/3\/2025\/12\/CarolsbyCandlelight-ChurchofAP-TamPhotography-12-1024x681.jpg 1024w, https:\/\/www.ludwig-van.com\/montreal\/wp-content\/uploads\/sites\/3\/2025\/12\/CarolsbyCandlelight-ChurchofAP-TamPhotography-12-768x511.jpg 768w\" sizes=\"(max-width: 1200px) 100vw, 1200px\" \/><figcaption id=\"caption-attachment-91102\" class=\"wp-caption-text\">Carols by Candlelight du Ch\u0153ur A &amp; P (Photo : Tam Photography)<\/figcaption><\/figure>\n<h3>Ch\u0153ur A&amp;P &#8211; <i>Carols by Candlelight<\/i><\/h3>\n<p>La tradition se poursuit \u00e0 l\u2019\u00e9glise St. Andrew &amp; St. Paul, alors que le <b>Ch\u0153ur A&amp;P<\/b> pr\u00e9sente son fameux concert de No\u00ebl \u00e9clair\u00e9 aux chandelles. Sous la direction de <b>L\u00e9a Moisan-Perrier<\/b>, le Ch\u0153ur, qui offre ce concert depuis plus de 50 ans, sera accompagn\u00e9 par l\u2019organiste <b>Isabelle Demers<\/b>, ainsi que par un ensemble de cuivres et percussions. En plus d\u2019y entendre les hymnes de No\u00ebl traditionnels, l\u2019\u00e9dition de cette ann\u00e9e inclut des chants <em>a cappella<\/em> du compositeur cri <b>Andrew Balfour<\/b> et de la compositrice britannique <b>Cecilia McDowall<\/b>. \u00c9galement au programme, deux nouvelles cr\u00e9ations \u00e9crites pour l\u2019\u00e9v\u00e9nement.<\/p>\n<p>LES 20 ET 21 D\u00c9CEMBRE, 16 H, \u00c9GLISE ST. ANDREW &amp; ST. PAUL\u00a0 <a href=\"https:\/\/standrewstpaul.com\/about\/carols-by-candlelight\/\" target=\"_blank\" rel=\"noopener\">D\u00c9TAILS\u00a0<\/a><\/p>\n<p>&nbsp;<\/p>\n<p><img decoding=\"async\" loading=\"lazy\" class=\"aligncenter size-full wp-image-91112\" src=\"https:\/\/www.ludwig-van.com\/montreal\/wp-content\/uploads\/sites\/3\/2025\/12\/Dal-Segno-et-maitrise-20-decembre.jpg\" alt=\"\" width=\"1200\" height=\"675\" srcset=\"https:\/\/www.ludwig-van.com\/montreal\/wp-content\/uploads\/sites\/3\/2025\/12\/Dal-Segno-et-maitrise-20-decembre.jpg 1200w, https:\/\/www.ludwig-van.com\/montreal\/wp-content\/uploads\/sites\/3\/2025\/12\/Dal-Segno-et-maitrise-20-decembre-300x169.jpg 300w, https:\/\/www.ludwig-van.com\/montreal\/wp-content\/uploads\/sites\/3\/2025\/12\/Dal-Segno-et-maitrise-20-decembre-1024x576.jpg 1024w, https:\/\/www.ludwig-van.com\/montreal\/wp-content\/uploads\/sites\/3\/2025\/12\/Dal-Segno-et-maitrise-20-decembre-768x432.jpg 768w\" sizes=\"(max-width: 1200px) 100vw, 1200px\" \/><\/p>\n<h3>\u00c0 Qu\u00e9bec : L&rsquo;Ensemble vocal Dal Segno et la Ma\u00eetrise des Petits chanteurs de Qu\u00e9bec<\/h3>\n<div>Pr\u00e8s de 100 voix de femmes et d&rsquo;enfants seront r\u00e9unies dans ce concert conjoint de l&rsquo;<strong>Ensemble vocal Dal Segno<\/strong>, dirig\u00e9 par <strong>Guillame St-Gelais<\/strong>, et de la <strong>Ma\u00eetrise des Petits chanteurs de Qu\u00e9bec<\/strong>, dirig\u00e9e par <strong>Anne Gilbert<\/strong>. Des arrangements originaux de classiques connus de Dan Forrest, de John Rutter, de John Williams et de Mark Hayes c\u00f4toieront des \u0153uvres contemporaines de Kim Andr\u00e9 Arnesen, de Frode Fjellheim, de Michael John Trotta et d&rsquo;Anna Roc\u0142awska-Musia\u0142czyk, chant\u00e9s conjointement et s\u00e9par\u00e9ment par les deux ch\u0153urs. Le concert, pr\u00e9sent\u00e9 gr\u00e2ce \u00e0 une collaboration de l&rsquo;Alliance chorale, est donn\u00e9 dans le d\u00e9cor majestueux de la Basilique-Cath\u00e9drale Notre-Dame, \u00e0 quelques pas du March\u00e9 allemand de Qu\u00e9bec. L&rsquo;entr\u00e9e est gratuite, mais les contributions volontaires sont encourag\u00e9es.<\/div>\n<div><\/div>\n<div>LE 20 D\u00c9CEMBRE, 19 H 30, BASILIQUE-CATH\u00c9DRALE NOTRE-DAME\u00a0<a href=\"https:\/\/www.facebook.com\/events\/1416334803422914\/?acontext=%7B%22source%22%3A%2229%22%2C%22ref_notif_type%22%3A%22plan_user_invited%22%2C%22action_history%22%3A%22null%22%7D&amp;notif_id=1765821374490635&amp;notif_t=plan_user_invited&amp;ref=notif\" target=\"_blank\" rel=\"noopener\"> D\u00c9TAILS<\/a><\/div>\n<div><\/div>\n<div><\/div>\n<figure id=\"attachment_91103\" aria-describedby=\"caption-attachment-91103\" style=\"width: 1200px\" class=\"wp-caption aligncenter\"><img decoding=\"async\" loading=\"lazy\" class=\"size-full wp-image-91103\" src=\"https:\/\/www.ludwig-van.com\/montreal\/wp-content\/uploads\/sites\/3\/2025\/12\/La-Colindatori_JPG.jpg\" alt=\"\" width=\"1200\" height=\"816\" srcset=\"https:\/\/www.ludwig-van.com\/montreal\/wp-content\/uploads\/sites\/3\/2025\/12\/La-Colindatori_JPG.jpg 1200w, https:\/\/www.ludwig-van.com\/montreal\/wp-content\/uploads\/sites\/3\/2025\/12\/La-Colindatori_JPG-300x204.jpg 300w, https:\/\/www.ludwig-van.com\/montreal\/wp-content\/uploads\/sites\/3\/2025\/12\/La-Colindatori_JPG-1024x696.jpg 1024w, https:\/\/www.ludwig-van.com\/montreal\/wp-content\/uploads\/sites\/3\/2025\/12\/La-Colindatori_JPG-768x522.jpg 768w\" sizes=\"(max-width: 1200px) 100vw, 1200px\" \/><figcaption id=\"caption-attachment-91103\" class=\"wp-caption-text\">La Colindatori (Photo : courtoisie)<\/figcaption><\/figure>\n<h3>\u00c0 Qu\u00e9bec : Strada et La Colindatori &#8211; <i>Le Solstice des Insoumis<\/i><\/h3>\n<p>Les instrumentistes de l\u2019ensemble <b>Strada<\/b> s\u2019allient au ch\u0153ur <b>La Colindatori<\/b> pour offrir un concert sur le th\u00e8me du solstice d\u2019hiver. No\u00ebls anciens, ainsi que traditions nordiques, chamaniques et populaires mettront en lumi\u00e8re l\u2019h\u00e9ritage des rites de la nuit la plus longue de l\u2019ann\u00e9e dans un programme incluant des Saturnales romaines et des traditions de la Scandinavie et de la Nouvelle-France.<\/p>\n<p>LE 20 D\u00c9CEMBRE, 19H30 ET LE 21 D\u00c9CEMBRE, 14 H, CHAPELLE DES URSULINES\u00a0 <a href=\"https:\/\/lepointdevente.com\/billets\/solsticeinsoumis\" target=\"_blank\" rel=\"noopener\">D\u00c9TAILS ET BILLETS<\/a><\/p>\n<p>&nbsp;<\/p>\n<figure id=\"attachment_80077\" aria-describedby=\"caption-attachment-80077\" style=\"width: 1200px\" class=\"wp-caption aligncenter\"><img decoding=\"async\" loading=\"lazy\" class=\"size-full wp-image-80077\" src=\"https:\/\/www.ludwig-van.com\/montreal\/wp-content\/uploads\/sites\/3\/2024\/02\/Societe-chorale-PMR_1200.jpg\" alt=\"La Soci\u00e9t\u00e9 chorale du Plateau Mont-Royal, dirig\u00e9e par Roseline Blain (Photo : courtoisie)\" width=\"1200\" height=\"600\" srcset=\"https:\/\/www.ludwig-van.com\/montreal\/wp-content\/uploads\/sites\/3\/2024\/02\/Societe-chorale-PMR_1200.jpg 1200w, https:\/\/www.ludwig-van.com\/montreal\/wp-content\/uploads\/sites\/3\/2024\/02\/Societe-chorale-PMR_1200-300x150.jpg 300w, https:\/\/www.ludwig-van.com\/montreal\/wp-content\/uploads\/sites\/3\/2024\/02\/Societe-chorale-PMR_1200-1024x512.jpg 1024w, https:\/\/www.ludwig-van.com\/montreal\/wp-content\/uploads\/sites\/3\/2024\/02\/Societe-chorale-PMR_1200-768x384.jpg 768w\" sizes=\"(max-width: 1200px) 100vw, 1200px\" \/><figcaption id=\"caption-attachment-80077\" class=\"wp-caption-text\">La Soci\u00e9t\u00e9 chorale du Plateau Mont-Royal, dirig\u00e9e par Roseline Blain (Photo : Cajun Hylton)<\/figcaption><\/figure>\n<h3>I Musici &#8211; <i>No\u00ebl \u00e0 l\u2019italienne<\/i><\/h3>\n<p>L\u2019ensemble <b>I Musici<\/b> s\u2019allie \u00e9galement \u00e0 un ch\u0153ur pour son concert de No\u00ebl, le <b>Ch\u0153ur de la soci\u00e9t\u00e9 chorale du Plateau Mont-Royal<\/b>, afin de pr\u00e9senter un concert o\u00f9 baroque italien et chants traditionnels se c\u00f4toieront. Le programme \u00e0 la fois festif et \u00e9mouvant vous pr\u00e9parera certainement \u00e0 la f\u00eate de No\u00ebl quelques jours plus tard.<\/p>\n<p>LE 21 D\u00c9CEMBRE, 15 H ET 19 H, \u00c9GLISE ST-PIERRE-AP\u00d4TRE\u00a0 <a href=\"https:\/\/imusici.com\/saison-2025-2026\/noel-a-litalienne\/\" target=\"_blank\" rel=\"noopener\">D\u00c9TAILS ET BILLETS<\/a><\/p>\n<p>&nbsp;<\/p>\n<p><img decoding=\"async\" loading=\"lazy\" class=\"aligncenter size-full wp-image-91105\" src=\"https:\/\/www.ludwig-van.com\/montreal\/wp-content\/uploads\/sites\/3\/2025\/12\/Glenn-Miller-Orchestra.png\" alt=\"\" width=\"1200\" height=\"517\" srcset=\"https:\/\/www.ludwig-van.com\/montreal\/wp-content\/uploads\/sites\/3\/2025\/12\/Glenn-Miller-Orchestra.png 1200w, https:\/\/www.ludwig-van.com\/montreal\/wp-content\/uploads\/sites\/3\/2025\/12\/Glenn-Miller-Orchestra-300x129.png 300w, https:\/\/www.ludwig-van.com\/montreal\/wp-content\/uploads\/sites\/3\/2025\/12\/Glenn-Miller-Orchestra-1024x441.png 1024w, https:\/\/www.ludwig-van.com\/montreal\/wp-content\/uploads\/sites\/3\/2025\/12\/Glenn-Miller-Orchestra-768x331.png 768w\" sizes=\"(max-width: 1200px) 100vw, 1200px\" \/><\/p>\n<h3>Glenn Miller Orchestra &#8211; <i>In the Christmas Mood<\/i><\/h3>\n<p>Les places sont limit\u00e9es pour assister \u00e0 ce concert du l\u00e9gendaire <b>Glenn Miller Orchestra<\/b>! Ne tardez donc pas \u00e0 acheter l\u2019un des derniers billets disponibles si vous d\u00e9sirez entendre tous les classiques de No\u00ebl dans des arrangements comme seul cet ensemble mondialement reconnu sait faire. Avec 18 musicien\u00b7ne\u00b7s et chanteur\u00b7euse\u00b7s qui interpr\u00e9teront les succ\u00e8s aim\u00e9s de tous tels que <i>White Christmas<\/i>, <i>Jingle Bells<\/i> et <i>I\u2019ll Be Home for Christmas<\/i>, gageons que vous ressortirez de la soir\u00e9e le c\u0153ur l\u00e9ger et le sourire aux l\u00e8vres!<\/p>\n<p>LE 21 D\u00c9CEMBRE, 19 H 30, MAISON SYMPHONIQUE\u00a0 <a href=\"https:\/\/www.placedesarts.com\/evenement\/glenn-miller-orchestra\" target=\"_blank\" rel=\"noopener\">D\u00c9TAILS ET BILLETS<\/a><\/p>\n<p>&nbsp;<\/p>\n<figure id=\"attachment_85319\" aria-describedby=\"caption-attachment-85319\" style=\"width: 1200px\" class=\"wp-caption aligncenter\"><img decoding=\"async\" loading=\"lazy\" class=\"size-full wp-image-85319\" src=\"https:\/\/www.ludwig-van.com\/montreal\/wp-content\/uploads\/sites\/3\/2024\/12\/grandsballets-casse-noisette-2023-photo-michel-trahan-3.jpg\" alt=\"\" width=\"1200\" height=\"800\" srcset=\"https:\/\/www.ludwig-van.com\/montreal\/wp-content\/uploads\/sites\/3\/2024\/12\/grandsballets-casse-noisette-2023-photo-michel-trahan-3.jpg 1200w, https:\/\/www.ludwig-van.com\/montreal\/wp-content\/uploads\/sites\/3\/2024\/12\/grandsballets-casse-noisette-2023-photo-michel-trahan-3-300x200.jpg 300w, https:\/\/www.ludwig-van.com\/montreal\/wp-content\/uploads\/sites\/3\/2024\/12\/grandsballets-casse-noisette-2023-photo-michel-trahan-3-1024x683.jpg 1024w, https:\/\/www.ludwig-van.com\/montreal\/wp-content\/uploads\/sites\/3\/2024\/12\/grandsballets-casse-noisette-2023-photo-michel-trahan-3-768x512.jpg 768w\" sizes=\"(max-width: 1200px) 100vw, 1200px\" \/><figcaption id=\"caption-attachment-85319\" class=\"wp-caption-text\">(Photo : Michel Trahan)<\/figcaption><\/figure>\n<h3>GB &#8211; <i>Casse-Noisette<\/i><\/h3>\n<p>Les repr\u00e9sentations de <i>Casse-Noisette<\/i> par les <b>Grands Ballets<\/b> se poursuivent et ne laisseront certainement personne indiff\u00e9rent. Avec les d\u00e9cors grandioses, les costumes color\u00e9s et les personnages amusants tels que le Roi Bonbon et les Mirlitons, ce spectacle est une belle fa\u00e7on de faire d\u00e9couvrir le ballet classique aux jeunes &#8211; et moins jeunes &#8211; enfants. Un cadeau \u00e0 offrir ou \u00e0 s\u2019offrir pour un moment de magie et de f\u00e9\u00e9rie de No\u00ebl!<\/p>\n<p>LES 18, 19 ET 20 D\u00c9CEMBRE, 19 H 30 ET LES 20 ET 21 D\u00c9CEMBRE, 14 H, SALLE WILFRID-PELLETIER\u00a0 <a href=\"https:\/\/grandsballets.com\/fr\/spectacles\/detail\/casse-noisette\/?gad_source=1&amp;gad_campaignid=23230115977&amp;gbraid=0AAAAADqvTi8pc7nEuzaKeTQTEjlJhtl-h&amp;gclid=Cj0KCQiAuvTJBhCwARIsAL6DemjxKuXN_CNU5ckltv6H5QPaeapDqNZ2owROmtVJEvKcbvA9_aRV0r4aAqqzEALw_wcB\" target=\"_blank\" rel=\"noopener\">D\u00c9TAILS ET BILLETS<\/a><\/p>\n<p>&nbsp;<\/p>\n<figure id=\"attachment_90906\" aria-describedby=\"caption-attachment-90906\" style=\"width: 1200px\" class=\"wp-caption aligncenter\"><img decoding=\"async\" loading=\"lazy\" class=\"size-full wp-image-90906\" src=\"https:\/\/www.ludwig-van.com\/montreal\/wp-content\/uploads\/sites\/3\/2025\/12\/chorale-lutins-de-noel_Freepik.jpg\" alt=\"Chorale de lutins de No\u00ebl (Image : Freepik)\" width=\"1200\" height=\"982\" srcset=\"https:\/\/www.ludwig-van.com\/montreal\/wp-content\/uploads\/sites\/3\/2025\/12\/chorale-lutins-de-noel_Freepik.jpg 1200w, https:\/\/www.ludwig-van.com\/montreal\/wp-content\/uploads\/sites\/3\/2025\/12\/chorale-lutins-de-noel_Freepik-300x246.jpg 300w, https:\/\/www.ludwig-van.com\/montreal\/wp-content\/uploads\/sites\/3\/2025\/12\/chorale-lutins-de-noel_Freepik-1024x838.jpg 1024w, https:\/\/www.ludwig-van.com\/montreal\/wp-content\/uploads\/sites\/3\/2025\/12\/chorale-lutins-de-noel_Freepik-768x628.jpg 768w\" sizes=\"(max-width: 1200px) 100vw, 1200px\" \/><figcaption id=\"caption-attachment-90906\" class=\"wp-caption-text\">Chorale de lutins de No\u00ebl (Image : Freepik)<\/figcaption><\/figure>\n<h3>Les Choralies de la Chapelle Notre-Dame-de-Bon-Secours<\/h3>\n<p>Il reste trois concerts aux Choralies pr\u00e9sent\u00e9es \u00e0 la Chapelle Notre-Dame-de-Bon-Secours. Tout d\u2019abord, le 20 d\u00e9cembre, vous pourrez entendre <b>Canticorum Chorale Multiculturelle de Montr\u00e9al<\/b>, dans deux repr\u00e9sentations en apr\u00e8s-midi. Puis le 21, toujours pour deux repr\u00e9sentations en apr\u00e8s-midi, ce sera au tour de <b>Son del Sur Ensemble Vocal<\/b>. Finalement, dimanche en soir\u00e9e, les <b>Voix Ferr\u00e9es<\/b> cl\u00f4tureront l\u2019\u00e9v\u00e9nement. Avant chaque repr\u00e9sentation, un duo de tromboniste dirig\u00e9 par <b>Olivier Lizotte<\/b>, ainsi qu\u2019un chocolat chaud offert par Dulce vous attendent sur le parvis.<\/p>\n<p>CHAPELLE NOTRE-DAME-DE-BON-SECOURS\u00a0 <a href=\"https:\/\/margueritebourgeoys.org\/calendrier-musee-marguerite-bourgeoys\/\" target=\"_blank\" rel=\"noopener\">D\u00c9TAILS ET BILLETS<\/a><\/p>\n<h2><em>Inscrivez-vous \u00e0 notre infolettre! La musique classique et l\u2019op\u00e9ra en 5 minutes, chaque jour<\/em> <a href=\"https:\/\/ludwig-van.us9.list-manage.com\/subscribe?u=4f785cb3f9058f2393ccad035&amp;id=b9b160c032\" target=\"_blank\" rel=\"noopener noreferrer\">ICI<\/a>.<\/h2>\n","protected":false},"excerpt":{"rendered":"<p>Cette semaine, toutes les sorties musicales propos\u00e9es sont des concerts de No\u00ebl &#8211; mais vous avez le choix du style et de l\u2019ambiance : baroque, traditionnel, jazz, \u00e9clair\u00e9 aux chandelles, accessible, ou encore au r\u00e9pertoire connu ou rare, il y en a pour tous les go\u00fbts!<\/p>\n","protected":false},"author":1,"featured_media":91106,"comment_status":"open","ping_status":"open","sticky":false,"template":"","format":"standard","meta":{"om_disable_all_campaigns":false,"jetpack_post_was_ever_published":false},"categories":[42299,10994],"tags":[42300,11882],"yst_prominent_words":[9863,16845,14433,9946,9945,26052],"acf":[],"jetpack_featured_media_url":"https:\/\/www.ludwig-van.com\/montreal\/wp-content\/uploads\/sites\/3\/2025\/12\/Copie-de-CONCERTS5.jpg","jetpack_sharing_enabled":true,"jetpack_shortlink":"https:\/\/wp.me\/p9bdYt-nHl","amp_enabled":true,"_links":{"self":[{"href":"https:\/\/www.ludwig-van.com\/montreal\/wp-json\/wp\/v2\/posts\/91099"}],"collection":[{"href":"https:\/\/www.ludwig-van.com\/montreal\/wp-json\/wp\/v2\/posts"}],"about":[{"href":"https:\/\/www.ludwig-van.com\/montreal\/wp-json\/wp\/v2\/types\/post"}],"author":[{"embeddable":true,"href":"https:\/\/www.ludwig-van.com\/montreal\/wp-json\/wp\/v2\/users\/1"}],"replies":[{"embeddable":true,"href":"https:\/\/www.ludwig-van.com\/montreal\/wp-json\/wp\/v2\/comments?post=91099"}],"version-history":[{"count":13,"href":"https:\/\/www.ludwig-van.com\/montreal\/wp-json\/wp\/v2\/posts\/91099\/revisions"}],"predecessor-version":[{"id":91122,"href":"https:\/\/www.ludwig-van.com\/montreal\/wp-json\/wp\/v2\/posts\/91099\/revisions\/91122"}],"wp:featuredmedia":[{"embeddable":true,"href":"https:\/\/www.ludwig-van.com\/montreal\/wp-json\/wp\/v2\/media\/91106"}],"wp:attachment":[{"href":"https:\/\/www.ludwig-van.com\/montreal\/wp-json\/wp\/v2\/media?parent=91099"}],"wp:term":[{"taxonomy":"category","embeddable":true,"href":"https:\/\/www.ludwig-van.com\/montreal\/wp-json\/wp\/v2\/categories?post=91099"},{"taxonomy":"post_tag","embeddable":true,"href":"https:\/\/www.ludwig-van.com\/montreal\/wp-json\/wp\/v2\/tags?post=91099"},{"taxonomy":"yst_prominent_words","embeddable":true,"href":"https:\/\/www.ludwig-van.com\/montreal\/wp-json\/wp\/v2\/yst_prominent_words?post=91099"}],"curies":[{"name":"wp","href":"https:\/\/api.w.org\/{rel}","templated":true}]}}