{"id":91041,"date":"2025-12-10T17:10:05","date_gmt":"2025-12-10T22:10:05","guid":{"rendered":"https:\/\/www.ludwig-van.com\/montreal\/?p=91041"},"modified":"2025-12-12T13:00:04","modified_gmt":"2025-12-12T18:00:04","slug":"nouvelle-le-prix-hommage-du-cqm-remis-au-chroniqueur-et-essayiste-alain-brunet","status":"publish","type":"post","link":"https:\/\/www.ludwig-van.com\/montreal\/2025\/12\/10\/nouvelle-le-prix-hommage-du-cqm-remis-au-chroniqueur-et-essayiste-alain-brunet\/","title":{"rendered":"NOUVELLE | Le Prix Hommage du CQM remis au chroniqueur et essayiste Alain Brunet"},"content":{"rendered":"<figure id=\"attachment_91042\" aria-describedby=\"caption-attachment-91042\" style=\"width: 1200px\" class=\"wp-caption aligncenter\"><img decoding=\"async\" loading=\"lazy\" class=\"size-full wp-image-91042\" src=\"https:\/\/www.ludwig-van.com\/montreal\/wp-content\/uploads\/sites\/3\/2025\/12\/Copie-de-Copie-de-Copy-of-INTERVIEW.jpg\" alt=\"Alain Brunet (Photo : courtoisie CQM)\" width=\"1200\" height=\"628\" srcset=\"https:\/\/www.ludwig-van.com\/montreal\/wp-content\/uploads\/sites\/3\/2025\/12\/Copie-de-Copie-de-Copy-of-INTERVIEW.jpg 1200w, https:\/\/www.ludwig-van.com\/montreal\/wp-content\/uploads\/sites\/3\/2025\/12\/Copie-de-Copie-de-Copy-of-INTERVIEW-300x157.jpg 300w, https:\/\/www.ludwig-van.com\/montreal\/wp-content\/uploads\/sites\/3\/2025\/12\/Copie-de-Copie-de-Copy-of-INTERVIEW-1024x536.jpg 1024w, https:\/\/www.ludwig-van.com\/montreal\/wp-content\/uploads\/sites\/3\/2025\/12\/Copie-de-Copie-de-Copy-of-INTERVIEW-768x402.jpg 768w\" sizes=\"(max-width: 1200px) 100vw, 1200px\" \/><figcaption id=\"caption-attachment-91042\" class=\"wp-caption-text\">Alain Brunet (Photo : courtoisie CQM)<\/figcaption><\/figure>\n<p>\u00ab\u00a0On n&rsquo;a jamais \u00e9rig\u00e9 une statue \u00e0 un\u00b7e critique\u00a0\u00bb : m\u00eame si cette boutade de Jean Sibelius \u00e9tait vraie (elle est fausse, du moins maintenant), on pourrait r\u00e9pondre : mais on leur accorde des prix! En effet, le Conseil qu\u00e9b\u00e9cois de la musique annonce aujourd&rsquo;hui que le Prix Hommage de la 29e \u00e9dition des Prix Opus sera d\u00e9cern\u00e9 au chroniqueur musical, \u00e9diteur, directeur artistique et essayiste <strong>Alain Brunet<\/strong> pour son engagement inlassable envers la musique et le milieu musical qu\u00e9b\u00e9cois.<\/p>\n<p>D\u00e8s ses jeunes ann\u00e9es, l&rsquo;initiative et la prise de risques font partie du modus operandi d&rsquo;<strong>Alain Brunet<\/strong> : il compte parmi les membres fondateurs de la station de radio CIBL FM, toujours active aujourd&rsquo;hui, o\u00f9 il fait ses armes en tant que responsable du d\u00e9veloppement culturel et membre du comit\u00e9 de programmation. Il passe par la suite \u00e0 <em>La Presse<\/em>, pour qui il couvre tous les styles de musique pendant 35 ans. Des entrevues avec les noms les plus c\u00e9l\u00e8bres du monde musical ont trouv\u00e9 place au sein de ses pages : Prince, Madonna, Sting, Bj\u00f6rk, Charles Trenet, Renaud, C\u00e9line Dion, Gilles Vigneault, Youssou N&rsquo;Dour, Steve Reich, Valery Gergiev et bien d&rsquo;autres. Parall\u00e8lement, il est \u00e9galement actif comme recherchiste et chroniqueur pour la radio et la t\u00e9l\u00e9vision de Radio-Canada, au r\u00e9seau TVA et \u00e0 T\u00e9l\u00e9-Qu\u00e9bec. Il est l&rsquo;auteur de deux essais, <em>Le disque ne tourne pas rond<\/em> (2003) et <em>La mis\u00e8re des niches<\/em> (2018).<\/p>\n<p>Ayant pris sa retraite du journal en 2019, <strong>Alain Brunet<\/strong> se laisse entra\u00eener une fois de plus par son esprit d&rsquo;initiative : il lance la plateforme <a href=\"http:\/\/www.panm360.com\">Pan M 360<\/a>, qu&rsquo;il consacre \u00e0 la d\u00e9couverte, l&rsquo;analyse et la diffusion des musiques cr\u00e9atives de tous genres.<\/p>\n<p>C&rsquo;est lors du Gala des Prix Opus du 8 f\u00e9vrier prochain que le CQM remettra le Prix Hommage \u00e0 <strong>Alain Brunet<\/strong>. \u00c0 cette occasion, la FAB T\u00e9l\u00e9-Qu\u00e9bec (anciennement La Fabrique culturelle), partenaire du Prix Opus Hommage, d\u00e9voilera une vid\u00e9o relatant le parcours du r\u00e9cipiendaire. La c\u00e9r\u00e9monie tenue \u00e0 la Salle Bourgie sera \u00e9galement diffus\u00e9e en direct sur le web gr\u00e2ce \u00e0 ATMA Classique.<\/p>\n<blockquote><p>\u00ab Alain Brunet est bien connu du milieu musical qu\u00e9b\u00e9cois. Dans un contexte o\u00f9 les organisations musicales peinent \u00e0 obtenir une couverture m\u00e9diatique, il a redoubl\u00e9 d\u2019efforts pour faire rayonner les musiques de concert. Ceux qui l\u2019ont c\u00f4toy\u00e9 savent combien son \u00e9rudition, sa passion sinc\u00e8re et son regard attentif sur l\u2019\u00e9volution du milieu nourrissent un engagement exceptionnel. C\u2019est avec une grande joie que nous lui d\u00e9cernons le Prix Hommage. \u00bb &#8211; Caroline Louis, pr\u00e9sidente du CQM<\/p><\/blockquote>\n<p>L&rsquo;\u00e9quipe de Ludwig van Montr\u00e9al est heureuse de f\u00e9liciter <strong>Alain Brunet<\/strong> pour cette reconnaissance du travail important qu&rsquo;il a accompli, et continue d&rsquo;accomplir, pour promouvoir la musique de concert dans les m\u00e9dias qu\u00e9b\u00e9cois. La critique musicale et culturelle (\u00e0 d\u00e9faut d&rsquo;un meilleur mot, puisque tout n&rsquo;est pas critique) n&rsquo;a de sens qu&rsquo;au sein d&rsquo;un \u00e9cosyst\u00e8me form\u00e9 de plusieurs acteurs contribuant une vari\u00e9t\u00e9 de contenus et de points de vue. C&rsquo;est tout le milieu qui se trouve fortifi\u00e9 gr\u00e2ce \u00e0 l&rsquo;engagement passionn\u00e9 d&rsquo;<strong>Alain Brunet<\/strong>.<\/p>\n<h2><em>Inscrivez-vous \u00e0 notre infolettre! La musique classique et l\u2019op\u00e9ra en 5 minutes, chaque jour<\/em> <a href=\"https:\/\/ludwig-van.us9.list-manage.com\/subscribe?u=4f785cb3f9058f2393ccad035&amp;id=b9b160c032\" target=\"_blank\" rel=\"noopener noreferrer\">ICI<\/a>.<\/h2>\n","protected":false},"excerpt":{"rendered":"<p>Le Conseil qu\u00e9b\u00e9cois de la musique annonce aujourd&rsquo;hui que le Prix Hommage de la 29e \u00e9dition des Prix Opus sera d\u00e9cern\u00e9 au chroniqueur musical, \u00e9diteur, directeur artistique et essayiste Alain Brunet pour son engagement inlassable envers la musique et le milieu musical qu\u00e9b\u00e9cois.<\/p>\n","protected":false},"author":55,"featured_media":91042,"comment_status":"open","ping_status":"open","sticky":false,"template":"","format":"standard","meta":{"om_disable_all_campaigns":false,"jetpack_post_was_ever_published":false},"categories":[42299,10956,10992],"tags":[42300,42225,15875],"yst_prominent_words":[8644,28102,9842,23096,10933,12540,14112,41613,6735,9811,11529,9857,18297,10975,12519],"acf":[],"jetpack_featured_media_url":"https:\/\/www.ludwig-van.com\/montreal\/wp-content\/uploads\/sites\/3\/2025\/12\/Copie-de-Copie-de-Copy-of-INTERVIEW.jpg","jetpack_sharing_enabled":true,"jetpack_shortlink":"https:\/\/wp.me\/p9bdYt-nGp","amp_enabled":true,"_links":{"self":[{"href":"https:\/\/www.ludwig-van.com\/montreal\/wp-json\/wp\/v2\/posts\/91041"}],"collection":[{"href":"https:\/\/www.ludwig-van.com\/montreal\/wp-json\/wp\/v2\/posts"}],"about":[{"href":"https:\/\/www.ludwig-van.com\/montreal\/wp-json\/wp\/v2\/types\/post"}],"author":[{"embeddable":true,"href":"https:\/\/www.ludwig-van.com\/montreal\/wp-json\/wp\/v2\/users\/55"}],"replies":[{"embeddable":true,"href":"https:\/\/www.ludwig-van.com\/montreal\/wp-json\/wp\/v2\/comments?post=91041"}],"version-history":[{"count":18,"href":"https:\/\/www.ludwig-van.com\/montreal\/wp-json\/wp\/v2\/posts\/91041\/revisions"}],"predecessor-version":[{"id":91069,"href":"https:\/\/www.ludwig-van.com\/montreal\/wp-json\/wp\/v2\/posts\/91041\/revisions\/91069"}],"wp:featuredmedia":[{"embeddable":true,"href":"https:\/\/www.ludwig-van.com\/montreal\/wp-json\/wp\/v2\/media\/91042"}],"wp:attachment":[{"href":"https:\/\/www.ludwig-van.com\/montreal\/wp-json\/wp\/v2\/media?parent=91041"}],"wp:term":[{"taxonomy":"category","embeddable":true,"href":"https:\/\/www.ludwig-van.com\/montreal\/wp-json\/wp\/v2\/categories?post=91041"},{"taxonomy":"post_tag","embeddable":true,"href":"https:\/\/www.ludwig-van.com\/montreal\/wp-json\/wp\/v2\/tags?post=91041"},{"taxonomy":"yst_prominent_words","embeddable":true,"href":"https:\/\/www.ludwig-van.com\/montreal\/wp-json\/wp\/v2\/yst_prominent_words?post=91041"}],"curies":[{"name":"wp","href":"https:\/\/api.w.org\/{rel}","templated":true}]}}