{"id":91030,"date":"2025-12-09T18:22:04","date_gmt":"2025-12-09T23:22:04","guid":{"rendered":"https:\/\/www.ludwig-van.com\/montreal\/?p=91030"},"modified":"2025-12-10T13:00:02","modified_gmt":"2025-12-10T18:00:02","slug":"entrevue-tallis-scholars-intimite-et-fluidite-dans-un-programme-consacre-marie","status":"publish","type":"post","link":"https:\/\/www.ludwig-van.com\/montreal\/2025\/12\/09\/entrevue-tallis-scholars-intimite-et-fluidite-dans-un-programme-consacre-marie\/","title":{"rendered":"ENTREVUE | The Tallis Scholars : intimit\u00e9 et fluidit\u00e9 dans un programme consacr\u00e9 \u00e0 Marie"},"content":{"rendered":"<figure id=\"attachment_91031\" aria-describedby=\"caption-attachment-91031\" style=\"width: 1200px\" class=\"wp-caption aligncenter\"><img decoding=\"async\" loading=\"lazy\" class=\"size-full wp-image-91031\" src=\"https:\/\/www.ludwig-van.com\/montreal\/wp-content\/uploads\/sites\/3\/2025\/12\/Copie-de-ENTREVUE.jpg\" alt=\"\" width=\"1200\" height=\"628\" srcset=\"https:\/\/www.ludwig-van.com\/montreal\/wp-content\/uploads\/sites\/3\/2025\/12\/Copie-de-ENTREVUE.jpg 1200w, https:\/\/www.ludwig-van.com\/montreal\/wp-content\/uploads\/sites\/3\/2025\/12\/Copie-de-ENTREVUE-300x157.jpg 300w, https:\/\/www.ludwig-van.com\/montreal\/wp-content\/uploads\/sites\/3\/2025\/12\/Copie-de-ENTREVUE-1024x536.jpg 1024w, https:\/\/www.ludwig-van.com\/montreal\/wp-content\/uploads\/sites\/3\/2025\/12\/Copie-de-ENTREVUE-768x402.jpg 768w\" sizes=\"(max-width: 1200px) 100vw, 1200px\" \/><figcaption id=\"caption-attachment-91031\" class=\"wp-caption-text\">Peter Phillips entour\u00e9 des Tallis Scholars qu&rsquo;il a fond\u00e9.<\/figcaption><\/figure>\n<p>L\u2019ensemble vocal <strong>The Tallis Scholars<\/strong>, qui fait r\u00e9guli\u00e8rement salle comble \u00e0 Montr\u00e9al et ailleurs, pr\u00e9sente le 13 d\u00e9cembre \u00e0 l\u2019\u00e9glise Saint-Andrew &amp; Saint-Paul un programme de musique anglaise intitul\u00e9 <em>M\u00e8re et Enfant\u00a0: Musique anglaise pour la Vierge Marie<\/em>.<\/p>\n<p>C\u2019est en 1973 que <strong>Peter Phillips<\/strong> fonde les<strong> Tallis Scholars,<\/strong> alors qu\u2019il est \u00e9tudiant \u00e0 l\u2019universit\u00e9 d\u2019Oxford. \u00c0 ce moment-l\u00e0, il est loin de s\u2019imaginer que ce projet obscur, qui \u00e0 ses d\u00e9buts attire peu l\u2019attention, le m\u00e8nera \u00e0 donner des concerts devant des salles combles \u00e0 travers le monde. Il y a 50 ans, la musique de la Renaissance ne connaissait pas encore la popularit\u00e9 qu\u2019elle rencontre aujourd\u2019hui\u00a0: ce d\u00e9veloppement est en grande partie d\u00fb au travail accompli par les <strong>Tallis Scholars<\/strong> et <strong>Peter Phillips<\/strong> lui-m\u00eame, qui ont contribu\u00e9 aux avanc\u00e9es dans la fa\u00e7on d\u2019interpr\u00e9ter ce r\u00e9pertoire.<\/p>\n<p>M\u00eame apr\u00e8s toutes ces ann\u00e9es, <strong>Phillips<\/strong> est loin d\u2019avoir \u00e9puis\u00e9 les richesses de cette musique : il continue de mettre \u00e0 jour des \u0153uvres oubli\u00e9es, telle une <em>Messe de requiem \u00e0 cinq voix<\/em> de Palestrina r\u00e9cemment d\u00e9couverte que les Tallis Scholars ont ajout\u00e9e \u00e0 leur catalogue. De plus, le groupe s\u2019aventure depuis quelques ann\u00e9es dans le r\u00e9pertoire des XXe et XXIe si\u00e8cles. Il n\u2019y explore pas seulement des \u0153uvres inspir\u00e9es par la musique de la Renaissance, telles <em>A Hymn to the Virgin<\/em> dans lequel Benjamin Britten revisite un chant du XIIIe si\u00e8cle, mais va \u00e9galement jusqu\u2019\u00e0 commander de nouvelles compositions. C\u2019est le cas du <em>Salve Regina<\/em> de <strong>Matthew Martin<\/strong> inclus dans le programme du 13 d\u00e9cembre.<\/p>\n<p><strong>Peter Phillips<\/strong> appr\u00e9cie l\u2019aspect intime de la polyphonie de la Renaissance, qu\u2019il compare \u00e0 celle du quatuor \u00e0 cordes : \u00ab Personne n\u2019oserait penser diriger un quatuor \u00e0 cordes, parce que le\/la chef\u00b7fe serait un obstacle \u00e0 la conversation d\u00e9mocratique que les instrumentistes m\u00e8nent entre eux. \u00bb Bien s\u00fbr, les polyphonies plus complexes, tissant un nombre \u00e9lev\u00e9 de voix entre elles, rendent n\u00e9cessaire la pr\u00e9sence d\u2019un\u00b7e chef\u00b7fe. Mais <strong>Phillips<\/strong> aspire \u00e0 laisser l\u2019interpr\u00e9tation \u00e9maner des chanteurs\u00b7euses eux-m\u00eames, sans qu\u2019elle leur soit impos\u00e9e de l\u2019ext\u00e9rieur. Pour cela, les interpr\u00e8tes doivent \u00eatre en mesure de r\u00e9agir fluidement les uns aux autres m\u00eame sur sc\u00e8ne.<\/p>\n<h3>Le concert<\/h3>\n<p>En plus des pi\u00e8ces de Britten et Matthew Martin d\u00e9j\u00e0 mentionn\u00e9es, le concert <em>M\u00e8re et Enfant\u00a0: musique anglaise pour la Vierge Marie<\/em> permettra d\u2019entendre la <em>Messe votive de la Vierge<\/em> de William Byrd, trois extraits de la <em>Missa Puer natus est nobis<\/em> de Tallis, <em>Mater Christi<\/em> de John Taverner et un <em>Magnificat<\/em> de John Nesbett.<\/p>\n<p>LE 13 D\u00c9CEMBRE, 20 H, \u00c9GLISE SAINT-ANDREW &amp; SAINT-PAUL\u00a0 D\u00c9TAILS ET BILLETS<\/p>\n<h2><em>Inscrivez-vous \u00e0 notre infolettre! La musique classique et l\u2019op\u00e9ra en 5 minutes, chaque jour<\/em> <a href=\"https:\/\/ludwig-van.us9.list-manage.com\/subscribe?u=4f785cb3f9058f2393ccad035&amp;id=b9b160c032\" target=\"_blank\" rel=\"noopener noreferrer\">ICI<\/a>.<\/h2>\n","protected":false},"excerpt":{"rendered":"<p>L\u2019ensemble vocal The Tallis Scholars, qui fait r\u00e9guli\u00e8rement salle comble \u00e0 Montr\u00e9al et ailleurs, pr\u00e9sente le 13 d\u00e9cembre \u00e0 l\u2019\u00e9glise Saint-Andrew &amp; Saint-Paul un programme de musique anglaise intitul\u00e9 M\u00e8re et Enfant\u00a0: Musique anglaise pour la Vierge Marie.<\/p>\n","protected":false},"author":55,"featured_media":91031,"comment_status":"open","ping_status":"open","sticky":false,"template":"","format":"standard","meta":{"om_disable_all_campaigns":false,"jetpack_post_was_ever_published":false},"categories":[42299,10998],"tags":[42300,3235],"yst_prominent_words":[36705,9811,10015,33716,10042,9954],"acf":[],"jetpack_featured_media_url":"https:\/\/www.ludwig-van.com\/montreal\/wp-content\/uploads\/sites\/3\/2025\/12\/Copie-de-ENTREVUE.jpg","jetpack_sharing_enabled":true,"jetpack_shortlink":"https:\/\/wp.me\/p9bdYt-nGe","amp_enabled":true,"_links":{"self":[{"href":"https:\/\/www.ludwig-van.com\/montreal\/wp-json\/wp\/v2\/posts\/91030"}],"collection":[{"href":"https:\/\/www.ludwig-van.com\/montreal\/wp-json\/wp\/v2\/posts"}],"about":[{"href":"https:\/\/www.ludwig-van.com\/montreal\/wp-json\/wp\/v2\/types\/post"}],"author":[{"embeddable":true,"href":"https:\/\/www.ludwig-van.com\/montreal\/wp-json\/wp\/v2\/users\/55"}],"replies":[{"embeddable":true,"href":"https:\/\/www.ludwig-van.com\/montreal\/wp-json\/wp\/v2\/comments?post=91030"}],"version-history":[{"count":9,"href":"https:\/\/www.ludwig-van.com\/montreal\/wp-json\/wp\/v2\/posts\/91030\/revisions"}],"predecessor-version":[{"id":91040,"href":"https:\/\/www.ludwig-van.com\/montreal\/wp-json\/wp\/v2\/posts\/91030\/revisions\/91040"}],"wp:featuredmedia":[{"embeddable":true,"href":"https:\/\/www.ludwig-van.com\/montreal\/wp-json\/wp\/v2\/media\/91031"}],"wp:attachment":[{"href":"https:\/\/www.ludwig-van.com\/montreal\/wp-json\/wp\/v2\/media?parent=91030"}],"wp:term":[{"taxonomy":"category","embeddable":true,"href":"https:\/\/www.ludwig-van.com\/montreal\/wp-json\/wp\/v2\/categories?post=91030"},{"taxonomy":"post_tag","embeddable":true,"href":"https:\/\/www.ludwig-van.com\/montreal\/wp-json\/wp\/v2\/tags?post=91030"},{"taxonomy":"yst_prominent_words","embeddable":true,"href":"https:\/\/www.ludwig-van.com\/montreal\/wp-json\/wp\/v2\/yst_prominent_words?post=91030"}],"curies":[{"name":"wp","href":"https:\/\/api.w.org\/{rel}","templated":true}]}}