{"id":90993,"date":"2025-12-11T06:41:35","date_gmt":"2025-12-11T11:41:35","guid":{"rendered":"https:\/\/www.ludwig-van.com\/montreal\/?p=90993"},"modified":"2025-12-11T06:41:35","modified_gmt":"2025-12-11T11:41:35","slug":"disques-3","status":"publish","type":"post","link":"https:\/\/www.ludwig-van.com\/montreal\/2025\/12\/11\/disques-3\/","title":{"rendered":"DISQUES | Albums \u00e0 offrir par Constantinople, Rose Naggar-Tremblay, Val\u00e9rie Milot et M-A Hamelin"},"content":{"rendered":"<p><img decoding=\"async\" loading=\"lazy\" class=\"aligncenter size-full wp-image-91054\" src=\"https:\/\/www.ludwig-van.com\/montreal\/wp-content\/uploads\/sites\/3\/2025\/12\/Copie-de-CONCERTS4.jpg\" alt=\"\" width=\"1200\" height=\"628\" srcset=\"https:\/\/www.ludwig-van.com\/montreal\/wp-content\/uploads\/sites\/3\/2025\/12\/Copie-de-CONCERTS4.jpg 1200w, https:\/\/www.ludwig-van.com\/montreal\/wp-content\/uploads\/sites\/3\/2025\/12\/Copie-de-CONCERTS4-300x157.jpg 300w, https:\/\/www.ludwig-van.com\/montreal\/wp-content\/uploads\/sites\/3\/2025\/12\/Copie-de-CONCERTS4-1024x536.jpg 1024w, https:\/\/www.ludwig-van.com\/montreal\/wp-content\/uploads\/sites\/3\/2025\/12\/Copie-de-CONCERTS4-768x402.jpg 768w\" sizes=\"(max-width: 1200px) 100vw, 1200px\" \/><\/p>\n<p>Avez-vous commenc\u00e9 vos achats de No\u00ebl? Rien ne presse encore, mais afin de vous donner un coup de pouce, voici quatre suggestions d&rsquo;albums portant notre sceau d&rsquo;approbation.<\/p>\n<p>&nbsp;<\/p>\n<p><img decoding=\"async\" loading=\"lazy\" class=\"aligncenter size-full wp-image-91049\" src=\"https:\/\/www.ludwig-van.com\/montreal\/wp-content\/uploads\/sites\/3\/2025\/12\/CD_Cover_NordicLights_Constantinople.jpg\" alt=\"\" width=\"1200\" height=\"1200\" srcset=\"https:\/\/www.ludwig-van.com\/montreal\/wp-content\/uploads\/sites\/3\/2025\/12\/CD_Cover_NordicLights_Constantinople.jpg 1200w, https:\/\/www.ludwig-van.com\/montreal\/wp-content\/uploads\/sites\/3\/2025\/12\/CD_Cover_NordicLights_Constantinople-300x300.jpg 300w, https:\/\/www.ludwig-van.com\/montreal\/wp-content\/uploads\/sites\/3\/2025\/12\/CD_Cover_NordicLights_Constantinople-1024x1024.jpg 1024w, https:\/\/www.ludwig-van.com\/montreal\/wp-content\/uploads\/sites\/3\/2025\/12\/CD_Cover_NordicLights_Constantinople-150x150.jpg 150w, https:\/\/www.ludwig-van.com\/montreal\/wp-content\/uploads\/sites\/3\/2025\/12\/CD_Cover_NordicLights_Constantinople-768x768.jpg 768w\" sizes=\"(max-width: 1200px) 100vw, 1200px\" \/><\/p>\n<h3>Constantinople : <em>Nordic Lights in a Persian Sky <\/em>(Glossa)<\/h3>\n<p>Paru au mois de mars, l&rsquo;album Nordic Lights in a Persian Sky de Constantinople est n\u00e9anmoins tout \u00e0 fait appropri\u00e9 comme \u00e9coute hivernale : les pistes atmosph\u00e9riques nous transportent dans les vastes paysages de la Norv\u00e8ge par l&rsquo;entremise de la sonorit\u00e9 envo\u00fbtante du violon Hardanger. Jou\u00e9 par l&rsquo;artiste invit\u00e9e Benedicte Maurseth, le Hardanger tisse un dialogue fructueux avec le s\u00e9tar de Kiya Zabassian, le tout soutenu avec doigt\u00e9 par les percussions subtiles de Patrick Graham. \u00c0 l&rsquo;occasion Maurseth ou Kabassian ajoutent leur voix au m\u00e9lange de timbres. L&rsquo;ensemble du disque constitue une proposition stylistique coh\u00e9rente tout en offrant suffisamment de vari\u00e9t\u00e9 \u00e0 travers les diff\u00e9rentes plages. Un cadeau qui plaira \u00e0 coup s\u00fbr.<\/p>\n<p>&nbsp;<\/p>\n<div class=\"jetpack-video-wrapper\"><span class=\"embed-youtube\" style=\"text-align:center; display: block;\"><iframe loading=\"lazy\" class=\"youtube-player\" width=\"640\" height=\"360\" src=\"https:\/\/www.youtube.com\/embed\/5arYp5QOWns?version=3&#038;rel=1&#038;showsearch=0&#038;showinfo=1&#038;iv_load_policy=1&#038;fs=1&#038;hl=fr-FR&#038;autohide=2&#038;wmode=transparent\" allowfullscreen=\"true\" style=\"border:0;\" sandbox=\"allow-scripts allow-same-origin allow-popups allow-presentation\"><\/iframe><\/span><\/div>\n<p>&nbsp;<\/p>\n<p><img decoding=\"async\" loading=\"lazy\" class=\"aligncenter size-full wp-image-91050\" src=\"https:\/\/www.ludwig-van.com\/montreal\/wp-content\/uploads\/sites\/3\/2025\/12\/Rose-Naggar-TRemblay_Haendel-Gourman.png\" alt=\"\" width=\"1200\" height=\"1192\" srcset=\"https:\/\/www.ludwig-van.com\/montreal\/wp-content\/uploads\/sites\/3\/2025\/12\/Rose-Naggar-TRemblay_Haendel-Gourman.png 1200w, https:\/\/www.ludwig-van.com\/montreal\/wp-content\/uploads\/sites\/3\/2025\/12\/Rose-Naggar-TRemblay_Haendel-Gourman-300x298.png 300w, https:\/\/www.ludwig-van.com\/montreal\/wp-content\/uploads\/sites\/3\/2025\/12\/Rose-Naggar-TRemblay_Haendel-Gourman-1024x1017.png 1024w, https:\/\/www.ludwig-van.com\/montreal\/wp-content\/uploads\/sites\/3\/2025\/12\/Rose-Naggar-TRemblay_Haendel-Gourman-150x150.png 150w, https:\/\/www.ludwig-van.com\/montreal\/wp-content\/uploads\/sites\/3\/2025\/12\/Rose-Naggar-TRemblay_Haendel-Gourman-768x763.png 768w\" sizes=\"(max-width: 1200px) 100vw, 1200px\" \/><\/p>\n<h3>Rose Naggar-Tremblay : <em>Haendel Gourmand <\/em>(Arion)<\/h3>\n<p>\u00ab\u00a0J&rsquo;ai envie que l&rsquo;on offre ce disque \u00e0 ses amis, \u00e0 l&rsquo;heure de l&rsquo;ap\u00e9ro, comme une d\u00e9licatesse qui inspire la joie du partage.\u00a0\u00bb C&rsquo;est le souhait qu&rsquo;exprime la contralto Rose Naggar-Tremblay dans son commentaire imprim\u00e9 dans le livret de son album Haendel Gourmand, enregistr\u00e9 avec l&rsquo;Orchestre de chambre de Toulouse en janvier dernier. Le moment qu&rsquo;elle sugg\u00e8re pour proc\u00e9der au don n&rsquo;est cependant pas une r\u00e8gle fixe : il est aussi permis de le glisser sous le sapin, le principal \u00e9tant de partager le plaisir suscit\u00e9 par l&rsquo;\u00e9coute de ce premier album de la chanteuse \u00e0 la voix agile et profonde en \u00e9gales mesures. Elle y pr\u00e9sente une s\u00e9lection d&rsquo;airs de Haendel dans lesquels elle se sent bien et qui la mettent en valeur dans diff\u00e9rents registres, \u00e0 la fois vocaux et d&rsquo;expression. Une gourmandise \u00e0 d\u00e9guster encore et encore.<\/p>\n<p>&nbsp;<\/p>\n<div class=\"jetpack-video-wrapper\"><span class=\"embed-youtube\" style=\"text-align:center; display: block;\"><iframe loading=\"lazy\" class=\"youtube-player\" width=\"640\" height=\"360\" src=\"https:\/\/www.youtube.com\/embed\/ffbAzlLVeaE?version=3&#038;rel=1&#038;showsearch=0&#038;showinfo=1&#038;iv_load_policy=1&#038;fs=1&#038;hl=fr-FR&#038;autohide=2&#038;wmode=transparent\" allowfullscreen=\"true\" style=\"border:0;\" sandbox=\"allow-scripts allow-same-origin allow-popups allow-presentation\"><\/iframe><\/span><\/div>\n<p>&nbsp;<\/p>\n<p><img decoding=\"async\" loading=\"lazy\" class=\"aligncenter size-full wp-image-91052\" src=\"https:\/\/www.ludwig-van.com\/montreal\/wp-content\/uploads\/sites\/3\/2025\/12\/Valerie-Milot-Nebulae.jpg\" alt=\"\" width=\"1200\" height=\"1091\" srcset=\"https:\/\/www.ludwig-van.com\/montreal\/wp-content\/uploads\/sites\/3\/2025\/12\/Valerie-Milot-Nebulae.jpg 1200w, https:\/\/www.ludwig-van.com\/montreal\/wp-content\/uploads\/sites\/3\/2025\/12\/Valerie-Milot-Nebulae-300x273.jpg 300w, https:\/\/www.ludwig-van.com\/montreal\/wp-content\/uploads\/sites\/3\/2025\/12\/Valerie-Milot-Nebulae-1024x931.jpg 1024w, https:\/\/www.ludwig-van.com\/montreal\/wp-content\/uploads\/sites\/3\/2025\/12\/Valerie-Milot-Nebulae-768x698.jpg 768w\" sizes=\"(max-width: 1200px) 100vw, 1200px\" \/><\/p>\n<h3>Val\u00e9rie Milot : <em>Nebulae <\/em>(2xHD)<\/h3>\n<p>La harpiste qu\u00e9b\u00e9coise Val\u00e9rie Milot a pr\u00e9sent\u00e9 cet automne <em>Nebulae<\/em>, un spectacle-concert de sa conception dans lequel s&rsquo;entrelacent pr\u00e9sentations sur le cosmos, r\u00e9flexions sur la vie et musique. Le programme musical est disponible sous forme d&rsquo;album, comportant 14 pistes pour harpe seule, de Gluck et Schubert \u00e0 William Bolcom, Denis Gougeon et Am\u00e9lie Fortin, en passant par Debussy, Piern\u00e9 et d&rsquo;autres.\u00a0Les pi\u00e8ces ont \u00e9t\u00e9 choisies avec intelligence pour leur pouvoir \u00e9vocateur d&rsquo;une atmosph\u00e8re ou d&rsquo;une image en lien avec l&rsquo;espace ou le ciel. Parfois ce lien se r\u00e9fl\u00e8te dans le titre (<em>Au c\u0153ur de l&rsquo;\u00e9toile<\/em> de Denis Gougeon, <em>Clair de lune<\/em> de Debussy ou m\u00eame <em>Lux<\/em> d&rsquo;Am\u00e9lie Fortin), parfois pas, mais toutes, elles s&rsquo;encha\u00eenent avec coh\u00e9rence, dans les interpr\u00e9tations toujours raffin\u00e9es de Val\u00e9rie Milot. Pour ceux et celles qui ont la t\u00eate dans les \u00e9toiles.<\/p>\n<p><iframe loading=\"lazy\" title=\"Nebul\u00e6 - Extrait (1)\" width=\"540\" height=\"960\" src=\"https:\/\/www.youtube.com\/embed\/aqeyAmCWtF8?feature=oembed\" frameborder=\"0\" allow=\"accelerometer; autoplay; clipboard-write; encrypted-media; gyroscope; picture-in-picture; web-share\" referrerpolicy=\"strict-origin-when-cross-origin\" allowfullscreen><\/iframe><\/p>\n<p>&nbsp;<\/p>\n<h3><img decoding=\"async\" loading=\"lazy\" class=\"aligncenter size-full wp-image-91051\" src=\"https:\/\/www.ludwig-van.com\/montreal\/wp-content\/uploads\/sites\/3\/2025\/12\/Marc-Andre-Hamelin-Found-Objects.jpg\" alt=\"\" width=\"1200\" height=\"1200\" srcset=\"https:\/\/www.ludwig-van.com\/montreal\/wp-content\/uploads\/sites\/3\/2025\/12\/Marc-Andre-Hamelin-Found-Objects.jpg 1200w, https:\/\/www.ludwig-van.com\/montreal\/wp-content\/uploads\/sites\/3\/2025\/12\/Marc-Andre-Hamelin-Found-Objects-300x300.jpg 300w, https:\/\/www.ludwig-van.com\/montreal\/wp-content\/uploads\/sites\/3\/2025\/12\/Marc-Andre-Hamelin-Found-Objects-1024x1024.jpg 1024w, https:\/\/www.ludwig-van.com\/montreal\/wp-content\/uploads\/sites\/3\/2025\/12\/Marc-Andre-Hamelin-Found-Objects-150x150.jpg 150w, https:\/\/www.ludwig-van.com\/montreal\/wp-content\/uploads\/sites\/3\/2025\/12\/Marc-Andre-Hamelin-Found-Objects-768x768.jpg 768w\" sizes=\"(max-width: 1200px) 100vw, 1200px\" \/><\/h3>\n<h3>Marc-Andr\u00e9 Hamelin : <em>Found Objects \/ Sound Objects\u00a0<\/em>(Hyperion)<\/h3>\n<p>Le pianiste virtuose livre un nouveau disque fascinant de compositions pour piano des XXe et XXIe si\u00e8cles, ouvrant avec Frank Zappa (<em>Ruth is Sleeping<\/em>) et concluant avec une \u0153uvre \u00e9poustouflante de son propre cru, <em>Hexensabbat. <\/em>Entre les deux, des \u0153uvres \u00e0 d\u00e9couvrir de Salvatore Martinaro, John Oswald, Stefan Wolpe et Yehudi Wyner. Le c\u0153ur de l&rsquo;album est consacr\u00e9 aux six mouvements de la pi\u00e8ce pour piano pr\u00e9par\u00e9e <em>The Perilous Night<\/em> de John Cage,\u00a0 capt\u00e9e en concert en 2013. Les sonorit\u00e9s partiellement \u00e9touff\u00e9es du piano pr\u00e9par\u00e9 sont transmises avec vitalit\u00e9 et profondeur par la prise de son exemplaire de Roberto Toledo (remasteris\u00e9e par Oscar Torres, responsable de la prise de sondu reste de l&rsquo;album). C&rsquo;est du costaud du d\u00e9but \u00e0 la fin : on en sort rassasi\u00e9 et un peu pantois.<\/p>\n<div class=\"jetpack-video-wrapper\"><span class=\"embed-youtube\" style=\"text-align:center; display: block;\"><iframe loading=\"lazy\" class=\"youtube-player\" width=\"640\" height=\"360\" src=\"https:\/\/www.youtube.com\/embed\/-QQnq9Ttdfs?version=3&#038;rel=1&#038;showsearch=0&#038;showinfo=1&#038;iv_load_policy=1&#038;fs=1&#038;hl=fr-FR&#038;autohide=2&#038;wmode=transparent\" allowfullscreen=\"true\" style=\"border:0;\" sandbox=\"allow-scripts allow-same-origin allow-popups allow-presentation\"><\/iframe><\/span><\/div>\n<h2><em>Inscrivez-vous \u00e0 notre infolettre! La musique classique et l\u2019op\u00e9ra en 5 minutes, chaque jour<\/em> <a href=\"https:\/\/ludwig-van.us9.list-manage.com\/subscribe?u=4f785cb3f9058f2393ccad035&amp;id=b9b160c032\" target=\"_blank\" rel=\"noopener noreferrer\">ICI<\/a>.<\/h2>\n","protected":false},"excerpt":{"rendered":"<p>Avez-vous commenc\u00e9 vos achats de No\u00ebl? Rien ne presse encore, mais afin de vous donner un coup de pouce, voici quatre suggestions d&rsquo;albums aur lesquels nous avons appos\u00e9 notre sceau d&rsquo;approbation.\u00a0<\/p>\n","protected":false},"author":55,"featured_media":91054,"comment_status":"open","ping_status":"open","sticky":false,"template":"","format":"standard","meta":{"om_disable_all_campaigns":false,"jetpack_post_was_ever_published":false},"categories":[42299,13965],"tags":[42300,42364,2061,42041,3444],"yst_prominent_words":[24398,18997,24333,14276,9935,10183,11215,15017,7141,10540,15016,13396],"acf":[],"jetpack_featured_media_url":"https:\/\/www.ludwig-van.com\/montreal\/wp-content\/uploads\/sites\/3\/2025\/12\/Copie-de-CONCERTS4.jpg","jetpack_sharing_enabled":true,"jetpack_shortlink":"https:\/\/wp.me\/p9bdYt-nFD","amp_enabled":true,"_links":{"self":[{"href":"https:\/\/www.ludwig-van.com\/montreal\/wp-json\/wp\/v2\/posts\/90993"}],"collection":[{"href":"https:\/\/www.ludwig-van.com\/montreal\/wp-json\/wp\/v2\/posts"}],"about":[{"href":"https:\/\/www.ludwig-van.com\/montreal\/wp-json\/wp\/v2\/types\/post"}],"author":[{"embeddable":true,"href":"https:\/\/www.ludwig-van.com\/montreal\/wp-json\/wp\/v2\/users\/55"}],"replies":[{"embeddable":true,"href":"https:\/\/www.ludwig-van.com\/montreal\/wp-json\/wp\/v2\/comments?post=90993"}],"version-history":[{"count":2,"href":"https:\/\/www.ludwig-van.com\/montreal\/wp-json\/wp\/v2\/posts\/90993\/revisions"}],"predecessor-version":[{"id":91055,"href":"https:\/\/www.ludwig-van.com\/montreal\/wp-json\/wp\/v2\/posts\/90993\/revisions\/91055"}],"wp:featuredmedia":[{"embeddable":true,"href":"https:\/\/www.ludwig-van.com\/montreal\/wp-json\/wp\/v2\/media\/91054"}],"wp:attachment":[{"href":"https:\/\/www.ludwig-van.com\/montreal\/wp-json\/wp\/v2\/media?parent=90993"}],"wp:term":[{"taxonomy":"category","embeddable":true,"href":"https:\/\/www.ludwig-van.com\/montreal\/wp-json\/wp\/v2\/categories?post=90993"},{"taxonomy":"post_tag","embeddable":true,"href":"https:\/\/www.ludwig-van.com\/montreal\/wp-json\/wp\/v2\/tags?post=90993"},{"taxonomy":"yst_prominent_words","embeddable":true,"href":"https:\/\/www.ludwig-van.com\/montreal\/wp-json\/wp\/v2\/yst_prominent_words?post=90993"}],"curies":[{"name":"wp","href":"https:\/\/api.w.org\/{rel}","templated":true}]}}