{"id":90417,"date":"2025-11-03T16:04:23","date_gmt":"2025-11-03T21:04:23","guid":{"rendered":"https:\/\/www.ludwig-van.com\/montreal\/?p=90417"},"modified":"2025-11-03T16:04:23","modified_gmt":"2025-11-03T21:04:23","slug":"communaute-le-piano-lhonneur-la-salle-bourgie","status":"publish","type":"post","link":"https:\/\/www.ludwig-van.com\/montreal\/2025\/11\/03\/communaute-le-piano-lhonneur-la-salle-bourgie\/","title":{"rendered":"COMMUNAUT\u00c9 | Le piano \u00e0 l\u2019honneur \u00e0 la Salle Bourgie"},"content":{"rendered":"<figure id=\"attachment_90418\" aria-describedby=\"caption-attachment-90418\" style=\"width: 1200px\" class=\"wp-caption aligncenter\"><img decoding=\"async\" loading=\"lazy\" class=\"size-full wp-image-90418\" src=\"https:\/\/www.ludwig-van.com\/montreal\/wp-content\/uploads\/sites\/3\/2025\/11\/Copie-de-NOUVELLE1.jpg\" alt=\"Le pianiste David Jalbert donnera un r\u00e9cital dans la cadre de la Semaine du piano de la Salle Bourgie. (Photo : Julien Faug\u00e8re)\" width=\"1200\" height=\"628\" srcset=\"https:\/\/www.ludwig-van.com\/montreal\/wp-content\/uploads\/sites\/3\/2025\/11\/Copie-de-NOUVELLE1.jpg 1200w, https:\/\/www.ludwig-van.com\/montreal\/wp-content\/uploads\/sites\/3\/2025\/11\/Copie-de-NOUVELLE1-300x157.jpg 300w, https:\/\/www.ludwig-van.com\/montreal\/wp-content\/uploads\/sites\/3\/2025\/11\/Copie-de-NOUVELLE1-1024x536.jpg 1024w, https:\/\/www.ludwig-van.com\/montreal\/wp-content\/uploads\/sites\/3\/2025\/11\/Copie-de-NOUVELLE1-768x402.jpg 768w\" sizes=\"(max-width: 1200px) 100vw, 1200px\" \/><figcaption id=\"caption-attachment-90418\" class=\"wp-caption-text\">Le pianiste David Jalbert donnera un r\u00e9cital dans la cadre de la Semaine du piano de la Salle Bourgie. (Photo : Julien Faug\u00e8re)<\/figcaption><\/figure>\n<h1 style=\"text-align: center;\"><del>Un message de la Salle Bourgie<\/del><\/h1>\n<p>Du 4 au 9 novembre prochains, la Salle Bourgie pr\u00e9sentera une s\u00e9rie de concerts d\u2019envergure qui c\u00e9l\u00e8bre les pianistes et le vaste r\u00e9pertoire pianistique, de Bach \u00e0 Boulez. Lieu embl\u00e9matique de la musique classique au Canada, la Salle Bourgie s\u2019est dot\u00e9e en 2023 d\u2019un exceptionnel piano de concert <strong>Steinway de Hambourg<\/strong>, enrichissant ainsi sa pr\u00e9cieuse collection d\u2019instruments \u00e0 clavier. C\u2019est sur cet instrument que se produiront les pianistes invit\u00e9s tout au long de cette semaine haute en couleurs.<\/p>\n<p>La musique de Prokofiev sera pr\u00e9sente tout au long de la saison 2026-2027. Le pianiste <strong>David Jalbert<\/strong>, fid\u00e8le de la Salle Bourgie, amorcera le mercredi 5 novembre une int\u00e9grale des sonates pour piano du compositeur russe, un projet ambitieux consacr\u00e9 \u00e0 l\u2019un des grands ma\u00eetres du XXe si\u00e8cle. Consid\u00e9r\u00e9 par la CBC comme l\u2019un des quinze meilleurs pianistes canadiens de tous les temps, Jalbert invite le public \u00e0 explorer ce corpus monumental, qu\u2019il a \u00e9galement enregistr\u00e9 chez<strong> ATMA Classique. <\/strong>Pour ce premier de trois concerts, il interpr\u00e9tera les <strong>Sonates no 1, 5 et 8<\/strong>, ainsi que les<em> <strong>Sarcasmes<\/strong><\/em><strong>, op. 17.<\/strong><\/p>\n<p>Le jeudi 6 novembre marquera les d\u00e9buts \u00e0 la Salle Bourgie du pianiste fran\u00e7ais <strong>Florent Boffard<\/strong>, figure majeure de la musique contemporaine. Pour souligner le centenaire de la naissance de <strong>Pierre Boulez<\/strong>, il pr\u00e9sentera un programme intitul\u00e9 R\u00e9volutions et traditions, centr\u00e9 sur la <strong>Troisi\u00e8me Sonate<\/strong> du compositeur. Des extraits in\u00e9dits du mouvement <em>Antiphonie<\/em> seront jou\u00e9s pour la toute premi\u00e8re fois au Canada. En compl\u00e9ment, Boffard interpr\u00e9tera des \u0153uvres de compositeurs ayant marqu\u00e9 le parcours de Boulez: Beethoven, Debussy et Berg. Ancien soliste de l\u2019Ensemble Intercontemporain (1988\u20131999), Boffard a collabor\u00e9 avec les plus grands noms de la cr\u00e9ation contemporaine, dont Boulez, Donatoni, Ligeti et Kurt\u00e1g.<\/p>\n<p>Le vendredi 7 novembre, les <strong>Violons du Roy<\/strong>, partenaires de longue date de la Salle Bourgie, proposeront l\u2019un des moments forts de la semaine. Sous la direction du chef Bernard Labadie et avec le soliste invit\u00e9 Inon Barnatan, ils interpr\u00e9teront les <strong>Concertos pour clavier BWV 1052 et 1056<\/strong>, ainsi que des extraits de <strong><em>L\u2019Art de la fugue<\/em> <\/strong>et de<strong><em> L\u2019Offrande musicale<\/em><\/strong> \u2013 une incursion fascinante au c\u0153ur de l\u2019univers contrapuntique du Cantor de Leipzig.<\/p>\n<p>Enfin, pour clore cette <strong>Semaine du piano<\/strong> avec \u00e9clat, deux grands pianos tr\u00f4neront sur la sc\u00e8ne de la Salle Bourgie. Le <strong>Geister Duo<\/strong>, form\u00e9 des pianistes fran\u00e7ais <strong>David Salmon<\/strong> et <strong>Manuel Vieillard<\/strong>, fera escale \u00e0 Montr\u00e9al entre l\u2019Elbphilharmonie de Hambourg et le Concertgebouw d\u2019Amsterdam. \u00c0 quatre mains sur un m\u00eame clavier ou \u00e0 deux pianos, ils offrent un programme d\u2019une grande intensit\u00e9. On y entendra notamment la poignante <strong><em>Fantaisie en fa mineur<\/em><\/strong> de <strong>Schubert<\/strong>, le triptyque<strong><em> En blanc et noir<\/em><\/strong> de <strong>Debussy<\/strong>, compos\u00e9 en pleine Premi\u00e8re Guerre mondiale, ainsi que de brillantes transcriptions d\u2019oeuvres orchestrales de\u00a0 <strong>Ravel<\/strong>, dont le ballet <strong><em>Daphnis et Chlo\u00e9 <\/em><\/strong>et le c\u00e9l\u00e8bre <strong><em>Bol\u00e9ro.<\/em><\/strong><\/p>\n<p>La <strong>Semaine du piano<\/strong> s\u2019annonce comme un rendez-vous incontournable pour les m\u00e9lomanes et les curieux, alliant virtuosit\u00e9, \u00e9motion et d\u00e9couvertes. \u00c0 travers une programmation riche et audacieuse, la Salle Bourgie confirme une fois de plus son r\u00f4le central dans la diffusion de la musique classique au Canada. Une c\u00e9l\u00e9bration du piano sous toutes ses formes, qui promet de laisser une empreinte durable dans la m\u00e9moire du public.<\/p>\n<p><em>La publication de ce communiqu\u00e9 est un service offert \u00e0 nos membres. Pour en savoir plus sur nos forfaits membres, veuillez \u00e9crire \u00e0 <a href=\"mailto:beatrice@ludwig-van.com\">beatrice@ludwig-van.com<\/a>.<\/em><\/p>\n","protected":false},"excerpt":{"rendered":"<p>Du 4 au 9 novembre prochains, la Salle Bourgie pr\u00e9sentera une s\u00e9rie de concerts d\u2019envergure qui c\u00e9l\u00e8bre les pianistes et le vaste r\u00e9pertoire pianistique, de Bach \u00e0 Boulez. Lieu embl\u00e9matique de la musique classique au Canada, la Salle Bourgie s\u2019est dot\u00e9e en 2023 d\u2019un exceptionnel piano de concert Steinway de Hambourg, enrichissant ainsi sa pr\u00e9cieuse collection d\u2019instruments \u00e0 clavier. C\u2019est sur cet instrument que se produiront les pianistes invit\u00e9s tout au long de cette semaine haute en couleurs.<\/p>\n","protected":false},"author":1,"featured_media":90418,"comment_status":"open","ping_status":"open","sticky":false,"template":"","format":"standard","meta":{"om_disable_all_campaigns":false,"jetpack_post_was_ever_published":false},"categories":[42299,13504],"tags":[42300,11137],"yst_prominent_words":[20669,9943,7070,10175,11514,12034,14637,14640,9811,10167,11443,10430,17265,7141,10710,9956],"acf":[],"jetpack_featured_media_url":"https:\/\/www.ludwig-van.com\/montreal\/wp-content\/uploads\/sites\/3\/2025\/11\/Copie-de-NOUVELLE1.jpg","jetpack_sharing_enabled":true,"jetpack_shortlink":"https:\/\/wp.me\/p9bdYt-nwl","amp_enabled":true,"_links":{"self":[{"href":"https:\/\/www.ludwig-van.com\/montreal\/wp-json\/wp\/v2\/posts\/90417"}],"collection":[{"href":"https:\/\/www.ludwig-van.com\/montreal\/wp-json\/wp\/v2\/posts"}],"about":[{"href":"https:\/\/www.ludwig-van.com\/montreal\/wp-json\/wp\/v2\/types\/post"}],"author":[{"embeddable":true,"href":"https:\/\/www.ludwig-van.com\/montreal\/wp-json\/wp\/v2\/users\/1"}],"replies":[{"embeddable":true,"href":"https:\/\/www.ludwig-van.com\/montreal\/wp-json\/wp\/v2\/comments?post=90417"}],"version-history":[{"count":1,"href":"https:\/\/www.ludwig-van.com\/montreal\/wp-json\/wp\/v2\/posts\/90417\/revisions"}],"predecessor-version":[{"id":90419,"href":"https:\/\/www.ludwig-van.com\/montreal\/wp-json\/wp\/v2\/posts\/90417\/revisions\/90419"}],"wp:featuredmedia":[{"embeddable":true,"href":"https:\/\/www.ludwig-van.com\/montreal\/wp-json\/wp\/v2\/media\/90418"}],"wp:attachment":[{"href":"https:\/\/www.ludwig-van.com\/montreal\/wp-json\/wp\/v2\/media?parent=90417"}],"wp:term":[{"taxonomy":"category","embeddable":true,"href":"https:\/\/www.ludwig-van.com\/montreal\/wp-json\/wp\/v2\/categories?post=90417"},{"taxonomy":"post_tag","embeddable":true,"href":"https:\/\/www.ludwig-van.com\/montreal\/wp-json\/wp\/v2\/tags?post=90417"},{"taxonomy":"yst_prominent_words","embeddable":true,"href":"https:\/\/www.ludwig-van.com\/montreal\/wp-json\/wp\/v2\/yst_prominent_words?post=90417"}],"curies":[{"name":"wp","href":"https:\/\/api.w.org\/{rel}","templated":true}]}}