{"id":90397,"date":"2025-11-03T15:38:59","date_gmt":"2025-11-03T20:38:59","guid":{"rendered":"https:\/\/www.ludwig-van.com\/montreal\/?p=90397"},"modified":"2025-11-03T15:38:59","modified_gmt":"2025-11-03T20:38:59","slug":"choix-de-la-redaction-37","status":"publish","type":"post","link":"https:\/\/www.ludwig-van.com\/montreal\/2025\/11\/03\/choix-de-la-redaction-37\/","title":{"rendered":"CHOIX DE LA R\u00c9DACTION | Concerts pour votre c\u00f4t\u00e9 sage et votre c\u00f4t\u00e9 givr\u00e9"},"content":{"rendered":"<figure id=\"attachment_90414\" aria-describedby=\"caption-attachment-90414\" style=\"width: 1200px\" class=\"wp-caption aligncenter\"><img decoding=\"async\" loading=\"lazy\" class=\"size-full wp-image-90414\" src=\"https:\/\/www.ludwig-van.com\/montreal\/wp-content\/uploads\/sites\/3\/2025\/11\/Copie-de-CONCERTS.jpg\" alt=\"Jean-Marie Zeitouni (Photo : Gabriel Fournier); visuel du concert Les \u00c9chos de la Fontaine (courtoisie I Musici); Joseph Tawadros (Photo : Antoine Saito)\" width=\"1200\" height=\"628\" srcset=\"https:\/\/www.ludwig-van.com\/montreal\/wp-content\/uploads\/sites\/3\/2025\/11\/Copie-de-CONCERTS.jpg 1200w, https:\/\/www.ludwig-van.com\/montreal\/wp-content\/uploads\/sites\/3\/2025\/11\/Copie-de-CONCERTS-300x157.jpg 300w, https:\/\/www.ludwig-van.com\/montreal\/wp-content\/uploads\/sites\/3\/2025\/11\/Copie-de-CONCERTS-1024x536.jpg 1024w, https:\/\/www.ludwig-van.com\/montreal\/wp-content\/uploads\/sites\/3\/2025\/11\/Copie-de-CONCERTS-768x402.jpg 768w\" sizes=\"(max-width: 1200px) 100vw, 1200px\" \/><figcaption id=\"caption-attachment-90414\" class=\"wp-caption-text\">Jean-Marie Zeitouni (Photo : Gabriel Fournier); visuel du concert Les \u00c9chos de la Fontaine (courtoisie I Musici); Joseph Tawadros (Photo : Antoine Saito)<\/figcaption><\/figure>\n<p>Encore une fois, nos sc\u00e8nes vibrent d&rsquo;offrandes musicales vari\u00e9es pour assouvir votre c\u00f4t\u00e9 sage comme votre c\u00f4t\u00e9 givr\u00e9! Que vous ayez envie d&rsquo;approfondir le sens d&rsquo;\u0153uvres famili\u00e8res ou de suivre l&rsquo;appel de votre \u00e2me aventuri\u00e8re, d\u00e9sirant explorer le monde musical de fa\u00e7on in\u00e9dite, notre \u00ab\u00a0menu\u00a0\u00bb de la semaine saura guider vos choix!<\/p>\n<p>&nbsp;<\/p>\n<figure id=\"attachment_90400\" aria-describedby=\"caption-attachment-90400\" style=\"width: 1200px\" class=\"wp-caption aligncenter\"><img decoding=\"async\" loading=\"lazy\" class=\"size-full wp-image-90400\" src=\"https:\/\/www.ludwig-van.com\/montreal\/wp-content\/uploads\/sites\/3\/2025\/11\/Ksenija.jpg\" alt=\"Ksenija Sidorova (Photo : site web de l'artiste)\" width=\"1200\" height=\"800\" srcset=\"https:\/\/www.ludwig-van.com\/montreal\/wp-content\/uploads\/sites\/3\/2025\/11\/Ksenija.jpg 1200w, https:\/\/www.ludwig-van.com\/montreal\/wp-content\/uploads\/sites\/3\/2025\/11\/Ksenija-300x200.jpg 300w, https:\/\/www.ludwig-van.com\/montreal\/wp-content\/uploads\/sites\/3\/2025\/11\/Ksenija-1024x683.jpg 1024w, https:\/\/www.ludwig-van.com\/montreal\/wp-content\/uploads\/sites\/3\/2025\/11\/Ksenija-768x512.jpg 768w\" sizes=\"(max-width: 1200px) 100vw, 1200px\" \/><figcaption id=\"caption-attachment-90400\" class=\"wp-caption-text\">Ksenija Sidorova (Photo : site web de l&rsquo;artiste)<\/figcaption><\/figure>\n<h3>\u00c0 Qu\u00e9bec : <em>De Bach \u00e0 Piazzolla &#8211; Un souffle \u00e0 travers les si\u00e8cles<\/em><\/h3>\n<p>Le Club musical de Qu\u00e9bec pr\u00e9sente pour la premi\u00e8re fois de son histoire un concert mettant \u00e0 l\u2019honneur l\u2019accord\u00e9on classique. C\u2019est gr\u00e2ce \u00e0 la brillante accord\u00e9oniste lettone <b>Ksenija Sidorova<\/b> que vous pourrez d\u00e9couvrir cet instrument dont les possibilit\u00e9s expressives vous laisseront souffl\u00e9s.<\/p>\n<p>LE 3 NOVEMBRE, 19 H 30, PALAIS MONTCALM\u00a0 <a href=\"https:\/\/www.clubmusicaldequebec.com\/cmq\/index.php\/programmation\/saison-2025-2026\/sidorova\" target=\"_blank\" rel=\"noopener\">D\u00c9TAILS ET BILLETS<\/a><\/p>\n<p>&nbsp;<\/p>\n<figure id=\"attachment_79878\" aria-describedby=\"caption-attachment-79878\" style=\"width: 1200px\" class=\"wp-caption aligncenter\"><img decoding=\"async\" loading=\"lazy\" class=\"size-full wp-image-79878\" src=\"https:\/\/www.ludwig-van.com\/montreal\/wp-content\/uploads\/sites\/3\/2024\/02\/MilatzcreditphotoSteveGerrard_cropped_resized.jpg\" alt=\"La pianiste Meagan Milatz, D\u00e9couverte de l'ann\u00e9e des 27e Prix Opus (Photo : Steve Gerrard)\" width=\"1200\" height=\"803\" srcset=\"https:\/\/www.ludwig-van.com\/montreal\/wp-content\/uploads\/sites\/3\/2024\/02\/MilatzcreditphotoSteveGerrard_cropped_resized.jpg 1200w, https:\/\/www.ludwig-van.com\/montreal\/wp-content\/uploads\/sites\/3\/2024\/02\/MilatzcreditphotoSteveGerrard_cropped_resized-300x201.jpg 300w, https:\/\/www.ludwig-van.com\/montreal\/wp-content\/uploads\/sites\/3\/2024\/02\/MilatzcreditphotoSteveGerrard_cropped_resized-1024x685.jpg 1024w, https:\/\/www.ludwig-van.com\/montreal\/wp-content\/uploads\/sites\/3\/2024\/02\/MilatzcreditphotoSteveGerrard_cropped_resized-768x514.jpg 768w\" sizes=\"(max-width: 1200px) 100vw, 1200px\" \/><figcaption id=\"caption-attachment-79878\" class=\"wp-caption-text\">La pianiste Meagan Milatz, D\u00e9couverte de l&rsquo;ann\u00e9e des 27e Prix Opus (Photo : Steve Gerrard)<\/figcaption><\/figure>\n<h3>9e Musique @17h : HausMusique &amp; Agora &#8211; Beethoven &amp; Mozart<\/h3>\n<p>En ce premier mardi de novembre, la Grande Salle du 9e sera remplie pour la premi\u00e8re fois des sonorit\u00e9s des symphonies de Mozart et Beethoven, gr\u00e2ce \u00e0 l\u2019<b>Orchestre de l\u2019Agora <\/b>et\u00a0<b>Nicolas Ellis<\/b>. Au cours de ce programme d&rsquo;une heure, l&rsquo;ensemble fera entendre des extraits de quatre \u0153uvres, dont des mouvements de deux concertos pour piano mettant en vedette la pianiste <b>Meagan Milatz. <\/b>Apr\u00e8s le concert, vous pouvez prendre un verre en discutant avec les artistes ou passer au restaurant pour un souper d\u2019apr\u00e8s-concert.<\/p>\n<p>LE 4 NOVEMBRE, 17 H, LE 9E\u00a0 <a href=\"https:\/\/feverup.com\/m\/369733\" target=\"_blank\" rel=\"noopener\">D\u00c9TAILS ET BILLETS<\/a><\/p>\n<p>&nbsp;<\/p>\n<figure id=\"attachment_86181\" aria-describedby=\"caption-attachment-86181\" style=\"width: 1200px\" class=\"wp-caption aligncenter\"><img decoding=\"async\" loading=\"lazy\" class=\"size-full wp-image-86181\" src=\"https:\/\/www.ludwig-van.com\/montreal\/wp-content\/uploads\/sites\/3\/2025\/02\/Olga-Kudriakova_Gabriel-Fournier.jpg\" alt=\"\" width=\"1200\" height=\"800\" srcset=\"https:\/\/www.ludwig-van.com\/montreal\/wp-content\/uploads\/sites\/3\/2025\/02\/Olga-Kudriakova_Gabriel-Fournier.jpg 1200w, https:\/\/www.ludwig-van.com\/montreal\/wp-content\/uploads\/sites\/3\/2025\/02\/Olga-Kudriakova_Gabriel-Fournier-300x200.jpg 300w, https:\/\/www.ludwig-van.com\/montreal\/wp-content\/uploads\/sites\/3\/2025\/02\/Olga-Kudriakova_Gabriel-Fournier-1024x683.jpg 1024w, https:\/\/www.ludwig-van.com\/montreal\/wp-content\/uploads\/sites\/3\/2025\/02\/Olga-Kudriakova_Gabriel-Fournier-768x512.jpg 768w\" sizes=\"(max-width: 1200px) 100vw, 1200px\" \/><figcaption id=\"caption-attachment-86181\" class=\"wp-caption-text\">Olga Kudriakova (Photo : Gabriel Fournier)<\/figcaption><\/figure>\n<h3>Olga Kudriakova, piano &#8211; <i>Impressions fran\u00e7aises<\/i><\/h3>\n<p>Pianiste d&rsquo;origine ukrainienne ayant \u00e9tudi\u00e9 en Russie,<b>\u00a0Olga Kudriakova<\/b> est laur\u00e9ate de plusieurs concours internationaux, seule et en duo, et se produit autant en solo qu\u2019en musique de chambre. Elle a quitt\u00e9 Moscou en 2022 en r\u00e9action \u00e0 l&rsquo;invasion de l&rsquo;Ukraine par l&rsquo;arm\u00e9e russe et s\u2019est \u00e9tablie \u00e0 Montr\u00e9al. Rapidement, elle y a organis\u00e9 un programme, <i>Tune of Childhood<\/i>, offrant des cours de piano \u00e0 5$, ou m\u00eame gratuitement, pour permettre aux enfants r\u00e9fugi\u00e9s ukrainiens de poursuivre leur \u00e9ducation musicale. Lors de ce r\u00e9cital, Olga Kudriakova se plongera dans le r\u00e9pertoire fran\u00e7ais, passant de Rameau \u00e0 Ravel, Debussy et Messiaen. La repr\u00e9sentation est gratuite avec billet.<\/p>\n<p>LE 5 NOVEMBRE, 19 H 30, SALLE PAUL-DESMARAIS\u00a0 <a href=\"https:\/\/montreal.ca\/evenements\/impressions-francaises-olga-kudriakova-89394\" target=\"_blank\" rel=\"noopener\">D\u00c9TAILS ET BILLETS<\/a><\/p>\n<p>&nbsp;<\/p>\n<figure id=\"attachment_90404\" aria-describedby=\"caption-attachment-90404\" style=\"width: 1200px\" class=\"wp-caption aligncenter\"><img decoding=\"async\" loading=\"lazy\" class=\"size-full wp-image-90404\" src=\"https:\/\/www.ludwig-van.com\/montreal\/wp-content\/uploads\/sites\/3\/2025\/11\/Clara-Jumi-Kangnous_courtoisie.jpg\" alt=\"Clara-Jumi Kangnous (Photo : courtoisie agence intermusica)\" width=\"1200\" height=\"773\" srcset=\"https:\/\/www.ludwig-van.com\/montreal\/wp-content\/uploads\/sites\/3\/2025\/11\/Clara-Jumi-Kangnous_courtoisie.jpg 1200w, https:\/\/www.ludwig-van.com\/montreal\/wp-content\/uploads\/sites\/3\/2025\/11\/Clara-Jumi-Kangnous_courtoisie-300x193.jpg 300w, https:\/\/www.ludwig-van.com\/montreal\/wp-content\/uploads\/sites\/3\/2025\/11\/Clara-Jumi-Kangnous_courtoisie-1024x660.jpg 1024w, https:\/\/www.ludwig-van.com\/montreal\/wp-content\/uploads\/sites\/3\/2025\/11\/Clara-Jumi-Kangnous_courtoisie-768x495.jpg 768w\" sizes=\"(max-width: 1200px) 100vw, 1200px\" \/><figcaption id=\"caption-attachment-90404\" class=\"wp-caption-text\">Clara-Jumi Kangnous (Photo : courtoisie agence intermusica)<\/figcaption><\/figure>\n<h3>\u00c0 Qu\u00e9bec : OSQ &#8211; Lumi\u00e8re sur <i>Les Plan\u00e8tes<\/i> de Host<\/h3>\n<p>L\u2019<b>Orchestre symphonique de Qu\u00e9bec<\/b> s\u2019est associ\u00e9 \u00e0 l\u2019ASTROLab du parc national du Mont-M\u00e9gantic pour vous offrir une exp\u00e9rience unique. En effet, l\u2019\u00e9quipe de communication scientifique de l\u2019ASTROLab a mis en images la c\u00e9l\u00e8bre \u0153uvre de Holst, <i>Les Plan\u00e8tes<\/i>, proposant ainsi une vision in\u00e9dite des plan\u00e8tes de notre syst\u00e8me solaire. C\u2019est donc \u00e0 une odyss\u00e9e en musique, en images et lumi\u00e8re que vous \u00eates convi\u00e9s. En d\u00e9but de programme, l\u2019Orchestre restera dans le th\u00e8me spatiale puisque le chef <b>Dyonisis Grammenos<\/b> dirigera <i>La Com\u00e8te d\u2019Orph\u00e9e<\/i> de <b>Dobrinka Tabakova<\/b>, ainsi que le <i>Concerto pour violon no 2<\/i> de Prokofiev avec la violoniste allemande <b>Clara-Jumi Kangnous<\/b>. Cette composition a \u00e9t\u00e9 inspir\u00e9e de l\u2019astrologie et a servi d\u2019inspiration au bien connu compositeur de musique de film, John Williams, pour la trame sonore de <i>Star Wars<\/i>.<\/p>\n<p>LE 5 NOVEMBRE, 20 H, GRAND TH\u00c9\u00c2TRE DE QU\u00c9BEC\u00a0 <a href=\"https:\/\/www.osq.org\/concerts\/lumieres-sur-les-planetes-de-holst\/\" target=\"_blank\" rel=\"noopener\">D\u00c9TAILS ET BILLETS<\/a><\/p>\n<p>&nbsp;<\/p>\n<figure id=\"attachment_83297\" aria-describedby=\"caption-attachment-83297\" style=\"width: 1200px\" class=\"wp-caption aligncenter\"><img decoding=\"async\" loading=\"lazy\" class=\"size-full wp-image-83297\" src=\"https:\/\/www.ludwig-van.com\/montreal\/wp-content\/uploads\/sites\/3\/2024\/08\/Joseph-Tawadros-Obiora_Viree-classique-2024_Antoine-Saito.jpg\" alt=\"Joseph Tawadros sur la sc\u00e8ne de la Maison symphonique le 17 ao\u00fbt 2024 dans le cadre de la Vir\u00e9e classique. (Photo : Antoine Saito)\" width=\"1200\" height=\"800\" srcset=\"https:\/\/www.ludwig-van.com\/montreal\/wp-content\/uploads\/sites\/3\/2024\/08\/Joseph-Tawadros-Obiora_Viree-classique-2024_Antoine-Saito.jpg 1200w, https:\/\/www.ludwig-van.com\/montreal\/wp-content\/uploads\/sites\/3\/2024\/08\/Joseph-Tawadros-Obiora_Viree-classique-2024_Antoine-Saito-300x200.jpg 300w, https:\/\/www.ludwig-van.com\/montreal\/wp-content\/uploads\/sites\/3\/2024\/08\/Joseph-Tawadros-Obiora_Viree-classique-2024_Antoine-Saito-1024x683.jpg 1024w, https:\/\/www.ludwig-van.com\/montreal\/wp-content\/uploads\/sites\/3\/2024\/08\/Joseph-Tawadros-Obiora_Viree-classique-2024_Antoine-Saito-768x512.jpg 768w\" sizes=\"(max-width: 1200px) 100vw, 1200px\" \/><figcaption id=\"caption-attachment-83297\" class=\"wp-caption-text\">Joseph Tawadros sur la sc\u00e8ne de la Maison symphonique le 17 ao\u00fbt 2024 dans le cadre de la Vir\u00e9e classique. (Photo : Antoine Saito)<\/figcaption><\/figure>\n<h3>OSM &#8211; Voyage musical avec Joseph Tawadros et Beethoven<\/h3>\n<p>Lors de la Vir\u00e9e classique 2024, la prestation du oudiste <b>Joseph Tawadros<\/b> avait re\u00e7u un accueil triomphal. L\u2019OSM r\u00e9cidive donc en l&rsquo;accueillant de nouveau pour deux soir\u00e9es, o\u00f9 il interpr\u00e9tera un <i>Concerto pour oude <\/i>inspir\u00e9 des modes m\u00e9lodiques du Moyen-Orient. De plus, l&rsquo;OSM jouera <i>Sh\u00e9h\u00e9razade<\/i>, <em>Ouverture de f\u00e9erie<\/em> de Ravel et la <i>Symphonie no 7<\/i> de Beethoven.<\/p>\n<p>LES 5 ET 6 NOVEMBRE, 19 H 30, MAISON SYMPHONIQUE\u00a0 <a href=\"https:\/\/www.osm.ca\/fr\/concert\/voyage-musical-avec-joseph-tawadros\/?date=2025-11-05+19:30:00\" target=\"_blank\" rel=\"noopener\">D\u00c9TAILS ET BILLETS<\/a><\/p>\n<p>&nbsp;<\/p>\n<figure id=\"attachment_90409\" aria-describedby=\"caption-attachment-90409\" style=\"width: 1200px\" class=\"wp-caption aligncenter\"><img decoding=\"async\" loading=\"lazy\" class=\"size-full wp-image-90409\" src=\"https:\/\/www.ludwig-van.com\/montreal\/wp-content\/uploads\/sites\/3\/2025\/11\/Tianlang-Xu_site-web-de-la-Ville-de-Montreal.png\" alt=\"Tianlang Xu (Photo : site web de la Ville de Montr\u00e9al)\" width=\"1200\" height=\"688\" srcset=\"https:\/\/www.ludwig-van.com\/montreal\/wp-content\/uploads\/sites\/3\/2025\/11\/Tianlang-Xu_site-web-de-la-Ville-de-Montreal.png 1200w, https:\/\/www.ludwig-van.com\/montreal\/wp-content\/uploads\/sites\/3\/2025\/11\/Tianlang-Xu_site-web-de-la-Ville-de-Montreal-300x172.png 300w, https:\/\/www.ludwig-van.com\/montreal\/wp-content\/uploads\/sites\/3\/2025\/11\/Tianlang-Xu_site-web-de-la-Ville-de-Montreal-1024x587.png 1024w, https:\/\/www.ludwig-van.com\/montreal\/wp-content\/uploads\/sites\/3\/2025\/11\/Tianlang-Xu_site-web-de-la-Ville-de-Montreal-768x440.png 768w\" sizes=\"(max-width: 1200px) 100vw, 1200px\" \/><figcaption id=\"caption-attachment-90409\" class=\"wp-caption-text\">Tianlang Xu (Photo : site web de la Ville de Montr\u00e9al)<\/figcaption><\/figure>\n<h3>Midi musique &#8211; Tianlang Xu, piano<\/h3>\n<p>La Chapelle musicale du Bon-Pasteur vous offre l\u2019occasion d\u2019entendre de jeunes artistes dans une ambiance d\u00e9contract\u00e9e lors de sa s\u00e9rie Midi musique. Ce jeudi, ce sera le pianiste Tianlang Xu qui vous pr\u00e9sentera un programme consacr\u00e9 exclusivement \u00e0 Chopin. Ce concert est \u00e9galement l\u2019opportunit\u00e9 pour vous de d\u00e9couvrir le nouveau Centre Sanaaq inaugur\u00e9 en mai dernier sur l\u2019ancien site de l\u2019H\u00f4pital pour enfants de Montr\u00e9al. Ce centre, dont le nom est un mot inuit signifiant \u00abfoyer\u00bb, se veut un lieu de rencontres, d\u2019\u00e9changes, d\u2019apprentissages et de divertissements. La repr\u00e9sentation est gratuite, mais n\u00e9cessite un billet.<\/p>\n<p>LE 6 NOVEMBRE, 12 H, CENTRE SANAAQ<\/p>\n<p>&nbsp;<\/p>\n<figure id=\"attachment_90410\" aria-describedby=\"caption-attachment-90410\" style=\"width: 1200px\" class=\"wp-caption aligncenter\"><img decoding=\"async\" loading=\"lazy\" class=\"size-full wp-image-90410\" src=\"https:\/\/www.ludwig-van.com\/montreal\/wp-content\/uploads\/sites\/3\/2025\/11\/FAM_cantiques-de-lAmour.jpg\" alt=\"(Visuel : courtoisie de l'Ensemble Vox)\" width=\"1200\" height=\"827\" srcset=\"https:\/\/www.ludwig-van.com\/montreal\/wp-content\/uploads\/sites\/3\/2025\/11\/FAM_cantiques-de-lAmour.jpg 1200w, https:\/\/www.ludwig-van.com\/montreal\/wp-content\/uploads\/sites\/3\/2025\/11\/FAM_cantiques-de-lAmour-300x207.jpg 300w, https:\/\/www.ludwig-van.com\/montreal\/wp-content\/uploads\/sites\/3\/2025\/11\/FAM_cantiques-de-lAmour-1024x706.jpg 1024w, https:\/\/www.ludwig-van.com\/montreal\/wp-content\/uploads\/sites\/3\/2025\/11\/FAM_cantiques-de-lAmour-768x529.jpg 768w\" sizes=\"(max-width: 1200px) 100vw, 1200px\" \/><figcaption id=\"caption-attachment-90410\" class=\"wp-caption-text\">(Visuel : courtoisie de l&rsquo;Ensemble Vox)<\/figcaption><\/figure>\n<h3><i>Les Cantiques de l\u2019amour<\/i><\/h3>\n<p>Le Festival du Monde Arabe de Montr\u00e9al pr\u00e9sente ce concert mettant en vedette la contralto <b>Gabrielle Cloutier<\/b>, le chanteur traditionnel arabe syrien <b>Khaled Al-Hafez<\/b>, ainsi que l\u2019<b>Ensemble Vox<\/b>. Pri\u00e8res s\u00e9culaires, romances mystiques, po\u00e8mes profonds vous attendent lors de cette soir\u00e9e o\u00f9 chants d\u2019amours anciens et contemporains feront vibrer votre c\u0153ur.<\/p>\n<p>LE 6 NOVEMBRE, 20 H, CINQUI\u00c8ME SALLE\u00a0 <a href=\"https:\/\/www.ensemblevox.ca\/copie-de-saison-2024-2025\" target=\"_blank\" rel=\"noopener\">D\u00c9TAILS ET BILLETS<\/a><\/p>\n<p>&nbsp;<\/p>\n<p><img decoding=\"async\" loading=\"lazy\" class=\"aligncenter size-full wp-image-90412\" src=\"https:\/\/www.ludwig-van.com\/montreal\/wp-content\/uploads\/sites\/3\/2025\/11\/Sixtrum-Percussion-Les-Percussions-de-Strasbourg-\u2014-Field-of-Vision-Le-Vivier.png\" alt=\"\" width=\"1200\" height=\"600\" srcset=\"https:\/\/www.ludwig-van.com\/montreal\/wp-content\/uploads\/sites\/3\/2025\/11\/Sixtrum-Percussion-Les-Percussions-de-Strasbourg-\u2014-Field-of-Vision-Le-Vivier.png 1200w, https:\/\/www.ludwig-van.com\/montreal\/wp-content\/uploads\/sites\/3\/2025\/11\/Sixtrum-Percussion-Les-Percussions-de-Strasbourg-\u2014-Field-of-Vision-Le-Vivier-300x150.png 300w, https:\/\/www.ludwig-van.com\/montreal\/wp-content\/uploads\/sites\/3\/2025\/11\/Sixtrum-Percussion-Les-Percussions-de-Strasbourg-\u2014-Field-of-Vision-Le-Vivier-1024x512.png 1024w, https:\/\/www.ludwig-van.com\/montreal\/wp-content\/uploads\/sites\/3\/2025\/11\/Sixtrum-Percussion-Les-Percussions-de-Strasbourg-\u2014-Field-of-Vision-Le-Vivier-768x384.png 768w\" sizes=\"(max-width: 1200px) 100vw, 1200px\" \/><\/p>\n<h3>Sixtrum et les Percussions de Strasbourg &#8211; <em>Field of Vision<\/em><\/h3>\n<p>L&rsquo;ensemble de percussion <strong>Sixtrum<\/strong> accueille les l\u00e9gendaires <strong>Percussions de Strasbourg<\/strong>, groupe cr\u00e9\u00e9 en 1959 en r\u00e9ponse \u00e0 une impulsion de Pierre Boulez, pour un concert gratuit. Ensemble, les deux groupes donneront vie \u00e0 l&rsquo;univers sonore de <strong>Michael Gordon<\/strong>, cofondateur de <strong>Bang on a Can<\/strong>, en pr\u00e9sentant la premi\u00e8re canadienne de sa pi\u00e8ce <em>Field of Vision<\/em> pour 36 percussionnistes. Cette composition fait partie d\u2019une s\u00e9rie d\u2019\u0153uvres pour groupes d\u2019instruments uniques, dans lesquelles <strong>Gordon<\/strong> explore, par la disposition spatiale, l\u2019exp\u00e9rience physique et perceptive de la musique et du son.<\/p>\n<p>LE 7 NOVEMBRE, 17 H , AGORA DU PAVILLON JUDITH-JASMIN, UQAM\u00a0 <a href=\"https:\/\/levivier.ca\/fr\/concert\/saison-2025-26\/sixtrum-percussion-les-percussions-de-strasbourg-field-vision\" target=\"_blank\" rel=\"noopener\">D\u00c9TAILS<\/a><\/p>\n<p>&nbsp;<\/p>\n<p><img decoding=\"async\" loading=\"lazy\" class=\"aligncenter size-full wp-image-90411\" src=\"https:\/\/www.ludwig-van.com\/montreal\/wp-content\/uploads\/sites\/3\/2025\/11\/I-Musici_Lafontaine.jpg\" alt=\"\" width=\"1200\" height=\"611\" srcset=\"https:\/\/www.ludwig-van.com\/montreal\/wp-content\/uploads\/sites\/3\/2025\/11\/I-Musici_Lafontaine.jpg 1200w, https:\/\/www.ludwig-van.com\/montreal\/wp-content\/uploads\/sites\/3\/2025\/11\/I-Musici_Lafontaine-300x153.jpg 300w, https:\/\/www.ludwig-van.com\/montreal\/wp-content\/uploads\/sites\/3\/2025\/11\/I-Musici_Lafontaine-1024x521.jpg 1024w, https:\/\/www.ludwig-van.com\/montreal\/wp-content\/uploads\/sites\/3\/2025\/11\/I-Musici_Lafontaine-768x391.jpg 768w\" sizes=\"(max-width: 1200px) 100vw, 1200px\" \/><\/p>\n<h3>I Musici &#8211; <i>Les \u00c9chos de La Fontaine<\/i><\/h3>\n<p>Avec la participation de <b>Catherine Perrin <\/b>au clavecin et \u00e0 la narration, l\u2019ensemble <b>I Musici de Montr\u00e9al<\/b> d\u00e9montre que les morales des Fables de La Fontaine sont toujours d\u2019actualit\u00e9. Con\u00e7u il y a 20 ans et acclam\u00e9 maintes fois depuis, ce programme met en dialogue le pass\u00e9 et le pr\u00e9sent \u00e0 travers des \u0153uvres du Qu\u00e9b\u00e9cois <b>Denis Gougeon<\/b> et du compositeur baroque Jean-Philippe Rameau.<\/p>\n<p>LE 7 NOVEMBRE, 17 H 30, ESPACE JAX\u00a0 <a href=\"https:\/\/imusici.com\/saison-2025-2026\/les-echos-de-la-fontaine\/\" target=\"_blank\" rel=\"noopener\">D\u00c9TAILS ET BILLETS<\/a><\/p>\n<p>&nbsp;<\/p>\n<figure id=\"attachment_87854\" aria-describedby=\"caption-attachment-87854\" style=\"width: 1200px\" class=\"wp-caption aligncenter\"><img decoding=\"async\" loading=\"lazy\" class=\"size-full wp-image-87854\" src=\"https:\/\/www.ludwig-van.com\/montreal\/wp-content\/uploads\/sites\/3\/2025\/05\/OPCM_courtoisie.jpg\" alt=\"OPCM (Photo : courtoisie)\" width=\"1200\" height=\"798\" srcset=\"https:\/\/www.ludwig-van.com\/montreal\/wp-content\/uploads\/sites\/3\/2025\/05\/OPCM_courtoisie.jpg 1200w, https:\/\/www.ludwig-van.com\/montreal\/wp-content\/uploads\/sites\/3\/2025\/05\/OPCM_courtoisie-300x200.jpg 300w, https:\/\/www.ludwig-van.com\/montreal\/wp-content\/uploads\/sites\/3\/2025\/05\/OPCM_courtoisie-1024x681.jpg 1024w, https:\/\/www.ludwig-van.com\/montreal\/wp-content\/uploads\/sites\/3\/2025\/05\/OPCM_courtoisie-768x511.jpg 768w\" sizes=\"(max-width: 1200px) 100vw, 1200px\" \/><figcaption id=\"caption-attachment-87854\" class=\"wp-caption-text\">OPCM (Photo : courtoisie)<\/figcaption><\/figure>\n<h3>OPCM &#8211; <i>Carmina Burana<\/i> et <i>Le Sacre du printemps<\/i><\/h3>\n<p>L\u2019<b>Orchestre Philharmonique et Ch\u0153ur des M\u00e9lomanes<\/b> pr\u00e9sente son premier concert de la saison en offrant au public deux \u0153uvres explorant la force brute de la nature et les \u00e9motions humaines. Tout d\u2019abord, l\u2019OPCM s\u2019attaquera aux rythmes et \u00e0 l\u2019orchestration intense et impr\u00e9visible du <i>Sacre du printemps<\/i> de Stravinski. Par la suite, ce sera accompagn\u00e9s d\u2019un ch\u0153ur de 100 voix et de 80 instrumentistes que la soprano <b>Aline Kutan<\/b>, le t\u00e9nor <b>Spencer Britten<\/b> et le baryton <b>Hugo Laporte<\/b> entonneront la cantate dramatique <i>Carmina Burana<\/i> d\u2019Orff, connue pour son \u00e9nergie vibrante.<\/p>\n<p>LE 7 NOVEMBRE, 19 H 30 ET LE 9 NOVEMBRE, 15H ET 19 H, MAISON SYMPHONIQUE\u00a0 <a href=\"https:\/\/www.placedesarts.com\/evenement\/carmina-burana-et-le-sacre-du-printemps\" target=\"_blank\" rel=\"noopener\">D\u00c9TAILS ET BILLETS<\/a><\/p>\n<p>&nbsp;<\/p>\n<figure id=\"attachment_89531\" aria-describedby=\"caption-attachment-89531\" style=\"width: 1200px\" class=\"wp-caption aligncenter\"><img decoding=\"async\" loading=\"lazy\" class=\"size-full wp-image-89531\" src=\"https:\/\/www.ludwig-van.com\/montreal\/wp-content\/uploads\/sites\/3\/2025\/09\/Jean-Marie-Zeitouni_1-fevrier-2025_OSL_Gabriel-Fournier.jpg\" alt=\"Jean-Marie Zeitouni (Photo : Gabriel Fournier)\" width=\"1200\" height=\"800\" srcset=\"https:\/\/www.ludwig-van.com\/montreal\/wp-content\/uploads\/sites\/3\/2025\/09\/Jean-Marie-Zeitouni_1-fevrier-2025_OSL_Gabriel-Fournier.jpg 1200w, https:\/\/www.ludwig-van.com\/montreal\/wp-content\/uploads\/sites\/3\/2025\/09\/Jean-Marie-Zeitouni_1-fevrier-2025_OSL_Gabriel-Fournier-300x200.jpg 300w, https:\/\/www.ludwig-van.com\/montreal\/wp-content\/uploads\/sites\/3\/2025\/09\/Jean-Marie-Zeitouni_1-fevrier-2025_OSL_Gabriel-Fournier-1024x683.jpg 1024w, https:\/\/www.ludwig-van.com\/montreal\/wp-content\/uploads\/sites\/3\/2025\/09\/Jean-Marie-Zeitouni_1-fevrier-2025_OSL_Gabriel-Fournier-768x512.jpg 768w\" sizes=\"(max-width: 1200px) 100vw, 1200px\" \/><figcaption id=\"caption-attachment-89531\" class=\"wp-caption-text\">Jean-Marie Zeitouni (Photo : Gabriel Fournier)<\/figcaption><\/figure>\n<h3>OCMM &#8211; Mystique<i> Gloria<\/i> de Poulenc<\/h3>\n<p>L\u2019<b>Orchestre symphonique du Conservatoire de musique de Montr\u00e9al<\/b> vous offre ce samedi un concert en collaboration avec les ch\u0153urs du Conservatoire et les <b>Petits chanteurs de Laval<\/b>. Ils y interpr\u00e9teront, sous la direction du chef d\u2019orchestre invit\u00e9 <b>Jean-Marie Zeitouni<\/b> et du chef de ch\u0153ur <b>Philippe Ostiguy<\/b>, <i>Le Tombeau de Nelligan<\/i> de Jacques H\u00e9tu, <i>Variations Enigma<\/i> d\u2019Edward Elgar, <i>Quatre motets sur des th\u00e8mes gr\u00e9goriens <\/i>pour ch\u0153ur a capella de Maurice Durufl\u00e9, ainsi que, bien entendu, le <i>Gloria<\/i> de Francis Poulenc.<\/p>\n<p>LE 8 NOVEMBRE, 19 H 30, MAISON SYMPHONIQUE\u00a0<a href=\"https:\/\/www.conservatoire.gouv.qc.ca\/fr\/conservatoires\/musiquemontreal\/evenements\/mystique-gloria-de-poulenc\/\" target=\"_blank\" rel=\"noopener\"> D\u00c9TAILS ET BILLETS<\/a><\/p>\n<p>&nbsp;<\/p>\n<figure id=\"attachment_90413\" aria-describedby=\"caption-attachment-90413\" style=\"width: 1200px\" class=\"wp-caption aligncenter\"><img decoding=\"async\" loading=\"lazy\" class=\"size-full wp-image-90413\" src=\"https:\/\/www.ludwig-van.com\/montreal\/wp-content\/uploads\/sites\/3\/2025\/11\/Pamela-Reimer_site-web-de-lartiste.png\" alt=\"Pamela Reimer (Photo : site web de l'artiste)\" width=\"1200\" height=\"785\" srcset=\"https:\/\/www.ludwig-van.com\/montreal\/wp-content\/uploads\/sites\/3\/2025\/11\/Pamela-Reimer_site-web-de-lartiste.png 1200w, https:\/\/www.ludwig-van.com\/montreal\/wp-content\/uploads\/sites\/3\/2025\/11\/Pamela-Reimer_site-web-de-lartiste-300x196.png 300w, https:\/\/www.ludwig-van.com\/montreal\/wp-content\/uploads\/sites\/3\/2025\/11\/Pamela-Reimer_site-web-de-lartiste-1024x670.png 1024w, https:\/\/www.ludwig-van.com\/montreal\/wp-content\/uploads\/sites\/3\/2025\/11\/Pamela-Reimer_site-web-de-lartiste-768x502.png 768w\" sizes=\"(max-width: 1200px) 100vw, 1200px\" \/><figcaption id=\"caption-attachment-90413\" class=\"wp-caption-text\">Pamela Reimer (Photo : site web de l&rsquo;artiste)<\/figcaption><\/figure>\n<h3>Pamela Reimer &#8211; <em>Hommage au piano<\/em><\/h3>\n<p>La pianiste <strong>Pamela Reimer<\/strong>, reconnue pour sa polyvalence et sa complicit\u00e9 musicale, pr\u00e9sente <em>Erinnerungsspuren, <\/em>un cycle en six parties constituant un hommage au piano et \u00e0 six compositeurs ayant marqu\u00e9 le r\u00e9pertoire pour les instruments \u00e0 clavier (Fran\u00e7ois Couperin, Claude Debussy, Robert Schumann, Giacinto Scelsi, Karlheinz Stockhausen et Bernd Alois Zimmermann). L&rsquo;objectif de Posadas est de d\u00e9gager des concepts du r\u00e9pertoire historique (des traces mn\u00e9siques, ou Erinneringsspuren) trouvant leur expression dans des exp\u00e9rimentations pianistiques et ainsi de soulever des questions sur le rapport en l&rsquo;ancien et le nouveau, le connu et l&rsquo;inconnu.<\/p>\n<p>LE 8 NOVEMBRE, 19 H 30, ESPACE SAINTE-HILDA\u00a0 <a href=\"https:\/\/levivier.ca\/fr\/concert\/saison-2025-26\/pamela-reimer-hommage-au-piano\" target=\"_blank\" rel=\"noopener\">D\u00c9TAILS ET BILLETS<\/a><\/p>\n<p>&nbsp;<\/p>\n<figure id=\"attachment_89994\" aria-describedby=\"caption-attachment-89994\" style=\"width: 1200px\" class=\"wp-caption aligncenter\"><img decoding=\"async\" loading=\"lazy\" class=\"size-full wp-image-89994\" src=\"https:\/\/www.ludwig-van.com\/montreal\/wp-content\/uploads\/sites\/3\/2025\/10\/Trio-Hochelaga_site-web_cropped.jpg\" alt=\"Trio Hochelaga : Anne Robert, Dantonio Pisano, Dominique Beaus\u00e9jour-Ostiguy (Photo : site web du groupe)\" width=\"1200\" height=\"714\" srcset=\"https:\/\/www.ludwig-van.com\/montreal\/wp-content\/uploads\/sites\/3\/2025\/10\/Trio-Hochelaga_site-web_cropped.jpg 1200w, https:\/\/www.ludwig-van.com\/montreal\/wp-content\/uploads\/sites\/3\/2025\/10\/Trio-Hochelaga_site-web_cropped-300x179.jpg 300w, https:\/\/www.ludwig-van.com\/montreal\/wp-content\/uploads\/sites\/3\/2025\/10\/Trio-Hochelaga_site-web_cropped-1024x609.jpg 1024w, https:\/\/www.ludwig-van.com\/montreal\/wp-content\/uploads\/sites\/3\/2025\/10\/Trio-Hochelaga_site-web_cropped-768x457.jpg 768w\" sizes=\"(max-width: 1200px) 100vw, 1200px\" \/><figcaption id=\"caption-attachment-89994\" class=\"wp-caption-text\">Trio Hochelaga : Anne Robert, Dantonio Pisano, Dominique Beaus\u00e9jour-Ostiguy (Photo : site web du groupe)<\/figcaption><\/figure>\n<h3>Trio Hochelaga &#8211; <i>Triade<\/i><\/h3>\n<p>La Chapelle musicale du Bon-Pasteur pr\u00e9sente cette semaine un troisi\u00e8me concert gratuit avec billet : <i>Triade<\/i> par le <b>Trio Hochelaga<\/b> . Cet ensemble est compos\u00e9 de la violoniste <b>Anne Robert<\/b>, du violoncelliste <b>Dominique Beaus\u00e9jour-Ostiguy<\/b> et du pianiste <b>Dantonio Pisano<\/b>. Lors de ce concert, l\u2019ensemble interpr\u00e9tera des \u0153uvres de F\u00e9lix Mendelssohn et de Claude Debussy, ainsi que l\u2019\u0153uvre titre, <i>Triade<\/i>, compos\u00e9e par Dominique Beaus\u00e9jour-Ostiguy.<\/p>\n<p>LE 9 NOVEMBRE, 15 H, SALLE PAUL-DESMARAIS\u00a0 <a href=\"https:\/\/montreal.ca\/evenements\/triade-trio-hochelaga-99803\" target=\"_blank\" rel=\"noopener\">D\u00c9TAILS ET BILLETS<\/a><\/p>\n<p>&nbsp;<\/p>\n<figure id=\"attachment_90405\" aria-describedby=\"caption-attachment-90405\" style=\"width: 1500px\" class=\"wp-caption aligncenter\"><img decoding=\"async\" loading=\"lazy\" class=\"size-full wp-image-90405\" src=\"https:\/\/www.ludwig-van.com\/montreal\/wp-content\/uploads\/sites\/3\/2025\/11\/Screenshot-2025-11-03-at-12-48-23-4688f77c-fa2d-41fd-9e7f-c7afc4fe2ca1.webp-WEBP-Image-1200-\u00d7-675-pixels.png\" alt=\"The Flesh and the Devil (Photo : courtoisie CMC\" width=\"1500\" height=\"843\" srcset=\"https:\/\/www.ludwig-van.com\/montreal\/wp-content\/uploads\/sites\/3\/2025\/11\/Screenshot-2025-11-03-at-12-48-23-4688f77c-fa2d-41fd-9e7f-c7afc4fe2ca1.webp-WEBP-Image-1200-\u00d7-675-pixels.png 1500w, https:\/\/www.ludwig-van.com\/montreal\/wp-content\/uploads\/sites\/3\/2025\/11\/Screenshot-2025-11-03-at-12-48-23-4688f77c-fa2d-41fd-9e7f-c7afc4fe2ca1.webp-WEBP-Image-1200-\u00d7-675-pixels-300x169.png 300w, https:\/\/www.ludwig-van.com\/montreal\/wp-content\/uploads\/sites\/3\/2025\/11\/Screenshot-2025-11-03-at-12-48-23-4688f77c-fa2d-41fd-9e7f-c7afc4fe2ca1.webp-WEBP-Image-1200-\u00d7-675-pixels-1024x575.png 1024w, https:\/\/www.ludwig-van.com\/montreal\/wp-content\/uploads\/sites\/3\/2025\/11\/Screenshot-2025-11-03-at-12-48-23-4688f77c-fa2d-41fd-9e7f-c7afc4fe2ca1.webp-WEBP-Image-1200-\u00d7-675-pixels-768x432.png 768w\" sizes=\"(max-width: 1500px) 100vw, 1500px\" \/><figcaption id=\"caption-attachment-90405\" class=\"wp-caption-text\">The Flesh and the Devil (Photo : courtoisie CMC)<\/figcaption><\/figure>\n<h3>Cin\u00e9-Concert <i>The Flesh and the Devil<\/i> avec Greta Garbo &#8211; musique improvis\u00e9e<\/h3>\n<p>Le film muet de 1926 <i>The Flesh and the Devil<\/i> (dont le titre en fran\u00e7ais est <i>La Chair et le diable<\/i>) est un drame romantique mettant en vedette Greta Garbo, John Gilbert et Barbara Kent. Il a \u00e9t\u00e9 s\u00e9lectionn\u00e9 en 2006 pour faire partie du National Film Registry de la Library of Congress des \u00c9tats-Unis pour son apport consid\u00e9rable \u00e0 la culture, \u00e0 l\u2019histoire et \u00e0 l\u2019esth\u00e9tique am\u00e9ricaines. Lors de sa pr\u00e9sentation ce dimanche, la violoncelliste <b>Sheila Hannigan<\/b> et le pianiste <b>Gabriel Thibaudeau<\/b> se laisseront guider par les images d\u00e9filant sous vos yeux afin de les agr\u00e9menter d&rsquo;une trame sonore improvis\u00e9e.<\/p>\n<p>LE 9 NOVEMBRE, 15 H, ESPACE KENDERGI\u00a0 <a href=\"https:\/\/www.zeffy.com\/fr-CA\/ticketing\/cine-concert-the-flesh-and-the-devil-greta-garbo-musique-improvisee\" target=\"_blank\" rel=\"noopener\">D\u00c9TAILS ET BILLETS<\/a><\/p>\n<p>&nbsp;<\/p>\n<figure id=\"attachment_90408\" aria-describedby=\"caption-attachment-90408\" style=\"width: 1200px\" class=\"wp-caption aligncenter\"><img decoding=\"async\" loading=\"lazy\" class=\"size-full wp-image-90408\" src=\"https:\/\/www.ludwig-van.com\/montreal\/wp-content\/uploads\/sites\/3\/2025\/11\/JALBERT_David_photo_credit_Julien-Faugere_1_2021.jpg\" alt=\"David Jalbert (Photo : Julien Faug\u00e8re)\" width=\"1200\" height=\"800\" srcset=\"https:\/\/www.ludwig-van.com\/montreal\/wp-content\/uploads\/sites\/3\/2025\/11\/JALBERT_David_photo_credit_Julien-Faugere_1_2021.jpg 1200w, https:\/\/www.ludwig-van.com\/montreal\/wp-content\/uploads\/sites\/3\/2025\/11\/JALBERT_David_photo_credit_Julien-Faugere_1_2021-300x200.jpg 300w, https:\/\/www.ludwig-van.com\/montreal\/wp-content\/uploads\/sites\/3\/2025\/11\/JALBERT_David_photo_credit_Julien-Faugere_1_2021-1024x683.jpg 1024w, https:\/\/www.ludwig-van.com\/montreal\/wp-content\/uploads\/sites\/3\/2025\/11\/JALBERT_David_photo_credit_Julien-Faugere_1_2021-768x512.jpg 768w\" sizes=\"(max-width: 1200px) 100vw, 1200px\" \/><figcaption id=\"caption-attachment-90408\" class=\"wp-caption-text\">David Jalbert (Photo : Julien Faug\u00e8re)<\/figcaption><\/figure>\n<h3>La Semaine du piano \u00e0 la Salle Bourgie<\/h3>\n<p>Du 4 au 9 novembre, la Salle Bourgie pr\u00e9sente un r\u00e9cital de piano par soir (sauf samedi), tous offerts par des pianistes diff\u00e9rents. Le 4 novembre, la pianiste invit\u00e9e \u00e0 l\u2019origine, Beatrice Rana, a d\u00fb annuler sa prestation pour des raisons hors de son contr\u00f4le. Elle a \u00e9t\u00e9 remplac\u00e9e par le pianiste <b>Boris Giltburg<\/b>, mais il ne reste que peu de places disponibles pour cette repr\u00e9sentation. Le lendemain, ce sera au tour de <b>David Jalbert<\/b> de s\u2019ex\u00e9cuter en interpr\u00e9tant trois sonates de Prokofiev. Ce concert fait partie d\u2019une s\u00e9rie de trois concerts couvrant l\u2019int\u00e9grale des sonates dudit compositeur. Par la suite, le 6 novembre, le pianiste fran\u00e7ais <b>Florent Boffard<\/b> soulignera le 100e anniversaire de naissance de Pierre Boulez en pr\u00e9sentant une programmation s\u2019articulant autour de celui-ci et d\u2019autres compositeurs l\u2019ayant accompagn\u00e9 au long de son parcours artistique. Vendredi soir, le 7 novembre, le pianiste <b>Inon Barnatan<\/b>, qui remplace Robert Levin suite au d\u00e9sistement de ce dernier pour des raisons de sant\u00e9, ne sera pas seul sur sc\u00e8ne puisqu\u2019il interpr\u00e9tera des \u0153uvres de Bach en compagnie des <b>Violons du Roy<\/b>, dirig\u00e9s par <b>Bernard Labadie<\/b>. Ce programme sera d\u2019ailleurs pr\u00e9sent\u00e9 \u00e9galement la veille, le 6 novembre en apr\u00e8s-midi et en soir\u00e9e, \u00e0 Qu\u00e9bec. Pour compl\u00e9ter cette semaine consacr\u00e9e \u00e0 des pianistes exceptionnels (malheureusement, \u00e0 notre avis, nous devons accorder \u00abexceptionnels\u00bb qu\u2019au masculin pluriel puisqu\u2019aucune femme ne se retrouve parmi les artistes), la Salle Bourgie recevra non pas un, mais bien deux pianistes avec le <b>Geister Duo<\/b>. Les membres de ce duo, <b>David Salmon<\/b> et <b>Manuel Vieillard<\/b>, joueront donc \u00e0 quatres mains du Ravel, Debussy et Schubert. \u00c0 noter que tous les concerts auront lieu \u00e0 la Salle Bourgie \u00e0 19h30.<\/p>\n<p>BORIS GILTBURG\u00a0 LE 4 NOVEMBRE\u00a0 <a href=\"https:\/\/www.mbam.qc.ca\/fr\/activites\/boris-giltburg-piano\/\" target=\"_blank\" rel=\"noopener\">D\u00c9TAILS ET BILLETS<\/a><\/p>\n<p>DAVID JALBERT\u00a0 LE 5 NOVEMBRE\u00a0 <a href=\"https:\/\/www.mbam.qc.ca\/fr\/activites\/integrale-des-sonates-pour-piano-de-prokofiev-concert-1-du-jeune-rebelle-au-grand-maitre\/\" target=\"_blank\" rel=\"noopener\">D\u00c9TAILS ET BILLETS<\/a><\/p>\n<p>FLORENT BOFFARD\u00a0 LE 6 NOVEMBRE\u00a0 <a href=\"https:\/\/www.mbam.qc.ca\/fr\/activites\/florent-boffard-piano-revolutions-et-traditions\/\" target=\"_blank\" rel=\"noopener\">D\u00c9TAILS ET BILLETS<\/a><\/p>\n<p>INON BARNATAN\u00a0 LE 7 NOVEMBRE\u00a0 <a href=\"https:\/\/www.mbam.qc.ca\/fr\/activites\/les-violons-du-roy-lecons-de-bach\/\" target=\"_blank\" rel=\"noopener\">D\u00c9TAILS ET BILLETS<\/a><\/p>\n<p>DUO GEISER\u00a0 LE 9 NOVEMBRE\u00a0 <a href=\"https:\/\/www.mbam.qc.ca\/fr\/activites\/deux-pianos-quatre-mains-grande-musique\/\" target=\"_blank\" rel=\"noopener\">D\u00c9TAILS ET BILLETS<\/a><\/p>\n<h2><em>Inscrivez-vous \u00e0 notre infolettre! La musique classique et l\u2019op\u00e9ra en 5 minutes, chaque jour<\/em> <a href=\"https:\/\/ludwig-van.us9.list-manage.com\/subscribe?u=4f785cb3f9058f2393ccad035&amp;id=b9b160c032\" target=\"_blank\" rel=\"noopener noreferrer\">ICI<\/a>.<\/h2>\n","protected":false},"excerpt":{"rendered":"<p>Encore une fois, nos sc\u00e8nes vibrent d&rsquo;offrandes musicales vari\u00e9es pour assouvir votre c\u00f4t\u00e9 sage comme votre c\u00f4t\u00e9 givr\u00e9! Que vous ayez envie d&rsquo;approfondir le sens d&rsquo;\u0153uvres famili\u00e8res ou de suivre l&rsquo;appel de votre \u00e2me aventuri\u00e8re, d\u00e9sirant explorer le monde musical de fa\u00e7on in\u00e9dite, notre \u00ab\u00a0menu\u00a0\u00bb de la semaine saura guider vos choix!<\/p>\n","protected":false},"author":1,"featured_media":90414,"comment_status":"open","ping_status":"open","sticky":false,"template":"","format":"standard","meta":{"om_disable_all_campaigns":false,"jetpack_post_was_ever_published":false},"categories":[42299,10994],"tags":[42300,11882],"yst_prominent_words":[9878,9863,18022,26052,9877,21882,26053,14240,14241,26054],"acf":[],"jetpack_featured_media_url":"https:\/\/www.ludwig-van.com\/montreal\/wp-content\/uploads\/sites\/3\/2025\/11\/Copie-de-CONCERTS.jpg","jetpack_sharing_enabled":true,"jetpack_shortlink":"https:\/\/wp.me\/p9bdYt-nw1","amp_enabled":true,"_links":{"self":[{"href":"https:\/\/www.ludwig-van.com\/montreal\/wp-json\/wp\/v2\/posts\/90397"}],"collection":[{"href":"https:\/\/www.ludwig-van.com\/montreal\/wp-json\/wp\/v2\/posts"}],"about":[{"href":"https:\/\/www.ludwig-van.com\/montreal\/wp-json\/wp\/v2\/types\/post"}],"author":[{"embeddable":true,"href":"https:\/\/www.ludwig-van.com\/montreal\/wp-json\/wp\/v2\/users\/1"}],"replies":[{"embeddable":true,"href":"https:\/\/www.ludwig-van.com\/montreal\/wp-json\/wp\/v2\/comments?post=90397"}],"version-history":[{"count":3,"href":"https:\/\/www.ludwig-van.com\/montreal\/wp-json\/wp\/v2\/posts\/90397\/revisions"}],"predecessor-version":[{"id":90416,"href":"https:\/\/www.ludwig-van.com\/montreal\/wp-json\/wp\/v2\/posts\/90397\/revisions\/90416"}],"wp:featuredmedia":[{"embeddable":true,"href":"https:\/\/www.ludwig-van.com\/montreal\/wp-json\/wp\/v2\/media\/90414"}],"wp:attachment":[{"href":"https:\/\/www.ludwig-van.com\/montreal\/wp-json\/wp\/v2\/media?parent=90397"}],"wp:term":[{"taxonomy":"category","embeddable":true,"href":"https:\/\/www.ludwig-van.com\/montreal\/wp-json\/wp\/v2\/categories?post=90397"},{"taxonomy":"post_tag","embeddable":true,"href":"https:\/\/www.ludwig-van.com\/montreal\/wp-json\/wp\/v2\/tags?post=90397"},{"taxonomy":"yst_prominent_words","embeddable":true,"href":"https:\/\/www.ludwig-van.com\/montreal\/wp-json\/wp\/v2\/yst_prominent_words?post=90397"}],"curies":[{"name":"wp","href":"https:\/\/api.w.org\/{rel}","templated":true}]}}