{"id":90387,"date":"2025-11-02T01:40:44","date_gmt":"2025-11-02T05:40:44","guid":{"rendered":"https:\/\/www.ludwig-van.com\/montreal\/?p=90387"},"modified":"2025-11-03T13:00:03","modified_gmt":"2025-11-03T18:00:03","slug":"nouvelle-lostr-nomme-une-nouvelle-cheffe-de-choeur","status":"publish","type":"post","link":"https:\/\/www.ludwig-van.com\/montreal\/2025\/11\/02\/nouvelle-lostr-nomme-une-nouvelle-cheffe-de-choeur\/","title":{"rendered":"NOUVELLE | L&rsquo;OSTR nomme une nouvelle cheffe de ch\u0153ur"},"content":{"rendered":"<figure id=\"attachment_90388\" aria-describedby=\"caption-attachment-90388\" style=\"width: 1200px\" class=\"wp-caption aligncenter\"><img decoding=\"async\" loading=\"lazy\" class=\"size-full wp-image-90388\" src=\"https:\/\/www.ludwig-van.com\/montreal\/wp-content\/uploads\/sites\/3\/2025\/11\/Copie-de-NOUVELLE.jpg\" alt=\"Myriam Leblanc (Photo : courtoisie OSTR)\" width=\"1200\" height=\"628\" srcset=\"https:\/\/www.ludwig-van.com\/montreal\/wp-content\/uploads\/sites\/3\/2025\/11\/Copie-de-NOUVELLE.jpg 1200w, https:\/\/www.ludwig-van.com\/montreal\/wp-content\/uploads\/sites\/3\/2025\/11\/Copie-de-NOUVELLE-300x157.jpg 300w, https:\/\/www.ludwig-van.com\/montreal\/wp-content\/uploads\/sites\/3\/2025\/11\/Copie-de-NOUVELLE-1024x536.jpg 1024w, https:\/\/www.ludwig-van.com\/montreal\/wp-content\/uploads\/sites\/3\/2025\/11\/Copie-de-NOUVELLE-768x402.jpg 768w\" sizes=\"(max-width: 1200px) 100vw, 1200px\" \/><figcaption id=\"caption-attachment-90388\" class=\"wp-caption-text\">Myriam Leblanc (Photo : courtoisie OSTR)<\/figcaption><\/figure>\n<p>L&rsquo;<strong>Orchestre symphonique de Trois-Rivi\u00e8res<\/strong> (<strong>OSTR<\/strong>) annonce la nomination de<strong> Myriam Leblanc<\/strong> au poste de cheffe du Ch\u0153ur de l&rsquo;OSTR, faisant d&rsquo;elle la premi\u00e8re femme \u00e0 occuper ce poste depuis la cr\u00e9ation du ch\u0153ur.<\/p>\n<p><strong>Myriam Leblanc<\/strong> succ\u00e8de ainsi \u00e0 <strong>Raymond Perrin<\/strong>, qui a occup\u00e9 cette fonction pendant plusieurs ann\u00e9es. <strong>Jocelyn Lafond<\/strong> avait assur\u00e9 la direction int\u00e9rimaire du ch\u0153ur durant la saison 2024-2025, permettant d&rsquo;assurer la continuit\u00e9 des activit\u00e9s de l&rsquo;ensemble.<\/p>\n<h3>Un parcours musical diversifi\u00e9<\/h3>\n<p>Jouissant d&rsquo;une r\u00e9putation solide en tant que soprano, <strong>Myriam Leblanc<\/strong> se produit r\u00e9guli\u00e8rement sur les sc\u00e8nes canadiennes et \u00e0 l&rsquo;international. Le public trifluvien a pu la voir sur sc\u00e8ne en avril 2023 lors des pr\u00e9sentations de <em>La Boh\u00e8me<\/em>.<\/p>\n<p>Myriam Leblanc est \u00e9galement cofondatrice de l&rsquo;Ensemble Mirabilia, avec lequel elle a fait para\u00eetre les albums <em>Amour fou<\/em> et <em>Luce e ombra\/Vivaldi<\/em>.<\/p>\n<p>Avec cette nomination, l&rsquo;OSTR mise sur sa double expertise de soliste et de cheffe de ch\u0153ur, sur son exp\u00e9rience sc\u00e9nique diversifi\u00e9e et sur sa connaissance \u00e9tendue du r\u00e9pertoire vocal.<\/p>\n<h3>Deux productions majeures \u00e0 l&rsquo;agenda<\/h3>\n<p>D\u00e8s son premier projet sous la direction de sa nouvelle cheffe, le Ch\u0153ur profitera de sa connaissance intime d&rsquo;une \u0153uvre pourtant r\u00e9cente : en effet, Myriam Leblanc entamera son mandat aupr\u00e8s du Ch\u0153ur de l&rsquo;OSTR en avril 2026 avec le <em>Requiem<\/em> de Fran\u00e7ois Dompierre, un concert pour lequel elle reprendra par ailleurs la partie de soprano qu&rsquo;elle a elle-m\u00eame chant\u00e9e lors de la cr\u00e9ation en juin 2024.<\/p>\n<p>Par la suite, ce sera un op\u00e9ra qui les r\u00e9unira de nouveau, alors que le Ch\u0153ur participera au <em>Barbier de S\u00e9ville<\/em> de Rossini pr\u00e9sent\u00e9 \u00e0 l&rsquo;Amphith\u00e9\u00e2tre Cogeco en juin 2026.<\/p>\n<blockquote><p>\u00ab L&rsquo;arriv\u00e9e de Myriam marque le d\u00e9but d&rsquo;un chapitre important pour notre ch\u0153ur. Son approche artistique, inspir\u00e9e et d&rsquo;une grande comp\u00e9tence, saura insuffler un vent de fra\u00eecheur et d&rsquo;enthousiasme \u00e0 notre ensemble vocal. \u00bb &#8211; Alain Trudel, directeur artistique et chef d&rsquo;orchestre de l&rsquo;OSTR<\/p><\/blockquote>\n<h3>Un appel aux nouveaux membres<\/h3>\n<p>L&rsquo;OSTR profite de cette annonce pour recruter de nouvelles voix. Les personnes souhaitant participer aux projets artistiques de l&rsquo;ensemble peuvent manifester leur int\u00e9r\u00eat en \u00e9crivant \u00e0 l&rsquo;adresse orchestre@ostr.ca.<\/p>\n<h2><em>Inscrivez-vous \u00e0 notre infolettre! La musique classique et l\u2019op\u00e9ra en 5 minutes, chaque jour<\/em> <a href=\"https:\/\/ludwig-van.us9.list-manage.com\/subscribe?u=4f785cb3f9058f2393ccad035&amp;id=b9b160c032\" target=\"_blank\" rel=\"noopener noreferrer\">ICI<\/a>.<\/h2>\n","protected":false},"excerpt":{"rendered":"<p>L&rsquo;Orchestre symphonique de Trois-Rivi\u00e8res (OSTR) annonce la nomination de Myriam Leblanc au poste de cheffe du Ch\u0153ur de l&rsquo;OSTR, faisant d&rsquo;elle la premi\u00e8re femme \u00e0 occuper ce poste depuis la cr\u00e9ation du ch\u0153ur.<\/p>\n","protected":false},"author":55,"featured_media":90388,"comment_status":"open","ping_status":"open","sticky":false,"template":"","format":"standard","meta":{"om_disable_all_campaigns":false,"jetpack_post_was_ever_published":false},"categories":[42299,10992],"tags":[42300,20601],"yst_prominent_words":[17030,20664,34615,9934,26112,10592,11678,17806,10579,20600,15370,13895,13814,20465,20220,6640,7135],"acf":[],"jetpack_featured_media_url":"https:\/\/www.ludwig-van.com\/montreal\/wp-content\/uploads\/sites\/3\/2025\/11\/Copie-de-NOUVELLE.jpg","jetpack_sharing_enabled":true,"jetpack_shortlink":"https:\/\/wp.me\/p9bdYt-nvR","amp_enabled":true,"_links":{"self":[{"href":"https:\/\/www.ludwig-van.com\/montreal\/wp-json\/wp\/v2\/posts\/90387"}],"collection":[{"href":"https:\/\/www.ludwig-van.com\/montreal\/wp-json\/wp\/v2\/posts"}],"about":[{"href":"https:\/\/www.ludwig-van.com\/montreal\/wp-json\/wp\/v2\/types\/post"}],"author":[{"embeddable":true,"href":"https:\/\/www.ludwig-van.com\/montreal\/wp-json\/wp\/v2\/users\/55"}],"replies":[{"embeddable":true,"href":"https:\/\/www.ludwig-van.com\/montreal\/wp-json\/wp\/v2\/comments?post=90387"}],"version-history":[{"count":14,"href":"https:\/\/www.ludwig-van.com\/montreal\/wp-json\/wp\/v2\/posts\/90387\/revisions"}],"predecessor-version":[{"id":90407,"href":"https:\/\/www.ludwig-van.com\/montreal\/wp-json\/wp\/v2\/posts\/90387\/revisions\/90407"}],"wp:featuredmedia":[{"embeddable":true,"href":"https:\/\/www.ludwig-van.com\/montreal\/wp-json\/wp\/v2\/media\/90388"}],"wp:attachment":[{"href":"https:\/\/www.ludwig-van.com\/montreal\/wp-json\/wp\/v2\/media?parent=90387"}],"wp:term":[{"taxonomy":"category","embeddable":true,"href":"https:\/\/www.ludwig-van.com\/montreal\/wp-json\/wp\/v2\/categories?post=90387"},{"taxonomy":"post_tag","embeddable":true,"href":"https:\/\/www.ludwig-van.com\/montreal\/wp-json\/wp\/v2\/tags?post=90387"},{"taxonomy":"yst_prominent_words","embeddable":true,"href":"https:\/\/www.ludwig-van.com\/montreal\/wp-json\/wp\/v2\/yst_prominent_words?post=90387"}],"curies":[{"name":"wp","href":"https:\/\/api.w.org\/{rel}","templated":true}]}}