{"id":90353,"date":"2025-10-30T00:29:22","date_gmt":"2025-10-30T04:29:22","guid":{"rendered":"https:\/\/www.ludwig-van.com\/montreal\/?p=90353"},"modified":"2025-11-01T20:00:03","modified_gmt":"2025-11-02T00:00:03","slug":"nouvelle-prescription-un-concert-de-losm-effets-bien-etre-accru-cout-gratuit","status":"publish","type":"post","link":"https:\/\/www.ludwig-van.com\/montreal\/2025\/10\/30\/nouvelle-prescription-un-concert-de-losm-effets-bien-etre-accru-cout-gratuit\/","title":{"rendered":"NOUVELLE | Prescription : un concert de l&rsquo;OSM. Effets : bien-\u00eatre accru. Co\u00fbt : gratuit."},"content":{"rendered":"<p><img decoding=\"async\" loading=\"lazy\" class=\"aligncenter size-full wp-image-90356\" src=\"https:\/\/www.ludwig-van.com\/montreal\/wp-content\/uploads\/sites\/3\/2025\/10\/Copie-de-NOUVELLE2.jpg\" alt=\"\" width=\"1200\" height=\"628\" srcset=\"https:\/\/www.ludwig-van.com\/montreal\/wp-content\/uploads\/sites\/3\/2025\/10\/Copie-de-NOUVELLE2.jpg 1200w, https:\/\/www.ludwig-van.com\/montreal\/wp-content\/uploads\/sites\/3\/2025\/10\/Copie-de-NOUVELLE2-300x157.jpg 300w, https:\/\/www.ludwig-van.com\/montreal\/wp-content\/uploads\/sites\/3\/2025\/10\/Copie-de-NOUVELLE2-1024x536.jpg 1024w, https:\/\/www.ludwig-van.com\/montreal\/wp-content\/uploads\/sites\/3\/2025\/10\/Copie-de-NOUVELLE2-768x402.jpg 768w\" sizes=\"(max-width: 1200px) 100vw, 1200px\" \/><\/p>\n<p>L&rsquo;<strong>Orchestre symphonique de Montr\u00e9al<\/strong> s&rsquo;unit \u00e0 <strong>M\u00e9decins francophones du Canada<\/strong> pour lancer le programme <em>La musique sur ordonnance<\/em>. Du 29 octobre 2025 au 28 octobre 2026, les m\u00e9decins membres de <strong>M\u00e9decins francophones du Canada<\/strong> pratiquant \u00e0 Montr\u00e9al pourront remettre des prescriptions pour un concert de l&rsquo;<strong>OSM<\/strong>.<\/p>\n<p>Les effets b\u00e9n\u00e9fiques de la musique sur la sant\u00e9 physique et mentale ont \u00e9t\u00e9 largement d\u00e9montr\u00e9s : elle contribue \u00e0 r\u00e9duire le stress, \u00e0 am\u00e9liorer l&rsquo;humeur, elle favorise la relaxation, stimule la m\u00e9moire et renforce le sentiment de bien-\u00eatre g\u00e9n\u00e9ral. Selon la docteur <strong>H\u00e9l\u00e8ne Boyer<\/strong>, m\u00e9decin de famille et ancienne pr\u00e9sidente de M\u00e9decins francophones du Canada, des initiatives similaires au Royaume-Uni ont permis d&rsquo;observer des r\u00e9sultats prometteurs.<\/p>\n<blockquote><p>\u00ab Chez M\u00e9decins francophones du Canada, nous croyons fermement que le bien-\u00eatre des m\u00e9decins et celui de leurs patients sont intimement li\u00e9s. Avec l\u2019initiative <i>La musique sur ordonnance<\/i>, nous souhaitons rappeler que prendre soin de soi fait pleinement partie de la pratique m\u00e9dicale. En remettant ces prescriptions de bien-\u00eatre, les m\u00e9decins offrent \u00e0 leurs patients un moment d\u2019\u00e9motion et de ressourcement, tout en se souvenant de l\u2019importance de pr\u00e9server leur propre \u00e9quilibre. Ce geste renforce la relation th\u00e9rapeutique et recentre le soin sur l\u2019humain \u00bb, affirme <strong>Nicole Parent<\/strong>, Ph.D., directrice g\u00e9n\u00e9rale de M\u00e9decins francophones du Canada<\/p><\/blockquote>\n<p>Une fois inscrit\u00b7e\u00b7s au programme, les m\u00e9decins membres de M\u00e9decins francophones du Canada et en pratique active \u00e0 Montr\u00e9al recevront deux prescriptions officielles \u00e0 remettre lors de consultations, permettant \u00e0 deux patient\u00b7e\u00b7s et leur accompagnateur\u00b7ice d\u2019assister \u00e0 un concert de l\u2019<strong><span class=\"il\">OSM<\/span><\/strong>. Les effets sur leur bien-\u00eatre et sur leur relation avec leur personne accompagnatrice seront \u00e9valu\u00e9s par l&rsquo;entremise d&rsquo;un questionnaire \u00e0 remplir. Le regroupement <strong>M\u00e9decins francophones du Canada<\/strong> analysera les donn\u00e9es recueillies afin d&rsquo;\u00e9valuer l&rsquo;impact du programme sur la sant\u00e9 et la qualit\u00e9 de vie des participant\u00b7e\u00b7s, ainsi que la faisabilit\u00e9 de sa mise en \u0153uvre \u00e0 plus grande \u00e9chelle.<\/p>\n<p>Pour \u00eatre admissibles, les patient\u00b7e\u00b7s doivent \u00eatre majeur\u00b7e\u00b7s, comprendre le fran\u00e7ais ou l&rsquo;anglais et \u00eatre autonome.<\/p>\n<blockquote><p>\u00ab\u202fL\u2019<strong><span class=\"il\">OSM<\/span><\/strong>croit au pouvoir b\u00e9n\u00e9fique de la musique et nous sommes heureux de nous joindre \u00e0 <strong>M\u00e9decins francophones du Canada<\/strong> pour la cr\u00e9ation de ce programme. Ce partenariat marque une \u00e9tape importante dans notre d\u00e9marche de responsabilit\u00e9 sociale envers la communaut\u00e9. En proposant <i>La musique sur ordonnance<\/i>, l\u2019<strong><span class=\"il\">OSM<\/span><\/strong>met son excellence artistique au service du bien-\u00eatre collectif, en soulignant que l\u2019art, sous toutes ses formes, peut contribuer activement \u00e0 la sant\u00e9 et \u00e0 la qualit\u00e9 de vie de tout un chacun \u00bb, souligne <strong>M\u00e9lanie La Couture<\/strong>, pr\u00e9sidente et cheffe de la direction de l\u2019<span class=\"il\">OSM<\/span>.<\/p><\/blockquote>\n<h2><em>Inscrivez-vous \u00e0 notre infolettre! La musique classique et l\u2019op\u00e9ra en 5 minutes, chaque jour<\/em> <a href=\"https:\/\/ludwig-van.us9.list-manage.com\/subscribe?u=4f785cb3f9058f2393ccad035&amp;id=b9b160c032\" target=\"_blank\" rel=\"noopener noreferrer\">ICI<\/a>.<\/h2>\n","protected":false},"excerpt":{"rendered":"<p>L&rsquo;Orchestre symphonique de Montr\u00e9al s&rsquo;unit \u00e0 M\u00e9decins francophones du Canada pour lancer le programme La musique sur ordonnance. Du 29 octobre 2025 au 28 octobre 2026, les m\u00e9decins membres de M\u00e9decins francophones du Canada pratiquant \u00e0 Montr\u00e9al pourront remettre des prescriptions pour un concert de l&rsquo;OSM.<\/p>\n","protected":false},"author":55,"featured_media":90356,"comment_status":"open","ping_status":"open","sticky":false,"template":"","format":"standard","meta":{"om_disable_all_campaigns":false,"jetpack_post_was_ever_published":false},"categories":[42299,10992],"tags":[42300,2542],"yst_prominent_words":[7070,7694,9811,13255,8313],"acf":[],"jetpack_featured_media_url":"https:\/\/www.ludwig-van.com\/montreal\/wp-content\/uploads\/sites\/3\/2025\/10\/Copie-de-NOUVELLE2.jpg","jetpack_sharing_enabled":true,"jetpack_shortlink":"https:\/\/wp.me\/p9bdYt-nvj","amp_enabled":true,"_links":{"self":[{"href":"https:\/\/www.ludwig-van.com\/montreal\/wp-json\/wp\/v2\/posts\/90353"}],"collection":[{"href":"https:\/\/www.ludwig-van.com\/montreal\/wp-json\/wp\/v2\/posts"}],"about":[{"href":"https:\/\/www.ludwig-van.com\/montreal\/wp-json\/wp\/v2\/types\/post"}],"author":[{"embeddable":true,"href":"https:\/\/www.ludwig-van.com\/montreal\/wp-json\/wp\/v2\/users\/55"}],"replies":[{"embeddable":true,"href":"https:\/\/www.ludwig-van.com\/montreal\/wp-json\/wp\/v2\/comments?post=90353"}],"version-history":[{"count":25,"href":"https:\/\/www.ludwig-van.com\/montreal\/wp-json\/wp\/v2\/posts\/90353\/revisions"}],"predecessor-version":[{"id":90386,"href":"https:\/\/www.ludwig-van.com\/montreal\/wp-json\/wp\/v2\/posts\/90353\/revisions\/90386"}],"wp:featuredmedia":[{"embeddable":true,"href":"https:\/\/www.ludwig-van.com\/montreal\/wp-json\/wp\/v2\/media\/90356"}],"wp:attachment":[{"href":"https:\/\/www.ludwig-van.com\/montreal\/wp-json\/wp\/v2\/media?parent=90353"}],"wp:term":[{"taxonomy":"category","embeddable":true,"href":"https:\/\/www.ludwig-van.com\/montreal\/wp-json\/wp\/v2\/categories?post=90353"},{"taxonomy":"post_tag","embeddable":true,"href":"https:\/\/www.ludwig-van.com\/montreal\/wp-json\/wp\/v2\/tags?post=90353"},{"taxonomy":"yst_prominent_words","embeddable":true,"href":"https:\/\/www.ludwig-van.com\/montreal\/wp-json\/wp\/v2\/yst_prominent_words?post=90353"}],"curies":[{"name":"wp","href":"https:\/\/api.w.org\/{rel}","templated":true}]}}