{"id":90341,"date":"2025-10-29T17:56:25","date_gmt":"2025-10-29T21:56:25","guid":{"rendered":"https:\/\/www.ludwig-van.com\/montreal\/?p=90341"},"modified":"2025-10-29T20:00:03","modified_gmt":"2025-10-30T00:00:03","slug":"nouvelle-lannulation-de-la-creation-dun-concerto-suscite-du-brouhaha","status":"publish","type":"post","link":"https:\/\/www.ludwig-van.com\/montreal\/2025\/10\/29\/nouvelle-lannulation-de-la-creation-dun-concerto-suscite-du-brouhaha\/","title":{"rendered":"NOUVELLE | L&rsquo;annulation de la cr\u00e9ation d&rsquo;un concerto suscite des d\u00e9bats"},"content":{"rendered":"<figure id=\"attachment_90342\" aria-describedby=\"caption-attachment-90342\" style=\"width: 1200px\" class=\"wp-caption aligncenter\"><img decoding=\"async\" loading=\"lazy\" class=\"size-full wp-image-90342\" src=\"https:\/\/www.ludwig-van.com\/montreal\/wp-content\/uploads\/sites\/3\/2025\/10\/Copie-de-NOUVELLE1.jpg\" alt=\"Clara Ionnetta (Photo : Julia Wesely)\" width=\"1200\" height=\"628\" srcset=\"https:\/\/www.ludwig-van.com\/montreal\/wp-content\/uploads\/sites\/3\/2025\/10\/Copie-de-NOUVELLE1.jpg 1200w, https:\/\/www.ludwig-van.com\/montreal\/wp-content\/uploads\/sites\/3\/2025\/10\/Copie-de-NOUVELLE1-300x157.jpg 300w, https:\/\/www.ludwig-van.com\/montreal\/wp-content\/uploads\/sites\/3\/2025\/10\/Copie-de-NOUVELLE1-1024x536.jpg 1024w, https:\/\/www.ludwig-van.com\/montreal\/wp-content\/uploads\/sites\/3\/2025\/10\/Copie-de-NOUVELLE1-768x402.jpg 768w\" sizes=\"(max-width: 1200px) 100vw, 1200px\" \/><figcaption id=\"caption-attachment-90342\" class=\"wp-caption-text\">Clara Ionnetta (Photo : Julia Wesely)<\/figcaption><\/figure>\n<p>L&rsquo;annulation de la cr\u00e9ation d&rsquo;un concerto pour violon command\u00e9 \u00e0 la compositrice Clara Iannotta suscite pr\u00e9sentement beaucoup de brouhaha en Allemagne et au-del\u00e0.<\/p>\n<p>La compositrice italienne Clara Iannotta est pr\u00e9sentement la t\u00eate d&rsquo;affiche du festival NOW! 2025 dont le Th\u00e9\u00e2tre et la Philharmonie de la ville d&rsquo;Essen sont les h\u00f4tes. Additionnellement aux prestations de ses quatre quatuors \u00e0 cordes et de sa pi\u00e8ce <em>Memory jolts<\/em> pour quatuor \u00e0 cordes solo et ensemble \u00e0 cordes, la programmation du festival pr\u00e9voyait les 30 et 31 octobre la cr\u00e9ation d&rsquo;un nouveau concerto pour violon d\u00e9saccord\u00e9, orchestre et musique \u00e9lectronique intitul\u00e9\u00a0<em>sand like gold-leaf in smithereens<\/em>. La commande en avait \u00e9t\u00e9 pass\u00e9e \u00e0 la compositrice \u00e0 l&rsquo;intention de la soliste Carolin Widmann, artiste en r\u00e9sidence de cette \u00e9dition du festival.<\/p>\n<p>Des r\u00e9cits confus ou incomplets de la situation ont commenc\u00e9 \u00e0 \u00e9merger \u00e0 partir du 25 octobre, la plupart des publications reprenant la d\u00e9claration publi\u00e9e par la compositrice sur son site web. Elle y \u00e9crivait :<\/p>\n<blockquote><p>Pour la premi\u00e8re fois de ma carri\u00e8re, un orchestre &#8211; l&rsquo;Orchestre philharmonique d&rsquo;Essen &#8211; refuse de pr\u00e9senter une de mes \u0153uvres.<\/p>\n<p>Je suis la compositrice faisant l&rsquo;objet d&rsquo;un profil au Festival NOW! \u00e0 Essen, en Allemagne. Le festival m&rsquo;a command\u00e9 la composition d&rsquo;un nouveau concerto pour violon et orchestre. Il y a deux ans, lors de la rencontre initiale avec l&rsquo;administration de l&rsquo;orchestre, j&rsquo;ai demand\u00e9 si je pouvais inclure des instruments non-conventionnels dans l&rsquo;instrumentation. Cela a toujour repr\u00e9sent\u00e9 un \u00e9l\u00e9ment fondamental de ma pratique compositionnelle. (&#8230;)<\/p>\n<p>Lors de cette rencontre, j&rsquo;ai d&rsquo;abord \u00e9t\u00e9 inform\u00e9e que l&#8217;emploi d&rsquo;objets ne me serait pas permis. J&rsquo;ai r\u00e9pondu que cela reviendrait \u00e0 programmer mon nom sans ma musique. \u00c0 la suite de cela, ils m&rsquo;ont assur\u00e9e que je pourrais faire ce que je voulais. Et donc, j&rsquo;ai compos\u00e9 ma pi\u00e8ce.<\/p><\/blockquote>\n<p>La compositrice poursuit en affirmant qu&rsquo;au final, apr\u00e8s avoir constat\u00e9 la quantit\u00e9 d&rsquo;objets et de techniques \u00e9tendues employ\u00e9s dans le concerto, les membres de l&rsquo;orchestre auraient d&rsquo;une part exig\u00e9 une compensation pour les cumuls d&rsquo;instrument (une pratique courante quand un\u00b7e musicien\u00b7ne d&rsquo;orchestre doit jouer de plus d&rsquo;un instrument dans le m\u00eame concert), mais d&rsquo;un montant exorbitant \u00ab\u00a0au point d&rsquo;\u00eatre dans les faits une technique d&rsquo;obstruction\u00a0\u00bb, et d&rsquo;autre part auraient tenu un vote menant \u00e0 leur refus de jouer la nouvelle \u0153uvre.<\/p>\n<p>En cons\u00e9quence de cette annulation, la cheffe d&rsquo;orchestre Elena Schwartz s&rsquo;est retir\u00e9e des concerts en signe de protestation (elle a \u00e9t\u00e9 remplac\u00e9e par Tito Ceccherini). Sur Instagram, la soliste Carolin Widmann a d\u00e9clar\u00e9 avoir \u00ab\u00a0le c\u0153ur bris\u00e9\u00a0\u00bb de ne pas pouvoir proc\u00e9der \u00e0 la cr\u00e9ation du concerto, ayant pass\u00e9 plusieurs mois \u00e0 \u00ab\u00a0s&rsquo;immerger dans l&rsquo;univers sonore de Clara Ionnetta\u00a0\u00bb.<\/p>\n<p>Des correctifs ont depuis \u00e9t\u00e9 \u00e9mis. Le comit\u00e9 des musicien\u00b7ne\u00b7s de l&rsquo;Orchestre philharmonique d&rsquo;Essen a publi\u00e9 un communiqu\u00e9 rejetant la responsabilit\u00e9 de l&rsquo;annulation sur la direction artistique de l&rsquo;orchestre. Le communiqu\u00e9 pr\u00e9cise \u00e9galement que, bien que la compositrice ait \u00e9t\u00e9 cens\u00e9e livrer le mat\u00e9riel compl\u00e9t\u00e9 d\u00e8s le mois d&rsquo;ao\u00fbt, les derni\u00e8res partitions n&rsquo;auraient \u00e9t\u00e9 obtenues que le 3 octobre, laissant trop peu de temps \u00e0 la pr\u00e9paration et \u00e0 l&rsquo;utilisation s\u00e9curiraire des objets n\u00e9cessaires. Le communiqu\u00e9 mentionne la n\u00e9cessait\u00e9 de trouver des archets de moindre valeur avec lesquels frotter sur des verres en styromousse, et la manipulation de roches \u00e0 proximit\u00e9 des instruments de valeur causant des inqui\u00e9tudes aux instrumentistes. Ils affirment avoir tent\u00e9 jusqu&rsquo;\u00e0 la derni\u00e8re minute de trouver des solutions permettant la cr\u00e9ation de l&rsquo;\u0153uvre.<\/p>\n<p>Le vote mentionn\u00e9 par Iannotta a bel et bien eu lieu, mais il s&rsquo;agissait selon le communiqu\u00e9 d&rsquo;un sondage aupr\u00e8s des membres de l&rsquo;orchestre quant au montant de la r\u00e9mun\u00e9ration en lien avec les cumuls. \u00ab\u00a0La grande majorit\u00e9 des musicien\u00b7ne\u00b7s \u00e9tait pr\u00eate \u00e0 laisser la cr\u00e9ation proc\u00e9der comme convenu,\u00a0\u00bb poursuit le texte. Le dernier paragraphe conclut :<\/p>\n<p>\u00ab\u00a0Nous regrettons la situation qui s&rsquo;est ensuivie et l&rsquo;acrimonie entourant le d\u00e9bat public, qui obscurcit les questions artistiques soulev\u00e9es. Nous esp\u00e9rons que l&rsquo;\u0153uvre de Clara Iannotta et l&rsquo;importance de la musique nouvelle puissent de nouveau prendre leur place au c\u0153ur de la perception publique. Les membres de l&rsquo;Orchestre philharmonique d&rsquo;Essen s&rsquo;investissent avec passion depuis plusieurs ann\u00e9es dans la musique contemporaine et les nouveaux concepts sonores, que ce soit dans le contexte du Festival NOW! ou dans d&rsquo;autres formules de concert.\u00a0\u00bb<\/p>\n<p>De son c\u00f4t\u00e9, l&rsquo;administration de l&rsquo;orchestre a inclus le paragraphe suivant dans l&rsquo;annonce de l&rsquo;annulation : \u00ab\u00a0Le Festival NOW! pr\u00e9sente ses excuses \u00e0 la compositrice Clara Iannotta de ne pas avoir clairement communiqu\u00e9 les conditions li\u00e9es \u00e0 la composition qui lui a \u00e9t\u00e9 command\u00e9e. Par cons\u00e9quence, Claira Iannotta a proc\u00e9d\u00e9 pour sa composition \u00e0 partir de conditions diff\u00e9rentes de celles sugg\u00e9r\u00e9es initialement par le\/la chef\u00b7fe de l&rsquo;orchestre. \u00a0\u00bb (Il n&rsquo;est pas clair si le texte faire r\u00e9f\u00e9rence au chef principal de l&rsquo;orchestre Tom\u00e1\u0161 Netopil ou \u00e0 la cheffe invit\u00e9e Elena Schwarz.)<\/p>\n<p>Le concerto a \u00e9t\u00e9 remplac\u00e9e par la pi\u00e8ce <em>Night in Appen<\/em> de la compositrice russe Elena Firsova, tandis que Carolin Widmann interpr\u00e9tera le <em>Concerto pour violon<\/em> de Berg, qui faisait d\u00e9j\u00e0 partie du programme original.<\/p>\n<h2><em>Inscrivez-vous \u00e0 notre infolettre! La musique classique et l\u2019op\u00e9ra en 5 minutes, chaque jour<\/em> <a href=\"https:\/\/ludwig-van.us9.list-manage.com\/subscribe?u=4f785cb3f9058f2393ccad035&amp;id=b9b160c032\" target=\"_blank\" rel=\"noopener noreferrer\">ICI<\/a>.<\/h2>\n","protected":false},"excerpt":{"rendered":"<p>L&rsquo;annulation de la cr\u00e9ation d&rsquo;un concerto pour violon command\u00e9 \u00e0 la compositrice Clara Iannotta suscite pr\u00e9sentement beaucoup de brouhaha en Allemagne et au-del\u00e0.<\/p>\n","protected":false},"author":55,"featured_media":90342,"comment_status":"open","ping_status":"open","sticky":false,"template":"","format":"standard","meta":{"om_disable_all_campaigns":false,"jetpack_post_was_ever_published":false},"categories":[42299,10992],"tags":[42300,1196,42361],"yst_prominent_words":[23273,18469,7261,10457,7412,9813,10287,13641],"acf":[],"jetpack_featured_media_url":"https:\/\/www.ludwig-van.com\/montreal\/wp-content\/uploads\/sites\/3\/2025\/10\/Copie-de-NOUVELLE1.jpg","jetpack_sharing_enabled":true,"jetpack_shortlink":"https:\/\/wp.me\/p9bdYt-nv7","amp_enabled":true,"_links":{"self":[{"href":"https:\/\/www.ludwig-van.com\/montreal\/wp-json\/wp\/v2\/posts\/90341"}],"collection":[{"href":"https:\/\/www.ludwig-van.com\/montreal\/wp-json\/wp\/v2\/posts"}],"about":[{"href":"https:\/\/www.ludwig-van.com\/montreal\/wp-json\/wp\/v2\/types\/post"}],"author":[{"embeddable":true,"href":"https:\/\/www.ludwig-van.com\/montreal\/wp-json\/wp\/v2\/users\/55"}],"replies":[{"embeddable":true,"href":"https:\/\/www.ludwig-van.com\/montreal\/wp-json\/wp\/v2\/comments?post=90341"}],"version-history":[{"count":12,"href":"https:\/\/www.ludwig-van.com\/montreal\/wp-json\/wp\/v2\/posts\/90341\/revisions"}],"predecessor-version":[{"id":90355,"href":"https:\/\/www.ludwig-van.com\/montreal\/wp-json\/wp\/v2\/posts\/90341\/revisions\/90355"}],"wp:featuredmedia":[{"embeddable":true,"href":"https:\/\/www.ludwig-van.com\/montreal\/wp-json\/wp\/v2\/media\/90342"}],"wp:attachment":[{"href":"https:\/\/www.ludwig-van.com\/montreal\/wp-json\/wp\/v2\/media?parent=90341"}],"wp:term":[{"taxonomy":"category","embeddable":true,"href":"https:\/\/www.ludwig-van.com\/montreal\/wp-json\/wp\/v2\/categories?post=90341"},{"taxonomy":"post_tag","embeddable":true,"href":"https:\/\/www.ludwig-van.com\/montreal\/wp-json\/wp\/v2\/tags?post=90341"},{"taxonomy":"yst_prominent_words","embeddable":true,"href":"https:\/\/www.ludwig-van.com\/montreal\/wp-json\/wp\/v2\/yst_prominent_words?post=90341"}],"curies":[{"name":"wp","href":"https:\/\/api.w.org\/{rel}","templated":true}]}}