{"id":90327,"date":"2025-10-28T16:56:54","date_gmt":"2025-10-28T20:56:54","guid":{"rendered":"https:\/\/www.ludwig-van.com\/montreal\/?p=90327"},"modified":"2025-10-29T14:00:02","modified_gmt":"2025-10-29T18:00:02","slug":"nouvelle-bernard-labadie-et-les-violons-du-roy-le-roi-de-retour-aupres-de-ses-violons","status":"publish","type":"post","link":"https:\/\/www.ludwig-van.com\/montreal\/2025\/10\/28\/nouvelle-bernard-labadie-et-les-violons-du-roy-le-roi-de-retour-aupres-de-ses-violons\/","title":{"rendered":"NOUVELLE | Bernard Labadie et les Violons du Roy : le roi de retour aupr\u00e8s de ses Violons"},"content":{"rendered":"<figure id=\"attachment_90330\" aria-describedby=\"caption-attachment-90330\" style=\"width: 1200px\" class=\"wp-caption aligncenter\"><img decoding=\"async\" loading=\"lazy\" class=\"size-full wp-image-90330\" src=\"https:\/\/www.ludwig-van.com\/montreal\/wp-content\/uploads\/sites\/3\/2025\/10\/Copie-de-NOUVELLE.jpg\" alt=\"Bernard Labadie (Photo : Winnie Au)\" width=\"1200\" height=\"628\" srcset=\"https:\/\/www.ludwig-van.com\/montreal\/wp-content\/uploads\/sites\/3\/2025\/10\/Copie-de-NOUVELLE.jpg 1200w, https:\/\/www.ludwig-van.com\/montreal\/wp-content\/uploads\/sites\/3\/2025\/10\/Copie-de-NOUVELLE-300x157.jpg 300w, https:\/\/www.ludwig-van.com\/montreal\/wp-content\/uploads\/sites\/3\/2025\/10\/Copie-de-NOUVELLE-1024x536.jpg 1024w, https:\/\/www.ludwig-van.com\/montreal\/wp-content\/uploads\/sites\/3\/2025\/10\/Copie-de-NOUVELLE-768x402.jpg 768w\" sizes=\"(max-width: 1200px) 100vw, 1200px\" \/><figcaption id=\"caption-attachment-90330\" class=\"wp-caption-text\">Bernard Labadie (Photo : Winnie Au)<\/figcaption><\/figure>\n<p>Depuis l&rsquo;annonce du d\u00e9part imm\u00e9diat de <strong>Jonathan Cohen<\/strong> faite fin juin, la question se posait : \u00e9tant donn\u00e9 la soudainet\u00e9 du changement, comment les <strong>Violons du Roy<\/strong> allaient-ils combler le vide \u00e0 la direction musicale de l&rsquo;ensemble? La r\u00e9ponse prend la forme d&rsquo;un retour aux sources : les Violons du Roy annoncent aujourd&rsquo;hui que <strong>Bernard Labadie<\/strong>, leur fondateur et directeur musical pendant 30 ans, assumera la direction musicale \u00e0 compter de la saison 2026-2027.<\/p>\n<p>Ce n&rsquo;est pas une exag\u00e9ration de dire, comme le mentionne le communiqu\u00e9 de presse, que <strong>Labadie<\/strong> a fa\u00e7onn\u00e9 l&rsquo;identit\u00e9 artistique de l&rsquo;orchestre : parfois\u00a0 employ\u00e9e lib\u00e9ralement, la formule est incontestable dans ce cas-ci. D&rsquo;ailleurs, Labadie ne s&rsquo;est pas beaucoup \u00e9loign\u00e9 des Violons du Roy depuis qu&rsquo;il en a laiss\u00e9 la direction musicale en 2014, puisqu&rsquo;il est rest\u00e9 au cours de cette p\u00e9riode directeur musical de <strong>La Chapelle de Qu\u00e9bec<\/strong>, le magnifique ensemble vocal partenaire de l&rsquo;orchestre.<\/p>\n<blockquote><p>\u00ab C\u2019est avec immense fiert\u00e9 et gratitude que j\u2019accepte de renouer avec les formidables musiciens des Violons du Roy pour entamer avec eux l\u2019\u00e9criture d\u2019un nouveau chapitre dans l\u2019histoire du groupe. Au cours des prochaines ann\u00e9es, j\u2019aurai le privil\u00e8ge de partager avec notre public la passion commune qui nous consume depuis plus de quarante ans, et que mon pr\u00e9d\u00e9cesseur Jonathan Cohen a su pr\u00e9server intacte. Le temps venu, je collaborerai avec toute l\u2019\u00e9quipe au choix de celui ou celle qui me succ\u00e9dera. Dans la perspective du b\u00e2tisseur d\u2019institution que j\u2019ai toujours \u00e9t\u00e9, la continuit\u00e9 dans l\u2019excellence, le d\u00e9passement, le respect et l\u2019engagement envers notre communaut\u00e9 sont les valeurs cardinales qui guideront mes actions et celles de mes collaborateurs. \u00bb \u2013 Bernard\u00a0 Labadie<\/p><\/blockquote>\n<p>Les Violons du Roy n&rsquo;avancent toujours aucun calendrier pour l&rsquo;arriv\u00e9e d&rsquo;un\u00b7e successeur\u00b7e, mentionnant que le processus est en cours et qu&rsquo;il se poursuivra au cours des prochaines ann\u00e9es. <strong>Bernard Labadie<\/strong> y jouera un r\u00f4le-conseil, appuy\u00e9 sur sa vision \u00e0 long terme et sa connaissance approfondie de l&rsquo;ADN artistique de l&rsquo;ensemble.<\/p>\n<h2><em>Inscrivez-vous \u00e0 notre infolettre! La musique classique et l\u2019op\u00e9ra en 5 minutes, chaque jour<\/em> <a href=\"https:\/\/ludwig-van.us9.list-manage.com\/subscribe?u=4f785cb3f9058f2393ccad035&amp;id=b9b160c032\" target=\"_blank\" rel=\"noopener noreferrer\">ICI<\/a>.<\/h2>\n","protected":false},"excerpt":{"rendered":"<p>Depuis l&rsquo;annonce du d\u00e9part imm\u00e9diat de Jonathan Cohen faite fin juin, la question se posait : \u00e9tant donn\u00e9 la soudainet\u00e9 du changement, comment les Violons du Roy allaient-ils combler le vide \u00e0 la direction musicale de l&rsquo;ensemble? La r\u00e9ponse prend la forme d&rsquo;un retour aux sources : les Violons du Roy annoncent aujourd&rsquo;hui que Bernard Labadie, leur fondateur et directeur musical pendant 30 ans, assumera la direction musicale \u00e0 compter de la saison 2026-2027.<\/p>\n","protected":false},"author":55,"featured_media":90330,"comment_status":"open","ping_status":"open","sticky":false,"template":"","format":"standard","meta":{"om_disable_all_campaigns":false,"jetpack_post_was_ever_published":false},"categories":[42299,10992],"tags":[42300,3503],"yst_prominent_words":[9958,18720,10426,14611,8539,13200,10706,9847,11678,38179,7684,13199,10579,14612,10476,20225,9976,9975,9974],"acf":[],"jetpack_featured_media_url":"https:\/\/www.ludwig-van.com\/montreal\/wp-content\/uploads\/sites\/3\/2025\/10\/Copie-de-NOUVELLE.jpg","jetpack_sharing_enabled":true,"jetpack_shortlink":"https:\/\/wp.me\/p9bdYt-nuT","amp_enabled":true,"_links":{"self":[{"href":"https:\/\/www.ludwig-van.com\/montreal\/wp-json\/wp\/v2\/posts\/90327"}],"collection":[{"href":"https:\/\/www.ludwig-van.com\/montreal\/wp-json\/wp\/v2\/posts"}],"about":[{"href":"https:\/\/www.ludwig-van.com\/montreal\/wp-json\/wp\/v2\/types\/post"}],"author":[{"embeddable":true,"href":"https:\/\/www.ludwig-van.com\/montreal\/wp-json\/wp\/v2\/users\/55"}],"replies":[{"embeddable":true,"href":"https:\/\/www.ludwig-van.com\/montreal\/wp-json\/wp\/v2\/comments?post=90327"}],"version-history":[{"count":9,"href":"https:\/\/www.ludwig-van.com\/montreal\/wp-json\/wp\/v2\/posts\/90327\/revisions"}],"predecessor-version":[{"id":90339,"href":"https:\/\/www.ludwig-van.com\/montreal\/wp-json\/wp\/v2\/posts\/90327\/revisions\/90339"}],"wp:featuredmedia":[{"embeddable":true,"href":"https:\/\/www.ludwig-van.com\/montreal\/wp-json\/wp\/v2\/media\/90330"}],"wp:attachment":[{"href":"https:\/\/www.ludwig-van.com\/montreal\/wp-json\/wp\/v2\/media?parent=90327"}],"wp:term":[{"taxonomy":"category","embeddable":true,"href":"https:\/\/www.ludwig-van.com\/montreal\/wp-json\/wp\/v2\/categories?post=90327"},{"taxonomy":"post_tag","embeddable":true,"href":"https:\/\/www.ludwig-van.com\/montreal\/wp-json\/wp\/v2\/tags?post=90327"},{"taxonomy":"yst_prominent_words","embeddable":true,"href":"https:\/\/www.ludwig-van.com\/montreal\/wp-json\/wp\/v2\/yst_prominent_words?post=90327"}],"curies":[{"name":"wp","href":"https:\/\/api.w.org\/{rel}","templated":true}]}}