{"id":90306,"date":"2025-10-27T16:52:49","date_gmt":"2025-10-27T20:52:49","guid":{"rendered":"https:\/\/www.ludwig-van.com\/montreal\/?p=90306"},"modified":"2025-10-28T14:00:05","modified_gmt":"2025-10-28T18:00:05","slug":"choix-de-la-redaction-musiques-pour-faire-peur","status":"publish","type":"post","link":"https:\/\/www.ludwig-van.com\/montreal\/2025\/10\/27\/choix-de-la-redaction-musiques-pour-faire-peur\/","title":{"rendered":"CHOIX DE LA R\u00c9DACTION | Musiques pour faire peur"},"content":{"rendered":"<figure id=\"attachment_90312\" aria-describedby=\"caption-attachment-90312\" style=\"width: 1200px\" class=\"wp-caption aligncenter\"><img decoding=\"async\" loading=\"lazy\" class=\"wp-image-90312 size-full\" src=\"https:\/\/www.ludwig-van.com\/montreal\/wp-content\/uploads\/sites\/3\/2025\/10\/Copie-de-CONCERTS11-1.jpg\" alt=\"Maximilian Hornung (Photo : Julia Wesely); No\u00e9mie Raymond; ArtChoral (Photo : Tam Photography)\" width=\"1200\" height=\"628\" srcset=\"https:\/\/www.ludwig-van.com\/montreal\/wp-content\/uploads\/sites\/3\/2025\/10\/Copie-de-CONCERTS11-1.jpg 1200w, https:\/\/www.ludwig-van.com\/montreal\/wp-content\/uploads\/sites\/3\/2025\/10\/Copie-de-CONCERTS11-1-300x157.jpg 300w, https:\/\/www.ludwig-van.com\/montreal\/wp-content\/uploads\/sites\/3\/2025\/10\/Copie-de-CONCERTS11-1-1024x536.jpg 1024w, https:\/\/www.ludwig-van.com\/montreal\/wp-content\/uploads\/sites\/3\/2025\/10\/Copie-de-CONCERTS11-1-768x402.jpg 768w\" sizes=\"(max-width: 1200px) 100vw, 1200px\" \/><figcaption id=\"caption-attachment-90312\" class=\"wp-caption-text\">Maximilian Hornung (Photo : Julia Wesely); No\u00e9mie Raymond (Photo : courtoisie); ArtChoral (Photo : Tam Photography)<\/figcaption><\/figure>\n<p>Les concerts de cette semaine ne se soucient pas d&rsquo;adoucir les m\u0153urs : au contraire, c&rsquo;est la semaine pour programmer des musiques troublantes, \u00e9peurantes ou d\u00e9routantes! En cette derni\u00e8re semaine d\u2019octobre o\u00f9 les jeunes et moins jeunes aiment se d\u00e9guiser et d\u00e9corer leur maison pour c\u00e9l\u00e9brer le monde des esprits, nous nous sommes amus\u00e9s \u00e0 affubler nos Choix de la semaine d\u2019adjectifs et autres termes en lien avec Halloween. Saurez-vous tous les rep\u00e9rer ou vous laisserez-vous ensorceler par nos textes envo\u00fbtants?<\/p>\n<h3><\/h3>\n<figure id=\"attachment_90309\" aria-describedby=\"caption-attachment-90309\" style=\"width: 1200px\" class=\"wp-caption aligncenter\"><img decoding=\"async\" loading=\"lazy\" class=\"size-full wp-image-90309\" src=\"https:\/\/www.ludwig-van.com\/montreal\/wp-content\/uploads\/sites\/3\/2025\/10\/Maximilian_Hornung\u00a9JuliaWesely-7.jpg\" alt=\"Maximilian Hornung (Photo : Julia Wesely)\" width=\"1200\" height=\"800\" srcset=\"https:\/\/www.ludwig-van.com\/montreal\/wp-content\/uploads\/sites\/3\/2025\/10\/Maximilian_Hornung\u00a9JuliaWesely-7.jpg 1200w, https:\/\/www.ludwig-van.com\/montreal\/wp-content\/uploads\/sites\/3\/2025\/10\/Maximilian_Hornung\u00a9JuliaWesely-7-300x200.jpg 300w, https:\/\/www.ludwig-van.com\/montreal\/wp-content\/uploads\/sites\/3\/2025\/10\/Maximilian_Hornung\u00a9JuliaWesely-7-1024x683.jpg 1024w, https:\/\/www.ludwig-van.com\/montreal\/wp-content\/uploads\/sites\/3\/2025\/10\/Maximilian_Hornung\u00a9JuliaWesely-7-768x512.jpg 768w\" sizes=\"(max-width: 1200px) 100vw, 1200px\" \/><figcaption id=\"caption-attachment-90309\" class=\"wp-caption-text\">Maximilian Hornung (Photo : Julia Wesely)<\/figcaption><\/figure>\n<h3>OM &#8211; <em>Sortil\u00e8ges Symphoniques<\/em><\/h3>\n<p>L\u2019<b>Orchestre M\u00e9tropolitain<\/b> fait une mini tourn\u00e9e de la grande r\u00e9gion montr\u00e9alaise cette semaine avec un concert o\u00f9 la peur et la mort seront c\u00e9l\u00e9br\u00e9es. Sous la direction de <b>Naomi Woo<\/b>, les musicien\u00b7ne\u00b7s cr\u00e9eront en quelques mesures une atmosph\u00e8re lugubre et angoissante en interpr\u00e9tant <i>Valse de M\u00e9phisto<\/i> de Liszt, <i>Concerto pour violoncelle no 1<\/i> de Chostakovitch avec <b>Maximilian Hornung<\/b> comme soliste, <i>Une nuit sur le mont Chauve<\/i> de Moussorgski et \u00ab Ballet des sorci\u00e8res \u00bb du <i>Macbeth<\/i> de Verdi. \u00c0 ces trois \u0153uvres effrayantes s\u2019ajoutera <i>Androm\u00e8de<\/i> de Augusta Holm\u00e8s lors de la repr\u00e9sentation \u00e0 la Maison symphonique le 1er novembre.<\/p>\n<p>LE 29 OCTOBRE, 19 H 30, \u00c9GLISE STE-SUZANNE DE PIERREFONDS\u00a0 <a href=\"https:\/\/orchestremetropolitain.com\/fr\/concerts\/sortileges-symphoniques\/?show_date_id=9090\" target=\"_blank\" rel=\"noopener\">D\u00c9TAILS ET BILLETS<\/a><\/p>\n<p>LE 30 OCTOBRE, 20 H, \u00c9GLISE ST-JOACHIM DE POINTE-CLAIRE<a href=\"https:\/\/orchestremetropolitain.com\/fr\/concerts\/sortileges-symphoniques\/?show_date_id=9092\" target=\"_blank\" rel=\"noopener\"> D\u00c9TAILS ET BILLETS<\/a><\/p>\n<p>LE 1 NOVEMBRE, 15 H, MAISON SYMPHONIQUE\u00a0 <a href=\"https:\/\/orchestremetropolitain.com\/fr\/concerts\/sortileges-symphoniques\/?show_date_id=9084\" target=\"_blank\" rel=\"noopener\">D\u00c9TAILS ET BILLETS<\/a><\/p>\n<p>LE 2 NOVEMBRE, 15 H, MAISON DE LA CULTURE MERCIER\u00a0 <a href=\"https:\/\/orchestremetropolitain.com\/fr\/concerts\/sortileges-symphoniques\/?show_date_id=9096\" target=\"_blank\" rel=\"noopener\">D\u00c9TAILS ET BILLETS<\/a><\/p>\n<p>&nbsp;<\/p>\n<figure id=\"attachment_90319\" aria-describedby=\"caption-attachment-90319\" style=\"width: 1200px\" class=\"wp-caption aligncenter\"><img decoding=\"async\" loading=\"lazy\" class=\"size-full wp-image-90319\" src=\"https:\/\/www.ludwig-van.com\/montreal\/wp-content\/uploads\/sites\/3\/2025\/10\/Aleksey-Semenenko-\u2013-Maryna-Chorna.png\" alt=\"Aleksey Semenenko (Photo : Maryna Chorna)\" width=\"1200\" height=\"724\" srcset=\"https:\/\/www.ludwig-van.com\/montreal\/wp-content\/uploads\/sites\/3\/2025\/10\/Aleksey-Semenenko-\u2013-Maryna-Chorna.png 1200w, https:\/\/www.ludwig-van.com\/montreal\/wp-content\/uploads\/sites\/3\/2025\/10\/Aleksey-Semenenko-\u2013-Maryna-Chorna-300x181.png 300w, https:\/\/www.ludwig-van.com\/montreal\/wp-content\/uploads\/sites\/3\/2025\/10\/Aleksey-Semenenko-\u2013-Maryna-Chorna-1024x618.png 1024w, https:\/\/www.ludwig-van.com\/montreal\/wp-content\/uploads\/sites\/3\/2025\/10\/Aleksey-Semenenko-\u2013-Maryna-Chorna-768x463.png 768w\" sizes=\"(max-width: 1200px) 100vw, 1200px\" \/><figcaption id=\"caption-attachment-90319\" class=\"wp-caption-text\">Aleksey Semenenko (Photo : Maryna Chorna)<\/figcaption><\/figure>\n<h3>Salle Bourgie &#8211; Aleksei Semenenko et Artem Belogurov<\/h3>\n<p>Le violoniste Aleksei Semenenko a remport\u00e9 le deuxi\u00e8me prix au Concours Reine \u00c9lisabeth en 2015. La revue The Strad a d\u00e9crit son jeu comme \u00e9tant \u00ab\u00a0d&rsquo;un raffinement sans comparaison\u00a0\u00bb. Le pianiste Artem Belogurov est un collaborateur familier, puisqu&rsquo;ils ont enregistr\u00e9 ensemble un album intitul\u00e9 <em>Crossroads<\/em> paru sur \u00e9tiquette BIS. Pour ce r\u00e9cital \u00e0 la Salle Bourgie, ils ont choisi d&rsquo;interpr\u00e9ter de Gabriel Faur\u00e9, Rebecca Clarke et Andr\u00e9 Previn, ainsi que les Trois romances de Robert Schumann.<\/p>\n<p>LE 29 OCTOBRE, 19 H 30, SALLE BOURGIE\u00a0 <a href=\"https:\/\/www.mbam.qc.ca\/fr\/activites\/aleksey-semenenko-violon-artem-belogurov-piano\/\" target=\"_blank\" rel=\"noopener\">D\u00c9TAILS ET BILLETS\u00a0<\/a><\/p>\n<p>&nbsp;<\/p>\n<figure id=\"attachment_52602\" aria-describedby=\"caption-attachment-52602\" style=\"width: 1024px\" class=\"wp-caption aligncenter\"><img decoding=\"async\" loading=\"lazy\" class=\"size-full wp-image-52602\" src=\"https:\/\/www.ludwig-van.com\/montreal\/wp-content\/uploads\/sites\/3\/2018\/03\/Vox-populi-cr-Vivian-Doan-web.jpg\" alt=\"Le quatuor Vox Populi (Cr\u00e9dit: Vivian Doan)\" width=\"1024\" height=\"682\" srcset=\"https:\/\/www.ludwig-van.com\/montreal\/wp-content\/uploads\/sites\/3\/2018\/03\/Vox-populi-cr-Vivian-Doan-web.jpg 1024w, https:\/\/www.ludwig-van.com\/montreal\/wp-content\/uploads\/sites\/3\/2018\/03\/Vox-populi-cr-Vivian-Doan-web-300x200.jpg 300w, https:\/\/www.ludwig-van.com\/montreal\/wp-content\/uploads\/sites\/3\/2018\/03\/Vox-populi-cr-Vivian-Doan-web-768x512.jpg 768w\" sizes=\"(max-width: 1024px) 100vw, 1024px\" \/><figcaption id=\"caption-attachment-52602\" class=\"wp-caption-text\">Le quatuor Voxpopuli (Cr\u00e9dit : Vivian Doan)<\/figcaption><\/figure>\n<h3>Voxpopuli &#8211; Bach &#8211; <i>L\u2019Homme qui voyait des dieux<\/i><\/h3>\n<p>Le <b>Quatuor Voxpopuli<\/b> ne se laisse pas impressionner par les fant\u00f4mes et les vampires et poursuit sa s\u00e9rie \u00ab Un concert, un compositeur \u00bb en se concentrant cette fois sur Bach. Conform\u00e9ment au concept de la s\u00e9rie, le Quatuor interpr\u00e9tera certaines des plus grandes \u0153uvres du compositeur allemand embl\u00e9matique de l\u2019\u00e9poque de la glorification de la souffrance et expliquera pourquoi il les a choisies.<\/p>\n<p>LE 30 OCTOBRE, 19 H, ET LE 1 NOVEMBRE, 15 H, SAINTE-HILDA\u00a0 <a href=\"https:\/\/concertsvoxpopuli.tuxedobillet.com\/main\/bach\" target=\"_blank\" rel=\"noopener\">D\u00c9TAILS ET BILLETS<\/a><\/p>\n<p>&nbsp;<\/p>\n<figure id=\"attachment_76194\" aria-describedby=\"caption-attachment-76194\" style=\"width: 1200px\" class=\"wp-caption aligncenter\"><img decoding=\"async\" loading=\"lazy\" class=\"size-full wp-image-76194\" src=\"https:\/\/www.ludwig-van.com\/montreal\/wp-content\/uploads\/sites\/3\/2023\/05\/Noemie-Raymond-Friset-cr.jpg\" alt=\"No\u00e9mie Raymond-Friset, violoncelliste. (Photo: courtoisie)\" width=\"1200\" height=\"798\" \/><figcaption id=\"caption-attachment-76194\" class=\"wp-caption-text\">No\u00e9mie Raymond-Friset, violoncelliste. (Photo : courtoisie)<\/figcaption><\/figure>\n<h3><em>\u00c9chos du Grand Nord<\/em><\/h3>\n<p>Envie de laisser la grande ville derri\u00e8re vous le temps d&rsquo;une soir\u00e9e? La jeune s\u00e9rie Concerts de Saint-Gr\u00e9goire, dont les \u00e9v\u00e9nements se tiennent \u00e0 la Grande Salle Agri-Culturelle de la ferme Cadet Roussel, s&rsquo;est donn\u00e9 comme mission d&rsquo;unir musique, agriculture et communaut\u00e9 dans une d\u00e9marche artistique, \u00e9cologique et sociale unique au Qu\u00e9bec. Le deuxi\u00e8me concert de la saison r\u00e9unit trois instrumentistes de r\u00e9putation internationale : le violoniste <strong>Timothy Chooi<\/strong>, la violoncelliste <strong>No\u00e9mie Raymond<\/strong>\u00a0et le pianiste <strong>Illia Ovcharenko\u00a0<\/strong>dans un programme combinant Ravel, Debussy, Gli\u00e8re, Silvestrov et Chostakovitch.<\/p>\n<p>LE 30 OCTOBRE, 19 H 30, FERME CADET ROUSSEL\u00a0 <a href=\"https:\/\/lepointdevente.com\/billets\/echos-du-grand-nord?fbclid=IwY2xjawNsqIFleHRuA2FlbQIxMABicmlkETFhcUphc1VFeXNKWlg5Wm1LAR5gnCSWGSCa3zkYXBqZqykJdAGRaRByj7c4gANvcClUhieufZ7l4yeCHl7GYA_aem_ivU21_iOrtRSuslQZD-9Sw&amp;lang=fr\" target=\"_blank\" rel=\"noopener\">D\u00c9TAILS ET BILLETS<\/a><\/p>\n<p>&nbsp;<\/p>\n<figure id=\"attachment_90310\" aria-describedby=\"caption-attachment-90310\" style=\"width: 1200px\" class=\"wp-caption aligncenter\"><img decoding=\"async\" loading=\"lazy\" class=\"size-full wp-image-90310\" src=\"https:\/\/www.ludwig-van.com\/montreal\/wp-content\/uploads\/sites\/3\/2025\/10\/Olivier-Godin-et-Wolfgang-Holzmair_Claudine-Jacques.jpg\" alt=\"Wolfgang Holzmair et Olivier Godin (Photo : Claudine Jacques)\" width=\"1200\" height=\"800\" srcset=\"https:\/\/www.ludwig-van.com\/montreal\/wp-content\/uploads\/sites\/3\/2025\/10\/Olivier-Godin-et-Wolfgang-Holzmair_Claudine-Jacques.jpg 1200w, https:\/\/www.ludwig-van.com\/montreal\/wp-content\/uploads\/sites\/3\/2025\/10\/Olivier-Godin-et-Wolfgang-Holzmair_Claudine-Jacques-300x200.jpg 300w, https:\/\/www.ludwig-van.com\/montreal\/wp-content\/uploads\/sites\/3\/2025\/10\/Olivier-Godin-et-Wolfgang-Holzmair_Claudine-Jacques-1024x683.jpg 1024w, https:\/\/www.ludwig-van.com\/montreal\/wp-content\/uploads\/sites\/3\/2025\/10\/Olivier-Godin-et-Wolfgang-Holzmair_Claudine-Jacques-768x512.jpg 768w\" sizes=\"(max-width: 1200px) 100vw, 1200px\" \/><figcaption id=\"caption-attachment-90310\" class=\"wp-caption-text\">Wolfgang Holzmair et Olivier Godin (Photo : Claudine Jacques)<\/figcaption><\/figure>\n<h3>Wolfgang Holzmair, baryton, &amp; Olivier Godin, piano &#8211; <i>Le voyage d\u2019hiver<\/i> de Schubert<\/h3>\n<p>L\u2019An 2 des lieder de Schubert se poursuit avec l\u2019incontournable <i>Winterreise<\/i> interpr\u00e9t\u00e9 par un duo effarant d\u2019artistes de renom, le baryton autrichien <b>Wolfgang Holzmair<\/b> et le pianiste <b>Olivier Godin<\/b>. L\u2019\u0153uvre de Schubert, \u00e9crite un an avant sa mort, constitue une profonde m\u00e9ditation sur la solitude et le voyage.<\/p>\n<p>LE 30 OCTOBRE, 19 H 30, SALLE BOURGIE\u00a0 <a href=\"https:\/\/www.mbam.qc.ca\/fr\/activites\/wolfgang-holzmair-baryton-olivier-godin-piano-le-voyage-dhiver-de-schubert\/\" target=\"_blank\" rel=\"noopener\">D\u00c9TAILS ET BILLETS<\/a><\/p>\n<p>&nbsp;<\/p>\n<figure id=\"attachment_67089\" aria-describedby=\"caption-attachment-67089\" style=\"width: 1200px\" class=\"wp-caption aligncenter\"><img decoding=\"async\" loading=\"lazy\" class=\"size-full wp-image-67089\" src=\"https:\/\/www.ludwig-van.com\/montreal\/wp-content\/uploads\/sites\/3\/2021\/06\/Pascal-Germain-Berardi-chef-1200-cr-Elias-Touil.jpg\" alt=\"Pascal G. Berardi, chef et fondateur de Temps fort, \u00e0 l'\u00e9glise du Tr\u00e8s-Saint-nom-de-J\u00e9sus, juin 2021. (Photo; Elias Touil)\" width=\"1200\" height=\"800\" \/><figcaption id=\"caption-attachment-67089\" class=\"wp-caption-text\">Pascal Germain-Berardi, chef et fondateur de Temps fort. (Photo : Elias Touil)<\/figcaption><\/figure>\n<h3>Temps fort &#8211; <em>Au ch\u0153ur du Qu\u00e9bec<\/em><\/h3>\n<p><strong>Pascal Germain-Berardi<\/strong> a beau avoir une double identit\u00e9 en tant que growler m\u00e9tal et musicien classique, \u00e7a ne fait pas de lui Jekyll &amp; Hyde pour autant! Vous pouvez assister sans crainte au concert <em>Au ch\u0153ur du Qu\u00e9bec<\/em> qu&rsquo;il dirigera le 30 octobre, soulignant le 60e anniversaire de la Soci\u00e9t\u00e9 de musique contemporaine du Qu\u00e9bec (SMCQ). L&rsquo;ensemble <strong>Temps fort<\/strong> y pr\u00e9sentera une nouvelle mouture du concert qu&rsquo;il a pr\u00e9sent\u00e9 avec succ\u00e8s au Chili au mois d&rsquo;ao\u00fbt dernier. Le concert fera \u00e9galement l&rsquo;objet d&rsquo;un enregistrement qui deviendra le premier album de l&rsquo;ensemble.<\/p>\n<p>LE 30 OCTOBRE, 19 H 30, CHAPELLE NOTRE-DAME-DE-BONSECOURS\u00a0 <a href=\"https:\/\/smcq.qc.ca\/smcq\/fr\/evenement\/47612-au-choeur-du-quebec\" target=\"_blank\" rel=\"noopener\">D\u00c9TAILS ET BILLETS<\/a><\/p>\n<p>&nbsp;<\/p>\n<figure id=\"attachment_89518\" aria-describedby=\"caption-attachment-89518\" style=\"width: 1200px\" class=\"wp-caption aligncenter\"><img decoding=\"async\" loading=\"lazy\" class=\"size-full wp-image-89518\" src=\"https:\/\/www.ludwig-van.com\/montreal\/wp-content\/uploads\/sites\/3\/2025\/09\/Marianne-Trudel_Andre-Chevrier_cropped.jpg\" alt=\"Marianne Trudel (Photo : Andr\u00e9 Chevrier)\" width=\"1200\" height=\"847\" srcset=\"https:\/\/www.ludwig-van.com\/montreal\/wp-content\/uploads\/sites\/3\/2025\/09\/Marianne-Trudel_Andre-Chevrier_cropped.jpg 1200w, https:\/\/www.ludwig-van.com\/montreal\/wp-content\/uploads\/sites\/3\/2025\/09\/Marianne-Trudel_Andre-Chevrier_cropped-300x212.jpg 300w, https:\/\/www.ludwig-van.com\/montreal\/wp-content\/uploads\/sites\/3\/2025\/09\/Marianne-Trudel_Andre-Chevrier_cropped-1024x723.jpg 1024w, https:\/\/www.ludwig-van.com\/montreal\/wp-content\/uploads\/sites\/3\/2025\/09\/Marianne-Trudel_Andre-Chevrier_cropped-768x542.jpg 768w\" sizes=\"(max-width: 1200px) 100vw, 1200px\" \/><figcaption id=\"caption-attachment-89518\" class=\"wp-caption-text\">Marianne Trudel (Photo : Andr\u00e9 Chevrier)<\/figcaption><\/figure>\n<h3>ONJ &#8211; Compositrices d\u2019hier \u00e0 aujourd\u2019hui<\/h3>\n<p>L\u2019<b>Orchestre Nationale de Jazz de Montr\u00e9al<\/b> vous offre un concert avec <b>Marianne Trudel<\/b> \u00e0 la direction mettant \u00e0 l\u2019honneur des compositrices fantastiques et surprenantes du jazz au f\u00e9minin. Que ce soit avec des \u0153uvres de figures historiques telles que Mary Lou Williams et Toshiko Akiyoshi ou avec d\u2019autres plus contemporaines comme <b>Maria Schneider<\/b>, <b>Satoko Fujii<\/b>, <b>Anna Webber<\/b> ou encore la cheffe Marianne Trudel elle-m\u00eame, l\u2019ensemble jazz se donnera corps et \u00e2me dans l\u2019interpr\u00e9tation de ces partitions exigeantes afin de vous offrir une soir\u00e9e \u00e9pouvantablement agr\u00e9able.<\/p>\n<p>LE 30 OCTOBRE, 19 H 30, CINQUI\u00c8ME SALLE\u00a0 <a href=\"https:\/\/www.placedesarts.com\/evenement\/compositrices-hier-aujourdhui-onj\" target=\"_blank\" rel=\"noopener\">D\u00c9TAILS ET BILLETS<\/a><\/p>\n<p>&nbsp;<\/p>\n<figure id=\"attachment_90103\" aria-describedby=\"caption-attachment-90103\" style=\"width: 1200px\" class=\"wp-caption aligncenter\"><img decoding=\"async\" loading=\"lazy\" class=\"size-full wp-image-90103\" src=\"https:\/\/www.ludwig-van.com\/montreal\/wp-content\/uploads\/sites\/3\/2025\/10\/OSM_13-novembre-2024_Antoine-Saito.jpg\" alt=\"OSM et Rafael Payare (Photo : Antoine Saito)\" width=\"1200\" height=\"800\" srcset=\"https:\/\/www.ludwig-van.com\/montreal\/wp-content\/uploads\/sites\/3\/2025\/10\/OSM_13-novembre-2024_Antoine-Saito.jpg 1200w, https:\/\/www.ludwig-van.com\/montreal\/wp-content\/uploads\/sites\/3\/2025\/10\/OSM_13-novembre-2024_Antoine-Saito-300x200.jpg 300w, https:\/\/www.ludwig-van.com\/montreal\/wp-content\/uploads\/sites\/3\/2025\/10\/OSM_13-novembre-2024_Antoine-Saito-1024x683.jpg 1024w, https:\/\/www.ludwig-van.com\/montreal\/wp-content\/uploads\/sites\/3\/2025\/10\/OSM_13-novembre-2024_Antoine-Saito-768x512.jpg 768w\" sizes=\"(max-width: 1200px) 100vw, 1200px\" \/><figcaption id=\"caption-attachment-90103\" class=\"wp-caption-text\">Orchestre symphonique de Montr\u00e9al (Photo : Antoine Saito)<\/figcaption><\/figure>\n<h3>OSM &#8211; <em>L\u2019\u00cele des morts<\/em> \u00e0 l\u2019OSM<\/h3>\n<p>Vous \u00eates invit\u00e9s \u00e0 enfiler votre costume le plus ahurissant pour assister \u00e0 cette soir\u00e9e ensorcelante offerte par l\u2019<b>Orchestre symphonique de Montr\u00e9al <\/b>et la cheffe <b>Dina Gilbert<\/b>. L\u2019Orchestre interpr\u00e9tera l\u2019\u0153uvre angoissante de Rachmaninov <i>L\u2019\u00cele des morts<\/i> accompagn\u00e9e par la projection du film du m\u00eame nom de <b>Lucas van Woerkum<\/b>. D\u2019autres compositions \u00e0 th\u00e9matique glauque sont \u00e9galement au programme, dont <i>Danse macabre<\/i> de Liszt interpr\u00e9t\u00e9 par le laur\u00e9at du Concours OSM 2022 <b>Godwin Friesen<\/b> (en esp\u00e9rant qu\u2019il ne finira pas les doigts ensanglant\u00e9s suite \u00e0 l\u2019interpr\u00e9tation de cette \u0153uvre complexe). Suite \u00e0 ce concert tout sauf funeste, vous \u00eates convi\u00e9s \u00e0 festoyer dans les Foyers lors de la <i>Soir\u00e9e Halloween Spooky Jazz<\/i> avec le groupe jazz <b>Inspirationz<\/b>. Attention, ne rentrez pas trop tard si vous ne voulez pas avoir l\u2019air de morts-vivants le lendemain!<\/p>\n<p>LE 30 OCTOBRE, 20 H 30, MAISON SYMPHONIQUE\u00a0 <a href=\"https:\/\/www.osm.ca\/fr\/concert\/lile-des-morts-a-losm\/\" target=\"_blank\" rel=\"noopener\">D\u00c9TAILS ET BILLETS<\/a><\/p>\n<p>&nbsp;<\/p>\n<figure id=\"attachment_88466\" aria-describedby=\"caption-attachment-88466\" style=\"width: 1200px\" class=\"wp-caption aligncenter\"><img decoding=\"async\" loading=\"lazy\" class=\"size-full wp-image-88466\" src=\"https:\/\/www.ludwig-van.com\/montreal\/wp-content\/uploads\/sites\/3\/2025\/06\/Catherine-St-Arnaud-et-Julien-Leblanc_courtoisie.jpg\" alt=\"Catherine St-Arnaud et Julien LeBlanc (Photo : courtoisie)\" width=\"1200\" height=\"675\" srcset=\"https:\/\/www.ludwig-van.com\/montreal\/wp-content\/uploads\/sites\/3\/2025\/06\/Catherine-St-Arnaud-et-Julien-Leblanc_courtoisie.jpg 1200w, https:\/\/www.ludwig-van.com\/montreal\/wp-content\/uploads\/sites\/3\/2025\/06\/Catherine-St-Arnaud-et-Julien-Leblanc_courtoisie-300x169.jpg 300w, https:\/\/www.ludwig-van.com\/montreal\/wp-content\/uploads\/sites\/3\/2025\/06\/Catherine-St-Arnaud-et-Julien-Leblanc_courtoisie-1024x576.jpg 1024w, https:\/\/www.ludwig-van.com\/montreal\/wp-content\/uploads\/sites\/3\/2025\/06\/Catherine-St-Arnaud-et-Julien-Leblanc_courtoisie-768x432.jpg 768w\" sizes=\"(max-width: 1200px) 100vw, 1200px\" \/><figcaption id=\"caption-attachment-88466\" class=\"wp-caption-text\">Catherine St-Arnaud et Julien LeBlanc (Photo : courtoisie)<\/figcaption><\/figure>\n<h3>Les profs de l&rsquo;UdeM en concert &#8211; <em>Les forces vives de la Jeunesse et de la Nature<\/em><\/h3>\n<div class=\"xdj266r x14z9mp xat24cr x1lziwak x1vvkbs x126k92a\">\n<div dir=\"auto\">M\u00e9lomanes avides d&rsquo;exclusivit\u00e9s, ne manquez pas la cr\u00e9ation mondiale d&rsquo;une m\u00e9lodie in\u00e9dite de Darius Milhaud, qu&rsquo;un chercheur de la Facult\u00e9 de musique de l&rsquo;Universit\u00e9 de Montr\u00e9al, Fran\u00e7ois de M\u00e9dicis, a d\u00e9couverte \u00e0 la Fondation Paul Sacher (Suisse) et transcrite. C&rsquo;est avec l&rsquo;autorisation de la veuve du fils du compositeur qu&rsquo;elle sera cr\u00e9\u00e9e par Catherine St-Arnaud et Julien LeBlanc. Des cordistes de la Facult\u00e9 interpr\u00e9teront deux quatuors \u00e0 cordes, soit le Premier quatuor \u00e0 cordes du m\u00eame compositeur et celui de Debussy. \u00c9galement au programme, deux chants de Lili Boulanger. L&rsquo;entr\u00e9e est libre.<\/div>\n<\/div>\n<p>LE 31 OCTOBRE, 19 H 30, SALLE CLAUDE-CHAMPAGNE\u00a0 <a href=\"https:\/\/calendrier.umontreal.ca\/activite\/les-profs-de-ludem-6\" target=\"_blank\" rel=\"noopener\">D\u00c9TAILS\u00a0<\/a><\/p>\n<p>&nbsp;<\/p>\n<figure id=\"attachment_75835\" aria-describedby=\"caption-attachment-75835\" style=\"width: 1200px\" class=\"wp-caption aligncenter\"><img decoding=\"async\" loading=\"lazy\" class=\"size-full wp-image-75835\" src=\"https:\/\/www.ludwig-van.com\/montreal\/wp-content\/uploads\/sites\/3\/2023\/04\/Orgue_OSM_TUX-Creative-1200.jpg\" alt=\"On f\u00eate les dix ans du Grand Orgue Pierre-B\u00e9ique en 2024. (Photo : Tux Creative)\" width=\"1200\" height=\"800\" \/><figcaption id=\"caption-attachment-75835\" class=\"wp-caption-text\">Grand Orgue Pierre-B\u00e9ique (Photo : Tux Creative)<\/figcaption><\/figure>\n<h3>Jason Roberts, orgue &#8211; <i>Le Fant\u00f4me de l\u2019op\u00e9ra<\/i><\/h3>\n<p>En cette soir\u00e9e o\u00f9 les petits monstres, les sorciers et sorci\u00e8res et les fant\u00f4mes envahissent les rues \u00e0 la recherche des bonbons tant convoit\u00e9s, l\u2019OSM vous invite \u00e0 vous prot\u00e9ger de ces cr\u00e9atures bourr\u00e9es de sucre en assistant \u00e0 la projection du film <i>Le fant\u00f4me de l\u2019op\u00e9ra<\/i>. L\u2019organiste <b>Jason Roberts<\/b> vous donnera des frissons en illustrant musicalement ce chef-d\u2019\u0153uvre immortel qui c\u00e9l\u00e8bre ses 100 ans!<\/p>\n<p>LE 31 OCTOBRE, 19 H 30, MAISON SYMPHONIQUE\u00a0 <a href=\"https:\/\/www.osm.ca\/fr\/concert\/le-fantome-de-lopera\/\" target=\"_blank\" rel=\"noopener\">D\u00c9TAILS ET BILLETS<\/a><\/p>\n<p>&nbsp;<\/p>\n<figure id=\"attachment_90196\" aria-describedby=\"caption-attachment-90196\" style=\"width: 1200px\" class=\"wp-caption aligncenter\"><img decoding=\"async\" loading=\"lazy\" class=\"size-full wp-image-90196\" src=\"https:\/\/www.ludwig-van.com\/montreal\/wp-content\/uploads\/sites\/3\/2025\/10\/La-Veuve-joyeuse_cropped.jpg\" alt=\"(Photo : courtoisie Op\u00e9ra Bouffe du Qu\u00e9bec)\" width=\"1200\" height=\"741\" srcset=\"https:\/\/www.ludwig-van.com\/montreal\/wp-content\/uploads\/sites\/3\/2025\/10\/La-Veuve-joyeuse_cropped.jpg 1200w, https:\/\/www.ludwig-van.com\/montreal\/wp-content\/uploads\/sites\/3\/2025\/10\/La-Veuve-joyeuse_cropped-300x185.jpg 300w, https:\/\/www.ludwig-van.com\/montreal\/wp-content\/uploads\/sites\/3\/2025\/10\/La-Veuve-joyeuse_cropped-1024x632.jpg 1024w, https:\/\/www.ludwig-van.com\/montreal\/wp-content\/uploads\/sites\/3\/2025\/10\/La-Veuve-joyeuse_cropped-768x474.jpg 768w\" sizes=\"(max-width: 1200px) 100vw, 1200px\" \/><figcaption id=\"caption-attachment-90196\" class=\"wp-caption-text\">(Photo : courtoisie Op\u00e9ra Bouffe du Qu\u00e9bec)<\/figcaption><\/figure>\n<h3>Op\u00e9ra Bouffe du Qu\u00e9bec &#8211; <em>La veuve joyeuse<\/em><\/h3>\n<p>Vous pr\u00e9f\u00e9rez les costumes qui font rire \u00e0 ceux qui font peur? Les membres de l&rsquo;Op\u00e9ra Bouffe du Qu\u00e9bec n&rsquo;ont pas besoin du pr\u00e9texte de l&rsquo;Halloween pour enfiler les leurs : les repr\u00e9sentations de leur production de <em>La veuve joyeuse<\/em> entam\u00e9es la semaine derni\u00e8re se poursuivent cette fin de semaine-ci. Pour en savoir plus, consultez <a href=\"https:\/\/www.ludwig-van.com\/montreal\/2025\/10\/22\/entrevue-julien-patenaude-chef-enjoue-de-la-veuve-joyeuse-lopera-bouffe-du-quebec\/\" target=\"_blank\" rel=\"noopener\">notre entrevue avec le directeur musical Julien Patenaude<\/a>.<\/p>\n<p>LE 31 OCTOBRE, 19 H 30; LES 1 ET 2 NOVEMBRE, 15 H MAISON DES ARTS DE LAVAL\u00a0 D\u00c9TAILS ET BILLETS<\/p>\n<h3><\/h3>\n<figure id=\"attachment_89985\" aria-describedby=\"caption-attachment-89985\" style=\"width: 1200px\" class=\"wp-caption aligncenter\"><img decoding=\"async\" loading=\"lazy\" class=\"size-full wp-image-89985\" src=\"https:\/\/www.ludwig-van.com\/montreal\/wp-content\/uploads\/sites\/3\/2025\/10\/QuatuorMolinari2_2025_cropped.jpg\" alt=\"Quatuor Molinari (Photo : courtoisie Quatuor Molinari)\" width=\"1200\" height=\"857\" srcset=\"https:\/\/www.ludwig-van.com\/montreal\/wp-content\/uploads\/sites\/3\/2025\/10\/QuatuorMolinari2_2025_cropped.jpg 1200w, https:\/\/www.ludwig-van.com\/montreal\/wp-content\/uploads\/sites\/3\/2025\/10\/QuatuorMolinari2_2025_cropped-300x214.jpg 300w, https:\/\/www.ludwig-van.com\/montreal\/wp-content\/uploads\/sites\/3\/2025\/10\/QuatuorMolinari2_2025_cropped-1024x731.jpg 1024w, https:\/\/www.ludwig-van.com\/montreal\/wp-content\/uploads\/sites\/3\/2025\/10\/QuatuorMolinari2_2025_cropped-768x548.jpg 768w\" sizes=\"(max-width: 1200px) 100vw, 1200px\" \/><figcaption id=\"caption-attachment-89985\" class=\"wp-caption-text\">Quatuor Molinari (Photo : courtoisie Quatuor Molinari)<\/figcaption><\/figure>\n<h3>Quatuor Molinari &#8211; <em>Musique \u00e0 voir<\/em><\/h3>\n<p>Dimanche, la semaine de la F\u00eate des morts sera termin\u00e9e, et nous esp\u00e9rons que les soir\u00e9es \u00e0 festoyer ou la quantit\u00e9 de bonbons ing\u00e9r\u00e9e ne vous aura pas rendu zombie car il reste des concerts auquel assister! Le <b>Quatuor Molinari<\/b> poursuit sa collaboration avec la Fondation Guido Molinari en lan\u00e7ant une s\u00e9rie pr\u00e9sent\u00e9e dans les murs de ladite Fondation, <i>Musique \u00e0 voir<\/i>. Pour la premi\u00e8re repr\u00e9sentation, le Quatuor honorera diff\u00e9rentes personnes en jouant une \u0153uvre \u00e9crite par le qu\u00e9b\u00e9cois <b>Denis Dion<\/b> en l\u2019honneur de Guido Molinari, <i>Coin Darling<\/i>, <i>C(h)\u0153ur en expansion<\/i>, une cr\u00e9ation compos\u00e9e par <b>Michel Gonneville <\/b>en hommage au grand b\u00e2tisseur du Qu\u00e9bec d\u00e9c\u00e9d\u00e9 en septembre, Guy Rocher, et le <i>12<\/i><i>e<\/i><i> Quatuor<\/i> de Dimitri Chostakovitch d\u00e9di\u00e9 au violoniste Dimitri Tsyganov. \u00c9galement au programme, le <i>Quatuor no 1<\/i> du compositeur canadien R. Murray Schafer. Le concert se tient au c\u0153ur de l\u2019exposition \u00abI am here\u00bb de la c\u00e9l\u00e8bre artiste Irene F. Whittome, qui \u00e9tait aussi une grande amie de Guido Molinari et une de ses coll\u00e8gues \u00e0 l&rsquo;Universit\u00e9 Concordia. Les billets se venderont \u00e0 la porte le jour de l\u2019\u00e9v\u00e9nement au co\u00fbt de 20$.<\/p>\n<p>LE 2 NOVEMBRE, 15 H, FONDATION GUIDO MOLINARI\u00a0 <a href=\"https:\/\/quatuormolinari.qc.ca\/event\/musique-a-voir-6\/\" target=\"_blank\" rel=\"noopener\">D\u00c9TAILS<\/a><\/p>\n<p>&nbsp;<\/p>\n<figure id=\"attachment_86874\" aria-describedby=\"caption-attachment-86874\" style=\"width: 1200px\" class=\"wp-caption aligncenter\"><img decoding=\"async\" loading=\"lazy\" class=\"size-full wp-image-86874\" src=\"https:\/\/www.ludwig-van.com\/montreal\/wp-content\/uploads\/sites\/3\/2025\/03\/EnsembleArtChoral-TamPhotography-35.jpg\" alt=\"Ensemble ArtChoral (Photo : Tam Photography)\" width=\"1200\" height=\"798\" srcset=\"https:\/\/www.ludwig-van.com\/montreal\/wp-content\/uploads\/sites\/3\/2025\/03\/EnsembleArtChoral-TamPhotography-35.jpg 1200w, https:\/\/www.ludwig-van.com\/montreal\/wp-content\/uploads\/sites\/3\/2025\/03\/EnsembleArtChoral-TamPhotography-35-300x200.jpg 300w, https:\/\/www.ludwig-van.com\/montreal\/wp-content\/uploads\/sites\/3\/2025\/03\/EnsembleArtChoral-TamPhotography-35-1024x681.jpg 1024w, https:\/\/www.ludwig-van.com\/montreal\/wp-content\/uploads\/sites\/3\/2025\/03\/EnsembleArtChoral-TamPhotography-35-768x511.jpg 768w\" sizes=\"(max-width: 1200px) 100vw, 1200px\" \/><figcaption id=\"caption-attachment-86874\" class=\"wp-caption-text\">Ensemble ArtChoral (Photo : Tam Photography)<\/figcaption><\/figure>\n<h3>ArtChoral &#8211; <em>Une soir\u00e9e viennoise<\/em><\/h3>\n<p>Sous la direction du chef Matthias Maute, ArtChoral nous invite \u00e0 laisser derri\u00e8re nous \u00e9pouvantes et cr\u00e9atures lugubres pour nous plonger plut\u00f4t dans l&rsquo;\u00e9motion et l&rsquo;\u00e9l\u00e9gance de la Vienne imp\u00e9riale du XIXe si\u00e8cle. Les <em>Liebeslieder<\/em> de Johannes Brahms c\u00f4toieront les airs tourbillonnants de Johann Strauss II et les m\u00e9lodies po\u00e9tiques de Franz Schubert, interpr\u00e9t\u00e9s par les voix de l\u2019Ensemble ArtChoral, accompagn\u00e9s au<br \/>\npiano par \u00c9tienne G\u00e9nier et Guillaume St. Cyr.<\/p>\n<p>LE 2 NOVEMBRE, 19 H, MAISON SYMPHONIQUE\u00a0 <a href=\"https:\/\/www.placedesarts.com\/evenement\/une-soiree-viennoise\" target=\"_blank\" rel=\"noopener\">D\u00c9TAILS ET BILLETS<\/a><\/p>\n<h2><em>Inscrivez-vous \u00e0 notre infolettre! La musique classique et l\u2019op\u00e9ra en 5 minutes, chaque jour<\/em> <a href=\"https:\/\/ludwig-van.us9.list-manage.com\/subscribe?u=4f785cb3f9058f2393ccad035&amp;id=b9b160c032\" target=\"_blank\" rel=\"noopener noreferrer\">ICI<\/a>.<\/h2>\n","protected":false},"excerpt":{"rendered":"<p>Les concerts de cette semaine ne se soucient pas d&rsquo;adoucir les m\u0153urs : au contraire, c&rsquo;est la semaine pour programmer des musiques troublantes, \u00e9peurantes ou d\u00e9routantes!<\/p>\n","protected":false},"author":1,"featured_media":90312,"comment_status":"open","ping_status":"open","sticky":false,"template":"","format":"standard","meta":{"om_disable_all_campaigns":false,"jetpack_post_was_ever_published":false},"categories":[42299,10994],"tags":[42300,42360,2521,4485,11846,2542,6235,20146],"yst_prominent_words":[9878,9863,26052,21882,26053,14333,14899,11700,11696,13116,13118,26054],"acf":[],"jetpack_featured_media_url":"https:\/\/www.ludwig-van.com\/montreal\/wp-content\/uploads\/sites\/3\/2025\/10\/Copie-de-CONCERTS11-1.jpg","jetpack_sharing_enabled":true,"jetpack_shortlink":"https:\/\/wp.me\/p9bdYt-nuy","amp_enabled":true,"_links":{"self":[{"href":"https:\/\/www.ludwig-van.com\/montreal\/wp-json\/wp\/v2\/posts\/90306"}],"collection":[{"href":"https:\/\/www.ludwig-van.com\/montreal\/wp-json\/wp\/v2\/posts"}],"about":[{"href":"https:\/\/www.ludwig-van.com\/montreal\/wp-json\/wp\/v2\/types\/post"}],"author":[{"embeddable":true,"href":"https:\/\/www.ludwig-van.com\/montreal\/wp-json\/wp\/v2\/users\/1"}],"replies":[{"embeddable":true,"href":"https:\/\/www.ludwig-van.com\/montreal\/wp-json\/wp\/v2\/comments?post=90306"}],"version-history":[{"count":15,"href":"https:\/\/www.ludwig-van.com\/montreal\/wp-json\/wp\/v2\/posts\/90306\/revisions"}],"predecessor-version":[{"id":90329,"href":"https:\/\/www.ludwig-van.com\/montreal\/wp-json\/wp\/v2\/posts\/90306\/revisions\/90329"}],"wp:featuredmedia":[{"embeddable":true,"href":"https:\/\/www.ludwig-van.com\/montreal\/wp-json\/wp\/v2\/media\/90312"}],"wp:attachment":[{"href":"https:\/\/www.ludwig-van.com\/montreal\/wp-json\/wp\/v2\/media?parent=90306"}],"wp:term":[{"taxonomy":"category","embeddable":true,"href":"https:\/\/www.ludwig-van.com\/montreal\/wp-json\/wp\/v2\/categories?post=90306"},{"taxonomy":"post_tag","embeddable":true,"href":"https:\/\/www.ludwig-van.com\/montreal\/wp-json\/wp\/v2\/tags?post=90306"},{"taxonomy":"yst_prominent_words","embeddable":true,"href":"https:\/\/www.ludwig-van.com\/montreal\/wp-json\/wp\/v2\/yst_prominent_words?post=90306"}],"curies":[{"name":"wp","href":"https:\/\/api.w.org\/{rel}","templated":true}]}}