{"id":90297,"date":"2025-10-27T11:51:44","date_gmt":"2025-10-27T15:51:44","guid":{"rendered":"https:\/\/www.ludwig-van.com\/montreal\/?p=90297"},"modified":"2025-10-27T14:00:03","modified_gmt":"2025-10-27T18:00:03","slug":"nouvelle-elisabeth-pion-recolte-le-premier-prix-au-concours-honens","status":"publish","type":"post","link":"https:\/\/www.ludwig-van.com\/montreal\/2025\/10\/27\/nouvelle-elisabeth-pion-recolte-le-premier-prix-au-concours-honens\/","title":{"rendered":"NOUVELLE | \u00c9lisabeth Pion r\u00e9colte le premier prix au Concours Honens"},"content":{"rendered":"<figure id=\"attachment_90303\" aria-describedby=\"caption-attachment-90303\" style=\"width: 1200px\" class=\"wp-caption aligncenter\"><img decoding=\"async\" loading=\"lazy\" class=\"size-full wp-image-90303\" src=\"https:\/\/www.ludwig-van.com\/montreal\/wp-content\/uploads\/sites\/3\/2025\/10\/Copie-de-NOUVELLE11-1.jpg\" alt=\"\u00c9lisabeth Pion (Photo : courtoisie Concours international de piano Honens)\" width=\"1200\" height=\"628\" srcset=\"https:\/\/www.ludwig-van.com\/montreal\/wp-content\/uploads\/sites\/3\/2025\/10\/Copie-de-NOUVELLE11-1.jpg 1200w, https:\/\/www.ludwig-van.com\/montreal\/wp-content\/uploads\/sites\/3\/2025\/10\/Copie-de-NOUVELLE11-1-300x157.jpg 300w, https:\/\/www.ludwig-van.com\/montreal\/wp-content\/uploads\/sites\/3\/2025\/10\/Copie-de-NOUVELLE11-1-1024x536.jpg 1024w, https:\/\/www.ludwig-van.com\/montreal\/wp-content\/uploads\/sites\/3\/2025\/10\/Copie-de-NOUVELLE11-1-768x402.jpg 768w\" sizes=\"(max-width: 1200px) 100vw, 1200px\" \/><figcaption id=\"caption-attachment-90303\" class=\"wp-caption-text\">\u00c9lisabeth Pion (Photo : courtoisie Concours international de piano Honens)<\/figcaption><\/figure>\n<p>La conclusion du Concours international de piano Honens vendredi soir dernier, \u00e0 Calgary, a scell\u00e9 le couronnement d&rsquo;<strong>\u00c9lisabeth Pion<\/strong>, qui s&rsquo;y est m\u00e9rit\u00e9 le premier prix. Les \u00e9preuves finales du Concours comprenaient une entrevue en anglais avec la journaliste culturelle <strong>Katherine Duncan<\/strong> et deux rondes intensives de prestations. C&rsquo;est par ses interpr\u00e9tations du <a href=\"https:\/\/www.youtube.com\/live\/3DzQ0l_ectg?si=laMnBBZcg6kTX4wk&amp;t=2393\" target=\"_blank\" rel=\"noopener\"><em>Quintette avec piano<\/em> de C\u00e9sar Franck, ex\u00e9cut\u00e9e en compagnie du <strong>Quatuor Isidore<\/strong><\/a>, et du <a href=\"https:\/\/www.youtube.com\/live\/ZPa6T1gIGzo?si=oCukwxZeV3YGcJoz&amp;t=10939\" target=\"_blank\" rel=\"noopener\"><em>Troisi\u00e8me concerto pour piano<\/em> de Prokofiev, accompagn\u00e9e de l&rsquo;<strong>Orchestre philharmonique de Calgary<\/strong> et du chef <strong>Elias<\/strong> <strong>Grandy<\/strong><\/a>, que la pianiste qu\u00e9b\u00e9coise a achev\u00e9 de convaincre le jury et le public.<\/p>\n<p>Additionnellement au prix d&rsquo;une valeur de 100 000 $ et de l&rsquo;acc\u00e8s au programme de d\u00e9veloppement artistique et professionnel Honens, d&rsquo;une valeur estim\u00e9e de 500 000 $, <strong>\u00c9lisabeth Pion<\/strong> a remport\u00e9 le prix du public d&rsquo;une valeur de 5 000 $.<\/p>\n<p>Le laur\u00e9at du deuxi\u00e8me prix,<strong> Carter Johnson<\/strong>, remporte pour sa part un prix d&rsquo;une valeur de 40 000 $, tandis qu&rsquo;<strong>Anastasia Vorotnaya<\/strong> cumule le troisi\u00e8me prix (20 000 $) et le prix de la Meilleure interpr\u00e9tation de l&rsquo;\u0153uvre impos\u00e9e (5 000 $), soit <em>Fracture<\/em> du compositeur<strong> Iman Habibi<\/strong>.<\/p>\n<p>Le jury \u00e9tait compos\u00e9 de <strong>Philippe Bianconi<\/strong>, <strong>Jenny Bilfield<\/strong>, <strong>Janina Fialkowska<\/strong>, <strong>Leila Getz<\/strong>, <strong>Anne-Marie McDermott<\/strong>, <strong>Roberto Plano<\/strong>, et <strong>Awadagin Pratt<\/strong>.<\/p>\n<blockquote><p>\u00ab\u00a0Nous somme honor\u00e9s d&rsquo;accueillir \u00c9lisabeth au sein de la famille Honens, alors qu&rsquo;elle a fait preuve d&rsquo;excellence artistique et d&rsquo;un engagement sans faille envers les valeurs repr\u00e9sent\u00e9es par Honens. Son int\u00e9grit\u00e9 et sa vision humaniste de ce que signifie \u00eatre une Artiste compl\u00e8te sont une inspiration, en musique et au-del\u00e0.\u00a0\u00bb &#8211; Amanda Smith, PDG de Honens<\/p><\/blockquote>\n<p>Au cours des trois prochaines ann\u00e9es, <strong>\u00c9lisabeth Pion<\/strong> sera soutenue par le Programme de d\u00e9veloppement artistique et professionnel Honens. Selon les besoins de la laur\u00e9ate, ce programme peut comprendre des r\u00e9citals de lancement \u00e0 travers le monde, dont par exemple \u00e0 Berlin, Londres, New York ou Toronto; des rencontres avec des g\u00e9rant\u00b7e\u00b7s d&rsquo;artistes; du coaching et du mentorat; de l&rsquo;instruction en pr\u00e9sentation publique aupr\u00e8s des m\u00e9dias; l&rsquo;apprentissage de nouvelles langues; des occasions d&rsquo;\u00e9laborer des programmations ou des collaborations ciblant des segments de public sp\u00e9cifiques; des r\u00e9sidences et projets sp\u00e9ciaux; et la production, la publication et la distribution d&rsquo;enregistrements professionnels.<\/p>\n<h3>\u00c9lisabeth Pion<\/h3>\n<p>N\u00e9e \u00e0 Saint-Hyacinthe et ayant \u00e9tudi\u00e9 en Italie, au Royaume-Uni et \u00e0 Montr\u00e9al, \u00c9lisabeth Pion a grandi dans une maisonn\u00e9e remplie de musique. Elle d\u00e9bute l&rsquo;apprentissage du piano \u00e0 cinq ans. Rapidement, elle d\u00e9veloppe une relation physique intuitive avec le clavier et peut jouer pendant des heures de suite. Elle aime la science, la litt\u00e9rature et la philosophie, mais d\u00e9cide \u00e0 l&rsquo;\u00e2ge de 19 ans de poursuivre une carri\u00e8re en musique.<\/p>\n<p>Apr\u00e8s avoir \u00e9tudi\u00e9 \u00e0 Montr\u00e9al, elle s&rsquo;installe \u00e0 Londres, au Royaume-Uni, pour y poursuivre sa formation. Surmontant la terreur absolue inspir\u00e9e par ses premiers cours d&rsquo;improvisation, elle persiste et se met rapidement \u00e0 forger ses propres cadences et m\u00eame \u00e0 composer. Elle a d&rsquo;ailleurs interpr\u00e9t\u00e9 <a href=\"https:\/\/www.youtube.com\/live\/Kj4G0Yeye4M?si=dUTMboRlyZRyU0A6&amp;t=3610\" target=\"_blank\" rel=\"noopener\">une de ses propres compositions, <em>Sept mers \u00e9parses<\/em>, en demi-finale du Concours Honens<\/a>.<\/p>\n<p>\u00c9lisabeth Pion se d\u00e9lecte de la sonorit\u00e9 du piano, des possibilit\u00e9s de polyphonie complexe qu&rsquo;il permet, ainsi que de sa polyvalence en tant qu&rsquo;instrument \u00e0 la fois lyrique et percussif. Elle est fermement convaincue que la voix du piano rejoint les publics de tous les horizons, peu importe leurs pr\u00e9f\u00e9rences musicales.<\/p>\n<p>\u00ab\u00a0Les prestations en concert sont une fa\u00e7on de partager en temps r\u00e9el une connexion profonde avec les autres, envelop\u00e9e d&rsquo;un sens accru de prise de conscience et de transcendance \u00e0 travers l&rsquo;art\u00a0\u00bb, dit la laur\u00e9ate du premier prix.<\/p>\n<p>Au sujet des concours, \u00c9lisabeth Pion appr\u00e9cie la pr\u00e9paration rigoureuse qu&rsquo;ils exigent, ainsi que la qu\u00eate infinie pour atteindre un niveau sup\u00e9rieur de compr\u00e9hension et de savoir-faire. M\u00eame lorsqu&rsquo;elle ne se rend pas aux rondes sup\u00e9rieures, elle profite de l&rsquo;occasion qu&rsquo;ils offrent de ma\u00eetriser du nouveau r\u00e9pertoire, de d\u00e9velopper de nouvelles amiti\u00e9s et de d\u00e9couvrir de nouveaux endroits.<\/p>\n<h2><em>Inscrivez-vous \u00e0 notre infolettre! La musique classique et l\u2019op\u00e9ra en 5 minutes, chaque jour<\/em> <a href=\"https:\/\/ludwig-van.us9.list-manage.com\/subscribe?u=4f785cb3f9058f2393ccad035&amp;id=b9b160c032\" target=\"_blank\" rel=\"noopener noreferrer\">ICI<\/a>.<\/h2>\n","protected":false},"excerpt":{"rendered":"<p>La conclusion du Concours international de piano Honens vendredi soir dernier, \u00e0 Calgary, a scell\u00e9 le couronnement d&rsquo;\u00c9lisabeth Pion, qui s&rsquo;y est m\u00e9rit\u00e9 le premier prix.<\/p>\n","protected":false},"author":55,"featured_media":90303,"comment_status":"open","ping_status":"open","sticky":false,"template":"","format":"standard","meta":{"om_disable_all_campaigns":false,"jetpack_post_was_ever_published":false},"categories":[42299,10992],"tags":[42300,1571],"yst_prominent_words":[39252,12254,11222,20264,20267,14133,29072],"acf":[],"jetpack_featured_media_url":"https:\/\/www.ludwig-van.com\/montreal\/wp-content\/uploads\/sites\/3\/2025\/10\/Copie-de-NOUVELLE11-1.jpg","jetpack_sharing_enabled":true,"jetpack_shortlink":"https:\/\/wp.me\/p9bdYt-nup","amp_enabled":true,"_links":{"self":[{"href":"https:\/\/www.ludwig-van.com\/montreal\/wp-json\/wp\/v2\/posts\/90297"}],"collection":[{"href":"https:\/\/www.ludwig-van.com\/montreal\/wp-json\/wp\/v2\/posts"}],"about":[{"href":"https:\/\/www.ludwig-van.com\/montreal\/wp-json\/wp\/v2\/types\/post"}],"author":[{"embeddable":true,"href":"https:\/\/www.ludwig-van.com\/montreal\/wp-json\/wp\/v2\/users\/55"}],"replies":[{"embeddable":true,"href":"https:\/\/www.ludwig-van.com\/montreal\/wp-json\/wp\/v2\/comments?post=90297"}],"version-history":[{"count":5,"href":"https:\/\/www.ludwig-van.com\/montreal\/wp-json\/wp\/v2\/posts\/90297\/revisions"}],"predecessor-version":[{"id":90308,"href":"https:\/\/www.ludwig-van.com\/montreal\/wp-json\/wp\/v2\/posts\/90297\/revisions\/90308"}],"wp:featuredmedia":[{"embeddable":true,"href":"https:\/\/www.ludwig-van.com\/montreal\/wp-json\/wp\/v2\/media\/90303"}],"wp:attachment":[{"href":"https:\/\/www.ludwig-van.com\/montreal\/wp-json\/wp\/v2\/media?parent=90297"}],"wp:term":[{"taxonomy":"category","embeddable":true,"href":"https:\/\/www.ludwig-van.com\/montreal\/wp-json\/wp\/v2\/categories?post=90297"},{"taxonomy":"post_tag","embeddable":true,"href":"https:\/\/www.ludwig-van.com\/montreal\/wp-json\/wp\/v2\/tags?post=90297"},{"taxonomy":"yst_prominent_words","embeddable":true,"href":"https:\/\/www.ludwig-van.com\/montreal\/wp-json\/wp\/v2\/yst_prominent_words?post=90297"}],"curies":[{"name":"wp","href":"https:\/\/api.w.org\/{rel}","templated":true}]}}