{"id":90243,"date":"2025-10-22T16:59:40","date_gmt":"2025-10-22T20:59:40","guid":{"rendered":"https:\/\/www.ludwig-van.com\/montreal\/?p=90243"},"modified":"2025-10-24T14:00:04","modified_gmt":"2025-10-24T18:00:04","slug":"nouvelle-osq-retour-aux-sources-pour-sheila-jaffe-nouvelle-violon-solo","status":"publish","type":"post","link":"https:\/\/www.ludwig-van.com\/montreal\/2025\/10\/22\/nouvelle-osq-retour-aux-sources-pour-sheila-jaffe-nouvelle-violon-solo\/","title":{"rendered":"NOUVELLE | OSQ : Retour aux sources pour Sheila Jaffe, nouvelle violon solo"},"content":{"rendered":"<figure id=\"attachment_90244\" aria-describedby=\"caption-attachment-90244\" style=\"width: 1200px\" class=\"wp-caption aligncenter\"><img decoding=\"async\" loading=\"lazy\" class=\"size-full wp-image-90244\" src=\"https:\/\/www.ludwig-van.com\/montreal\/wp-content\/uploads\/sites\/3\/2025\/10\/Copie-de-NOUVELLE14.jpg\" alt=\"Sheila Jaffe (Photo : courtoisie OSQ)\" width=\"1200\" height=\"628\" srcset=\"https:\/\/www.ludwig-van.com\/montreal\/wp-content\/uploads\/sites\/3\/2025\/10\/Copie-de-NOUVELLE14.jpg 1200w, https:\/\/www.ludwig-van.com\/montreal\/wp-content\/uploads\/sites\/3\/2025\/10\/Copie-de-NOUVELLE14-300x157.jpg 300w, https:\/\/www.ludwig-van.com\/montreal\/wp-content\/uploads\/sites\/3\/2025\/10\/Copie-de-NOUVELLE14-1024x536.jpg 1024w, https:\/\/www.ludwig-van.com\/montreal\/wp-content\/uploads\/sites\/3\/2025\/10\/Copie-de-NOUVELLE14-768x402.jpg 768w\" sizes=\"(max-width: 1200px) 100vw, 1200px\" \/><figcaption id=\"caption-attachment-90244\" class=\"wp-caption-text\">Sheila Jaffe (Photo : courtoisie OSQ)<\/figcaption><\/figure>\n<p>La vie est remplie de surprises : la <strong>Sheila Jaffe<\/strong> adolescente, \u00e9tudiante au Conservatoire de musique de Qu\u00e9bec dans la classe de <strong>Catherine Dallaire<\/strong>, ne pouvait s\u00fbrement pas s&rsquo;imaginer qu&rsquo;elle reviendrait un jour dans la m\u00eame ville en tant que violon solo de l&rsquo;orchestre, assise pr\u00e9cis\u00e9ment aux c\u00f4t\u00e9s de son ancienne professeure. C&rsquo;est pourtant la r\u00e9alit\u00e9 qui l&rsquo;attend \u00e0 partir de janvier prochain, \u00e0 la suite de sa nomination au poste de violon solo du plus ancien orchestre au Canada, annonc\u00e9e officiellement aujourd&rsquo;hui par l&rsquo;<strong>Orchestre symphonique de Qu\u00e9bec<\/strong> (<strong>OSQ<\/strong>).<\/p>\n<p>Sa nomination est le r\u00e9sultat d&rsquo;un long processus rigoureux au cours duquel les candidat\u00b7e\u00b7s, s\u00e9lectionn\u00e9\u00b7e\u00b7s lors d&rsquo;auditions \u00e0 l&rsquo;aveugle, ont \u00e9t\u00e9 invit\u00e9\u00b7e\u00b7s \u00e0 se joindre \u00e0 l&rsquo;orchestre pour des phases de r\u00e9p\u00e9titions et de concerts, des auditions individuelles suppl\u00e9mentaires et m\u00eame des s\u00e9ances de musique de chambre. Un comit\u00e9 d&rsquo;audition, compos\u00e9 de treize membres de l&rsquo;Orchestre et pr\u00e9sid\u00e9 par son directeur musical <strong>Clemens Schuldt<\/strong>, \u00e9tait charg\u00e9 de prendre la d\u00e9cision finale.<\/p>\n<blockquote><p>\u00ab Sheila est une partenaire artistique d\u2019une rare sensibilit\u00e9, ouverte et curieuse, dot\u00e9e d\u2019une remarquable richesse stylistique. Son jeu chaleureux et expressif saura toucher le public, tout comme sa personnalit\u00e9 bienveillante fera d\u2019elle une ambassadrice id\u00e9ale pour notre Orchestre. Je souhaite aussi exprimer ma profonde reconnaissance envers les musiciennes et musiciens qui ont occup\u00e9 par int\u00e9rim les diff\u00e9rents postes de violon solo et d&rsquo;assistant au fil des derni\u00e8res ann\u00e9es, en particulier Catherine Dallaire au poste de violon solo, Julie Tanguay, Beno\u00eet Cormier et Caroline B\u00e9chard. Nous avons beaucoup de chance de pouvoir compter sur des artistes d\u2019un si haut niveau parmi nos rangs.\u00bb &#8211; Clemens Schuldt<\/p><\/blockquote>\n<p>La musicienne polyvalente est pr\u00e9sentement alto solo de deux orchestres \u00e0 Toronto, celui de la Canadian Opera Company et celui du National Ballet of Canada.<\/p>\n<p>Ne manquez pas au cours des prochains jours notre entrevue tr\u00e8s int\u00e9ressante avec Sheila Jaffe!<\/p>\n<h2><em>Inscrivez-vous \u00e0 notre infolettre! La musique classique et l\u2019op\u00e9ra en 5 minutes, chaque jour<\/em> <a href=\"https:\/\/ludwig-van.us9.list-manage.com\/subscribe?u=4f785cb3f9058f2393ccad035&amp;id=b9b160c032\" target=\"_blank\" rel=\"noopener noreferrer\">ICI<\/a>.<\/h2>\n","protected":false},"excerpt":{"rendered":"<p>L&rsquo;Orchestre symphonique de Qu\u00e9bec a annonc\u00e9 aujourd&rsquo;hui la nomination de Sheila Jaffe au poste de violon solo de l&rsquo;orchestre.<\/p>\n","protected":false},"author":55,"featured_media":90244,"comment_status":"open","ping_status":"open","sticky":false,"template":"","format":"standard","meta":{"om_disable_all_campaigns":false,"jetpack_post_was_ever_published":false},"categories":[42299,10992],"tags":[42300,30481],"yst_prominent_words":[13185,10064,9813,9811,20465,10001,20220,9838,14543,9963,17981],"acf":[],"jetpack_featured_media_url":"https:\/\/www.ludwig-van.com\/montreal\/wp-content\/uploads\/sites\/3\/2025\/10\/Copie-de-NOUVELLE14.jpg","jetpack_sharing_enabled":true,"jetpack_shortlink":"https:\/\/wp.me\/p9bdYt-ntx","amp_enabled":true,"_links":{"self":[{"href":"https:\/\/www.ludwig-van.com\/montreal\/wp-json\/wp\/v2\/posts\/90243"}],"collection":[{"href":"https:\/\/www.ludwig-van.com\/montreal\/wp-json\/wp\/v2\/posts"}],"about":[{"href":"https:\/\/www.ludwig-van.com\/montreal\/wp-json\/wp\/v2\/types\/post"}],"author":[{"embeddable":true,"href":"https:\/\/www.ludwig-van.com\/montreal\/wp-json\/wp\/v2\/users\/55"}],"replies":[{"embeddable":true,"href":"https:\/\/www.ludwig-van.com\/montreal\/wp-json\/wp\/v2\/comments?post=90243"}],"version-history":[{"count":22,"href":"https:\/\/www.ludwig-van.com\/montreal\/wp-json\/wp\/v2\/posts\/90243\/revisions"}],"predecessor-version":[{"id":90268,"href":"https:\/\/www.ludwig-van.com\/montreal\/wp-json\/wp\/v2\/posts\/90243\/revisions\/90268"}],"wp:featuredmedia":[{"embeddable":true,"href":"https:\/\/www.ludwig-van.com\/montreal\/wp-json\/wp\/v2\/media\/90244"}],"wp:attachment":[{"href":"https:\/\/www.ludwig-van.com\/montreal\/wp-json\/wp\/v2\/media?parent=90243"}],"wp:term":[{"taxonomy":"category","embeddable":true,"href":"https:\/\/www.ludwig-van.com\/montreal\/wp-json\/wp\/v2\/categories?post=90243"},{"taxonomy":"post_tag","embeddable":true,"href":"https:\/\/www.ludwig-van.com\/montreal\/wp-json\/wp\/v2\/tags?post=90243"},{"taxonomy":"yst_prominent_words","embeddable":true,"href":"https:\/\/www.ludwig-van.com\/montreal\/wp-json\/wp\/v2\/yst_prominent_words?post=90243"}],"curies":[{"name":"wp","href":"https:\/\/api.w.org\/{rel}","templated":true}]}}