{"id":90235,"date":"2025-10-22T14:29:12","date_gmt":"2025-10-22T18:29:12","guid":{"rendered":"https:\/\/www.ludwig-van.com\/montreal\/?p=90235"},"modified":"2025-10-22T14:32:09","modified_gmt":"2025-10-22T18:32:09","slug":"nouvelle-elisabeth-pion-passe-en-finale-du-concours-international-honens","status":"publish","type":"post","link":"https:\/\/www.ludwig-van.com\/montreal\/2025\/10\/22\/nouvelle-elisabeth-pion-passe-en-finale-du-concours-international-honens\/","title":{"rendered":"NOUVELLE | \u00c9lisabeth Pion passe en finale du Concours international Honens"},"content":{"rendered":"<figure id=\"attachment_90236\" aria-describedby=\"caption-attachment-90236\" style=\"width: 1200px\" class=\"wp-caption aligncenter\"><img decoding=\"async\" loading=\"lazy\" class=\"size-full wp-image-90236\" src=\"https:\/\/www.ludwig-van.com\/montreal\/wp-content\/uploads\/sites\/3\/2025\/10\/Copie-de-NOUVELLE13.jpg\" alt=\"\u00c9lisabeth Pion (Photo : site web de l'artiste)\" width=\"1200\" height=\"628\" srcset=\"https:\/\/www.ludwig-van.com\/montreal\/wp-content\/uploads\/sites\/3\/2025\/10\/Copie-de-NOUVELLE13.jpg 1200w, https:\/\/www.ludwig-van.com\/montreal\/wp-content\/uploads\/sites\/3\/2025\/10\/Copie-de-NOUVELLE13-300x157.jpg 300w, https:\/\/www.ludwig-van.com\/montreal\/wp-content\/uploads\/sites\/3\/2025\/10\/Copie-de-NOUVELLE13-1024x536.jpg 1024w, https:\/\/www.ludwig-van.com\/montreal\/wp-content\/uploads\/sites\/3\/2025\/10\/Copie-de-NOUVELLE13-768x402.jpg 768w\" sizes=\"(max-width: 1200px) 100vw, 1200px\" \/><figcaption id=\"caption-attachment-90236\" class=\"wp-caption-text\">\u00c9lisabeth Pion (Photo : site web de l&rsquo;artiste)<\/figcaption><\/figure>\n<p>Au m\u00eame moment o\u00f9 le Calgarien <strong>Kevin Chen<\/strong> franchissait les \u00e9tapes le menant au deuxi\u00e8me prix du Concours Chopin \u00e0 Varsovie, sa ville d&rsquo;origine accueillait 51 pianistes d&rsquo;\u00e0 travers le monde, r\u00e9uni\u00b7e\u00b7s pour prendre part au Concours international de piano Honens. Au terme des cinq journ\u00e9es consacr\u00e9es aux demi-finales, trois noms ont \u00e9t\u00e9 s\u00e9lectionn\u00e9s pour l&rsquo;\u00e9tape finale : celui d&rsquo;<strong>\u00c9lisabeth Pion<\/strong>, pianiste mont\u00e9r\u00e9gienne et R\u00e9v\u00e9lation Radio-Canada Classique 2024-2025, est du compte. Ses colistiers sont <strong>Anastasia Vorotnaya<\/strong> et <strong>Carter Johnson<\/strong>, laur\u00e9at du Concours OSM en 2018. Cette ann\u00e9e-l\u00e0, on retrouvait dans la cat\u00e9gorie des pianistes de moins de 17 ans le nom de &#8230; <strong>Kevin Chen<\/strong>, qui avait justement jou\u00e9 le<em> Premier concerto en mi mineur<\/em> de Chopin!<\/p>\n<p>Le Concours Honens cherche \u00e0 r\u00e9compenser des \u00ab\u00a0artistes complets\u00a0\u00bb, conjugant r\u00e9flexion, cr\u00e9ativit\u00e9, polyvalence et vision. La capacit\u00e9 de communication \u00e0 l&rsquo;\u00e9crit et \u00e0 l&rsquo;oral des candidat\u00b7e\u00b7s est \u00e9valu\u00e9e par une entrevue et la r\u00e9daction de notes de programme.<\/p>\n<p>Pour la demi-finale, les participant\u00b7e\u00b7s devaient intepr\u00e9ter au moins une \u0153uvre d&rsquo;un\u00b7e compositeur\u00b7ice n\u00e9glig\u00e9\u00b7e, un crit\u00e8re auquel <strong>\u00c9lisabeth Pion<\/strong> n&rsquo;aura pas eu de difficult\u00e9 \u00e0 se conformer, elle qui a r\u00e9guli\u00e8rement inclus des \u0153uvres de la compositrice et pianiste fran\u00e7aise H\u00e9l\u00e8ne de Montgeroult et d&rsquo;autres compositrices dans ses programmes et sa discographie (deux albums sur \u00e9tiquette ATMA).<\/p>\n<h3>\u00c9preuves finales<\/h3>\n<p>La s\u00e9lection finale se fera en deux \u00e9tapes. Jeudi, le remarquable <strong>Quatuor Isidore<\/strong> (d\u00e9couvert r\u00e9cemment en r\u00e9cital au Ladies&rsquo; Morning Musical Club et dont notre compte rendu \u00e0 venir vous d\u00e9voilera les qualit\u00e9s) se joindra \u00e0 chaque pianiste tour \u00e0 tour pour une \u00e9preuve de musique de chambre. En quintette, ils interpr\u00e9teront trois des plus grandes \u0153uvres pour cette formation : le Quintette de Brahms avec <strong>Carter Johnson<\/strong>, celui de Franck avec <strong>\u00c9lisabeth Pion<\/strong> et celui de Dvo\u0159\u00e1k avec <strong>Anastasia Vorotnaya<\/strong>.<\/p>\n<p>Le lendemain soir, les pianistes se feront entendre dans un concerto de leur choix avec le Calgary Philharmonic Orchestra sous la direction du chef <strong>Elias<\/strong> <strong>Grandy<\/strong>. Prokofiev sera \u00e0 l&rsquo;honneur puisque Johnson jouera son<em> Deuxi\u00e8me concerto<\/em> et Pion son <em>Troisi\u00e8me<\/em>. Vorotnaya, pour sa part, a opt\u00e9 pour le <em>Deuxi\u00e8me concerto<\/em> de Brahms.<\/p>\n<p>Toutes les s\u00e9ances seront diffus\u00e9es en direct sur la <a href=\"https:\/\/www.youtube.com\/@HonensOFFICIAL\" target=\"_blank\" rel=\"noopener\">cha\u00eene Youtube du concours<\/a> \u00e0 partir de 21 h, heure de Montr\u00e9al.<\/p>\n<h3>Les prix<\/h3>\n<p>La personne gagnante remportera un prix d&rsquo;une valeur de 100 000 $ CAN. Les deuxi\u00e8me et troisi\u00e8me prix sont d&rsquo;une valeur de 40 000 $ et 20 000 $ respectivement. Les trois finalistes ont \u00e9galement acc\u00e8s \u00e0 un programme holistique de soutien au d\u00e9veloppement artistique et professionnel.<\/p>\n<p>Le prix du Choix du public vaut un montant additionnel de 5 000 $ \u00e0 la personne d\u00e9sign\u00e9e, et le m\u00eame montant est accord\u00e9 pour la Meilleure interpr\u00e9tation de l&rsquo;\u0153uvre impos\u00e9e. Cette ann\u00e9e, il s&rsquo;agit de <em>Fracture<\/em>, du compositeur irano-canadien <strong>Iman Habibi<\/strong>.<\/p>\n<p>Les demi-finalistes n&rsquo;ayant pas acc\u00e9d\u00e9 \u00e0 la ronde suivante se voient accord\u00e9 2 500 $.<\/p>\n<h2><em>Inscrivez-vous \u00e0 notre infolettre! La musique classique et l\u2019op\u00e9ra en 5 minutes, chaque jour<\/em> <a href=\"https:\/\/ludwig-van.us9.list-manage.com\/subscribe?u=4f785cb3f9058f2393ccad035&amp;id=b9b160c032\" target=\"_blank\" rel=\"noopener noreferrer\">ICI<\/a>.<\/h2>\n","protected":false},"excerpt":{"rendered":"<p>La pianiste d&rsquo;origine mont\u00e9r\u00e9gienne \u00c9lisabeth Pion, R\u00e9v\u00e9lation Radio-Canada Classique l&rsquo;an dernier, est au compte des finalistes du Concours international de piano Honens, qui se d\u00e9roule cette semaine \u00e0 Calgary.<\/p>\n","protected":false},"author":55,"featured_media":90236,"comment_status":"open","ping_status":"open","sticky":false,"template":"","format":"standard","meta":{"om_disable_all_campaigns":false,"jetpack_post_was_ever_published":false},"categories":[42299,10992],"tags":[42300,9511],"yst_prominent_words":[10708,24140,28115,17841,7261,10473,31881,11222,20264,14793,21975,12006,10430,17265,20267,9857],"acf":[],"jetpack_featured_media_url":"https:\/\/www.ludwig-van.com\/montreal\/wp-content\/uploads\/sites\/3\/2025\/10\/Copie-de-NOUVELLE13.jpg","jetpack_sharing_enabled":true,"jetpack_shortlink":"https:\/\/wp.me\/p9bdYt-ntp","amp_enabled":true,"_links":{"self":[{"href":"https:\/\/www.ludwig-van.com\/montreal\/wp-json\/wp\/v2\/posts\/90235"}],"collection":[{"href":"https:\/\/www.ludwig-van.com\/montreal\/wp-json\/wp\/v2\/posts"}],"about":[{"href":"https:\/\/www.ludwig-van.com\/montreal\/wp-json\/wp\/v2\/types\/post"}],"author":[{"embeddable":true,"href":"https:\/\/www.ludwig-van.com\/montreal\/wp-json\/wp\/v2\/users\/55"}],"replies":[{"embeddable":true,"href":"https:\/\/www.ludwig-van.com\/montreal\/wp-json\/wp\/v2\/comments?post=90235"}],"version-history":[{"count":4,"href":"https:\/\/www.ludwig-van.com\/montreal\/wp-json\/wp\/v2\/posts\/90235\/revisions"}],"predecessor-version":[{"id":90242,"href":"https:\/\/www.ludwig-van.com\/montreal\/wp-json\/wp\/v2\/posts\/90235\/revisions\/90242"}],"wp:featuredmedia":[{"embeddable":true,"href":"https:\/\/www.ludwig-van.com\/montreal\/wp-json\/wp\/v2\/media\/90236"}],"wp:attachment":[{"href":"https:\/\/www.ludwig-van.com\/montreal\/wp-json\/wp\/v2\/media?parent=90235"}],"wp:term":[{"taxonomy":"category","embeddable":true,"href":"https:\/\/www.ludwig-van.com\/montreal\/wp-json\/wp\/v2\/categories?post=90235"},{"taxonomy":"post_tag","embeddable":true,"href":"https:\/\/www.ludwig-van.com\/montreal\/wp-json\/wp\/v2\/tags?post=90235"},{"taxonomy":"yst_prominent_words","embeddable":true,"href":"https:\/\/www.ludwig-van.com\/montreal\/wp-json\/wp\/v2\/yst_prominent_words?post=90235"}],"curies":[{"name":"wp","href":"https:\/\/api.w.org\/{rel}","templated":true}]}}