{"id":90179,"date":"2025-10-20T17:54:18","date_gmt":"2025-10-20T21:54:18","guid":{"rendered":"https:\/\/www.ludwig-van.com\/montreal\/?p=90179"},"modified":"2025-10-21T02:00:01","modified_gmt":"2025-10-21T06:00:01","slug":"choix-de-la-redaction-pluie-de-concerts-pour-abreuver-votre-soif-demotions-intenses","status":"publish","type":"post","link":"https:\/\/www.ludwig-van.com\/montreal\/2025\/10\/20\/choix-de-la-redaction-pluie-de-concerts-pour-abreuver-votre-soif-demotions-intenses\/","title":{"rendered":"CHOIX DE LA R\u00c9DACTION | Pluie de concerts pour abreuver votre soif d&rsquo;\u00e9motions intenses"},"content":{"rendered":"<figure id=\"attachment_90197\" aria-describedby=\"caption-attachment-90197\" style=\"width: 1200px\" class=\"wp-caption aligncenter\"><img decoding=\"async\" loading=\"lazy\" class=\"size-full wp-image-90197\" src=\"https:\/\/www.ludwig-van.com\/montreal\/wp-content\/uploads\/sites\/3\/2025\/10\/Copie-de-CONCERTS11.jpg\" alt=\"Mehdi Nabti et l'ensemble Prototype (Photo : courtoisie); Natasha Henry et Pierre Rancourt dans La veuve joyeuse (Photo : courtoisie Op\u00e9ra bouffe du Qu\u00e9bec); Alain Trudel (Photo : courtoisie Brott Music Festival)\" width=\"1200\" height=\"628\" srcset=\"https:\/\/www.ludwig-van.com\/montreal\/wp-content\/uploads\/sites\/3\/2025\/10\/Copie-de-CONCERTS11.jpg 1200w, https:\/\/www.ludwig-van.com\/montreal\/wp-content\/uploads\/sites\/3\/2025\/10\/Copie-de-CONCERTS11-300x157.jpg 300w, https:\/\/www.ludwig-van.com\/montreal\/wp-content\/uploads\/sites\/3\/2025\/10\/Copie-de-CONCERTS11-1024x536.jpg 1024w, https:\/\/www.ludwig-van.com\/montreal\/wp-content\/uploads\/sites\/3\/2025\/10\/Copie-de-CONCERTS11-768x402.jpg 768w\" sizes=\"(max-width: 1200px) 100vw, 1200px\" \/><figcaption id=\"caption-attachment-90197\" class=\"wp-caption-text\">Mehdi Nabti et l&rsquo;ensemble Prototype (Photo : site web de la Salle Bourgie); Natasha Henry et Pierre Rancourt dans La veuve joyeuse (Photo : courtoisie Op\u00e9ra bouffe du Qu\u00e9bec); Alain Trudel (Photo : courtoisie Brott Music Festival)<\/figcaption><\/figure>\n<p>Alors que la pluie vient enfin abreuver quelque peu la nature assoiff\u00e9e et les puits dess\u00e9ch\u00e9s, nos artistes font pleuvoir notes et m\u00e9lodies, abreuvant ainsi les m\u00e9lomanes assoiff\u00e9s d&rsquo;\u00e9motions fortes! Imbibez-vous le c\u0153ur et les oreilles d\u2019harmonies enchanteresses en assistant \u00e0 l\u2019une, ou \u00e0 plusieurs pour les plus d\u00e9shydrat\u00e9\u00b7e\u00b7s, des repr\u00e9sentations que nous vous sugg\u00e9rons ci-dessous.<\/p>\n<p>&nbsp;<\/p>\n<p><img decoding=\"async\" loading=\"lazy\" class=\"aligncenter size-full wp-image-90182\" src=\"https:\/\/www.ludwig-van.com\/montreal\/wp-content\/uploads\/sites\/3\/2025\/10\/Brian-Manker_OSM_1200-1.jpg\" alt=\"\" width=\"1200\" height=\"686\" srcset=\"https:\/\/www.ludwig-van.com\/montreal\/wp-content\/uploads\/sites\/3\/2025\/10\/Brian-Manker_OSM_1200-1.jpg 1200w, https:\/\/www.ludwig-van.com\/montreal\/wp-content\/uploads\/sites\/3\/2025\/10\/Brian-Manker_OSM_1200-1-300x172.jpg 300w, https:\/\/www.ludwig-van.com\/montreal\/wp-content\/uploads\/sites\/3\/2025\/10\/Brian-Manker_OSM_1200-1-1024x585.jpg 1024w, https:\/\/www.ludwig-van.com\/montreal\/wp-content\/uploads\/sites\/3\/2025\/10\/Brian-Manker_OSM_1200-1-768x439.jpg 768w\" sizes=\"(max-width: 1200px) 100vw, 1200px\" \/><\/p>\n<h3>OSM &#8211; <i>Ainsi parlait Zarathoustra<\/i><\/h3>\n<p>Ce concert donnera l&rsquo;occasion au tromboniste <b>James Box<\/b> et au violoncelliste <b>Brian Manker <\/b>de quitter temporairement leur place au sein de l\u2019<b>Orchestre symphonique de Montr\u00e9al<\/b> pour s&rsquo;avancer \u00e0 l&rsquo;avant-sc\u00e8ne et se produire en tant que solistes. Accompagn\u00e9s par l\u2019Orchestre, James Box interpr\u00e9tera <i>Concerto pour trombone <\/i>\u00abYericho\u00bb de <b>Samy Moussa<\/b>, tandis que Brian Manker jouera une pi\u00e8ce de Ernest Bloch, <i>Schelomo<\/i>. En plus de ces deux \u0153uvres, l\u2019OSM, dirig\u00e9 par <b>Rafael Payare<\/b>, pr\u00e9sentera <i>Tannh\u00e4user<\/i> \u00abOuverture\u00bb de Richard Wagner et, bien entendu, la pi\u00e8ce titre <i>Ainsi parlait Zarathoustra<\/i> de Richard Strauss.<\/p>\n<p>LE 22 OCTOBRE, 19 H 30, ET LE 25 OCTOBRE, 14 H 30, MAISON SYMPHONIQUE\u00a0 <a href=\"https:\/\/www.osm.ca\/fr\/concert\/ainsi-parlait-zarathoustra\/\" target=\"_blank\" rel=\"noopener\">D\u00c9TAILS ET BILLETS<\/a><\/p>\n<p>&nbsp;<\/p>\n<figure id=\"attachment_90183\" aria-describedby=\"caption-attachment-90183\" style=\"width: 1200px\" class=\"wp-caption aligncenter\"><img decoding=\"async\" loading=\"lazy\" class=\"size-full wp-image-90183\" src=\"https:\/\/www.ludwig-van.com\/montreal\/wp-content\/uploads\/sites\/3\/2025\/10\/Trio-Tetzlaff.png\" alt=\"Les membres du Trio Tetzlaff-Tetzlaff-D\u00f6rken : Tanja Tetzlaff (violoncelle), Kiveli D\u00f6rken (piano) et Christian Tetzlaff (violon). (Photo : site web de la Salle Bourgie)\" width=\"1200\" height=\"793\" srcset=\"https:\/\/www.ludwig-van.com\/montreal\/wp-content\/uploads\/sites\/3\/2025\/10\/Trio-Tetzlaff.png 1200w, https:\/\/www.ludwig-van.com\/montreal\/wp-content\/uploads\/sites\/3\/2025\/10\/Trio-Tetzlaff-300x198.png 300w, https:\/\/www.ludwig-van.com\/montreal\/wp-content\/uploads\/sites\/3\/2025\/10\/Trio-Tetzlaff-1024x677.png 1024w, https:\/\/www.ludwig-van.com\/montreal\/wp-content\/uploads\/sites\/3\/2025\/10\/Trio-Tetzlaff-768x508.png 768w\" sizes=\"(max-width: 1200px) 100vw, 1200px\" \/><figcaption id=\"caption-attachment-90183\" class=\"wp-caption-text\">Les membres du Trio Tetzlaff-Tetzlaff-D\u00f6rken : Tanja Tetzlaff (violoncelle), Kiveli D\u00f6rken (piano) et Christian Tetzlaff (violon). (Photo : site web de la Salle Bourgie)<\/figcaption><\/figure>\n<h3>Trio Tetzlaff-Tetzlaff-D\u00f6rken<\/h3>\n<p>Le <b>Trio Tetzlaff-Tetzlaff-D\u00f6rken<\/b> est compos\u00e9 de la fratrie <b>Tanja Tetzlaff<\/b> au violoncelle et <b>Christian Tetzlaff<\/b> au violon, \u00e0 laquelle se joint la pianiste <b>Kiveli D\u00f6rken<\/b>. Lors de la repr\u00e9sentation de mercredi soir, ils d\u00e9montreront leur talent et leur complicit\u00e9 dans un programme aussi haut en \u00e9motions qu\u2019en virtuosit\u00e9. Vous pourrez y entendre <i>Trio pour piano en mi majeur<\/i> de Mozart, <i>Trio pour piano no 2<\/i> de F\u00e9lix Mendelssohn ainsi que l\u2019une des \u0153uvres les plus imposantes du r\u00e9pertoire pour trio avec piano, <i>Trio avec piano en la mineur<\/i> de Tcha\u00efkovski.<\/p>\n<p>LE 22 OCTOBRE, 19 H 30, SALLE BOURGIE\u00a0 <a href=\"https:\/\/www.mbam.qc.ca\/fr\/activites\/trio-tetzlaff-tetzlaff-dorken\/\" target=\"_blank\" rel=\"noopener\">D\u00c9TAILS ET BILLETS<\/a><\/p>\n<p>&nbsp;<\/p>\n<figure id=\"attachment_90184\" aria-describedby=\"caption-attachment-90184\" style=\"width: 1200px\" class=\"wp-caption aligncenter\"><img decoding=\"async\" loading=\"lazy\" class=\"size-full wp-image-90184\" src=\"https:\/\/www.ludwig-van.com\/montreal\/wp-content\/uploads\/sites\/3\/2025\/10\/Frederic-Vaysse-Knitter_site-web-de-lartiste.png\" alt=\"Fr\u00e9d\u00e9ric Vaysse-Knitter (Photo : site web de l'artiste)\" width=\"1200\" height=\"686\" srcset=\"https:\/\/www.ludwig-van.com\/montreal\/wp-content\/uploads\/sites\/3\/2025\/10\/Frederic-Vaysse-Knitter_site-web-de-lartiste.png 1200w, https:\/\/www.ludwig-van.com\/montreal\/wp-content\/uploads\/sites\/3\/2025\/10\/Frederic-Vaysse-Knitter_site-web-de-lartiste-300x172.png 300w, https:\/\/www.ludwig-van.com\/montreal\/wp-content\/uploads\/sites\/3\/2025\/10\/Frederic-Vaysse-Knitter_site-web-de-lartiste-1024x585.png 1024w, https:\/\/www.ludwig-van.com\/montreal\/wp-content\/uploads\/sites\/3\/2025\/10\/Frederic-Vaysse-Knitter_site-web-de-lartiste-768x439.png 768w\" sizes=\"(max-width: 1200px) 100vw, 1200px\" \/><figcaption id=\"caption-attachment-90184\" class=\"wp-caption-text\">Fr\u00e9d\u00e9ric Vaysse-Knitter (Photo : site web de l&rsquo;artiste)<\/figcaption><\/figure>\n<h3>Portraits musicaux &#8211; Fr\u00e9d\u00e9ric Vaysse-Knitter, piano<\/h3>\n<p>Dans le cadre de la programmation de la Chapelle musicale du Bon-Pasteur hors murs, le pianiste <b>Fr\u00e9d\u00e9ric Vaysse-Knitter<\/b> vous invite \u00e0 une repr\u00e9sentation gratuite avec billet \u00e0 la salle Paul-Desmarais cette semaine. Il y interpr\u00e9tera une vari\u00e9t\u00e9 de courtes \u0153uvres de compositeurs connus, tels que Debussy, Couperin et Ravel.<\/p>\n<p>LE 22 OCTOBRE, 19 H 30, SALLE PAUL-DESMARAIS\u00a0 <a href=\"https:\/\/montreal.ca\/evenements\/portraits-musicaux-frederic-vaysse-knitter-89370\" target=\"_blank\" rel=\"noopener\">D\u00c9TAILS ET BILLETS<\/a><\/p>\n<p>&nbsp;<\/p>\n<figure id=\"attachment_90185\" aria-describedby=\"caption-attachment-90185\" style=\"width: 1200px\" class=\"wp-caption aligncenter\"><img decoding=\"async\" loading=\"lazy\" class=\"size-full wp-image-90185\" src=\"https:\/\/www.ludwig-van.com\/montreal\/wp-content\/uploads\/sites\/3\/2025\/10\/Mehdi-Nabti-et-Prototype_site-web-Bourgie.png\" alt=\"Mehdi Nabti et l'ensemble Prototype (Photo : site web Salle Bourgie)\" width=\"1200\" height=\"822\" srcset=\"https:\/\/www.ludwig-van.com\/montreal\/wp-content\/uploads\/sites\/3\/2025\/10\/Mehdi-Nabti-et-Prototype_site-web-Bourgie.png 1200w, https:\/\/www.ludwig-van.com\/montreal\/wp-content\/uploads\/sites\/3\/2025\/10\/Mehdi-Nabti-et-Prototype_site-web-Bourgie-300x206.png 300w, https:\/\/www.ludwig-van.com\/montreal\/wp-content\/uploads\/sites\/3\/2025\/10\/Mehdi-Nabti-et-Prototype_site-web-Bourgie-1024x701.png 1024w, https:\/\/www.ludwig-van.com\/montreal\/wp-content\/uploads\/sites\/3\/2025\/10\/Mehdi-Nabti-et-Prototype_site-web-Bourgie-768x526.png 768w\" sizes=\"(max-width: 1200px) 100vw, 1200px\" \/><figcaption id=\"caption-attachment-90185\" class=\"wp-caption-text\">Mehdi Nabti et l&rsquo;ensemble Prototype (Photo : site web Salle Bourgie)<\/figcaption><\/figure>\n<h3><i>Continuum<\/i><\/h3>\n<p><i>Continuum<\/i> est le nom de l\u2019album, sorti en 2023, du saxophoniste et compositeur <b>Mehdi Nabti<\/b> et de son ensemble <b>Prototype<\/b>. Ce sont donc, entre autres, les pi\u00e8ces de ce projet qui seront interpr\u00e9t\u00e9s par ces musiciens jazz \u00e0 saveur nord-africaine au 5 \u00e0 7 jazz de la Salle Bourgie jeudi. L\u2019album <i>Continuum <\/i>a \u00e9t\u00e9 compar\u00e9 \u00e0 un \u00abplat musical aussi complexe et savoureux qu\u2019un menu d\u2019un restaurant \u00e9toil\u00e9 par Michelin\u00bb par des critiques. Cela promet de vous mettre l\u2019eau \u00e0 la bouche!<\/p>\n<p>LE 23 OCTOBRE, 18 H, SALLE BOURGIE\u00a0 <a href=\"https:\/\/www.mbam.qc.ca\/fr\/activites\/continuum\/\" target=\"_blank\" rel=\"noopener\">D\u00c9TAILS ET BILLETS<\/a><\/p>\n<p>&nbsp;<\/p>\n<p><img decoding=\"async\" loading=\"lazy\" class=\"aligncenter size-full wp-image-90187\" src=\"https:\/\/www.ludwig-van.com\/montreal\/wp-content\/uploads\/sites\/3\/2025\/10\/Fantomes-du-Roy_Chants-libres_cropped_1200.png\" alt=\"\" width=\"1200\" height=\"883\" srcset=\"https:\/\/www.ludwig-van.com\/montreal\/wp-content\/uploads\/sites\/3\/2025\/10\/Fantomes-du-Roy_Chants-libres_cropped_1200.png 1200w, https:\/\/www.ludwig-van.com\/montreal\/wp-content\/uploads\/sites\/3\/2025\/10\/Fantomes-du-Roy_Chants-libres_cropped_1200-300x221.png 300w, https:\/\/www.ludwig-van.com\/montreal\/wp-content\/uploads\/sites\/3\/2025\/10\/Fantomes-du-Roy_Chants-libres_cropped_1200-1024x753.png 1024w, https:\/\/www.ludwig-van.com\/montreal\/wp-content\/uploads\/sites\/3\/2025\/10\/Fantomes-du-Roy_Chants-libres_cropped_1200-768x565.png 768w\" sizes=\"(max-width: 1200px) 100vw, 1200px\" \/><\/p>\n<h3>Chants Libres &#8211; <i>Fant\u00f4me de Roy<\/i><\/h3>\n<p><b>Chants Libres<\/b> donnera cette semaine trois repr\u00e9sentations de sa nouvelle cr\u00e9ation <i>Fant\u00f4mes de Roy<\/i>. Ce th\u00e9\u00e2tre musical m\u00ealant grandes orgues, guitare \u00e9lectrique et \u00e9lectroacoustique, ch\u0153ur et voix solistes est bas\u00e9 sur le conflit l\u00e9gendaire entre le roi Henri II Plantagen\u00eat et son chancelier Thomas Becket. Cette grande production de la rentr\u00e9e 2025 de Chants Libres explore les ravages de la fureur, entre col\u00e8re sacr\u00e9e et pouvoir royal.<\/p>\n<p>LES 23, 24, 25 OCTOBRE, 19 H 30, \u00c9GLISE SACR\u00c9-C\u0152UR-DE-J\u00c9SUS\u00a0 <a href=\"https:\/\/levivier.ca\/fr\/concert\/saison-2025-26\/chants-libres-fantome-de-roy\" target=\"_blank\" rel=\"noopener\">D\u00c9TAILS ET BILLETS<\/a><\/p>\n<p>&nbsp;<\/p>\n<figure id=\"attachment_82234\" aria-describedby=\"caption-attachment-82234\" style=\"width: 1200px\" class=\"wp-caption aligncenter\"><img decoding=\"async\" loading=\"lazy\" class=\"size-full wp-image-82234\" src=\"https:\/\/www.ludwig-van.com\/montreal\/wp-content\/uploads\/sites\/3\/2024\/06\/Simon-Rivard_cropped_1200.jpg\" alt=\"Simon Rivad (Photo : Tam Lan Truong)\" width=\"1200\" height=\"903\" srcset=\"https:\/\/www.ludwig-van.com\/montreal\/wp-content\/uploads\/sites\/3\/2024\/06\/Simon-Rivard_cropped_1200.jpg 1200w, https:\/\/www.ludwig-van.com\/montreal\/wp-content\/uploads\/sites\/3\/2024\/06\/Simon-Rivard_cropped_1200-300x226.jpg 300w, https:\/\/www.ludwig-van.com\/montreal\/wp-content\/uploads\/sites\/3\/2024\/06\/Simon-Rivard_cropped_1200-1024x771.jpg 1024w, https:\/\/www.ludwig-van.com\/montreal\/wp-content\/uploads\/sites\/3\/2024\/06\/Simon-Rivard_cropped_1200-768x578.jpg 768w\" sizes=\"(max-width: 1200px) 100vw, 1200px\" \/><figcaption id=\"caption-attachment-82234\" class=\"wp-caption-text\">Simon Rivad (Photo : Tam Lan Truong)<\/figcaption><\/figure>\n<h3>OCM &#8211; Soir\u00e9e d&rsquo;op\u00e9rettes viennoises : 200 ans de J. Strauss II<\/h3>\n<p>Apr\u00e8s avoir accompagn\u00e9 ensemble les stagiaires de l&rsquo;ICAV dans <em>La Chauve-souris<\/em> \u00e0 l&rsquo;\u00e9t\u00e9 2024, le chef <strong>Simon Rivard <\/strong>et l&rsquo;<strong>Orchestre classique de Montr\u00e9al<\/strong> (<strong>OCM<\/strong>) se retrouvent autour d&rsquo;un nouveau programme d&rsquo;\u0153uvres de Johann Strauss II, pr\u00e9sent\u00e9 en collaboration avec l&rsquo;Atelier lyrique de l&rsquo;Op\u00e9ra de Montr\u00e9al et la Soci\u00e9t\u00e9 autrichienne de Montr\u00e9al. Les solistes <strong>Odile Portugais<\/strong> (soprano), <strong>Tessa Fackelmann<\/strong> (mezzo-soprano), <strong>Colin Macke<\/strong>y (baryton) et <strong>Jamal Al Titi<\/strong> (baryton) seront \u00e9galement de la partie lors de cette soir\u00e9e qui rendra hommage au \u00ab\u00a0roi de la valse\u00a0\u00bb \u00e0 l&rsquo;occasion du 200e anniversaire de sa naissance.<\/p>\n<p>LE 24 OCTOBRE, 19 H 30, SALLE PIERRE-MERCURE\u00a0 <a href=\"https:\/\/orchestre.tuxedobillet.com\/main\/soiree-viennoise-200-ans-de-j-strauss-ii\" target=\"_blank\" rel=\"noopener\">D\u00c9TAILS ET BILLETS<\/a><\/p>\n<p>&nbsp;<\/p>\n<figure id=\"attachment_90195\" aria-describedby=\"caption-attachment-90195\" style=\"width: 1200px\" class=\"wp-caption aligncenter\"><img decoding=\"async\" loading=\"lazy\" class=\"size-full wp-image-90195\" src=\"https:\/\/www.ludwig-van.com\/montreal\/wp-content\/uploads\/sites\/3\/2025\/10\/Trio-Callista.jpg\" alt=\"Trio Callista : Elizabeth Dolin, Laurence Kayaleh et Lucas Porter. (Photo : courtoisie CMQM)\" width=\"1200\" height=\"600\" srcset=\"https:\/\/www.ludwig-van.com\/montreal\/wp-content\/uploads\/sites\/3\/2025\/10\/Trio-Callista.jpg 1200w, https:\/\/www.ludwig-van.com\/montreal\/wp-content\/uploads\/sites\/3\/2025\/10\/Trio-Callista-300x150.jpg 300w, https:\/\/www.ludwig-van.com\/montreal\/wp-content\/uploads\/sites\/3\/2025\/10\/Trio-Callista-1024x512.jpg 1024w, https:\/\/www.ludwig-van.com\/montreal\/wp-content\/uploads\/sites\/3\/2025\/10\/Trio-Callista-768x384.jpg 768w\" sizes=\"(max-width: 1200px) 100vw, 1200px\" \/><figcaption id=\"caption-attachment-90195\" class=\"wp-caption-text\">Trio Callista : Elizabeth Dolin, Laurence Kayaleh et Lucas Porter. (Photo : courtoisie CMQM)<\/figcaption><\/figure>\n<h3>S\u00e9rie Intermezzo &#8211; Trio Callista<\/h3>\n<p>La s\u00e9rie Intermezzo du Conservatoire de musique de Montr\u00e9al met de l&rsquo;avant les professeur\u00b7e\u00b7s et ancien\u00b7ne\u00b7s \u00e9tudiant\u00b7e\u00b7s de l&rsquo;institution. Le Trio Callista, form\u00e9 de la violoncelliste Elizabeth Dolin, de la violoniste Laurence Kayaleh et du pianiste Lucas Porter, interpr\u00e9tera le Trio \u00e9l\u00e9giaque no 1 de Rachmaninov, le Trio en mi b\u00e9mol majeur, op. 70 no 2 de Beethoven et le Trio en sol mineur de Schumann.<\/p>\n<p>LE 25 OCTOBRE, 19 H 30, CONSERVATOIRE DE MUSIQUE DE MONTR\u00c9AL\u00a0 <a href=\"https:\/\/conservatoire-montreal.tuxedobillet.com\/Conservatoire%20Montr%C3%A9al\/intermezzo-oct25\" target=\"_blank\" rel=\"noopener\">D\u00c9TAILS ET BILLETS<\/a><\/p>\n<p>&nbsp;<\/p>\n<figure id=\"attachment_90196\" aria-describedby=\"caption-attachment-90196\" style=\"width: 1200px\" class=\"wp-caption aligncenter\"><img decoding=\"async\" loading=\"lazy\" class=\"size-full wp-image-90196\" src=\"https:\/\/www.ludwig-van.com\/montreal\/wp-content\/uploads\/sites\/3\/2025\/10\/La-Veuve-joyeuse_cropped.jpg\" alt=\"(Photo : courtoisie Op\u00e9ra Bouffe du Qu\u00e9bec)\" width=\"1200\" height=\"741\" srcset=\"https:\/\/www.ludwig-van.com\/montreal\/wp-content\/uploads\/sites\/3\/2025\/10\/La-Veuve-joyeuse_cropped.jpg 1200w, https:\/\/www.ludwig-van.com\/montreal\/wp-content\/uploads\/sites\/3\/2025\/10\/La-Veuve-joyeuse_cropped-300x185.jpg 300w, https:\/\/www.ludwig-van.com\/montreal\/wp-content\/uploads\/sites\/3\/2025\/10\/La-Veuve-joyeuse_cropped-1024x632.jpg 1024w, https:\/\/www.ludwig-van.com\/montreal\/wp-content\/uploads\/sites\/3\/2025\/10\/La-Veuve-joyeuse_cropped-768x474.jpg 768w\" sizes=\"(max-width: 1200px) 100vw, 1200px\" \/><figcaption id=\"caption-attachment-90196\" class=\"wp-caption-text\">(Photo : courtoisie Op\u00e9ra Bouffe du Qu\u00e9bec)<\/figcaption><\/figure>\n<h3>Op\u00e9ra bouffe du Qu\u00e9bec &#8211; <em>La veuve joyeuse<\/em><\/h3>\n<p>Les amateurs d&rsquo;op\u00e9rette sont servis cette semaine! \u00c0 partir de samedi, l&rsquo;Op\u00e9ra bouffe du Qu\u00e9bec, qui s&rsquo;est donn\u00e9 comme mission de garder vivants les grands classiques du genre, pr\u00e9sente <em>La veuve joyeuse<\/em> de Franz Lehar pour un total de cinq repr\u00e9sentations. Sous la direction musicale de <strong>Julien<\/strong> <strong>Patenaude<\/strong>, ce sont huit solistes (dont <strong>Natasha Henry<\/strong> dans le r\u00f4le de la veuve du titre, Missia, et <strong>Pierre Rancourt<\/strong> dans le r\u00f4le de son ancien amoureux, le prince Danilo) et quarante choristes qui monteront sur sc\u00e8ne, accompagn\u00e9s de l&rsquo;orchestre de l&rsquo;Op\u00e9ra bouffe du Qu\u00e9bec.<\/p>\n<p>LE 25 OCTOBRE, 19 H 30; LE 26 OCTOBRE, 15 H, MAISON DES ARTS DE LAVAL\u00a0 <a href=\"https:\/\/www.operabouffe.org\/billetterie\" target=\"_blank\" rel=\"noopener\">D\u00c9TAILS ET BILLETS<\/a><\/p>\n<p>&nbsp;<\/p>\n<p><img decoding=\"async\" loading=\"lazy\" class=\"aligncenter size-full wp-image-90190\" src=\"https:\/\/www.ludwig-van.com\/montreal\/wp-content\/uploads\/sites\/3\/2025\/10\/Cendrillon.png\" alt=\"\" width=\"1200\" height=\"613\" srcset=\"https:\/\/www.ludwig-van.com\/montreal\/wp-content\/uploads\/sites\/3\/2025\/10\/Cendrillon.png 1200w, https:\/\/www.ludwig-van.com\/montreal\/wp-content\/uploads\/sites\/3\/2025\/10\/Cendrillon-300x153.png 300w, https:\/\/www.ludwig-van.com\/montreal\/wp-content\/uploads\/sites\/3\/2025\/10\/Cendrillon-1024x523.png 1024w, https:\/\/www.ludwig-van.com\/montreal\/wp-content\/uploads\/sites\/3\/2025\/10\/Cendrillon-768x392.png 768w\" sizes=\"(max-width: 1200px) 100vw, 1200px\" \/><\/p>\n<h3>\u00c0 Qu\u00e9bec : Op\u00e9ra de Qu\u00e9bec &#8211; <i>Cendrillon<\/i> de Rossini<\/h3>\n<p>L\u2019<b>Op\u00e9ra de Qu\u00e9bec<\/b>, le <b>Ch\u0153ur de l\u2019Op\u00e9ra de Qu\u00e9bec<\/b> et l\u2019<b>Orchestre symphonique de Qu\u00e9bec<\/b> pr\u00e9sentent une \u0153uvre qu\u2019ils ont interpr\u00e9t\u00e9e pour la derni\u00e8re fois en 1996, <i>Cendrillon<\/i> de Rossini. Cet op\u00e9ra en deux actes fut librement inspir\u00e9 par le conte <i>Cendrillon<\/i> de Charles Perrault. Dans ce drame joyeux, la m\u00e9chante belle-m\u00e8re est remplac\u00e9e par un beau-p\u00e8re ridicule et les pantoufles de vair par des bracelets, alors que le prince \u00e0 la recherche de l\u2019amour est substitu\u00e9 par un cr\u00e9ateur de mode cherchant sa prochaine muse. Un conte merveilleux pour tous les \u00e2ges o\u00f9 la bont\u00e9 triomphe sur l\u2019arrogance. Pr\u00e9sent\u00e9 en italien surtitr\u00e9 en fran\u00e7ais.<\/p>\n<p>LE 25 OCTOBRE, 19 H 30, GRAND TH\u00c9\u00c2TRE DE QU\u00c9BEC\u00a0 <a href=\"https:\/\/www.osq.org\/concerts\/cendrillon\/\" target=\"_blank\" rel=\"noopener\">D\u00c9TAILS ET BILLETS<\/a><\/p>\n<p>&nbsp;<\/p>\n<figure id=\"attachment_76530\" aria-describedby=\"caption-attachment-76530\" style=\"width: 1200px\" class=\"wp-caption aligncenter\"><img decoding=\"async\" loading=\"lazy\" class=\"size-full wp-image-76530\" src=\"https:\/\/www.ludwig-van.com\/montreal\/wp-content\/uploads\/sites\/3\/2023\/06\/Alain-Trudel-Brott-music-Festival.jpg\" alt=\"Alain Trudel, tromboniste et chef d'orchestre (Photo: Brott Music Festival)\" width=\"1200\" height=\"801\" \/><figcaption id=\"caption-attachment-76530\" class=\"wp-caption-text\">Alain Trudel (Photo : Brott Music Festival)<\/figcaption><\/figure>\n<h3>\u00c0 Trois-Rivi\u00e8res : OSTR &#8211; <i>Vienne \u00e9ternelle<\/i><\/h3>\n<p>L\u2019<b>Orchestre symphonique de Trois-Rivi\u00e8res<\/b>, sous la direction d\u2019<b>Alain Trudel<\/b>, ouvre sa saison avec une soir\u00e9e de r\u00e9pertoire romantique. Au programme, <i>Le Danube bleu<\/i> de Strauss, <i>Symphonie no 8<\/i> \u00abInachev\u00e9e\u00bb de Schubert et <i>Symphonie no 4<\/i> \u00abRomantique\u00bb de Bruckner. Une soir\u00e9e qui explore les multiples facettes de l&rsquo;\u00e2me viennoise!<\/p>\n<p>LE 25 OCTOBRE, 19 H 30, CATH\u00c9DRALE DE L\u2019ASSOMPTION\u00a0 <a href=\"https:\/\/ostr.ca\/programmation\/grands-concerts\/vienne-eternelle\/\" target=\"_blank\" rel=\"noopener\">D\u00c9TAILS ET BILLETS<\/a><\/p>\n<p>&nbsp;<\/p>\n<figure id=\"attachment_90194\" aria-describedby=\"caption-attachment-90194\" style=\"width: 1200px\" class=\"wp-caption aligncenter\"><img decoding=\"async\" loading=\"lazy\" class=\"size-full wp-image-90194\" src=\"https:\/\/www.ludwig-van.com\/montreal\/wp-content\/uploads\/sites\/3\/2025\/10\/Dani-de-Moron_Constantinople.jpg\" alt=\"Dani de Moron (Photo : courtoisie Constantinople)\" width=\"1200\" height=\"872\" srcset=\"https:\/\/www.ludwig-van.com\/montreal\/wp-content\/uploads\/sites\/3\/2025\/10\/Dani-de-Moron_Constantinople.jpg 1200w, https:\/\/www.ludwig-van.com\/montreal\/wp-content\/uploads\/sites\/3\/2025\/10\/Dani-de-Moron_Constantinople-300x218.jpg 300w, https:\/\/www.ludwig-van.com\/montreal\/wp-content\/uploads\/sites\/3\/2025\/10\/Dani-de-Moron_Constantinople-1024x744.jpg 1024w, https:\/\/www.ludwig-van.com\/montreal\/wp-content\/uploads\/sites\/3\/2025\/10\/Dani-de-Moron_Constantinople-768x558.jpg 768w\" sizes=\"(max-width: 1200px) 100vw, 1200px\" \/><figcaption id=\"caption-attachment-90194\" class=\"wp-caption-text\">Dani de Moron (Photo : courtoisie Constantinople)<\/figcaption><\/figure>\n<h3>Constantinople &amp; Dani de Mor\u00f3n &#8211; <i>Duende et H\u00e2l<\/i><\/h3>\n<p>\u00c9merveillement et inspiration &#8211; nomm\u00e9s duende en flamenco et h\u00e2l en musique persane &#8211; seront de cette soir\u00e9e o\u00f9 le ma\u00eetre du seitan persan <b>Kiya Tabassian<\/b> et l\u2019ambassadeur de la guitare flamenca <b>Dani de Mor\u00f3n<\/b> s\u2019allieront pour dessiner une fresque musicale riche. Accompagn\u00e9s des percussionnistes <b>Carlos Merino<\/b> et <b>Patrick Graham<\/b>, ils inventent une musique nouvelle, nourrie de leur racine flamenca et persane.<\/p>\n<p>LE 25 OCTOBRE, 20 H, SALLE BOURGIE\u00a0 <a href=\"https:\/\/www.mbam.qc.ca\/fr\/activites\/constantinople---duende-et-hal-elans-flamencos-1\/\" target=\"_blank\" rel=\"noopener\">D\u00c9TAILS ET BILLETS<\/a><\/p>\n<p>&nbsp;<\/p>\n<figure id=\"attachment_66527\" aria-describedby=\"caption-attachment-66527\" style=\"width: 1200px\" class=\"wp-caption aligncenter\"><img decoding=\"async\" loading=\"lazy\" class=\"size-full wp-image-66527\" src=\"https:\/\/www.ludwig-van.com\/montreal\/wp-content\/uploads\/sites\/3\/2021\/04\/Portrait-Dina-Gilbert-1200.jpg\" alt=\"\" width=\"1200\" height=\"559\" \/><figcaption id=\"caption-attachment-66527\" class=\"wp-caption-text\">Dina Gilbert, cheffe d&rsquo;orchestre. (Photo : fournie par l&rsquo;OSM)<\/figcaption><\/figure>\n<h3>OSM &#8211; Concert famille : <i>Des bonbons ou un sort<\/i><\/h3>\n<p>L\u2019<b>Orchestre symphonique de Montr\u00e9al<\/b>, dirig\u00e9 par <b>Dina Gilbert<\/b>, son organiste en r\u00e9sidence <b>Jean-Willy Kunz<\/b>, ainsi que les com\u00e9diens <b>Benjamin D\u00e9ziel<\/b> et <b>Guillaume Lessard<\/b> invitent les petits de 6 ans et plus \u00e0 se d\u00e9guiser pour assister \u00e0 ce concert famille \u00e0 th\u00e9matique halloweenesque. Des cr\u00e9atures myst\u00e9rieuses raconteront de dr\u00f4les d\u2019histoires qui vous transporteront dans des mondes imaginaires o\u00f9 la baguette de la cheffe d\u2019orchestre sera capable de jeter des sorts\u2026 \u00e0 moins que ce soit la musique qui ait des pouvoirs magiques? \u00c0 vous de le d\u00e9couvrir et de vous laisser ensorceler!<\/p>\n<p>LE 26 OCTOBRE, 14 H, MAISON SYMPHONIQUE\u00a0 <a href=\"https:\/\/www.osm.ca\/fr\/concert\/des-bonbons-ou-un-sort\/\" target=\"_blank\" rel=\"noopener\">D\u00c9TAILS ET BILLETS<\/a><\/p>\n<p>&nbsp;<\/p>\n<figure id=\"attachment_90191\" aria-describedby=\"caption-attachment-90191\" style=\"width: 1200px\" class=\"wp-caption aligncenter\"><img decoding=\"async\" loading=\"lazy\" class=\"size-full wp-image-90191\" src=\"https:\/\/www.ludwig-van.com\/montreal\/wp-content\/uploads\/sites\/3\/2025\/10\/Elisabeth-St-Gelais_Villedepluie.png\" alt=\"\u00c9lisabeth St-Gelais (photo : Villedepluie)\" width=\"1200\" height=\"730\" srcset=\"https:\/\/www.ludwig-van.com\/montreal\/wp-content\/uploads\/sites\/3\/2025\/10\/Elisabeth-St-Gelais_Villedepluie.png 1200w, https:\/\/www.ludwig-van.com\/montreal\/wp-content\/uploads\/sites\/3\/2025\/10\/Elisabeth-St-Gelais_Villedepluie-300x183.png 300w, https:\/\/www.ludwig-van.com\/montreal\/wp-content\/uploads\/sites\/3\/2025\/10\/Elisabeth-St-Gelais_Villedepluie-1024x623.png 1024w, https:\/\/www.ludwig-van.com\/montreal\/wp-content\/uploads\/sites\/3\/2025\/10\/Elisabeth-St-Gelais_Villedepluie-768x467.png 768w\" sizes=\"(max-width: 1200px) 100vw, 1200px\" \/><figcaption id=\"caption-attachment-90191\" class=\"wp-caption-text\">\u00c9lisabeth St-Gelais (photo : Villedepluie)<\/figcaption><\/figure>\n<h3>Orchestre de l\u2019Agora &#8211; <i>Dans les rues de Paris<\/i><\/h3>\n<p>L\u2019<b>Orchestre de l\u2019Agora<\/b>, sous la direction du chef et pianiste <b>Nicolas Ellis<\/b>, s\u2019allie \u00e0 la soprano innue <b>Elisabeth St-Gelais<\/b> pour interpr\u00e9ter diff\u00e9rentes \u0153uvres de compositeurs fran\u00e7ais. Fermez les yeux et ayez l\u2019impression d\u2019\u00eatre sous la Tour Eiffel tout en \u00e9coutant des pi\u00e8ces de Jacques Ibert, Georges Bizet, Paul Taffanel, Faur\u00e9, Chausson, Berlioz et bien d\u2019autres.<\/p>\n<p>LE 26 OCTOBRE, 15 H, CHAPELLE NOTRE-DAME-DE-BON-SECOURS\u00a0 <a href=\"https:\/\/montreal.ca\/evenements\/dans-les-rues-de-paris-89379\" target=\"_blank\" rel=\"noopener\">D\u00c9TAILS ET BILLETS<\/a><\/p>\n<p>&nbsp;<\/p>\n<figure id=\"attachment_90192\" aria-describedby=\"caption-attachment-90192\" style=\"width: 1200px\" class=\"wp-caption aligncenter\"><img decoding=\"async\" loading=\"lazy\" class=\"size-full wp-image-90192\" src=\"https:\/\/www.ludwig-van.com\/montreal\/wp-content\/uploads\/sites\/3\/2025\/10\/Yves-G-Prefontaine.png\" alt=\"Yves-G. Pr\u00e9fontaine (Photo : Concours international d'orgue du Canada)\" width=\"1200\" height=\"674\" srcset=\"https:\/\/www.ludwig-van.com\/montreal\/wp-content\/uploads\/sites\/3\/2025\/10\/Yves-G-Prefontaine.png 1200w, https:\/\/www.ludwig-van.com\/montreal\/wp-content\/uploads\/sites\/3\/2025\/10\/Yves-G-Prefontaine-300x169.png 300w, https:\/\/www.ludwig-van.com\/montreal\/wp-content\/uploads\/sites\/3\/2025\/10\/Yves-G-Prefontaine-1024x575.png 1024w, https:\/\/www.ludwig-van.com\/montreal\/wp-content\/uploads\/sites\/3\/2025\/10\/Yves-G-Prefontaine-768x431.png 768w\" sizes=\"(max-width: 1200px) 100vw, 1200px\" \/><figcaption id=\"caption-attachment-90192\" class=\"wp-caption-text\">Yves-G. Pr\u00e9fontaine (Photo : Concours international d&rsquo;orgue du Canada)<\/figcaption><\/figure>\n<h3>Yves-G. Pr\u00e9fontaine, orgue<\/h3>\n<p>Pour ce dernier concert du Festival des couleurs de l\u2019orgue fran\u00e7ais, le Concours international d\u2019orgue du Canada a invit\u00e9 le fondateur m\u00eame de ce festival, <b>Yves-G. Pr\u00e9fontaine<\/b>. Figure embl\u00e9matique de l\u2019orgue au Qu\u00e9bec, Yves-G. Pr\u00e9fontaine est depuis pr\u00e8s de 60 ans titulaire du Sanctuaire Marie-Reine-des-C\u0153urs. Il interpr\u00e9tera un r\u00e9pertoire d\u2019\u0153uvres de compositeurs classiques fran\u00e7ais.<\/p>\n<p>LE 26 OCTOBRE, 15 H, CHAPELLE DES PR\u00caTRES DE ST-SULPICE\u00a0 <a href=\"https:\/\/www.zeffy.com\/ticketing\/yves-g-prefontaine-festival-des-couleurs-de-lorgue-francais\" target=\"_blank\" rel=\"noopener\">D\u00c9TAILS<\/a><\/p>\n<p>&nbsp;<\/p>\n<figure id=\"attachment_90193\" aria-describedby=\"caption-attachment-90193\" style=\"width: 1200px\" class=\"wp-caption aligncenter\"><img decoding=\"async\" loading=\"lazy\" class=\"size-full wp-image-90193\" src=\"https:\/\/www.ludwig-van.com\/montreal\/wp-content\/uploads\/sites\/3\/2025\/10\/Shen-Yuan.png\" alt=\"Shen Yuan (Photo : site du Concours international d'orgue du Canada)\" width=\"1200\" height=\"672\" srcset=\"https:\/\/www.ludwig-van.com\/montreal\/wp-content\/uploads\/sites\/3\/2025\/10\/Shen-Yuan.png 1200w, https:\/\/www.ludwig-van.com\/montreal\/wp-content\/uploads\/sites\/3\/2025\/10\/Shen-Yuan-300x168.png 300w, https:\/\/www.ludwig-van.com\/montreal\/wp-content\/uploads\/sites\/3\/2025\/10\/Shen-Yuan-1024x573.png 1024w, https:\/\/www.ludwig-van.com\/montreal\/wp-content\/uploads\/sites\/3\/2025\/10\/Shen-Yuan-768x430.png 768w\" sizes=\"(max-width: 1200px) 100vw, 1200px\" \/><figcaption id=\"caption-attachment-90193\" class=\"wp-caption-text\">Shen Yuan (Photo : site du Concours international d&rsquo;orgue du Canada)<\/figcaption><\/figure>\n<h3>Shen Yuan, orgue &#8211; <i>Symphonie des \u00e9toiles : Odyss\u00e9e musicale au travers le syst\u00e8me solaire<\/i><\/h3>\n<p>Concerts Lachine et le Concours international d\u2019orgue du Canada pr\u00e9sentent l\u2019organiste et p\u00e9dagogue <b>Shen Yuan<\/b>. Cette derni\u00e8re a re\u00e7u le prix du public lors du Concours international d\u2019orgue du Canada en 2017, ann\u00e9e o\u00f9 elle a \u00e9t\u00e9 suivie, avec quatre autres candidats, dans les coulisses de cette comp\u00e9tition reconnue dans le but de faire le documentaire <i>Pipe Dreams<\/i>. En plus de sa carri\u00e8re de concertiste, elle enseigne au Conservatoire central de musique de P\u00e9kin et organise le Festival international d\u2019orgue et d\u2019orgue \u00e9lectronique de P\u00e9kin. Reconnue internationalement pour ses talents artistiques, Shen Yuan interpr\u00e9tera du Ravel, Holst, Mahler et Debussy.<\/p>\n<p>LE 26 OCTOBRE, 15 H, \u00c9GLISE SAINTS-ANGES DE LACHINE\u00a0 <a href=\"https:\/\/www.zeffy.com\/ticketing\/shen-yuan-presented-by-concerts-lachine\" target=\"_blank\" rel=\"noopener\">D\u00c9TAILS<\/a><\/p>\n<p>&nbsp;<\/p>\n<p><img decoding=\"async\" loading=\"lazy\" class=\"aligncenter size-full wp-image-90105\" src=\"https:\/\/www.ludwig-van.com\/montreal\/wp-content\/uploads\/sites\/3\/2025\/10\/Stella-musica_1200.jpg\" alt=\"\" width=\"1200\" height=\"610\" srcset=\"https:\/\/www.ludwig-van.com\/montreal\/wp-content\/uploads\/sites\/3\/2025\/10\/Stella-musica_1200.jpg 1200w, https:\/\/www.ludwig-van.com\/montreal\/wp-content\/uploads\/sites\/3\/2025\/10\/Stella-musica_1200-300x153.jpg 300w, https:\/\/www.ludwig-van.com\/montreal\/wp-content\/uploads\/sites\/3\/2025\/10\/Stella-musica_1200-1024x521.jpg 1024w, https:\/\/www.ludwig-van.com\/montreal\/wp-content\/uploads\/sites\/3\/2025\/10\/Stella-musica_1200-768x390.jpg 768w\" sizes=\"(max-width: 1200px) 100vw, 1200px\" \/><\/p>\n<h3>Festival Stella Musica &#8211; <i>Voyage musicale intime<\/i><\/h3>\n<p>Le Festival Stella Musica, qui a pour but de mettre de l\u2019avant les interpr\u00e8tes et compositrices f\u00e9minines, vous invite \u00e0 vivre un moment musical intime avec la mezzo-soprano <b>Justine Ledoux<\/b> ainsi qu\u2019avec le <b>Duo Aster<\/b>, compos\u00e9 de la saxophoniste <b>Clio Theodoridis <\/b>et du pianiste <b>Jonathan Nemtanu<\/b>. Le concert mettra \u00e9galement \u00e0 l\u2019honneur des compositrices marquantes : la qu\u00e9b\u00e9coise <b>Laurence Jobidon<\/b>, la polonaise Gra\u017cyna Bacewicz et la fran\u00e7aise Fernande Decruck.<\/p>\n<p>LE 26 OCTOBRE, 15 H, SALLE CLAUDE-L\u00c9VEILL\u00c9E\u00a0 <a href=\"https:\/\/www.placedesarts.com\/evenement\/voyage-musical-intime\" target=\"_blank\" rel=\"noopener\">D\u00c9TAILS ET BILLETS<\/a><\/p>\n<h2><em>Inscrivez-vous \u00e0 notre infolettre! La musique classique et l\u2019op\u00e9ra en 5 minutes, chaque jour<\/em> <a href=\"https:\/\/ludwig-van.us9.list-manage.com\/subscribe?u=4f785cb3f9058f2393ccad035&amp;id=b9b160c032\" target=\"_blank\" rel=\"noopener noreferrer\">ICI<\/a>.<\/h2>\n","protected":false},"excerpt":{"rendered":"<p>Alors que la pluie vient enfin abreuver quelque peu la nature assoiff\u00e9e et les puits dess\u00e9ch\u00e9s, nos artistes font pleuvoir notes et m\u00e9lodies, abreuvant ainsi les m\u00e9lomanes assoiff\u00e9s d&rsquo;\u00e9motions fortes! Imbibez-vous le c\u0153ur et les oreilles d\u2019harmonies enchanteresses en assistant \u00e0 l\u2019une, ou \u00e0 plusieurs pour les plus d\u00e9shydrat\u00e9\u00b7e\u00b7s, des repr\u00e9sentations que nous vous sugg\u00e9rons ci-dessous.<\/p>\n","protected":false},"author":1,"featured_media":90197,"comment_status":"open","ping_status":"open","sticky":false,"template":"","format":"standard","meta":{"om_disable_all_campaigns":false,"jetpack_post_was_ever_published":false},"categories":[42299,10994],"tags":[42300,11882],"yst_prominent_words":[9863,13120,12253,12250,26052,9877,12252,26703,11696,13116,13118,31964],"acf":[],"jetpack_featured_media_url":"https:\/\/www.ludwig-van.com\/montreal\/wp-content\/uploads\/sites\/3\/2025\/10\/Copie-de-CONCERTS11.jpg","jetpack_sharing_enabled":true,"jetpack_shortlink":"https:\/\/wp.me\/p9bdYt-nsv","amp_enabled":true,"_links":{"self":[{"href":"https:\/\/www.ludwig-van.com\/montreal\/wp-json\/wp\/v2\/posts\/90179"}],"collection":[{"href":"https:\/\/www.ludwig-van.com\/montreal\/wp-json\/wp\/v2\/posts"}],"about":[{"href":"https:\/\/www.ludwig-van.com\/montreal\/wp-json\/wp\/v2\/types\/post"}],"author":[{"embeddable":true,"href":"https:\/\/www.ludwig-van.com\/montreal\/wp-json\/wp\/v2\/users\/1"}],"replies":[{"embeddable":true,"href":"https:\/\/www.ludwig-van.com\/montreal\/wp-json\/wp\/v2\/comments?post=90179"}],"version-history":[{"count":7,"href":"https:\/\/www.ludwig-van.com\/montreal\/wp-json\/wp\/v2\/posts\/90179\/revisions"}],"predecessor-version":[{"id":90218,"href":"https:\/\/www.ludwig-van.com\/montreal\/wp-json\/wp\/v2\/posts\/90179\/revisions\/90218"}],"wp:featuredmedia":[{"embeddable":true,"href":"https:\/\/www.ludwig-van.com\/montreal\/wp-json\/wp\/v2\/media\/90197"}],"wp:attachment":[{"href":"https:\/\/www.ludwig-van.com\/montreal\/wp-json\/wp\/v2\/media?parent=90179"}],"wp:term":[{"taxonomy":"category","embeddable":true,"href":"https:\/\/www.ludwig-van.com\/montreal\/wp-json\/wp\/v2\/categories?post=90179"},{"taxonomy":"post_tag","embeddable":true,"href":"https:\/\/www.ludwig-van.com\/montreal\/wp-json\/wp\/v2\/tags?post=90179"},{"taxonomy":"yst_prominent_words","embeddable":true,"href":"https:\/\/www.ludwig-van.com\/montreal\/wp-json\/wp\/v2\/yst_prominent_words?post=90179"}],"curies":[{"name":"wp","href":"https:\/\/api.w.org\/{rel}","templated":true}]}}