{"id":90094,"date":"2025-10-14T16:31:55","date_gmt":"2025-10-14T20:31:55","guid":{"rendered":"https:\/\/www.ludwig-van.com\/montreal\/?p=90094"},"modified":"2025-10-14T20:00:04","modified_gmt":"2025-10-15T00:00:04","slug":"choix-de-la-redaction-36","status":"publish","type":"post","link":"https:\/\/www.ludwig-van.com\/montreal\/2025\/10\/14\/choix-de-la-redaction-36\/","title":{"rendered":"CHOIX DE LA R\u00c9DACTION | Saison des r\u00e9coltes, saison des concerts"},"content":{"rendered":"<p><img decoding=\"async\" loading=\"lazy\" class=\"aligncenter size-full wp-image-90116\" src=\"https:\/\/www.ludwig-van.com\/montreal\/wp-content\/uploads\/sites\/3\/2025\/10\/Copie-de-CONCERTS10.jpg\" alt=\"\" width=\"1200\" height=\"628\" srcset=\"https:\/\/www.ludwig-van.com\/montreal\/wp-content\/uploads\/sites\/3\/2025\/10\/Copie-de-CONCERTS10.jpg 1200w, https:\/\/www.ludwig-van.com\/montreal\/wp-content\/uploads\/sites\/3\/2025\/10\/Copie-de-CONCERTS10-300x157.jpg 300w, https:\/\/www.ludwig-van.com\/montreal\/wp-content\/uploads\/sites\/3\/2025\/10\/Copie-de-CONCERTS10-1024x536.jpg 1024w, https:\/\/www.ludwig-van.com\/montreal\/wp-content\/uploads\/sites\/3\/2025\/10\/Copie-de-CONCERTS10-768x402.jpg 768w\" sizes=\"(max-width: 1200px) 100vw, 1200px\" \/><\/p>\n<p>Le temps frais de l\u2019automne est maintenant bien install\u00e9 et les musicien\u00b7ne\u00b7s ont troqu\u00e9 les concerts ext\u00e9rieurs pour le confort des sc\u00e8nes int\u00e9rieures. Heureusement, la r\u00e9gion m\u00e9tropolitaine en est dot\u00e9e de plusieurs, des plus intimes aux plus grandioses. En ajoutant \u00e0 ces derni\u00e8res celles \u00e0 l\u2019ext\u00e9rieur de l\u2019\u00eele, cela vous offre une multitude d\u2019occasions d\u2019enfiler votre \u00abp\u2019tite laine\u00bb pour assister \u00e0 l\u2019un des \u00e9v\u00e9nements musicaux de la semaine!<\/p>\n<h3><\/h3>\n<p><img decoding=\"async\" loading=\"lazy\" class=\"aligncenter size-full wp-image-90102\" src=\"https:\/\/www.ludwig-van.com\/montreal\/wp-content\/uploads\/sites\/3\/2025\/10\/SMAM_La-rose-et-la-plume.png\" alt=\"\" width=\"1200\" height=\"967\" srcset=\"https:\/\/www.ludwig-van.com\/montreal\/wp-content\/uploads\/sites\/3\/2025\/10\/SMAM_La-rose-et-la-plume.png 1200w, https:\/\/www.ludwig-van.com\/montreal\/wp-content\/uploads\/sites\/3\/2025\/10\/SMAM_La-rose-et-la-plume-300x242.png 300w, https:\/\/www.ludwig-van.com\/montreal\/wp-content\/uploads\/sites\/3\/2025\/10\/SMAM_La-rose-et-la-plume-1024x825.png 1024w, https:\/\/www.ludwig-van.com\/montreal\/wp-content\/uploads\/sites\/3\/2025\/10\/SMAM_La-rose-et-la-plume-768x619.png 768w\" sizes=\"(max-width: 1200px) 100vw, 1200px\" \/><\/p>\n<h3>SMAM &#8211; <em>La rose et la plume<\/em><\/h3>\n<p>Le <b>Studio de musique ancienne de Montr\u00e9al<\/b>, SMAM, sous la direction de <b>Andrew McAnerney<\/b>, interpr\u00e9tera des extraits du Eton Choirbook. Ce dernier a miraculeusement surv\u00e9cu aux saccages ordonn\u00e9s par Henri VIII lorsqu\u2019il a impos\u00e9 la R\u00e9forme anglicane, pr\u00e9servant ainsi une grande partie de la musique sacr\u00e9e de l\u2019Angleterre du XVe si\u00e8cle. Vous pourrez donc en entendre quelques pi\u00e8ces, toutes chant\u00e9es a capella.<\/p>\n<p>LE 14 OCTOBRE, 14 H, ABBAYE ST-BENO\u00ceT-DU-LAC\u00a0 <a href=\"https:\/\/www.orford.mu\/concerts-et-evenements\/smam-la-rose-et-la-plume\/\" target=\"_blank\" rel=\"noopener\">D\u00c9TAILS ET BILLETS<\/a><\/p>\n<p>&nbsp;<\/p>\n<figure id=\"attachment_86868\" aria-describedby=\"caption-attachment-86868\" style=\"width: 1200px\" class=\"wp-caption aligncenter\"><img decoding=\"async\" loading=\"lazy\" class=\"size-full wp-image-86868\" src=\"https:\/\/www.ludwig-van.com\/montreal\/wp-content\/uploads\/sites\/3\/2025\/03\/Jean-Michael-Lavoie_\u00a9Lou_Scamble.jpg\" alt=\"Jean-Micha\u00ebl Lavoie (Photo : Lou Scamble)\" width=\"1200\" height=\"927\" srcset=\"https:\/\/www.ludwig-van.com\/montreal\/wp-content\/uploads\/sites\/3\/2025\/03\/Jean-Michael-Lavoie_\u00a9Lou_Scamble.jpg 1200w, https:\/\/www.ludwig-van.com\/montreal\/wp-content\/uploads\/sites\/3\/2025\/03\/Jean-Michael-Lavoie_\u00a9Lou_Scamble-300x232.jpg 300w, https:\/\/www.ludwig-van.com\/montreal\/wp-content\/uploads\/sites\/3\/2025\/03\/Jean-Michael-Lavoie_\u00a9Lou_Scamble-1024x791.jpg 1024w, https:\/\/www.ludwig-van.com\/montreal\/wp-content\/uploads\/sites\/3\/2025\/03\/Jean-Michael-Lavoie_\u00a9Lou_Scamble-768x593.jpg 768w\" sizes=\"(max-width: 1200px) 100vw, 1200px\" \/><figcaption id=\"caption-attachment-86868\" class=\"wp-caption-text\">Jean-Micha\u00ebl Lavoie (Photo : Lou Scamble)<\/figcaption><\/figure>\n<h3>NEM &#8211; Chapitre 4\/NEM et la rel\u00e8ve<\/h3>\n<p>Le FORUM des compositeurs du <b>Nouvel ensemble moderne<\/b> offre aux jeunes compositeurs\u00b7trices l\u2019occasion de travailler avec le NEM pendant quelques jours dans le but de pr\u00e9parer un concert o\u00f9 leur cr\u00e9ation sera pr\u00e9sent\u00e9e. Cet \u00e9v\u00e9nement, qui en est \u00e0 sa treizi\u00e8me \u00e9dition, a d\u00e9j\u00e0 pu b\u00e9n\u00e9ficier \u00e0 85 compositeurs\u00b7trices issu\u00b7e\u00b7s de 29 pays. Cette ann\u00e9e, ce sont les compositeurs <b>Francis Battah<\/b> et <b>Tom Lachance<\/b> et la compositrice <b>Christina Volpini<\/b> qui ont \u00e9t\u00e9 les heureux \u00e9lus et l\u2019heureuse \u00e9lue. Vous pourrez donc entendre leurs \u0153uvres cette semaine, ainsi qu\u2019une de celles de <b>Brian Current<\/b>, compositeur canadien reconnu mondialement, le tout sous la direction de <strong>Jean-Micha\u00ebl Lavoie<\/strong>.<\/p>\n<p>LE 15 OCTOBRE, 18 H 30, CINQUI\u00c8ME SALLE<a href=\"https:\/\/www.placedesarts.com\/evenement\/chapitre-4-nem-releve\" target=\"_blank\" rel=\"noopener\"> D\u00c9TAILS<\/a><\/p>\n<p>&nbsp;<\/p>\n<figure id=\"attachment_90108\" aria-describedby=\"caption-attachment-90108\" style=\"width: 1200px\" class=\"wp-caption aligncenter\"><img decoding=\"async\" loading=\"lazy\" class=\"size-full wp-image-90108\" src=\"https:\/\/www.ludwig-van.com\/montreal\/wp-content\/uploads\/sites\/3\/2025\/10\/Screenshot-2025-10-14-at-13-42-08-L-Offrande-musicale-Ville-de-Montreal.png\" alt=\"\" width=\"1200\" height=\"476\" srcset=\"https:\/\/www.ludwig-van.com\/montreal\/wp-content\/uploads\/sites\/3\/2025\/10\/Screenshot-2025-10-14-at-13-42-08-L-Offrande-musicale-Ville-de-Montreal.png 1200w, https:\/\/www.ludwig-van.com\/montreal\/wp-content\/uploads\/sites\/3\/2025\/10\/Screenshot-2025-10-14-at-13-42-08-L-Offrande-musicale-Ville-de-Montreal-300x119.png 300w, https:\/\/www.ludwig-van.com\/montreal\/wp-content\/uploads\/sites\/3\/2025\/10\/Screenshot-2025-10-14-at-13-42-08-L-Offrande-musicale-Ville-de-Montreal-1024x406.png 1024w, https:\/\/www.ludwig-van.com\/montreal\/wp-content\/uploads\/sites\/3\/2025\/10\/Screenshot-2025-10-14-at-13-42-08-L-Offrande-musicale-Ville-de-Montreal-768x305.png 768w\" sizes=\"(max-width: 1200px) 100vw, 1200px\" \/><figcaption id=\"caption-attachment-90108\" class=\"wp-caption-text\">(Photo : courtoisie)<\/figcaption><\/figure>\n<h3><em>L\u2019Offrande musicale<\/em><\/h3>\n<p><b>No\u00e9my Gagnon-Lafrenais<\/b>, violon, <b>Joanna Marsden<\/b>, fl\u00fbte, <b>Margaret Little<\/b>, viole, et <b>Christophe Gauthier<\/b>, clavecin, pr\u00e9sentent <i>L\u2019Offrande musicale<\/i> de Bach. Cette \u0153uvre fut inspir\u00e9e par un th\u00e8me pr\u00e9sent\u00e9 \u00e0 Bach par Fr\u00e9d\u00e9ric II de Prusse, un passionn\u00e9 de musique et compositeur amateur de valeur. Elle est maintenant consid\u00e9r\u00e9e comme l\u2019une des plus grandes du c\u00e9l\u00e8bre compositeur.<\/p>\n<p>LE 15 OCTOBRE, 19 H 30, SALLE PAUL-DESMARAIS <a href=\"https:\/\/montreal.ca\/evenements\/l-offrande-musicale-89363\" target=\"_blank\" rel=\"noopener\">D\u00c9TAILS ET BILLETS<\/a><\/p>\n<p>&nbsp;<\/p>\n<figure id=\"attachment_90103\" aria-describedby=\"caption-attachment-90103\" style=\"width: 1200px\" class=\"wp-caption aligncenter\"><img decoding=\"async\" loading=\"lazy\" class=\"size-full wp-image-90103\" src=\"https:\/\/www.ludwig-van.com\/montreal\/wp-content\/uploads\/sites\/3\/2025\/10\/OSM_13-novembre-2024_Antoine-Saito.jpg\" alt=\"OSM et Rafael Payare (Photo : Antoine Saito)\" width=\"1200\" height=\"800\" srcset=\"https:\/\/www.ludwig-van.com\/montreal\/wp-content\/uploads\/sites\/3\/2025\/10\/OSM_13-novembre-2024_Antoine-Saito.jpg 1200w, https:\/\/www.ludwig-van.com\/montreal\/wp-content\/uploads\/sites\/3\/2025\/10\/OSM_13-novembre-2024_Antoine-Saito-300x200.jpg 300w, https:\/\/www.ludwig-van.com\/montreal\/wp-content\/uploads\/sites\/3\/2025\/10\/OSM_13-novembre-2024_Antoine-Saito-1024x683.jpg 1024w, https:\/\/www.ludwig-van.com\/montreal\/wp-content\/uploads\/sites\/3\/2025\/10\/OSM_13-novembre-2024_Antoine-Saito-768x512.jpg 768w\" sizes=\"(max-width: 1200px) 100vw, 1200px\" \/><figcaption id=\"caption-attachment-90103\" class=\"wp-caption-text\">OSM et Rafael Payare (Photo : Antoine Saito)<\/figcaption><\/figure>\n<h3>OSM &#8211; <em>Le chant du cygne de Mahler<\/em><\/h3>\n<p>Vous vous rappelez certainement du cycle Mahler initi\u00e9 par <b>Rafael Payare<\/b> en 2022. Sous sa baguette, l\u2019<b>Orchestre symphonique de Montr\u00e9al<\/b> a depuis interpr\u00e9t\u00e9 les <i>Symphonies nos 2, 3, 5<\/i> et <i>6<\/i> dudit compositeur. Deux autres symphonies sont au programme cette saison-ci, \u00e0 commencer par la Neuvi\u00e8me dans les prochains jours. Compos\u00e9e au cours des \u00e9t\u00e9s 1909 et 1910, elle constitue, avec l&rsquo;\u00e9bauche de sa Dixi\u00e8me symphonie et ses Chants de la terre, son chant du cygne puisqu\u2019il fut marqu\u00e9 par le d\u00e9c\u00e8s de sa fille en 1907. Le compositeur d\u00e9c\u00e8dera quelques ann\u00e9es plus tard, en 1911.<\/p>\n<p>LES 15 ET 16 OCTOBRE, 19 H 30, MAISON SYMPHONIQUE <a href=\"https:\/\/www.osm.ca\/fr\/concert\/le-chant-du-cygne-de-mahler\/?date=2025-10-15+19:30:00\" target=\"_blank\" rel=\"noopener\">D\u00c9TAILS ET BILLETS<\/a><\/p>\n<p>&nbsp;<\/p>\n<figure id=\"attachment_50245\" aria-describedby=\"caption-attachment-50245\" style=\"width: 1024px\" class=\"wp-caption aligncenter\"><img decoding=\"async\" loading=\"lazy\" class=\"size-full wp-image-50245\" src=\"https:\/\/www.ludwig-van.com\/montreal\/wp-content\/uploads\/sites\/3\/2017\/12\/Kristian-Bezuidenhout002-by-Marco-Borggreve.jpg\" alt=\"Kristian Bezuidenhout, soliste invit\u00e9 des Violons du Roy cette semaine. (Cr\u00e9dit: Marco Borggreve))\" width=\"1024\" height=\"659\" srcset=\"https:\/\/www.ludwig-van.com\/montreal\/wp-content\/uploads\/sites\/3\/2017\/12\/Kristian-Bezuidenhout002-by-Marco-Borggreve.jpg 1024w, https:\/\/www.ludwig-van.com\/montreal\/wp-content\/uploads\/sites\/3\/2017\/12\/Kristian-Bezuidenhout002-by-Marco-Borggreve-300x193.jpg 300w, https:\/\/www.ludwig-van.com\/montreal\/wp-content\/uploads\/sites\/3\/2017\/12\/Kristian-Bezuidenhout002-by-Marco-Borggreve-768x494.jpg 768w\" sizes=\"(max-width: 1024px) 100vw, 1024px\" \/><figcaption id=\"caption-attachment-50245\" class=\"wp-caption-text\">Kristian Bezuidenhout (Photo : Marco Borggreve)<\/figcaption><\/figure>\n<h3>Kristian Bezuidenhout, pianoforte &#8211; Trois concerts<\/h3>\n<p>L\u2019artiste en r\u00e9sidence de la Salle Bourgie, <b>Kristian Bezuidenhout<\/b>, ne ch\u00f4mera pas cette semaine puisqu\u2019il pr\u00e9sentera trois concerts diff\u00e9rents. Tout d\u2019abord, mercredi, il rejoindra l\u2019ensemble londonien <b>Quatuor Consone<\/b>. Conjointement, ils se plongeront dans le classicisme viennois avec deux \u0153uvres de Mozart et une de Haydn. Par la suite, jeudi, il s\u2019alliera \u00e0 la mezzo-soprano su\u00e9doise <b>Anne<\/b> <b>Sofie von Otter<\/b> pour amorcer l\u2019an 2 de l\u2019int\u00e9grale des lieder de Schubert avec des \u0153uvres tardives du compositeur. Attention toutefois, que seulement quelques billets restent disponibles pour cette repr\u00e9sentation! Finalement, dimanche, Kristian Bezuidenhout d\u00e9montrera sa versatilit\u00e9 et son expertise en pr\u00e9sentant un concert qui mettra en valeur la collection d\u2019instruments \u00e0 clavier historiques de la Salle Bourgie. Pour ce faire, il interpr\u00e9tera un programme d\u2019\u0153uvres du XIXe si\u00e8cle de compositeurs\u00b7trices connu\u00b7e\u00b7s comme Clara Schumann et Felix Mendelssohn.<\/p>\n<p>AVEC LE QUATUOR CONSONE : LE 15 OCTOBRE, 19 H 30, SALLE BOURGIE <a href=\"https:\/\/www.mbam.qc.ca\/fr\/activites\/kristian-bezuidenhout-pianoforte-quatuor-consone-classicisme-et-musique-de-chambre\/\" target=\"_blank\" rel=\"noopener\">D\u00c9TAILS ET BILLETS<\/a><\/p>\n<p>AVEC ANNE SOFIE VON OTTER :\u00a0LE 16 OCTOBRE, 19 H 30, SALLE BOURGIE <a href=\"https:\/\/www.mbam.qc.ca\/fr\/activites\/une-soiree-schubert\/\" target=\"_blank\" rel=\"noopener\">D\u00c9TAILS ET BILLETS<\/a><\/p>\n<p>CLAVIERS HISTORIQUES :\u00a0LE 19 OCTOBRE, 14 H 30, SALLE BOURGIE\u00a0 <a href=\"https:\/\/www.mbam.qc.ca\/fr\/activites\/kristian-bezuidenhout-une-histoire-du-piano\/\" target=\"_blank\" rel=\"noopener\">D\u00c9TAILS ET BILLETS<\/a><\/p>\n<p>&nbsp;<\/p>\n<figure id=\"attachment_87751\" aria-describedby=\"caption-attachment-87751\" style=\"width: 1200px\" class=\"wp-caption aligncenter\"><img decoding=\"async\" loading=\"lazy\" class=\"size-full wp-image-87751\" src=\"https:\/\/www.ludwig-van.com\/montreal\/wp-content\/uploads\/sites\/3\/2025\/05\/Bryan-Cheng-\u00a9-Andrej-Grilc.jpg\" alt=\"Bryan Cheng (Photo : Andrej Grilc)\" width=\"1200\" height=\"800\" srcset=\"https:\/\/www.ludwig-van.com\/montreal\/wp-content\/uploads\/sites\/3\/2025\/05\/Bryan-Cheng-\u00a9-Andrej-Grilc.jpg 1200w, https:\/\/www.ludwig-van.com\/montreal\/wp-content\/uploads\/sites\/3\/2025\/05\/Bryan-Cheng-\u00a9-Andrej-Grilc-300x200.jpg 300w, https:\/\/www.ludwig-van.com\/montreal\/wp-content\/uploads\/sites\/3\/2025\/05\/Bryan-Cheng-\u00a9-Andrej-Grilc-1024x683.jpg 1024w, https:\/\/www.ludwig-van.com\/montreal\/wp-content\/uploads\/sites\/3\/2025\/05\/Bryan-Cheng-\u00a9-Andrej-Grilc-768x512.jpg 768w\" sizes=\"(max-width: 1200px) 100vw, 1200px\" \/><figcaption id=\"caption-attachment-87751\" class=\"wp-caption-text\">Bryan Cheng (Photo : Andrej Grilc)<\/figcaption><\/figure>\n<h3>\u00c0 Qu\u00e9bec : OSQ &#8211; <em>La Pastorale<\/em><\/h3>\n<p>L\u2019<b>Orchestre symphonique de Qu\u00e9bec<\/b> et son invit\u00e9, le violoncelliste <b>Bryan Cheng<\/b>, vous invitent \u00e0 les rejoindre au Palais Montcalm dans le Vieux Qu\u00e9bec pour une soir\u00e9e au c\u0153ur du romantisme. Sous la direction du chef danois <b>Christian Kluxen<\/b>, ils joueront <i>La sorci\u00e8re de midi<\/i> et <i>Rondo pour violoncelle et orchestre <\/i>de Dvor\u030c\u00e1k, <i>Kol Nidrei<\/i> de Bruch, <i>Rhapsodie hongroise<\/i> de Popper, ainsi que la plus que c\u00e9l\u00e8bre <i>Symphonie n\u00b0 6<\/i> \u00ab\u2009Pastorale\u2009\u00bb de Beethoven.<\/p>\n<p>LE 15 OCTOBRE, 20 H, PALAIS MONTCALM <a href=\"https:\/\/palaismontcalm-osq.tuxedobillet.com\/osq\/la-pastorale-de-beethoven\" target=\"_blank\" rel=\"noopener\">D\u00c9TAILS ET BILLETS<\/a><\/p>\n<p>&nbsp;<\/p>\n<figure id=\"attachment_90104\" aria-describedby=\"caption-attachment-90104\" style=\"width: 1200px\" class=\"wp-caption aligncenter\"><img decoding=\"async\" loading=\"lazy\" class=\"size-full wp-image-90104\" src=\"https:\/\/www.ludwig-van.com\/montreal\/wp-content\/uploads\/sites\/3\/2025\/10\/Roozbeh-Tabandeh-Songs-of-the-Drowning_Claude-Precourt.jpg\" alt=\"Songs of the Drowning de Roozbeh Tabandeh (Photo : Claude Pr\u00e9court)\" width=\"1200\" height=\"674\" srcset=\"https:\/\/www.ludwig-van.com\/montreal\/wp-content\/uploads\/sites\/3\/2025\/10\/Roozbeh-Tabandeh-Songs-of-the-Drowning_Claude-Precourt.jpg 1200w, https:\/\/www.ludwig-van.com\/montreal\/wp-content\/uploads\/sites\/3\/2025\/10\/Roozbeh-Tabandeh-Songs-of-the-Drowning_Claude-Precourt-300x169.jpg 300w, https:\/\/www.ludwig-van.com\/montreal\/wp-content\/uploads\/sites\/3\/2025\/10\/Roozbeh-Tabandeh-Songs-of-the-Drowning_Claude-Precourt-1024x575.jpg 1024w, https:\/\/www.ludwig-van.com\/montreal\/wp-content\/uploads\/sites\/3\/2025\/10\/Roozbeh-Tabandeh-Songs-of-the-Drowning_Claude-Precourt-768x431.jpg 768w\" sizes=\"(max-width: 1200px) 100vw, 1200px\" \/><figcaption id=\"caption-attachment-90104\" class=\"wp-caption-text\">Songs of the Drowning de Roozbeh Tabandeh (Photo : Claude Pr\u00e9court)<\/figcaption><\/figure>\n<h3>Roozbeh Tabandeh &#8211; <i>Songs of the Drowning<\/i><\/h3>\n<p><i>Songs of the Drowning<\/i>, une coproduction de <b>Roozbeh Tabandeh<\/b>, <b>Paramirabo<\/b>, <b>Chants Libres<\/b> et <b>Le Vivier<\/b>, est une \u0153uvre multidisciplinaire unissant po\u00e9sie, musique et images pr\u00e9sent\u00e9e en quatre langues. Inspir\u00e9e des po\u00e8mes de <b>Sandeep Bhagwati<\/b> et des peintures de <b>Khosro Berahmandi<\/b>, cette cr\u00e9ation \u00ab refl\u00e8te [la] conviction [de Roozbeh Tabandeh] que l\u2019art a le pouvoir de transcender les barri\u00e8res culturelles et linguistiques \u00bb.<\/p>\n<p>LE 15 OCTOBRE, 20 H 30, ESPACE ORANGE\u00a0 <a href=\"https:\/\/levivier.ca\/fr\/concert\/saison-2025-26\/roozbeh-tabandeh-chants-libres-paramirabo-songs-drowning?mc_cid=154a38c719&amp;mc_eid=5101c9f6b7\" target=\"_blank\" rel=\"noopener\">D\u00c9TAILS ET BILLETS<\/a><\/p>\n<p>&nbsp;<\/p>\n<figure id=\"attachment_74869\" aria-describedby=\"caption-attachment-74869\" style=\"width: 950px\" class=\"wp-caption aligncenter\"><img decoding=\"async\" loading=\"lazy\" class=\"size-full wp-image-74869\" src=\"https:\/\/www.ludwig-van.com\/montreal\/wp-content\/uploads\/sites\/3\/2023\/01\/Nouvel_Ensemble_Moderne_Cr-e\u0301dits_Alain-Beauchesne.jpeg\" alt=\"\" width=\"950\" height=\"475\" \/><figcaption id=\"caption-attachment-74869\" class=\"wp-caption-text\">Nouvel_Ensemble_Moderne<br \/>(Cre\u0301dits_Alain Beauchesne)<\/figcaption><\/figure>\n<h3>NEM &#8211; Chapitre 5\/Le Sacre du printemps<\/h3>\n<p>Apr\u00e8s s\u2019\u00eatre alli\u00e9 \u00e0 la rel\u00e8ve la veille, le <b>Nouvel Ensemble Moderne<\/b> mise sur la notori\u00e9t\u00e9 avec la compositrice serbe <b>Sne\u017eana Ne\u0161i\u0107<\/b>, le compositeur qu\u00e9b\u00e9cois <b>Denis Gougeon<\/b> et le grand Igor Stravinsky. Alors que l\u2019\u0153uvre de Sne\u017eana Ne\u0161i\u0107 d\u00e9ploie une palette orchestrale riche et contrast\u00e9e, celle de Denis Gougeon, interpr\u00e9t\u00e9 par l\u2019accord\u00e9oniste <b>Joseph Petric<\/b>, pr\u00e9sente un dialogue entre l\u2019orchestre et l\u2019accord\u00e9on o\u00f9 lyrisme \u00e9l\u00e9gant et jeux rythmiques subtils r\u00e9v\u00e8le toutes les couleurs de l\u2019instrument. Pour conclure, le fameux <i>Sacre du printemps<\/i> de Stravinsky sera pr\u00e9sent\u00e9 dans un arrangement de <b>Fran\u00e7ois Valli\u00e8res<\/b>.<\/p>\n<p>LE 16 OCTOBRE, 19 H 30, CINQUI\u00c8ME SALLE <a href=\"https:\/\/www.placedesarts.com\/evenement\/chapitre-5-sacre-du-printemps\" target=\"_blank\" rel=\"noopener\">D\u00c9TAILS ET BILLETS<\/a><\/p>\n<p>&nbsp;<\/p>\n<figure id=\"attachment_78172\" aria-describedby=\"caption-attachment-78172\" style=\"width: 1200px\" class=\"wp-caption aligncenter\"><img decoding=\"async\" loading=\"lazy\" class=\"size-full wp-image-78172\" src=\"https:\/\/www.ludwig-van.com\/montreal\/wp-content\/uploads\/sites\/3\/2017\/09\/OUM_Gloire-sovietique_creOoadit-Antoine-Saito_LR_-44_T.jpg\" alt=\"L'Orchestre de l'Universit\u00e9 de Montr\u00e9al (Photo : Antoine Saito)\" width=\"1200\" height=\"800\" srcset=\"https:\/\/www.ludwig-van.com\/montreal\/wp-content\/uploads\/sites\/3\/2017\/09\/OUM_Gloire-sovietique_creOoadit-Antoine-Saito_LR_-44_T.jpg 1200w, https:\/\/www.ludwig-van.com\/montreal\/wp-content\/uploads\/sites\/3\/2017\/09\/OUM_Gloire-sovietique_creOoadit-Antoine-Saito_LR_-44_T-300x200.jpg 300w, https:\/\/www.ludwig-van.com\/montreal\/wp-content\/uploads\/sites\/3\/2017\/09\/OUM_Gloire-sovietique_creOoadit-Antoine-Saito_LR_-44_T-1024x683.jpg 1024w, https:\/\/www.ludwig-van.com\/montreal\/wp-content\/uploads\/sites\/3\/2017\/09\/OUM_Gloire-sovietique_creOoadit-Antoine-Saito_LR_-44_T-768x512.jpg 768w\" sizes=\"(max-width: 1200px) 100vw, 1200px\" \/><figcaption id=\"caption-attachment-78172\" class=\"wp-caption-text\">L&rsquo;Orchestre de l&rsquo;Universit\u00e9 de Montr\u00e9al (Photo : Antoine Saito)<\/figcaption><\/figure>\n<h3>Festival Vibrations 2025 : Les 45 ans du Big Band de l\u2019UdeM et l\u2019OUM et la brillante <i>Symphonie no 8<\/i> de Dvo\u0159\u00e1k<\/h3>\n<p>Le Festival Vibrations 2025 de l\u2019Universit\u00e9 de Montr\u00e9al sera pr\u00e9sent\u00e9 du 16 au 18 octobre. Cette troisi\u00e8me \u00e9dition est l\u2019opportunit\u00e9 pour l\u2019UdeM de souligner le 75e anniversaire de sa facult\u00e9 de musique. \u00c0 cette occasion, un colloque international sur la diplomatie et la propagande musicale se tiendra. Pour la programmation compl\u00e8te du Festival, cliquez <a href=\"https:\/\/musique.umontreal.ca\/concerts-et-evenements\/festival-vibrations-2025\/\">ici<\/a>. En plus des activit\u00e9s, deux repr\u00e9sentations musicales auront lieu. En premier lieu, le 16 octobre, en plus du 75e de la facult\u00e9, le <b>Big Band de l\u2019Universit\u00e9 de Montr\u00e9al<\/b> c\u00e9l\u00e8brera ses 45 ans d\u2019existence en vous recevant au Th\u00e9\u00e2tre Outremont. Puis, ce sera au tour de l\u2019<b>Orchestre de l\u2019Universit\u00e9 de Montr\u00e9al<\/b> de f\u00eater en pr\u00e9sentant, le 18 octobre, le premier concert de sa saison. En plus de la <i>Symphonie no 8<\/i> de Dvo\u0159\u00e1k, l\u2019Orchestre interpr\u00e9tera, sous la direction de <b>Mathieu Lussier<\/b>, l\u2019ouverture de l\u2019op\u00e9ra <i>Le Roi d\u2019Ys<\/i> d\u2019\u00c9douard Lalo, <i>La nuit et l\u2019amour<\/i> de la compositrice fran\u00e7aise Augusta Holm\u00e8s, ainsi que <i>Concerto pour cor n\u00ba 1 en mi b\u00e9mol majeur<\/i> de Richard Strauss, qui mettra en valeur le corniste <b>Noah Laroque<\/b>, laur\u00e9at du deuxi\u00e8me prix du Concours de concerto de l\u2019OUM.<\/p>\n<p>LE 16 OCTOBRE, 19 H 30, TH\u00c9\u00c2TRE OUTREMONT\u00a0 <a href=\"https:\/\/calendrier.umontreal.ca\/activite\/les-45-ans-du-big-band-de-ludem\" target=\"_blank\" rel=\"noopener\">D\u00c9TAILS ET BILLETS<\/a><\/p>\n<p>LE 18 OCTOBRE, 15 H, SALLE CLAUDE-CHAMPAGNE\u00a0 <a href=\"https:\/\/calendrier.umontreal.ca\/activite\/loum-et-la-brillante-symphonie-no-8-de-dvorak\" target=\"_blank\" rel=\"noopener\">D\u00c9TAILS ET BILLETS<\/a><\/p>\n<p>&nbsp;<\/p>\n<p><img decoding=\"async\" loading=\"lazy\" class=\"aligncenter size-full wp-image-90105\" src=\"https:\/\/www.ludwig-van.com\/montreal\/wp-content\/uploads\/sites\/3\/2025\/10\/Stella-musica_1200.jpg\" alt=\"\" width=\"1200\" height=\"610\" srcset=\"https:\/\/www.ludwig-van.com\/montreal\/wp-content\/uploads\/sites\/3\/2025\/10\/Stella-musica_1200.jpg 1200w, https:\/\/www.ludwig-van.com\/montreal\/wp-content\/uploads\/sites\/3\/2025\/10\/Stella-musica_1200-300x153.jpg 300w, https:\/\/www.ludwig-van.com\/montreal\/wp-content\/uploads\/sites\/3\/2025\/10\/Stella-musica_1200-1024x521.jpg 1024w, https:\/\/www.ludwig-van.com\/montreal\/wp-content\/uploads\/sites\/3\/2025\/10\/Stella-musica_1200-768x390.jpg 768w\" sizes=\"(max-width: 1200px) 100vw, 1200px\" \/><\/p>\n<h3>Festival Stella Musica &#8211; 10 ans \u00e0 faire rayonner le talent f\u00e9minin!<\/h3>\n<p>Le Festival Stella Musica, dont la mission est de promouvoir la place des femmes en musique, en est \u00e0 sa 10e \u00e9dition. Son \u00e9v\u00e9nement phare, le grand concert du 17 octobre, c\u00e9l\u00e8bre les musiciennes de la rel\u00e8ve, mais aussi bien \u00e9tablies, tant sur sc\u00e8ne que dans le r\u00e9pertoire propos\u00e9. Sous la direction artistique de la pianiste <b>Katarzyna Musia\u0142<\/b>, des artistes telles que <b>Les Voix Bor\u00e9ales<\/b>, <b>Fuego Flamenco<\/b> et <b>\u00c9lisabeth St-Gelais<\/b> pr\u00e9senteront une soir\u00e9e o\u00f9 musique, danse et arts visuels vous feront vibrer dans des styles et des horizons culturels diversifi\u00e9s.<\/p>\n<p>LE 17 OCTOBRE, 19 H 30, CINQUI\u00c8ME SALLE <a href=\"https:\/\/www.placedesarts.com\/evenement\/10-ans-a-faire-rayonner-talent-feminin\" target=\"_blank\" rel=\"noopener\">D\u00c9TAILS ET BILLETS<\/a><\/p>\n<p>&nbsp;<\/p>\n<figure id=\"attachment_66894\" aria-describedby=\"caption-attachment-66894\" style=\"width: 1121px\" class=\"wp-caption aligncenter\"><img decoding=\"async\" loading=\"lazy\" class=\"size-full wp-image-66894\" src=\"https:\/\/www.ludwig-van.com\/montreal\/wp-content\/uploads\/sites\/3\/2021\/05\/Caprice-cut.jpg\" alt=\"Ensemble Caprice. (Photo : courtoisie)\" width=\"1121\" height=\"539\" \/><figcaption id=\"caption-attachment-66894\" class=\"wp-caption-text\">Ensemble Caprice. (Photo : courtoisie)<\/figcaption><\/figure>\n<h3>Ensemble Caprice &#8211; <em>Vivaldi en feu<\/em><\/h3>\n<p>La repr\u00e9sentation de l\u2019<b>Ensemble Caprice<\/b>, son chef <b>Matthias Maute<\/b> et la soprano <b>Janelle Lucyk<\/b> de samedi soir a \u00e9t\u00e9 si populaire qu\u2019elle est compl\u00e8te. Heureusement, les artistes ont ajout\u00e9 une suppl\u00e9mentaire \u00e0 leur horaire, ce qui vous permettra d\u2019entendre ce concert dans lequel une fusion audacieuse de baroque et de folklore vous sera pr\u00e9sent\u00e9e. Au programme, quelques \u0153uvres de Vivaldi, ainsi que <i>Musique nomade<\/i> d\u2019un compositeur anonyme.<\/p>\n<p>LE 18 OCTOBRE, 15 H, LE 9E\u00a0 <a href=\"https:\/\/www.placedesarts.com\/evenement\/vivaldi-en-feu\" target=\"_blank\" rel=\"noopener\">D\u00c9TAILS ET BILLETS<\/a><\/p>\n<p>&nbsp;<\/p>\n<figure id=\"attachment_86668\" aria-describedby=\"caption-attachment-86668\" style=\"width: 1200px\" class=\"wp-caption aligncenter\"><img decoding=\"async\" loading=\"lazy\" class=\"size-full wp-image-86668\" src=\"https:\/\/www.ludwig-van.com\/montreal\/wp-content\/uploads\/sites\/3\/2025\/03\/Quatuor-Bozzini_LEffusione-dAmicizia_credit-Philippe-Latour_1200.jpg\" alt=\"Quatuor Bozzini (Photo : Philippe Latour)\" width=\"1200\" height=\"795\" srcset=\"https:\/\/www.ludwig-van.com\/montreal\/wp-content\/uploads\/sites\/3\/2025\/03\/Quatuor-Bozzini_LEffusione-dAmicizia_credit-Philippe-Latour_1200.jpg 1200w, https:\/\/www.ludwig-van.com\/montreal\/wp-content\/uploads\/sites\/3\/2025\/03\/Quatuor-Bozzini_LEffusione-dAmicizia_credit-Philippe-Latour_1200-300x199.jpg 300w, https:\/\/www.ludwig-van.com\/montreal\/wp-content\/uploads\/sites\/3\/2025\/03\/Quatuor-Bozzini_LEffusione-dAmicizia_credit-Philippe-Latour_1200-1024x678.jpg 1024w, https:\/\/www.ludwig-van.com\/montreal\/wp-content\/uploads\/sites\/3\/2025\/03\/Quatuor-Bozzini_LEffusione-dAmicizia_credit-Philippe-Latour_1200-768x509.jpg 768w\" sizes=\"(max-width: 1200px) 100vw, 1200px\" \/><figcaption id=\"caption-attachment-86668\" class=\"wp-caption-text\">Quatuor Bozzini (Photo : Philippe Latour)<\/figcaption><\/figure>\n<h3>Quatuor Bozzini &#8211; Concert 25 ans &#8211; Brook, Di Castri, Miller<\/h3>\n<p>Un autre ensemble qui souligne un anniversaire marquant est le <b>Quatuor Bozzini<\/b> qui c\u00e9l\u00e8bre ses 25 ans d\u2019existence. Pour l\u2019occasion, il a co-command\u00e9 trois cr\u00e9ations, deux \u00e0 des collaborateurs\u00b7trices de longue date, <b>Cassandra Miller<\/b> et <b>Taylor Brook<\/b>, et une \u00e0 <b>Zosha di Castri<\/b>, avec qui le quatuor a travaill\u00e9 pour la premi\u00e8re fois. La soir\u00e9e sera donc le moment de d\u00e9couvrir <i>Vinetan Songs<\/i> de Brook, <i>Nouvelle <\/i><i>\u0153uvre<\/i> de Di Castri et <i>Three Songs<\/i> de Miller.<\/p>\n<p>LE 18 OCTOBRE, 19 H 30, ESPACE ORANGE <a href=\"https:\/\/levivier.ca\/fr\/concert\/saison-2025-26\/quatuor-bozzini-concert-25-ans-brook-di-castri-miller\" target=\"_blank\" rel=\"noopener\">D\u00c9TAILS ET BILLETS<\/a><\/p>\n<p>&nbsp;<\/p>\n<figure id=\"attachment_59698\" aria-describedby=\"caption-attachment-59698\" style=\"width: 1024px\" class=\"wp-caption aligncenter\"><img decoding=\"async\" loading=\"lazy\" class=\"size-full wp-image-59698\" src=\"https:\/\/www.ludwig-van.com\/montreal\/wp-content\/uploads\/sites\/3\/2019\/05\/Voces-Boreales-WEB.jpg\" alt=\"\" width=\"1024\" height=\"682\" srcset=\"https:\/\/www.ludwig-van.com\/montreal\/wp-content\/uploads\/sites\/3\/2019\/05\/Voces-Boreales-WEB.jpg 1024w, https:\/\/www.ludwig-van.com\/montreal\/wp-content\/uploads\/sites\/3\/2019\/05\/Voces-Boreales-WEB-300x200.jpg 300w, https:\/\/www.ludwig-van.com\/montreal\/wp-content\/uploads\/sites\/3\/2019\/05\/Voces-Boreales-WEB-768x512.jpg 768w\" sizes=\"(max-width: 1024px) 100vw, 1024px\" \/><figcaption id=\"caption-attachment-59698\" class=\"wp-caption-text\">L&rsquo;ensemble Voces Boreales (Photo : courtoisie de l&rsquo;ensemble)<\/figcaption><\/figure>\n<h3>Voces Boreales et Henry Webb, orgue &#8211; <em>En qu\u00eate de paix<\/em><\/h3>\n<p><b>Voces Boreales<\/b> c\u00e9l\u00e8bre \u00e9galement un anniversaire &#8211; celui de ses 20 ans! Pour ce faire, il s\u2019allie au Concours international d\u2019orgue du Canada pour vous pr\u00e9senter un concert sous la th\u00e9matique \u00abEt si la paix n\u2019\u00e9tait pas qu\u2019un r\u00eave?\u00bb. Accompagn\u00e9 par <b>Henry Webb<\/b> \u00e0 l\u2019orgue, le ch\u0153ur de chambre vous convie \u00e0 un voyage musical \u00e0 la qu\u00eate de paix et d\u2019humanit\u00e9 avec des \u0153uvres vari\u00e9es de compositeurs\u00b7trices n\u00e9\u00b7e\u00b7s au XIXe et XXe si\u00e8cles.<\/p>\n<p>LE 18 OCTOBRE, 19 H 30, \u00c9GLISE SAINT-NOM-DE-J\u00c9SUS\u00a0 <a href=\"https:\/\/vocesboreales.org\/fr\/concerts\/en-quete-de-paix\" target=\"_blank\" rel=\"noopener\">D\u00c9TAILS ET BILLETS<\/a><\/p>\n<p>&nbsp;<\/p>\n<p><img decoding=\"async\" loading=\"lazy\" class=\"aligncenter size-full wp-image-90113\" src=\"https:\/\/www.ludwig-van.com\/montreal\/wp-content\/uploads\/sites\/3\/2025\/10\/Screenshot-2025-10-14-at-16-17-10-31e-Gala-benefice-des-Jeunes-Ambassadeurs-Lyriques.png\" alt=\"\" width=\"1200\" height=\"676\" srcset=\"https:\/\/www.ludwig-van.com\/montreal\/wp-content\/uploads\/sites\/3\/2025\/10\/Screenshot-2025-10-14-at-16-17-10-31e-Gala-benefice-des-Jeunes-Ambassadeurs-Lyriques.png 1200w, https:\/\/www.ludwig-van.com\/montreal\/wp-content\/uploads\/sites\/3\/2025\/10\/Screenshot-2025-10-14-at-16-17-10-31e-Gala-benefice-des-Jeunes-Ambassadeurs-Lyriques-300x169.png 300w, https:\/\/www.ludwig-van.com\/montreal\/wp-content\/uploads\/sites\/3\/2025\/10\/Screenshot-2025-10-14-at-16-17-10-31e-Gala-benefice-des-Jeunes-Ambassadeurs-Lyriques-1024x577.png 1024w, https:\/\/www.ludwig-van.com\/montreal\/wp-content\/uploads\/sites\/3\/2025\/10\/Screenshot-2025-10-14-at-16-17-10-31e-Gala-benefice-des-Jeunes-Ambassadeurs-Lyriques-768x433.png 768w\" sizes=\"(max-width: 1200px) 100vw, 1200px\" \/><\/p>\n<h3>31e Gala b\u00e9n\u00e9fice des Jeunes ambassadeurs lyriques<\/h3>\n<p>Si vous \u00eates amateurs\u00b7trices d\u2019op\u00e9ra ou que vous aimez d\u00e9couvrir les futures t\u00eates d\u2019affiches en g\u00e9n\u00e9ral, cet \u00e9v\u00e9nement est pour vous. En effet, 21 jeunes artistes de la rel\u00e8ve lyrique de plusieurs pays interpr\u00e9teront des extraits de chefs-d\u2019\u0153uvre du r\u00e9pertoire d\u2019op\u00e9ra accompagn\u00e9\u00b7e\u00b7s au piano. \u00c0 la suite de leur prestation, des directeurs\u00b7trices de maisons d\u2019op\u00e9ra et de festivals lyriques venu\u00b7e\u00b7s d\u2019Allemagne, des Pays-Bas, de France, de Slovaquie et de Cor\u00e9e du Sud offriront en direct des opportunit\u00e9s de carri\u00e8re aux artistes les ayant le plus marqu\u00e9\u00b7e\u00b7s. Serez-vous parmi ceux qui pourront dire \u00ab j\u2019\u00e9tais l\u00e0 lorsque cet\u00b7te artiste \u00e0 eu son premier gros contrat! \u00bb?<\/p>\n<p>LE 18 OCTOBRE, 19 H 30, \u00c9COLE DE MUSIQUE VINCENT-D\u2019INDY\u00a0 <a href=\"https:\/\/www.zeffy.com\/fr-CA\/ticketing\/31e-gala-benefice-des-jeunes-ambassadeurs-lyriques-31st-benefit-gala-of-the-jeunes-ambassadeurs-lyriques\" target=\"_blank\" rel=\"noopener\">D\u00c9TAILS ET BILLETS<\/a><\/p>\n<p>&nbsp;<\/p>\n<p><img decoding=\"async\" loading=\"lazy\" class=\"aligncenter size-full wp-image-90114\" src=\"https:\/\/www.ludwig-van.com\/montreal\/wp-content\/uploads\/sites\/3\/2025\/10\/visuel-OPQ-2025-2026.png\" alt=\"\" width=\"1200\" height=\"687\" srcset=\"https:\/\/www.ludwig-van.com\/montreal\/wp-content\/uploads\/sites\/3\/2025\/10\/visuel-OPQ-2025-2026.png 1200w, https:\/\/www.ludwig-van.com\/montreal\/wp-content\/uploads\/sites\/3\/2025\/10\/visuel-OPQ-2025-2026-300x172.png 300w, https:\/\/www.ludwig-van.com\/montreal\/wp-content\/uploads\/sites\/3\/2025\/10\/visuel-OPQ-2025-2026-1024x586.png 1024w, https:\/\/www.ludwig-van.com\/montreal\/wp-content\/uploads\/sites\/3\/2025\/10\/visuel-OPQ-2025-2026-768x440.png 768w\" sizes=\"(max-width: 1200px) 100vw, 1200px\" \/><\/p>\n<h3>OPQ &#8211; <em>Bol\u00e9ro<\/em><\/h3>\n<p>Sous la direction d\u2019<b>Alexandre Da Costa<\/b>, l\u2019<b>Orchestre philharmonique du Qu\u00e9bec<\/b> et ses invit\u00e9s, <b>Garikoitz Mendizabal<\/b>, txistu (fl\u00fbte basque traditionnelle), et <b>Josu Oki\u00f1ena<\/b>, piano, pr\u00e9sentent deux soir\u00e9es en Mont\u00e9r\u00e9gie cette semaine. Au programme, une immersion dans l\u2019h\u00e9ritage culturel basque en premi\u00e8re partie avec <i>Leyenda<\/i> d\u2019<b>Eduardo Moreno<\/b> et <i>Hommage \u00e0 Walt Disney<\/i>, fantaisie pour piano et orchestre de Jes\u00fas Guridi. En deuxi\u00e8me partie, trois compositions de Maurice Ravel, dont son incontournable <i>Bol\u00e9ro<\/i>. Petit fait divers \u00e0 ce sujet : saviez-vous que le <i>Bol\u00e9ro <\/i>est l\u2019une des \u0153uvres orchestrales les plus jou\u00e9es au monde et est rest\u00e9 \u00e0 la premi\u00e8re place du classement mondial des droits d&rsquo;auteur jusqu&rsquo;en 1993? Selon certains, il serait m\u00eame entam\u00e9 quelque part dans le monde toutes les 10 minutes. Serez-vous parmi les spectateurs qui participeront \u00e0 cette statistique?<\/p>\n<p>\u00c0 ST-HYACINTHE LE 18 OCTOBRE, 20 H, CENTRE DES ARTS JULIETTE-LASSONDE\u00a0 <a href=\"https:\/\/philharmonique.quebec\/concert\/bolero-2\/\" target=\"_blank\" rel=\"noopener\">D\u00c9TAILS ET BILLETS<\/a><\/p>\n<p>\u00c0 ST-JEAN-SUR-RICHELIEU LE 19 OCTOBRE, 15 H 30, TH\u00c9\u00c2TRE DES DEUX-RIVES\u00a0 <a href=\"https:\/\/philharmonique.quebec\/concert\/bolero\/\" target=\"_blank\" rel=\"noopener\">D\u00c9TAILS ET BILLETS\u00a0<\/a><\/p>\n<p>&nbsp;<\/p>\n<figure id=\"attachment_80438\" aria-describedby=\"caption-attachment-80438\" style=\"width: 1200px\" class=\"wp-caption aligncenter\"><img decoding=\"async\" loading=\"lazy\" class=\"size-full wp-image-80438\" src=\"https:\/\/www.ludwig-van.com\/montreal\/wp-content\/uploads\/sites\/3\/2024\/03\/stockvault-Flute-traversiere-sur-partition.jpg\" alt=\"fl\u00fbte traversi\u00e8re\" width=\"1200\" height=\"800\" srcset=\"https:\/\/www.ludwig-van.com\/montreal\/wp-content\/uploads\/sites\/3\/2024\/03\/stockvault-Flute-traversiere-sur-partition.jpg 1200w, https:\/\/www.ludwig-van.com\/montreal\/wp-content\/uploads\/sites\/3\/2024\/03\/stockvault-Flute-traversiere-sur-partition-300x200.jpg 300w, https:\/\/www.ludwig-van.com\/montreal\/wp-content\/uploads\/sites\/3\/2024\/03\/stockvault-Flute-traversiere-sur-partition-1024x683.jpg 1024w, https:\/\/www.ludwig-van.com\/montreal\/wp-content\/uploads\/sites\/3\/2024\/03\/stockvault-Flute-traversiere-sur-partition-768x512.jpg 768w\" sizes=\"(max-width: 1200px) 100vw, 1200px\" \/><figcaption id=\"caption-attachment-80438\" class=\"wp-caption-text\">(Photo : stockvault)<\/figcaption><\/figure>\n<h3>\u00c0 Trois-Rivi\u00e8res : Duo Aster &#8211; <em>Cartes postales : D\u2019Isaac Alb\u00e9niz \u00e0 John Williams<\/em><\/h3>\n<p>Pr\u00e9sent\u00e9 par l\u2019Orchestre symphonique de Trois-Rivi\u00e8res en collaboration avec Jeunesses musicales Canada, ce concert du <b>Duo Aster<\/b> vous invite \u00e0 un voyage musical \u00e0 travers le monde. Les sonorit\u00e9s espagnoles, hell\u00e9niques et arabes de diff\u00e9rentes \u00e9poques d\u00e9voileront la beaut\u00e9 du saxophone, jou\u00e9 par <b>Cleo Theodoridis<\/b>, et la richesse du piano, jou\u00e9 par <b>Jonathan Nemtanu<\/b>.<\/p>\n<p>LE 19 OCTOBRE, 14 H, SALLE ANA\u00cfS-ALLARD-ROUSSEAU\u00a0 <a href=\"https:\/\/ostr.ca\/programmation\/paysages-musicaux\/cartes-postales-disaac-albeniz-a-john-williams\/\" target=\"_blank\" rel=\"noopener\">D\u00c9TAILS ET BILLETS<\/a><\/p>\n<figure id=\"attachment_61299\" aria-describedby=\"caption-attachment-61299\" style=\"width: 1200px\" class=\"wp-caption aligncenter\"><img decoding=\"async\" loading=\"lazy\" class=\"size-full wp-image-61299\" src=\"https:\/\/www.ludwig-van.com\/montreal\/wp-content\/uploads\/sites\/3\/2019\/09\/Mathieu-Gaudet-semi-profil_redimensionn\u00e9e.jpg\" alt=\"\" width=\"1200\" height=\"800\" srcset=\"https:\/\/www.ludwig-van.com\/montreal\/wp-content\/uploads\/sites\/3\/2019\/09\/Mathieu-Gaudet-semi-profil_redimensionn\u00e9e.jpg 1200w, https:\/\/www.ludwig-van.com\/montreal\/wp-content\/uploads\/sites\/3\/2019\/09\/Mathieu-Gaudet-semi-profil_redimensionn\u00e9e-300x200.jpg 300w, https:\/\/www.ludwig-van.com\/montreal\/wp-content\/uploads\/sites\/3\/2019\/09\/Mathieu-Gaudet-semi-profil_redimensionn\u00e9e-768x512.jpg 768w, https:\/\/www.ludwig-van.com\/montreal\/wp-content\/uploads\/sites\/3\/2019\/09\/Mathieu-Gaudet-semi-profil_redimensionn\u00e9e-1024x683.jpg 1024w\" sizes=\"(max-width: 1200px) 100vw, 1200px\" \/><figcaption id=\"caption-attachment-61299\" class=\"wp-caption-text\">Le pianiste Mathieu Gaudet (Photo : Fran\u00e7ois Desjardins)<\/figcaption><\/figure>\n<h3>Mathieu Gaudet &#8211; <em>Tableaux d\u2019une exposition<\/em><\/h3>\n<p>La Chapelle musicale du Bon-Pasteur hors les murs pr\u00e9sente ce concert gratuit, pour lequel il faut tout de m\u00eame un billet, du pianiste <b>Mathieu Gaudet<\/b>. En plus de l\u2019\u0153uvre titre de Moussorgski, <i>Tableaux d\u2019une exposition<\/i>, le canadien reconnu pour sa polyvalence et sa passion interpr\u00e9tera <i>Danses allemandes<\/i> de Schubert, ainsi que <i>Valses nobles et sentimentales<\/i> de Ravel.<\/p>\n<p>LE 19 OCTOBRE, 15 H, SALLE PAUL-DESMARAIS <a href=\"https:\/\/montreal.ca\/evenements\/tableaux-dune-exposition-mathieu-gaudet-89364\" target=\"_blank\" rel=\"noopener\">D\u00c9TAILS ET BILLETS<\/a><\/p>\n<p>&nbsp;<\/p>\n<figure id=\"attachment_90106\" aria-describedby=\"caption-attachment-90106\" style=\"width: 1200px\" class=\"wp-caption aligncenter\"><img decoding=\"async\" loading=\"lazy\" class=\"size-full wp-image-90106\" src=\"https:\/\/www.ludwig-van.com\/montreal\/wp-content\/uploads\/sites\/3\/2025\/10\/Orchestre-Metropolitain-Yannick-cr-Francois-Goupil.jpg\" alt=\"Orchestre M\u00e9tropolitain et Yannick N\u00e9zet-S\u00e9guin (Photo : Fran\u00e7ois Goupil)\" width=\"1200\" height=\"800\" srcset=\"https:\/\/www.ludwig-van.com\/montreal\/wp-content\/uploads\/sites\/3\/2025\/10\/Orchestre-Metropolitain-Yannick-cr-Francois-Goupil.jpg 1200w, https:\/\/www.ludwig-van.com\/montreal\/wp-content\/uploads\/sites\/3\/2025\/10\/Orchestre-Metropolitain-Yannick-cr-Francois-Goupil-300x200.jpg 300w, https:\/\/www.ludwig-van.com\/montreal\/wp-content\/uploads\/sites\/3\/2025\/10\/Orchestre-Metropolitain-Yannick-cr-Francois-Goupil-1024x683.jpg 1024w, https:\/\/www.ludwig-van.com\/montreal\/wp-content\/uploads\/sites\/3\/2025\/10\/Orchestre-Metropolitain-Yannick-cr-Francois-Goupil-768x512.jpg 768w\" sizes=\"(max-width: 1200px) 100vw, 1200px\" \/><figcaption id=\"caption-attachment-90106\" class=\"wp-caption-text\">Orchestre M\u00e9tropolitain et Yannick N\u00e9zet-S\u00e9guin (Photo : Fran\u00e7ois Goupil)<\/figcaption><\/figure>\n<h3>OM &#8211; <em>Sibelius, l\u2019apoth\u00e9ose d\u2019un cycle<\/em><\/h3>\n<p>L\u2019<b>Orchestre M\u00e9tropolitain<\/b> et son chef <b>Yannick N\u00e9zet-S\u00e9guin<\/b> termineront cette semaine le cycle Sibelius entam\u00e9 en 2018. Au fil des ans, ces artistes auront tiss\u00e9 un lien profond avec l\u2019univers du compositeur et le concert de dimanche leur permettra de d\u00e9montrer jusqu\u2019o\u00f9 il a men\u00e9 le langage musical symphonique. Ils\u00b7elles interpr\u00e9teront ses deux derni\u00e8res symphonies, ainsi que son \u0153uvre la plus connue, <i>Concerto pour violon<\/i>, \u00e0 laquelle se joindra en tant que soliste <b>Lisa Batiashvili<\/b>, violoniste g\u00e9orgienne \u00e9tablie en Allemagne reconnue pour sa virtuosit\u00e9.<\/p>\n<p>LE 19 OCTOBRE, 15 H, MAISON SYMPHONIQUE <a href=\"https:\/\/orchestremetropolitain.com\/fr\/concerts\/sibelius-apotheose-d-un-cycle\/?show_date_id=9080\" target=\"_blank\" rel=\"noopener\">D\u00c9TAILS ET BILLETS<\/a><\/p>\n<p>&nbsp;<\/p>\n<p><img decoding=\"async\" loading=\"lazy\" class=\"aligncenter size-full wp-image-70374\" src=\"https:\/\/www.ludwig-van.com\/montreal\/wp-content\/uploads\/sites\/3\/2022\/03\/Orgue-Amis.jpg\" alt=\"\" width=\"2048\" height=\"1536\" \/><\/p>\n<h3>Henry Webb, orgue<\/h3>\n<p>Le Concours international d\u2019orgue du Canada pr\u00e9sente, dans le cadre de son Festival des couleurs de l\u2019orgue fran\u00e7ais, <b>Henry Webb<\/b> \u00e0 l\u2019orgue. Ce dernier a \u00e9t\u00e9 laur\u00e9at du Deuxi\u00e8me prix, du Prix du Public et du Prix Raymond Daveluy lors du CIOC 2024. Il interpr\u00e9tera des classiques de la tradition fran\u00e7aise de l\u2019orgue sur l\u2019instrument de la Chapelle des Pr\u00eatres de Saint-Sulpice, qui, par hasard, est d\u2019esth\u00e9tique classique fran\u00e7aise.<\/p>\n<p>LE 19 OCTOBRE, 16 H, CHAPELLE DES PR\u00caTRES DE ST-SULPICE\u00a0 <a href=\"https:\/\/www.zeffy.com\/ticketing\/henry-webb-festival-des-couleurs-de-lorgue-francais\" target=\"_blank\" rel=\"noopener\">D\u00c9TAILS ET BILLETS<\/a><\/p>\n<p>&nbsp;<\/p>\n<figure id=\"attachment_88552\" aria-describedby=\"caption-attachment-88552\" style=\"width: 1200px\" class=\"wp-caption aligncenter\"><img decoding=\"async\" loading=\"lazy\" class=\"size-full wp-image-88552\" src=\"https:\/\/www.ludwig-van.com\/montreal\/wp-content\/uploads\/sites\/3\/2025\/06\/Federico-Andreoni_Janet-Best.jpg\" alt=\"Federico Andreoni (Photo : Janet Best)\" width=\"1200\" height=\"892\" srcset=\"https:\/\/www.ludwig-van.com\/montreal\/wp-content\/uploads\/sites\/3\/2025\/06\/Federico-Andreoni_Janet-Best.jpg 1200w, https:\/\/www.ludwig-van.com\/montreal\/wp-content\/uploads\/sites\/3\/2025\/06\/Federico-Andreoni_Janet-Best-300x223.jpg 300w, https:\/\/www.ludwig-van.com\/montreal\/wp-content\/uploads\/sites\/3\/2025\/06\/Federico-Andreoni_Janet-Best-1024x761.jpg 1024w, https:\/\/www.ludwig-van.com\/montreal\/wp-content\/uploads\/sites\/3\/2025\/06\/Federico-Andreoni_Janet-Best-768x571.jpg 768w\" sizes=\"(max-width: 1200px) 100vw, 1200px\" \/><figcaption id=\"caption-attachment-88552\" class=\"wp-caption-text\">Federico Andreoni (Photo : Janet Best)<\/figcaption><\/figure>\n<h3>Federico Andreoni, orgue<\/h3>\n<p>Ce dimanche, l\u2019Oratoire St-Joseph recevra dans sa basilique l\u2019organiste <b>Federico Andreoni<\/b>. Ce dernier, immigrant canadien d\u2019origine italienne, est d\u00e9tenteur d\u2019une ma\u00eetrise en interpr\u00e9tation de l\u2019orgue de l\u2019\u00c9cole de musique Schulich de l\u2019Universit\u00e9 McGill ainsi que d\u2019une ma\u00eetrise en th\u00e9orie musicale. Il a d\u00e9but\u00e9 sa carri\u00e8re de concertiste d\u00e8s l\u2019\u00e2ge de 17 ans et depuis, il n\u2019a cess\u00e9 de participer \u00e0 des concerts et des festivals en Europe et en Am\u00e9rique du nord. La repr\u00e9sentation, qui sera projet\u00e9e sur grand \u00e9cran, est gratuite.<\/p>\n<p>LE 19 OCTOBRE, 15 H 30, ORATOIRE ST-JOSEPH\u00a0<a href=\"https:\/\/saint-joseph.org\/fr\/activite\/concert-dorgue-federico-andreoni\/\" target=\"_blank\" rel=\"noopener\"> D\u00c9TAILS<\/a><\/p>\n<h3><\/h3>\n<figure id=\"attachment_54524\" aria-describedby=\"caption-attachment-54524\" style=\"width: 1024px\" class=\"wp-caption aligncenter\"><img decoding=\"async\" loading=\"lazy\" class=\"size-full wp-image-54524\" src=\"https:\/\/www.ludwig-van.com\/montreal\/wp-content\/uploads\/sites\/3\/2018\/05\/Quatuor-Bozzini-2-Cre\u0301dit-Michael-Slobodian-1.jpg\" alt=\"Quatuor Bozzini\" width=\"1024\" height=\"683\" srcset=\"https:\/\/www.ludwig-van.com\/montreal\/wp-content\/uploads\/sites\/3\/2018\/05\/Quatuor-Bozzini-2-Cre\u0301dit-Michael-Slobodian-1.jpg 1024w, https:\/\/www.ludwig-van.com\/montreal\/wp-content\/uploads\/sites\/3\/2018\/05\/Quatuor-Bozzini-2-Cre\u0301dit-Michael-Slobodian-1-300x200.jpg 300w, https:\/\/www.ludwig-van.com\/montreal\/wp-content\/uploads\/sites\/3\/2018\/05\/Quatuor-Bozzini-2-Cre\u0301dit-Michael-Slobodian-1-768x512.jpg 768w\" sizes=\"(max-width: 1024px) 100vw, 1024px\" \/><figcaption id=\"caption-attachment-54524\" class=\"wp-caption-text\">Le Quatuor Bozzini. (Photo: Michael Slobodian)<\/figcaption><\/figure>\n<h3>Quatuor Bozzini &#8211; Composer\u2019s Kitchen<\/h3>\n<p>Le Composer\u2019s Kitchen est une r\u00e9sidence professionnelle de composition offerte par le <b>Quatuor Bozzini<\/b> \u00e0 quatre artistes de la rel\u00e8ve. Cette ann\u00e9e, qui marque les 20 ans de l\u2019\u00e9v\u00e9nement, les compositrices <b>Julia Mermelstein<\/b> (Canada), <b>Corie Rose Soumah<\/b> (Canada) et <b>Lucie Nezri<\/b> (France \/ Pays-Bas) ainsi que le compositeur <b>Nikolaus Schroeder<\/b> (\u00c9-U \/ Pays-Bas) ont \u00e9t\u00e9 s\u00e9lectionn\u00e9\u00b7e\u00b7s \u00e0 l\u2019issu d\u2019un appel ouvert en collaboration avec le Festival Gaudeamus au Pays-Bas. Leurs \u0153uvres ont \u00e9t\u00e9 pr\u00e9sent\u00e9es en premi\u00e8re mondiale \u00e0 Utrecht au Pays-Bas le 14 septembre dernier et le seront \u00e0 nouveau ce dimanche \u00e0 Montr\u00e9al.<\/p>\n<p>LE 19 OCTOBRE, 19 H 30, ESPACE ORANGE <a href=\"https:\/\/levivier.ca\/fr\/concert\/saison-2025-26\/quatuor-bozzini-composers-kitchen\" target=\"_blank\" rel=\"noopener\">D\u00c9TAILS ET BILLETS<\/a><\/p>\n<h2><em>Inscrivez-vous \u00e0 notre infolettre! La musique classique et l\u2019op\u00e9ra en 5 minutes, chaque jour<\/em> <a href=\"https:\/\/ludwig-van.us9.list-manage.com\/subscribe?u=4f785cb3f9058f2393ccad035&amp;id=b9b160c032\" target=\"_blank\" rel=\"noopener noreferrer\">ICI<\/a>.<\/h2>\n","protected":false},"excerpt":{"rendered":"<p>Le temps frais de l\u2019automne est maintenant bien install\u00e9 et les musicien\u00b7ne\u00b7s ont troqu\u00e9 les concerts ext\u00e9rieurs pour le confort des sc\u00e8nes int\u00e9rieures. Heureusement, la r\u00e9gion m\u00e9tropolitaine en est dot\u00e9e de plusieurs, des plus intimes aux plus grandioses. En ajoutant \u00e0 ces derni\u00e8res celles \u00e0 l\u2019ext\u00e9rieur de l\u2019\u00eele, cela vous offre une multitude d\u2019occasions d\u2019enfiler votre \u00abp\u2019tite laine\u00bb pour assister \u00e0 l\u2019un des \u00e9v\u00e9nements musicaux de la semaine!<\/p>\n","protected":false},"author":1,"featured_media":90116,"comment_status":"open","ping_status":"open","sticky":false,"template":"","format":"standard","meta":{"om_disable_all_campaigns":false,"jetpack_post_was_ever_published":false},"categories":[42299,10994],"tags":[42300,11882],"yst_prominent_words":[13443,9878,9863,13120,26052,9877,13119,33503,26703,11700,11696,13116,13118,31964],"acf":[],"jetpack_featured_media_url":"https:\/\/www.ludwig-van.com\/montreal\/wp-content\/uploads\/sites\/3\/2025\/10\/Copie-de-CONCERTS10.jpg","jetpack_sharing_enabled":true,"jetpack_shortlink":"https:\/\/wp.me\/p9bdYt-nr8","amp_enabled":true,"_links":{"self":[{"href":"https:\/\/www.ludwig-van.com\/montreal\/wp-json\/wp\/v2\/posts\/90094"}],"collection":[{"href":"https:\/\/www.ludwig-van.com\/montreal\/wp-json\/wp\/v2\/posts"}],"about":[{"href":"https:\/\/www.ludwig-van.com\/montreal\/wp-json\/wp\/v2\/types\/post"}],"author":[{"embeddable":true,"href":"https:\/\/www.ludwig-van.com\/montreal\/wp-json\/wp\/v2\/users\/1"}],"replies":[{"embeddable":true,"href":"https:\/\/www.ludwig-van.com\/montreal\/wp-json\/wp\/v2\/comments?post=90094"}],"version-history":[{"count":8,"href":"https:\/\/www.ludwig-van.com\/montreal\/wp-json\/wp\/v2\/posts\/90094\/revisions"}],"predecessor-version":[{"id":90119,"href":"https:\/\/www.ludwig-van.com\/montreal\/wp-json\/wp\/v2\/posts\/90094\/revisions\/90119"}],"wp:featuredmedia":[{"embeddable":true,"href":"https:\/\/www.ludwig-van.com\/montreal\/wp-json\/wp\/v2\/media\/90116"}],"wp:attachment":[{"href":"https:\/\/www.ludwig-van.com\/montreal\/wp-json\/wp\/v2\/media?parent=90094"}],"wp:term":[{"taxonomy":"category","embeddable":true,"href":"https:\/\/www.ludwig-van.com\/montreal\/wp-json\/wp\/v2\/categories?post=90094"},{"taxonomy":"post_tag","embeddable":true,"href":"https:\/\/www.ludwig-van.com\/montreal\/wp-json\/wp\/v2\/tags?post=90094"},{"taxonomy":"yst_prominent_words","embeddable":true,"href":"https:\/\/www.ludwig-van.com\/montreal\/wp-json\/wp\/v2\/yst_prominent_words?post=90094"}],"curies":[{"name":"wp","href":"https:\/\/api.w.org\/{rel}","templated":true}]}}