{"id":90053,"date":"2025-10-10T09:17:25","date_gmt":"2025-10-10T13:17:25","guid":{"rendered":"https:\/\/www.ludwig-van.com\/montreal\/?p=90053"},"modified":"2026-03-18T14:25:09","modified_gmt":"2026-03-18T18:25:09","slug":"entrevue-club-musical-de-quebec-lannee-des-belles-idees-qui-tombent-en-place-en-meme-temps","status":"publish","type":"post","link":"https:\/\/www.ludwig-van.com\/montreal\/2025\/10\/10\/entrevue-club-musical-de-quebec-lannee-des-belles-idees-qui-tombent-en-place-en-meme-temps\/","title":{"rendered":"ENTREVUE | Club musical de Qu\u00e9bec : \u00ab\u00a0l&rsquo;ann\u00e9e des belles id\u00e9es qui tombent en place en m\u00eame temps\u00a0\u00bb"},"content":{"rendered":"<figure id=\"attachment_90062\" aria-describedby=\"caption-attachment-90062\" style=\"width: 1200px\" class=\"wp-caption aligncenter\"><img decoding=\"async\" loading=\"lazy\" class=\"size-full wp-image-90062\" src=\"https:\/\/www.ludwig-van.com\/montreal\/wp-content\/uploads\/sites\/3\/2025\/10\/Copie-de-CONCERTS8.jpg\" alt=\"\" width=\"1200\" height=\"628\" srcset=\"https:\/\/www.ludwig-van.com\/montreal\/wp-content\/uploads\/sites\/3\/2025\/10\/Copie-de-CONCERTS8.jpg 1200w, https:\/\/www.ludwig-van.com\/montreal\/wp-content\/uploads\/sites\/3\/2025\/10\/Copie-de-CONCERTS8-300x157.jpg 300w, https:\/\/www.ludwig-van.com\/montreal\/wp-content\/uploads\/sites\/3\/2025\/10\/Copie-de-CONCERTS8-1024x536.jpg 1024w, https:\/\/www.ludwig-van.com\/montreal\/wp-content\/uploads\/sites\/3\/2025\/10\/Copie-de-CONCERTS8-768x402.jpg 768w\" sizes=\"(max-width: 1200px) 100vw, 1200px\" \/><figcaption id=\"caption-attachment-90062\" class=\"wp-caption-text\">Marie Fortin, directrice artistique du Club musical de Qu\u00e9bec (Photo : Oc\u00e9ane HOlbrook); Matthias Goerne et Daniil Trifonov (Photos : courtoisie Culb musical)<\/figcaption><\/figure>\n<p>Le Club musical de Qu\u00e9bec d\u00e9bute sa saison 2025-2026 lundi prochain, le 13 octobre, par un r\u00e9cital consacr\u00e9 \u00e0 Schubert par le baryton <strong>Matthias Goerne<\/strong> et le pianiste<strong> Daniil Trifonov<\/strong>. Ludwig van Montr\u00e9al a saisi cette occasion pour poser quelques questions \u00e0 la directrice artistique du Club musical, <strong>Marie Fortin<\/strong>.<\/p>\n<p>LVM : <em>La saison 2025-2026 du Club musical est particuli\u00e8rement impressionnante. Que recherchez-vous en concevant une saison et comment trouvez-vous l\u2019\u00e9quilibre \u00e0 travers les diff\u00e9rentes propositions?<\/em><\/p>\n<p>MF : C\u2019est toujours \u00e9tonnant de voir la r\u00e9action \u00e0 l\u2019annonce d\u2019une saison. Chaque ann\u00e9e on travaille \u00e0 faire l\u2019assemblage de concerts le plus int\u00e9ressant possible et on soup\u00e8se les compromis \u00e0 faire : \u00e9quilibre des finances, du calendrier, des \u00e9poques, des r\u00e9pertoires, des instruments, de la repr\u00e9sentativit\u00e9 d\u2019hommes et de femmes, de divers pays d\u2019origine, d\u2019\u00e2ges, de stades de carri\u00e8re, le tout crois\u00e9 \u00e0 la disponibilit\u00e9 des artistes et des projets sur une \u00e9chelle de plusieurs saisons simultan\u00e9ment\u2026 Apr\u00e8s contorsions et quelques entorses \u00e0 nos principes de d\u00e9parts, on arrive \u00e0 un tout fignol\u00e9 qui nous convainc profond\u00e9ment \u00e0 titre de directeur artistique et qu\u2019on aime \u00e0 peu pr\u00e8s toujours autant d\u2019une saison \u00e0 l\u2019autre. Puis on envoie au public le \u201ccadeau\u201d qu\u2019on lui a pr\u00e9par\u00e9 pendant deux ans ou plus, et on observe les r\u00e9actions. Parfois c\u2019est re\u00e7u pr\u00e9cis\u00e9ment comme on s\u2019y attendait, alors que d\u2019autres fois les surprises se succ\u00e8dent : ce qu\u2019on percevait comme un grand succ\u00e8s potentiel ne rencontre pas l\u2019enthousiasme escompt\u00e9, et un autre \u00e9v\u00e9nement qui ne remplissait pas au d\u00e9part la fonction de \u201clocomotive\u201d dans la saison obtient une grande popularit\u00e9.<\/p>\n<p>Et m\u00eame en connaissant bien son public, on obtient des surprises du genre. Car le public \u00e9volue, chaque personne qui le forme individuellement et en tant que groupe car, quoiqu\u2019on en pense \u00e0 l\u2019occasion, il se renouvelle, du moins partiellement. On est aussi en partie responsable de cette \u00e9volution, puisqu\u2019on travaille tellement fort au concert \u00e0 fournir des outils au public pour qu\u2019il soit inform\u00e9 et \u00e0 lui faire d\u00e9couvrir de nouvelles choses (compositeurs, instruments, concepts artistiques). Aussi, qu\u2019il se transforme avec le temps n\u2019est peut-\u00eatre pas toujours dans une perspective n\u00e9gative, car peut-\u00eatre qu\u2019apr\u00e8s tout, on r\u00e9ussit aussi \u00e0 le rendre curieux et le faire grandir avec tous les efforts d\u00e9ploy\u00e9s !<\/p>\n<p>Donc pour en revenir \u00e0 la saison 2025-2026, \u00e0 mes yeux elle est tout aussi excitante que d\u2019autres qui ont suscit\u00e9 moins d\u2019\u00e9tincelles. Il arrive toutefois que plusieurs projets qui \u00e9taient en gestation depuis plusieurs saisons trouvent leur d\u00e9nouement en m\u00eame temps : c\u2019est assur\u00e9ment le cas pour <strong>Tabea<\/strong> <strong>Zimmermann<\/strong> et pour <strong>Philippe Jaroussky<\/strong>, sur le cas desquels je travaille depuis pr\u00e8s d\u2019une d\u00e9cennie! Un peu de la m\u00eame mani\u00e8re, la tourn\u00e9e de <strong>Goerne<\/strong> et <strong>Trifonov<\/strong> se pr\u00e9parait depuis plusieurs saisons autour de leur album commun sorti en 2022, mais a subi des reports. M\u00eame chose pour <strong>Sidorova<\/strong> dont les projets se profilent depuis la pand\u00e9mie, mais ont \u00e9t\u00e9 ajourn\u00e9s par l\u2019arriv\u00e9e de ses enfants. Je dirais donc que d\u2019une certaine fa\u00e7on, 2025-2026 est l\u2019ann\u00e9e o\u00f9 plusieurs belles id\u00e9es longuement m\u00fbries sont tomb\u00e9es en place en m\u00eame temps, tout en se compl\u00e9tant bien, pour le plaisir de tous. Pour ce qui \u00e9tait de les concr\u00e9tiser, je dirais qu\u2019on a eu la d\u00e9monstration \u00e0 quelques reprises dans les derni\u00e8res ann\u00e9es qu\u2019\u00e0 toutes les fois o\u00f9 nous avons tent\u00e9 de contrer un certain marasme en maximisant l\u2019investissement dans les cachets (de fa\u00e7on r\u00e9fl\u00e9chie il va sans dire!), cela s\u2019est av\u00e9r\u00e9 fructueux, alors que le geste contraire ne faisait qu\u2019empirer les choses. Il est vrai qu\u2019on a peut-\u00eatre les reins plus solides que d\u2019autres pour prendre ce genre de risque calcul\u00e9. Mais avec la qualit\u00e9 vient aussi la confiance et la fid\u00e9lit\u00e9, et on a la chance de pouvoir compter sur des personnes pr\u00e9cieuses qui y croient aussi et que partager ce moment artistique en communaut\u00e9 rend profond\u00e9ment heureux.<\/p>\n<p>.LVM : <em>Qu\u2019est-ce qui vous apporte une satisfaction particuli\u00e8re dans votre r\u00f4le de directrice artistique? De quoi r\u00eavez-vous pour l\u2019avenir du Club musical (artistes, partenariats, d\u00e9veloppement de public, etc.)?<\/em><\/p>\n<p>MF : J\u2019aime voir les gens qui sont heureux d\u2019avoir pass\u00e9 un moment sp\u00e9cial. J\u2019aime quand les artistes arrivent \u00e0 se d\u00e9tendre parce qu\u2019ils sentent qu\u2019ils peuvent nous faire confiance et faire ce qu\u2019ils ont \u00e0 faire. J\u2019aime quand je voyage \u00e0 l\u2019\u00e9tranger pour rencontrer en personne un agent avec qui j\u2019ai \u00e9chang\u00e9 200 courriels, que la relation prend enfin forme et que le lien professionnel et amical se poursuit par la suite. J\u2019aime collaborer avec les coll\u00e8gues de la capitale pour comprendre ce qui se passe et rendre ensemble notre ville int\u00e9ressante.<\/p>\n<p>Sinon j\u2019ai plein de r\u00eaves de tous ordres, qu\u2019il s\u2019agisse de grands artistes ou de salles combles! Mais je dirais que le projet qui m\u2019occupe le plus en ce moment, c\u2019est vraiment de trouver une fa\u00e7on pour que les artistes qu\u00e9b\u00e9cois et canadiens trouvent leur place en r\u00e9cital \u00e0 Qu\u00e9bec. Plusieurs acteurs du milieu ont conscience d\u2019\u00e0 quel point l\u2019acc\u00e8s aux diffuseurs n\u2019est pas ais\u00e9 pour pr\u00e9senter des projets musicaux dans un cadre professionnel. C\u2019est un probl\u00e8me qui est malheureusement d\u2019ordre financier pour tous ceux qui s\u2019y attaquent, et trouver comment faire perdurer et d\u00e9velopper les initiatives qu\u2019on met sur pied \u00e0 cet effet serait vraiment un beau d\u00e9nouement.<\/p>\n<p>LVM : <em><strong>Matthias Goerne<\/strong> est reconnu comme un grand sp\u00e9cialiste du lied allemand. Quelles sont les qualit\u00e9s n\u00e9cessaires pour se distinguer dans ce r\u00e9pertoire?\u00a0<\/em><\/p>\n<p>MF : Je crois que l\u2019une des qualit\u00e9s des interpr\u00e8tes du lied est de donner l\u2019impression qu\u2019il nous parle directement. Pour avoir moi-m\u00eame \u00e9tudi\u00e9 sp\u00e9cifiquement l\u2019accompagnement du lied, je sais \u00e0 quel point c\u2019est une r\u00e9flexion po\u00e9tique et musicale vraiment pointue et profonde (sur le sens original du texte et ses sous-entendus provenant d\u2019un contexte culturel et politique propre \u00e0 une \u00e9poque, ensuite l\u2019interpr\u00e9tation qu\u2019en fait le compositeur et le sens que lui en retient et d\u00e9cide subjectivement de mettre en lumi\u00e8re selon qu\u2019il provient ou non du m\u00eame milieu ou de la m\u00eame \u00e9poque, puis la fa\u00e7on que l\u2019interpr\u00e8te va dire ces mots et transmettre cette musique apr\u00e8s qu\u2019ils aient d\u00e9j\u00e0 travers\u00e9 tous ces filtres\u2026). C\u2019est une pr\u00e9paration et une gymnastique intellectuelle complexes mais, au m\u00eame titre que le gymnaste aux Jeux olympiques, il faut qu\u2019il ne reste au final que la gr\u00e2ce et l\u2019impression de facilit\u00e9, sans transmettre le poids de tous ces filtres pr\u00e9c\u00e9dents \u00e0 l\u2019auditeur. Cela vaut aussi bien pour le chanteur que pour le pianiste, qui sont indissociables pour former le paysage total. C\u2019est la qu\u00eate d\u2019une vie pour un chanteur de lied !<\/p>\n<p>LVM : <em>Comment ce partenariat entre <strong>Goerne<\/strong> et <strong>Daniil Trifonov<\/strong> est-il n\u00e9?<\/em><\/p>\n<p>MF : \u00c0 ma connaissance, il vient de leur<a href=\"https:\/\/www.deutschegrammophon.com\/en\/catalogue\/products\/lieder-goerne-trifonov-12685\"> cd de 2022<\/a>, alors que <strong>Goerne<\/strong> \u00e9tait pr\u00e9c\u00e9demment dans une phase de collaboration avec quelques pianistes solistes de haut vol. <strong>Goerne<\/strong> et <strong>Trifonov<\/strong> ont d\u00e9cid\u00e9 d\u2019en faire une tourn\u00e9e de concerts enti\u00e8rement consacr\u00e9s \u00e0 Schubert. Selon les villes, ils offrent <em>Die Winterreise<\/em> ou <em>Die sch\u00f6ne M\u00fcllerin<\/em>. Le programme avec <em>Der Schwanengesang<\/em> \u00e9tait le seul \u00e0 inclure une premi\u00e8re partie enti\u00e8rement consacr\u00e9 au piano solo, ce qui permet d&rsquo;une part de faire\u00a0 un parall\u00e8le int\u00e9ressant avec une autre \u0153uvre de la fin de la vie du compositeur (la <em>Sonate pour piano en sol majeur, <\/em>D. 894, compos\u00e9e en 1826), tout en permettant d\u2019autre part de vraiment profiter \u00e0 plein de la pr\u00e9sence de <strong>Trifonov<\/strong> en ville! Je trouve que c\u2019est la formule qui permettait de rejoindre le plus de gens, tout en offrant au pianophile et \u00e0 l\u2019amateur d\u2019art lyrique une fa\u00e7on de compl\u00e9ter leur exp\u00e9rience et de voir plus loin. Et Schubert a tout d\u2019un point de vue m\u00e9lodique et \u00e9motionnel pour rassembler tout ce beau monde!<\/p>\n<p>LVM : <em>Parlez-nous bri\u00e8vement des autres concerts \u00e0 venir et de ce qui en fait l\u2019attrait.<\/em><\/p>\n<p>MF : Le prochain concert a lieu le 3 novembre, avec la venue de l&rsquo;accord\u00e9oniste <strong>Ksenija Sidorova<\/strong> : elle est fantastique, elle est rayonnante, elle collabore avec des musiciens \u00e9minents dans des formations surprenantes (en ce moment, Die<em> Winterreise<\/em> avec<strong> Thomas Hampson<\/strong>, \u00e0 l\u2019accord\u00e9on!). Il n\u2019y a jamais eu de concert d\u2019accord\u00e9on classique au Club musical, je ne voyais personne de mieux plac\u00e9 qu\u2019elle pour nous montrer tout ce que \u00e7a peut signifier. Et \u00e7a fait \u00e9cho \u00e0 un souvenir que j\u2019ai d\u2019entendre un quatuor d\u2019accord\u00e9on jouer une symphonie de Beethoven sur un coin de rue \u00e0 Cologne\u2026 \u00e7a ne s\u2019oublie pas!<\/p>\n<p>Le 26 novembre, nous recevons <strong>Les Arts Florissants<\/strong> avec <strong>Th\u00e9otime Langlois de Swarte<\/strong> : je suis tr\u00e8s contente d\u2019avoir <strong>Th\u00e9otime<\/strong> qui est venu \u00e0 Montr\u00e9al, mais pas encore \u00e0 Qu\u00e9bec. Et entendre les <em>Quatre saisons<\/em> quand c\u2019est par quelqu\u2019un comme lui et un ensemble comme les <strong>Arts Florissants<\/strong>, \u00e7a nous permet de red\u00e9couvrir le plaisir d&rsquo;entendre ces concertos et de se rendre compte qu&rsquo;ils gardent leur fra\u00eecheur.<\/p>\n<p>Ensuite, on se retrouve le 17 mars, avec l&rsquo;altiste <strong>Tabea Zimmermann<\/strong> et le pianiste <strong>Javier Perianes<\/strong>. Tous les musiciens allemands, tous instruments confondus, m\u2019ont r\u00e9p\u00e9t\u00e9 que <strong>Tabea Zimmermann<\/strong> devait venir tourner en Am\u00e9rique, comme si elle \u00e9tait une perle cach\u00e9e et qu\u2019ils s\u2019\u00e9taient tous concert\u00e9s pour qu\u2019elle ait la reconnaissance qu\u2019elle m\u00e9rite! Elle a enfin un peu plus de temps pour la tourn\u00e9e depuis que certains engagements de professeur ont diminu\u00e9 (on se souviendra qu\u2019elle \u00e9tait \u00e0 une certaine \u00e9poque la plus jeune professeure d\u2019instrument engag\u00e9e dans un conservatoire allemand!).<\/p>\n<p>On ne peut pas s&#8217;emp\u00eacher de parler des \u00ab\u00a0deux Hamelin\u00a0\u00bb pour faire r\u00e9f\u00e9rence \u00e0 <strong>Marc-Andr\u00e9 Hamelin<\/strong> et \u00e0 <strong>Charles Richard-Hamelin<\/strong>, qui donneront un r\u00e9cital de musique pour deux pianos le 31 mars. C&rsquo;est un surnom qui peut semer la confusion, puisque les deux pianistes ne sont pas parents du tout, mais c&rsquo;est tellement naturel de les voir r\u00e9unis. Le tout vient \u00e9videmment de leur rencontre sur sc\u00e8ne au Festival de Lanaudi\u00e8re en 2022. Heureusement, plusieurs villes vont pouvoir profiter de cet \u00e9v\u00e9nement cette fois.<\/p>\n<p>Pour le dernier concert de saison, le 4 mai, on trouve particuli\u00e8rement excitant que <strong>Philippe Jaroussky<\/strong> vienne avec son propre ensemble, avec lequel il enregistre depuis une vingtaine d\u2019ann\u00e9es, avec qui il d\u00e9veloppe la plupart de ses projets artistiques, et qu\u2019il dirige \u00e9galement. C\u2019est comme si la soir\u00e9e portait vraiment totalement sa signature. C\u2019est un privil\u00e8ge.<\/p>\n<h2><em>Inscrivez-vous \u00e0 notre infolettre! La musique classique et l\u2019op\u00e9ra en 5 minutes, chaque jour<\/em> <a href=\"https:\/\/ludwig-van.us9.list-manage.com\/subscribe?u=4f785cb3f9058f2393ccad035&amp;id=b9b160c032\" target=\"_blank\" rel=\"noopener noreferrer\">ICI<\/a>.<\/h2>\n","protected":false},"excerpt":{"rendered":"<p>Le Club musical de Qu\u00e9bec d\u00e9bute sa saison 2025-2026 lundi prochain, le 13 octobre, par un r\u00e9cital consacr\u00e9 \u00e0 Schubert du baryton Matthias Goerne et du pianiste Daniil Trifonov. Ludwig van Montr\u00e9al a saisi cette occasion pour poser quelques questions \u00e0 la directrice artistique du Club musical, Marie Fortin.<\/p>\n","protected":false},"author":55,"featured_media":90062,"comment_status":"open","ping_status":"open","sticky":false,"template":"","format":"standard","meta":{"om_disable_all_campaigns":false,"jetpack_post_was_ever_published":false},"categories":[42299,10998],"tags":[42300,29791],"yst_prominent_words":[9842,23354,23355,10184,10658,29005,7981,23356,14678,10546],"acf":[],"jetpack_featured_media_url":"https:\/\/www.ludwig-van.com\/montreal\/wp-content\/uploads\/sites\/3\/2025\/10\/Copie-de-CONCERTS8.jpg","jetpack_sharing_enabled":true,"jetpack_shortlink":"https:\/\/wp.me\/p9bdYt-nqt","amp_enabled":true,"_links":{"self":[{"href":"https:\/\/www.ludwig-van.com\/montreal\/wp-json\/wp\/v2\/posts\/90053"}],"collection":[{"href":"https:\/\/www.ludwig-van.com\/montreal\/wp-json\/wp\/v2\/posts"}],"about":[{"href":"https:\/\/www.ludwig-van.com\/montreal\/wp-json\/wp\/v2\/types\/post"}],"author":[{"embeddable":true,"href":"https:\/\/www.ludwig-van.com\/montreal\/wp-json\/wp\/v2\/users\/55"}],"replies":[{"embeddable":true,"href":"https:\/\/www.ludwig-van.com\/montreal\/wp-json\/wp\/v2\/comments?post=90053"}],"version-history":[{"count":40,"href":"https:\/\/www.ludwig-van.com\/montreal\/wp-json\/wp\/v2\/posts\/90053\/revisions"}],"predecessor-version":[{"id":92372,"href":"https:\/\/www.ludwig-van.com\/montreal\/wp-json\/wp\/v2\/posts\/90053\/revisions\/92372"}],"wp:featuredmedia":[{"embeddable":true,"href":"https:\/\/www.ludwig-van.com\/montreal\/wp-json\/wp\/v2\/media\/90062"}],"wp:attachment":[{"href":"https:\/\/www.ludwig-van.com\/montreal\/wp-json\/wp\/v2\/media?parent=90053"}],"wp:term":[{"taxonomy":"category","embeddable":true,"href":"https:\/\/www.ludwig-van.com\/montreal\/wp-json\/wp\/v2\/categories?post=90053"},{"taxonomy":"post_tag","embeddable":true,"href":"https:\/\/www.ludwig-van.com\/montreal\/wp-json\/wp\/v2\/tags?post=90053"},{"taxonomy":"yst_prominent_words","embeddable":true,"href":"https:\/\/www.ludwig-van.com\/montreal\/wp-json\/wp\/v2\/yst_prominent_words?post=90053"}],"curies":[{"name":"wp","href":"https:\/\/api.w.org\/{rel}","templated":true}]}}