{"id":89940,"date":"2025-10-03T17:55:35","date_gmt":"2025-10-03T21:55:35","guid":{"rendered":"https:\/\/www.ludwig-van.com\/montreal\/?p=89940"},"modified":"2025-10-03T20:00:04","modified_gmt":"2025-10-04T00:00:04","slug":"nouvelle-lopera-de-quebec-mise-sur-un-chef-quebecois-la-direction-artistique-et-musicale","status":"publish","type":"post","link":"https:\/\/www.ludwig-van.com\/montreal\/2025\/10\/03\/nouvelle-lopera-de-quebec-mise-sur-un-chef-quebecois-la-direction-artistique-et-musicale\/","title":{"rendered":"NOUVELLE | L&rsquo;Op\u00e9ra de Qu\u00e9bec mise sur un chef qu\u00e9b\u00e9cois \u00e0 la direction artistique et musicale"},"content":{"rendered":"<figure id=\"attachment_86480\" aria-describedby=\"caption-attachment-86480\" style=\"width: 1200px\" class=\"wp-caption aligncenter\"><img decoding=\"async\" loading=\"lazy\" class=\"size-full wp-image-86480\" src=\"https:\/\/www.ludwig-van.com\/montreal\/wp-content\/uploads\/sites\/3\/2025\/02\/Copie-de-NOUVELLE1.jpg\" alt=\"Jean-Marie Zeitouni dirigeant l'OSL le 1 f\u00e9vrier dernier. (Photo : Gabriel Fournier)\" width=\"1200\" height=\"628\" srcset=\"https:\/\/www.ludwig-van.com\/montreal\/wp-content\/uploads\/sites\/3\/2025\/02\/Copie-de-NOUVELLE1.jpg 1200w, https:\/\/www.ludwig-van.com\/montreal\/wp-content\/uploads\/sites\/3\/2025\/02\/Copie-de-NOUVELLE1-300x157.jpg 300w, https:\/\/www.ludwig-van.com\/montreal\/wp-content\/uploads\/sites\/3\/2025\/02\/Copie-de-NOUVELLE1-1024x536.jpg 1024w, https:\/\/www.ludwig-van.com\/montreal\/wp-content\/uploads\/sites\/3\/2025\/02\/Copie-de-NOUVELLE1-768x402.jpg 768w\" sizes=\"(max-width: 1200px) 100vw, 1200px\" \/><figcaption id=\"caption-attachment-86480\" class=\"wp-caption-text\">Jean-Marie Zeitouni (Photo : Gabriel Fournier)<\/figcaption><\/figure>\n<p>L&rsquo;Op\u00e9ra de Qu\u00e9bec et le Festival d&rsquo;Op\u00e9ra de Qu\u00e9bec annoncent aujourd&rsquo;hui la nomination de <strong>Jean-Marie Zeitouni<\/strong> au poste de direction artistique et musicale des deux organismes. <strong>Gr\u00e9goire Legendre<\/strong> reste pour l&rsquo;instant \u00e0 la direction g\u00e9n\u00e9rale int\u00e9rimaire.<\/p>\n<p><strong>Jean-Marie Zeitouni<\/strong> a d\u00e9j\u00e0 d\u00e9velopp\u00e9 une relation bien \u00e9tablie avec les publics de la Capitale nationale, ayant \u00e9t\u00e9 un collaborateur \u00e9troit des Violons du Roy pendant plus de 12 ans, d&rsquo;abord \u00e0 titre de chef en r\u00e9sidence, puis de chef associ\u00e9 et de premier chef invit\u00e9, ainsi que chef de l&rsquo;orchestre de la Facult\u00e9 de musique de l&rsquo;Universit\u00e9 Laval. Il a \u00e9galement \u00e9t\u00e9 chef invit\u00e9 de l&rsquo;Orchestre symphonique de Qu\u00e9bec. L&rsquo;Op\u00e9ra de Qu\u00e9bec lui a confi\u00e9 la direction musicale de plusieurs productions par le pass\u00e9, dont <em>Don Giovanni<\/em> en 2022 et <em>Lucia di Lammermoor<\/em> en 2023.<\/p>\n<p><strong>Zeitouni<\/strong> est par ailleurs directeur musical du Edmonton Symphony Orchestra et professeur de direction d&rsquo;orchestre au Conservatoire de musique de Montr\u00e9al. \u00c0 Montr\u00e9al, en plus d&rsquo;avoir \u00e9t\u00e9 directeur artistique de l&rsquo;Orchestre de chambre I Musici, il a dirig\u00e9 les cr\u00e9ations des op\u00e9ras de Julien Bilodeau et Michel Marc Bouchard, <em>La Beaut\u00e9 du monde<\/em> et <em>La<\/em> <em>Reine-gar\u00e7on<\/em>, pr\u00e9sent\u00e9es \u00e0 l&rsquo;Op\u00e9ra de Montr\u00e9al. Les sc\u00e8nes internationales ne lui sont pas \u00e9trang\u00e8resIl fr\u00e9quente \u00e9galement les maisons d&rsquo;op\u00e9ra en France, ayant r\u00e9cemment dirig\u00e9 des op\u00e9ras \u00e0 Marseille, Lausanne, Montpellier et au th\u00e9\u00e2tre des Champs-\u00c9lys\u00e9es \u00e0 Paris.<\/p>\n<p>Les derniers directeurs de l&rsquo;Op\u00e9ra de Qu\u00e9bec, <strong>Gr\u00e9goire Legendre<\/strong> et <strong>Jean-Fran\u00e7ois Lapointe<\/strong>, combinaient les fonctions de direction g\u00e9n\u00e9ral et artistique, et reposaient sur des chef\u00b7fe\u00b7s invit\u00e9\u00b7e\u00b7s dans la fosse. Il faut remonter \u00e0 la pr\u00e9sence de <strong>Bernard Labadie<\/strong> de 1994 \u00e0 2003, et <strong>Guy B\u00e9langer<\/strong> avant lui, pour retrouver un directeur artistique qui montait \u00e9galement sur le podium.<\/p>\n<blockquote><p>\u00ab<em> Je suis ravi de retrouver la grande famille de l\u2019Op\u00e9ra de Qu\u00e9bec \u00e0 un moment-cl\u00e9 de son \u00e9volution. Mon objectif est de mener cette institution, qui depuis 40 ans se d\u00e9marque par la qualit\u00e9 de ses productions, vers de nouveaux sommets d\u2019excellence. 21 ans apr\u00e8s mes d\u00e9buts professionnels dans cette compagnie, je retrouve avec \u00e9motion la maison qui m\u2019a vu na\u00eetre comme chef professionnel d&rsquo;op\u00e9ra. <\/em>\u00bb<em> &#8211; <\/em>Jean-Marie Zeitouni.<\/p>\n<p>\u00ab <em>Reconnu pour son \u00e9nergie communicative, sa coll\u00e9gialit\u00e9, son sens de l\u2019innovation et sa profonde sensibilit\u00e9 musicale, M. Zeitouni apportera un souffle nouveau qui saura \u00e0 la fois honorer notre tradition et ouvrir de nouveaux horizons <\/em>\u00bb &#8211; Philippe-Edwin B\u00e9langer, pr\u00e9sident du Conseil d\u2019administration.<\/p><\/blockquote>\n<p><strong>Jean-Marie Zeitouni<\/strong> sera justement \u00e0 la t\u00eate de la prochaine production de l&rsquo;Op\u00e9ra de Qu\u00e9bec, <a href=\"https:\/\/operadequebec.com\/quoi-faire\/cenerentola\/\" target=\"_blank\" rel=\"noopener\"><em>Cendrillon<\/em> de Rossini<\/a>, du 25 octobre au 1 novembre. C&rsquo;est <strong>Clemens Schuldt<\/strong> qui prendra la baguette pour <em>La boh\u00e8me<\/em> en mai prochain, tandis que <strong>Zeitouni<\/strong> mettra son empreinte sur la premi\u00e8re programmation sous sa responsabilit\u00e9 lors du Festival d&rsquo;op\u00e9ra de Qu\u00e9bec \u00e0 l&rsquo;\u00e9t\u00e9 2026.<\/p>\n<h2><em>Inscrivez-vous \u00e0 notre infolettre! La musique classique et l\u2019op\u00e9ra en 5 minutes, chaque jour<\/em> \u00a0<a href=\"https:\/\/ludwig-van.us9.list-manage.com\/subscribe?u=4f785cb3f9058f2393ccad035&amp;id=b9b160c032\" target=\"_blank\" rel=\"noopener noreferrer\">ICI.<\/a><\/h2>\n","protected":false},"excerpt":{"rendered":"<p>L&rsquo;Op\u00e9ra de Qu\u00e9bec et le Festival d&rsquo;Op\u00e9ra de Qu\u00e9bec annoncent aujourd&rsquo;hui la nomination de Jean-Marie Zeitouni au poste de direction artistique et musicale des deux organismes. Gr\u00e9goire Legendre reste pour l&rsquo;instant \u00e0 la direction g\u00e9n\u00e9rale int\u00e9rimaire.<\/p>\n","protected":false},"author":55,"featured_media":86480,"comment_status":"open","ping_status":"open","sticky":false,"template":"","format":"standard","meta":{"om_disable_all_campaigns":false,"jetpack_post_was_ever_published":false},"categories":[42299],"tags":[42300,27011],"yst_prominent_words":[10426,9840,10006,10293,11552,13955,9851,11678,14251,11891,35630,10191,10156,10538,16489,9813,10476,9811,9838,10192],"acf":[],"jetpack_featured_media_url":"https:\/\/www.ludwig-van.com\/montreal\/wp-content\/uploads\/sites\/3\/2025\/02\/Copie-de-NOUVELLE1.jpg","jetpack_sharing_enabled":true,"jetpack_shortlink":"https:\/\/wp.me\/p9bdYt-noE","amp_enabled":true,"_links":{"self":[{"href":"https:\/\/www.ludwig-van.com\/montreal\/wp-json\/wp\/v2\/posts\/89940"}],"collection":[{"href":"https:\/\/www.ludwig-van.com\/montreal\/wp-json\/wp\/v2\/posts"}],"about":[{"href":"https:\/\/www.ludwig-van.com\/montreal\/wp-json\/wp\/v2\/types\/post"}],"author":[{"embeddable":true,"href":"https:\/\/www.ludwig-van.com\/montreal\/wp-json\/wp\/v2\/users\/55"}],"replies":[{"embeddable":true,"href":"https:\/\/www.ludwig-van.com\/montreal\/wp-json\/wp\/v2\/comments?post=89940"}],"version-history":[{"count":5,"href":"https:\/\/www.ludwig-van.com\/montreal\/wp-json\/wp\/v2\/posts\/89940\/revisions"}],"predecessor-version":[{"id":89946,"href":"https:\/\/www.ludwig-van.com\/montreal\/wp-json\/wp\/v2\/posts\/89940\/revisions\/89946"}],"wp:featuredmedia":[{"embeddable":true,"href":"https:\/\/www.ludwig-van.com\/montreal\/wp-json\/wp\/v2\/media\/86480"}],"wp:attachment":[{"href":"https:\/\/www.ludwig-van.com\/montreal\/wp-json\/wp\/v2\/media?parent=89940"}],"wp:term":[{"taxonomy":"category","embeddable":true,"href":"https:\/\/www.ludwig-van.com\/montreal\/wp-json\/wp\/v2\/categories?post=89940"},{"taxonomy":"post_tag","embeddable":true,"href":"https:\/\/www.ludwig-van.com\/montreal\/wp-json\/wp\/v2\/tags?post=89940"},{"taxonomy":"yst_prominent_words","embeddable":true,"href":"https:\/\/www.ludwig-van.com\/montreal\/wp-json\/wp\/v2\/yst_prominent_words?post=89940"}],"curies":[{"name":"wp","href":"https:\/\/api.w.org\/{rel}","templated":true}]}}