{"id":89904,"date":"2025-10-02T16:49:34","date_gmt":"2025-10-02T20:49:34","guid":{"rendered":"https:\/\/www.ludwig-van.com\/montreal\/?p=89904"},"modified":"2025-10-03T14:00:03","modified_gmt":"2025-10-03T18:00:03","slug":"nouvelle-le-stradivarius-des-rosiers-dangele-dubeau-perd-son-statut-de-patrimoine-culturel","status":"publish","type":"post","link":"https:\/\/www.ludwig-van.com\/montreal\/2025\/10\/02\/nouvelle-le-stradivarius-des-rosiers-dangele-dubeau-perd-son-statut-de-patrimoine-culturel\/","title":{"rendered":"NOUVELLE | Le Stradivarius Des Rosiers d&rsquo;Ang\u00e8le Dubeau perd son statut de patrimoine culturel"},"content":{"rendered":"<figure id=\"attachment_89918\" aria-describedby=\"caption-attachment-89918\" style=\"width: 1200px\" class=\"wp-caption aligncenter\"><img decoding=\"async\" loading=\"lazy\" class=\"size-full wp-image-89918\" src=\"https:\/\/www.ludwig-van.com\/montreal\/wp-content\/uploads\/sites\/3\/2025\/10\/Copie-de-NOUVELLE7.jpg\" alt=\"Ang\u00e8le Dubeau (Photo : Luc Robitaille)\" width=\"1200\" height=\"628\" srcset=\"https:\/\/www.ludwig-van.com\/montreal\/wp-content\/uploads\/sites\/3\/2025\/10\/Copie-de-NOUVELLE7.jpg 1200w, https:\/\/www.ludwig-van.com\/montreal\/wp-content\/uploads\/sites\/3\/2025\/10\/Copie-de-NOUVELLE7-300x157.jpg 300w, https:\/\/www.ludwig-van.com\/montreal\/wp-content\/uploads\/sites\/3\/2025\/10\/Copie-de-NOUVELLE7-1024x536.jpg 1024w, https:\/\/www.ludwig-van.com\/montreal\/wp-content\/uploads\/sites\/3\/2025\/10\/Copie-de-NOUVELLE7-768x402.jpg 768w\" sizes=\"(max-width: 1200px) 100vw, 1200px\" \/><figcaption id=\"caption-attachment-89918\" class=\"wp-caption-text\">Ang\u00e8le Dubeau (Photo : Luc Robitaille)<\/figcaption><\/figure>\n<p>Le minist\u00e8re de la Culture et des Communications du Qu\u00e9bec <a href=\"https:\/\/cdn-contenu.quebec.ca\/cdn-contenu\/adm\/min\/culture-communications\/documents\/patrimoine\/avis-intention\/AIDCL-ViolonArchet.pdf\">a publi\u00e9 son intention de retirer du Registre du patrimoine culturel du Qu\u00e9bec le violon Stradivarius<\/a> nomm\u00e9 Des Rosiers et l&rsquo;archet Tourte qui y est associ\u00e9. Les instruments y avaient \u00e9t\u00e9 inscrits en 1978, apr\u00e8s \u00eatre pass\u00e9s des mains du grand violoniste Arthur LeBlanc \u00e0 celles d&rsquo;Ang\u00e8le Dubeau, alors \u00e2g\u00e9e de quinze ans.<\/p>\n<p>Selon le texte de l&rsquo;avis, sign\u00e9 le 12 septembre 2025 par le ministre de la Culture et des Communications Mathieu Lacombe, le ministre \u00ab d\u00e9termine que ces objets ne pr\u00e9sentent plus un int\u00e9r\u00eat public justifiant le maintien de leur statut juridique. \u00bb<\/p>\n<p>Tout n&rsquo;est pas jou\u00e9, cependant, car l&rsquo;avis note \u00e9galement \u00ab que toute personne int\u00e9ress\u00e9e peut, dans les 60 jours de la transmission du pr\u00e9sent avis, faire des repr\u00e9sentations aupr\u00e8s du Conseil du patrimoine culturel du Qu\u00e9bec \u00bb et que le ministre \u00ab prendra l&rsquo;avis du Conseil du patrimoine culturel du Qu\u00e9bec sur l&rsquo;opportunit\u00e9 de proc\u00e9der au d\u00e9classement de ce bien patrimonial \u00bb.<\/p>\n<p>Le Stradivarius Des Rosiers a \u00e9t\u00e9 fabriqu\u00e9 en 1733, alors que le c\u00e9l\u00e8bre luthier \u00e9tait \u00e2g\u00e9 de 89 ans. Il porte le nom de la famille Des Rosiers de Lyon, qui en a \u00e9t\u00e9 propri\u00e9taire \u00e0 partir d&rsquo;une date non sp\u00e9cifi\u00e9e jusqu&rsquo;en 1911. Selon le r\u00e9cit publi\u00e9 dans <em>Antonio Stradivari, His Life and Instruments<\/em> (1961) par William Henley, l&rsquo;instrument aurait \u00e9chapp\u00e9 de justesse \u00e0 la destruction lors de la R\u00e9volution fran\u00e7aise, alors qu&rsquo;un jeune caporal l&rsquo;aurait sauv\u00e9 des mains de la foule assaillant un ch\u00e2teau. Le violon a eu une meilleure issue que son sauveur, qui a \u00e9t\u00e9 puni par la guillotine pour son geste vaillant.<\/p>\n<p>L&rsquo;introduction de ce violon dans l&rsquo;histoire culturelle du Qu\u00e9bec se produit beaucoup plus tard. Le violoniste Arthur LeBlanc, que Radio-Canada d\u00e9crivait en 1985 comme \u00ab sans conteste le plus grand violoniste canadien de tous les temps\u00a0\u00bb, \u00e9tait en manque d&rsquo;un instrument de niveau lui permettant de poursuivre sa carri\u00e8re internationale. Son instrument pr\u00e9c\u00e9dent, un Guadagnini, avait tristement \u00e9t\u00e9 d\u00e9truit lors d&rsquo;une b\u00eate chute sur la glace sur la Grande All\u00e9e de Qu\u00e9bec le 18 novembre 1941. Atterr\u00e9, le violoniste vedette n&rsquo;avait pas \u00e9t\u00e9 en \u00e9tat de donner son r\u00e9cital pr\u00e9vu le soir m\u00eame au Palais Montcalm de Qu\u00e9bec.<\/p>\n<p>Des amis et m\u00e9c\u00e8nes, soutenus par la Soci\u00e9t\u00e9 du Bon Parler fran\u00e7ais et le Sun Trust, ont fond\u00e9 en 1946 le Comit\u00e9 national pour le violon d&rsquo;Arthur LeBlanc. Le Comit\u00e9 s&rsquo;est charg\u00e9 de lancer une campagne de souscription publique afin de r\u00e9colter les fonds n\u00e9cessaires \u00e0 l&rsquo;achat du violon Stradivarius Des Rosiers et d&rsquo;un archet Tourte d\u00e9nich\u00e9s chez un luthier de New York.<\/p>\n<p>L&rsquo;achat des deux instruments repr\u00e9sentait une d\u00e9pense de 27 000 $, soit l&rsquo;\u00e9quivalent de plus de 390 000 $ en argent d&rsquo;aujourd&rsquo;hui (sans prendre en compte l&rsquo;augmentation en valeur des instruments). Des appels \u00e0 contribution ont \u00e9t\u00e9 publi\u00e9s dans des journaux de diff\u00e9rentes villes qu\u00e9b\u00e9coises, expliquant l&rsquo;intention du Comit\u00e9 que l&rsquo;instrument soit transmis \u00e0 d&rsquo;autres violonistes qu\u00e9b\u00e9cois ou canadiens m\u00e9ritants apr\u00e8s LeBlanc :<\/p>\n<blockquote><p>\u00ab En m\u00eame temps [que ce violon] continuera \u00e0 glorifier la carri\u00e8re d&rsquo;Arthur Leblanc, notre illustre ma\u00eetre du violon, ce v\u00e9ritable et unique troph\u00e9e national se transmettra de virtuose en virtuose. \u00bb &#8211; \u00ab Un violon Stradivarius pour Arthur Leblanc \u00bb, <em>L&rsquo;\u00e9cho du St-Maurice<\/em>, 27 f\u00e9vrier 1947, p. 1<\/p>\n<p>\u00ab Mais il convient de rappeler [l&rsquo;]oeuvre [du Comit\u00e9 national du violon d&rsquo;Arthur LeBlanc] au public, afin que soit compl\u00e9t\u00e9e le plus t\u00f4t possible la souscription qui garantira le s\u00e9jour permanent dans le monde artistique canadien d&rsquo;un instrument de musique de toute premi\u00e8re valeur. \u00bb &#8211; \u00ab Le \u00ab\u00a0Violon Arthur LeBlanc\u00a0\u00bb \u00bb, <em>Le devoir<\/em>, 17 septembre 1947, p. 5<\/p>\n<p>\u00ab Le violon ainsi financ\u00e9 deviendra instrument national qui sera transmis par la suite au violoniste le plus m\u00e9ritant et le plus dou\u00e9 de chez nous. \u00bb &#8211; \u00ab Comit\u00e9 du violon Arthur Leblanc dans notre ville \u00bb, <em>Le nouvelliste<\/em>, 8 mars 1947, p. 9<\/p><\/blockquote>\n<p>Malgr\u00e9 les efforts du Comit\u00e9, la campagne de souscription n&rsquo;a pas eu le succ\u00e8s escompt\u00e9. L&rsquo;homme d&rsquo;affaires de Sorel Ludger Simard, pr\u00e9sident des Marine Industries Ltd et fid\u00e8le m\u00e9c\u00e8ne d&rsquo;Arthur LeBlanc, a fourni les plus de 20 000 $ manquants, faisant en sorte que le grand violoniste puisse finalement prendre possession des instruments (violon et archet) qui lui \u00e9taient destin\u00e9s.<\/p>\n<p>Ces instruments le suivront pendant les vingt ans que durera encore sa carri\u00e8re active, et continueront de provoquer des \u00e9motions fortes m\u00eame apr\u00e8s qu&rsquo;il ait \u00e9t\u00e9 \u00e9loign\u00e9 de la sc\u00e8ne depuis plusieurs ann\u00e9es. En effet, en 1975, ses deux violons, le Stradivarius et un Stanley de 1927, ainsi que les archets de valeur qui les accompagnaient, ont \u00e9t\u00e9 vol\u00e9s de la demeure de l&rsquo;artiste sur l&rsquo;\u00cele d&rsquo;Orl\u00e9ans, une m\u00e9saventure qui a d\u00e9fray\u00e9 les manchettes. Heureusement, les instruments ont \u00e9t\u00e9 retrouv\u00e9s intacts 17 jours plus tard. Bien que les journaux de l&rsquo;\u00e9poque en attribuent la d\u00e9couverte \u00e0 un coup de fil anonyme r\u00e9v\u00e9lant l&#8217;emplacement des instruments, un jugement rendu \u00e0 la Cour sup\u00e9rieure du Qu\u00e9bec le 13 juillet 1987 fait \u00e9tat d&rsquo;une ran\u00e7on de 3 000 $ pay\u00e9e \u00e0 parts \u00e9gales par Gertrude Gravel, l&rsquo;\u00e9pouse d&rsquo;Arthur LeBlanc, et par Les Placements Tracadie Limit\u00e9e, compagnie d\u00e9clar\u00e9e en 1987 comme \u00e9tant la propri\u00e9t\u00e9 des h\u00e9ritiers de Ludger Simard.\u00a0 (Le film<em> Le violon d&rsquo;Arthur<\/em> de Jean-Pierre Gari\u00e9py, coproduit par les Productions du Fado et l&rsquo;ONF en 1991, s&rsquo;inspire largement de ces \u00e9v\u00e9nements.)<\/p>\n<p>\u00c0 peine quelques ann\u00e9es plus tard, en 1977, la jeune et prometteuse Ang\u00e8le Dubeau vient de compl\u00e9ter ses \u00e9tudes au Conservatoire \u00e0 l&rsquo;\u00e2ge de 15 ans et est \u00e0 la recherche d&rsquo;un instrument \u00e0 la hauteur de ses aspirations professionnelles. Comme elle le raconte elle-m\u00eame dans <a href=\"https:\/\/stringsmagazine.com\/angele-dubeaus-unconventional-path-to-her-stradivari\/\">une entrevue parue dans l&rsquo;\u00e9dition de mai-juin 2022 de la revue Strings magazine<\/a>, ayant eu vent qu&rsquo;Arthur LeBlanc se retirait d\u00e9finitivement de sa vie de concertiste, la famille Dubeau a appel\u00e9 tous les A. Leblanc inscrits au bottin t\u00e9l\u00e9phonique de la Ville de Qu\u00e9bec pour le retrouver et arranger une rencontre entre le violoniste de l&rsquo;ancienne garde et la jeune espoir en d\u00e9but de carri\u00e8re.<\/p>\n<p>Impressionn\u00e9 par le jeu de Dubeau, LeBlanc lui accorde l&rsquo;usage de son pr\u00e9cieux Stradivarius. Jules Dubeau, le p\u00e8re d&rsquo;Ang\u00e8le, et Arthur LeBlanc concluent une premi\u00e8re entente de location, transform\u00e9e le 13 octobre 1977 en promesse de vente en faveur des Entreprises Paganina, dont Jules Dubeau est le pr\u00e9sident. En 1987, Ang\u00e8le Dubeau et sa m\u00e8re Juliette ont d\u00e9clar\u00e9 que le violon avait \u00e9t\u00e9 aquis pour une somme de plus de 150 000 $. Selon les pr\u00e9cisions contenues dans le jugement de la Cour sup\u00e9rieure, les paiements \u00e9taient faits sous forme de rente viag\u00e8re au montant de 8 000 $ par ann\u00e9e, vers\u00e9e \u00e0 Arthur LeBlanc ou \u00e0 ses h\u00e9ritiers en cas de d\u00e9c\u00e8s, pour une p\u00e9riode n&rsquo;exc\u00e9dant pas vingt ans de la date de la signature de la promesse de vente.<\/p>\n<p>La propri\u00e9t\u00e9 de l&rsquo;instrument a cependant \u00e9t\u00e9 remise en question par les h\u00e9ritiers de Ludger Simard dans les ann\u00e9es 1980. Ceux-ci soutenaient qu&rsquo;Arthur LeBlanc n&rsquo;en \u00e9tait pas le r\u00e9el propri\u00e9taire et n&rsquo;avait par cons\u00e9quent pas le droit de vendre l&rsquo;instrument achet\u00e9 pour lui par le Comit\u00e9 du violon d&rsquo;Arthur LeBlanc, dont Ludger Simard \u00e9tait le fondateur et contributeur principal. Les demandeurs r\u00e9clamaient que le violon et l&rsquo;archet leur soient remis.<\/p>\n<p>L&rsquo;affaire \u00e9tait compliqu\u00e9e par le fait que le dit Comit\u00e9 n&rsquo;a jamais \u00e9t\u00e9 ni enregistr\u00e9 ni incorpor\u00e9, ne lui donnant aucune existence l\u00e9gale. Similairement, il n&rsquo;existe pas de document clarifiant les termes de l&rsquo;entente entre le Comit\u00e9 et Arthur LeBlanc par rapport \u00e0 la propri\u00e9t\u00e9 et aux conditions d&rsquo;usage du violon. Au mieux se trouve-t-il dans les documents d\u00e9pos\u00e9s dans la preuve un d\u00e9pliant produit par le Comit\u00e9 intitul\u00e9 <em>Un Stradivarius authentique, septre <\/em>[sic]<em> national de nos virtuoses<\/em>. Le document du jugement de la Cour sup\u00e9rieure cite les passages suivants du d\u00e9pliant : \u00ab LE COMIT\u00c9 NATIONAL DU VIOLON \u00ab\u00a0Arthur Leblanc\u00a0\u00bb a ainsi fond\u00e9 une institution permanente destin\u00e9e \u00e0 consacrer et \u00e0 r\u00e9compenser, tour \u00e0 tour, dans l&rsquo;avenir nos plus brillants artistes du violon. \u00bb Le texte du jugement poursuit : \u00ab Sous la photo de monsieur Arthur Leblanc, \u00e0 l&rsquo;int\u00e9rieur du d\u00e9pliant on y voit la mention \u00ab\u00a0premier r\u00e9cipiendaire\u00a0\u00bb ainsi que la phrase suivante: \u00ab\u00a0Un beau STRADIVARIUS qui vaut plusieurs fois son pesant d&rsquo;or a \u00e9t\u00e9 trouv\u00e9, achet\u00e9 et remis \u00e0 notre virtuose par les mains du COMIT\u00c9.\u00a0\u00bb \u00bb<\/p>\n<p>En rendant son jugement en faveur de la famille Dubeau, le juge Vital Cliche s&rsquo;appuie sur le comportement de Ludger Simard, qui n&rsquo;a de son vivant jamais indiqu\u00e9 qu&rsquo;il se consid\u00e9rait le propri\u00e9taire du Stradivarius; sur la bonne foi des acheteurs, convaincus d&rsquo;avoir affaire au r\u00e9el propri\u00e9taire de l&rsquo;instrument; et sur l&rsquo;\u00e9ch\u00e9ance du d\u00e9lai de prescription de trois ans \u00e0 partir de la date de d\u00e9possession, dans ce cas-ci correspondant \u00e0 la date du d\u00e9but de la location ou de la vente.<\/p>\n<p>C&rsquo;est donc entre les mains d&rsquo;Ang\u00e8le Dubeau, qui lui donne le petit nom d&rsquo;Arthur, que le pr\u00e9cieux violon a pu continuer de charmer les publics du Qu\u00e9bec et d&rsquo;ailleurs pendant presque cinquante ans, jusqu&rsquo;au jour o\u00f9 <a href=\"https:\/\/www.ludwig-van.com\/montreal\/2024\/10\/24\/nouvelle-angele-dubeau-forcee-de-mettre-un-terme-a-sa-carriere-de-violoniste\/\">la soliste r\u00e9put\u00e9e a annonc\u00e9 sa retraite forc\u00e9e due \u00e0 une blessure sans r\u00e9mission<\/a>. C&rsquo;est cet instrument qui peut \u00eatre entendu sur les nombreux enregistrements prim\u00e9s de la violoniste, entre autres avec le groupe La Piet\u00e0 qu&rsquo;elle avait fond\u00e9.<\/p>\n<p>Ang\u00e8le Dubeau n&rsquo;\u00e9tait pas disponible pour commenter le d\u00e9classement de son instrument aux fins de cet article.<\/p>\n<p><strong>Registre du patrimoine culturel du Qu\u00e9bec<\/strong><\/p>\n<p>Le Registre du patrimoine culturel du Qu\u00e9bec, dont le <a href=\"https:\/\/www.patrimoine-culturel.gouv.qc.ca\/accueil.do?methode=afficher\">R\u00e9pertoire du patrimoine culturel du Qu\u00e9bec<\/a> est l&rsquo;outil de diffusion en ligne, a pour objectif de renforcer la conservation et la mise en valeur du patrimoine culturel et scientifique.<\/p>\n<p>Le classement d&rsquo;un bien patrimonial permet de reconna\u00eetre la valeur patrimoniale du bien, d&rsquo;assurer sa protection ainsi que de favoriser sa connaissance et sa transmission aux g\u00e9n\u00e9rations futures. Le gouvernement analyse chaque proposition selon des crit\u00e8res pr\u00e9cis, \u00e9valuant la valeur d&rsquo;int\u00e9r\u00eat public suscit\u00e9 par la connaissance, la sauvegarde, la transmission ou la mise en valeur des biens, et si les biens sont susceptibles d&rsquo;enrichir le corpus des biens patrimoniaux d\u00e9j\u00e0 class\u00e9s et de constituer un legs refl\u00e9tant l&rsquo;histoire et le caract\u00e8re de la soci\u00e9t\u00e9 qu\u00e9b\u00e9coise.<\/p>\n<p>N&rsquo;importe quel individu ou municipalit\u00e9 peut pr\u00e9senter une proposition de classement d&rsquo;un bien patrimonial en soumettant <a href=\"https:\/\/cdn-contenu.quebec.ca\/cdn-contenu\/adm\/min\/culture-communications\/documents\/patrimoine\/FO-declaration-site-patrimonial-MCC.pdf\" target=\"_blank\" rel=\"noopener\">les formulaires appropri\u00e9s<\/a>, ou pr\u00e9senter des arguments s\u2019opposant \u00e0 un d\u00e9classement en faisant <a href=\"https:\/\/cpcq.gouv.qc.ca\/auditions\/demander-une-audition\/\" target=\"_blank\" rel=\"noopener\">une demande d\u2019audition<\/a>.<\/p>\n<p>Une fois qu&rsquo;un bien est class\u00e9 au R\u00e9pertoire, il devient n\u00e9cessaire d&rsquo;obtenir une autorisation avant d\u2019effectuer des travaux, de l&rsquo;acqu\u00e9rir, de le vendre ou de le c\u00e9der. Le ou la propri\u00e9taire d&rsquo;un bien patrimonial a de surcro\u00eet la responsabilit\u00e9 de pr\u00e9server sa valeur patrimoniale et de le maintenir en bon \u00e9tat; de tenir compte de sa valeur patrimoniale lorsque des interventions ou des travaux sont envisag\u00e9s; et de transmettre un avis pr\u00e9alable de vente 60 jours avant la vente d&rsquo;un bien class\u00e9 ou d&rsquo;un immeuble situ\u00e9 dans un site patrimonial class\u00e9.<\/p>\n<p>Dans le domaine musical, le R\u00e9pertoire du patrimoine culturel du Qu\u00e9bec comprend plusieurs immeubles \u00e0 vocation de diffusion de concerts ou d&rsquo;enseignement de la musique, des livres de musique de valeur historique, du mobilier et des instruments. Parmi ces derniers, on compte de nombreuses orgues et quelques pianos, ainsi que des instruments plus surprenants, dont un instrument \u00e0 cordes pinc\u00e9es provenant du S\u00e9n\u00e9gal. Seulement deux violons sont r\u00e9pertori\u00e9s, soit un violon et un archet de fabrication non sp\u00e9cifi\u00e9e appartenant \u00e0 la Soci\u00e9t\u00e9 du patrimoine religieux du dioc\u00e8se de Saint-Hyacinthe, et, pour l&rsquo;instant encore, <a href=\"https:\/\/www.patrimoine-culturel.gouv.qc.ca\/detail.do;jsessionid=320BEB192B4CE4C2AB7AC20060845373?methode=consulter&amp;id=93189&amp;type=bien\">le violon Stradivarius Des Rosiers et l&rsquo;archet Fran\u00e7ois Tourte<\/a>.<\/p>\n<p>ERRATUM &#8211;\u00a0 <em>La graphie du nom de famille d&rsquo;Arthur LeBlanc a \u00e9t\u00e9 corrig\u00e9e pour int\u00e9grer le B majuscule, sauf dans les citations o\u00f9 le texte original employait la minuscule.<\/em><\/p>\n<h2><em>Inscrivez-vous \u00e0 notre infolettre! La musique classique et l\u2019op\u00e9ra en 5 minutes, chaque jour<\/em> \u00a0<a href=\"https:\/\/ludwig-van.us9.list-manage.com\/subscribe?u=4f785cb3f9058f2393ccad035&amp;id=b9b160c032\" target=\"_blank\" rel=\"noopener noreferrer\">ICI.<\/a><\/h2>\n","protected":false},"excerpt":{"rendered":"<p>Le minist\u00e8re de la Culture et des Communications du Qu\u00e9bec a publi\u00e9 son intention de retirer du Registre du patrimoine culturel du Qu\u00e9bec le violon Stradivarius nomm\u00e9 Des Rosiers et l&rsquo;archet Tourte qui y est associ\u00e9 . Les instruments y avaient \u00e9t\u00e9 inscrits en 1978, apr\u00e8s \u00eatre pass\u00e9s des mains du grand violoniste Arthur Leblanc \u00e0 celles d&rsquo;Ang\u00e8le Dubeau, alors \u00e2g\u00e9e de quinze ans.<\/p>\n","protected":false},"author":55,"featured_media":89918,"comment_status":"open","ping_status":"open","sticky":false,"template":"","format":"standard","meta":{"om_disable_all_campaigns":false,"jetpack_post_was_ever_published":false},"categories":[42299],"tags":[42300,42358,3872],"yst_prominent_words":[22534,15370,9963],"acf":[],"jetpack_featured_media_url":"https:\/\/www.ludwig-van.com\/montreal\/wp-content\/uploads\/sites\/3\/2025\/10\/Copie-de-NOUVELLE7.jpg","jetpack_sharing_enabled":true,"jetpack_shortlink":"https:\/\/wp.me\/p9bdYt-no4","amp_enabled":true,"_links":{"self":[{"href":"https:\/\/www.ludwig-van.com\/montreal\/wp-json\/wp\/v2\/posts\/89904"}],"collection":[{"href":"https:\/\/www.ludwig-van.com\/montreal\/wp-json\/wp\/v2\/posts"}],"about":[{"href":"https:\/\/www.ludwig-van.com\/montreal\/wp-json\/wp\/v2\/types\/post"}],"author":[{"embeddable":true,"href":"https:\/\/www.ludwig-van.com\/montreal\/wp-json\/wp\/v2\/users\/55"}],"replies":[{"embeddable":true,"href":"https:\/\/www.ludwig-van.com\/montreal\/wp-json\/wp\/v2\/comments?post=89904"}],"version-history":[{"count":18,"href":"https:\/\/www.ludwig-van.com\/montreal\/wp-json\/wp\/v2\/posts\/89904\/revisions"}],"predecessor-version":[{"id":89939,"href":"https:\/\/www.ludwig-van.com\/montreal\/wp-json\/wp\/v2\/posts\/89904\/revisions\/89939"}],"wp:featuredmedia":[{"embeddable":true,"href":"https:\/\/www.ludwig-van.com\/montreal\/wp-json\/wp\/v2\/media\/89918"}],"wp:attachment":[{"href":"https:\/\/www.ludwig-van.com\/montreal\/wp-json\/wp\/v2\/media?parent=89904"}],"wp:term":[{"taxonomy":"category","embeddable":true,"href":"https:\/\/www.ludwig-van.com\/montreal\/wp-json\/wp\/v2\/categories?post=89904"},{"taxonomy":"post_tag","embeddable":true,"href":"https:\/\/www.ludwig-van.com\/montreal\/wp-json\/wp\/v2\/tags?post=89904"},{"taxonomy":"yst_prominent_words","embeddable":true,"href":"https:\/\/www.ludwig-van.com\/montreal\/wp-json\/wp\/v2\/yst_prominent_words?post=89904"}],"curies":[{"name":"wp","href":"https:\/\/api.w.org\/{rel}","templated":true}]}}