{"id":89863,"date":"2025-09-29T06:14:56","date_gmt":"2025-09-29T10:14:56","guid":{"rendered":"https:\/\/www.ludwig-van.com\/montreal\/?p=89863"},"modified":"2025-10-02T14:00:03","modified_gmt":"2025-10-02T18:00:03","slug":"choix-de-la-redaction-de-la-noblesse-de-lorgue-aux-bassesses-de-don-giovanni","status":"publish","type":"post","link":"https:\/\/www.ludwig-van.com\/montreal\/2025\/09\/29\/choix-de-la-redaction-de-la-noblesse-de-lorgue-aux-bassesses-de-don-giovanni\/","title":{"rendered":"CHOIX DE LA R\u00c9DACTION | De la noblesse de l&rsquo;orgue aux bassesses de Don Giovanni"},"content":{"rendered":"<figure id=\"attachment_89876\" aria-describedby=\"caption-attachment-89876\" style=\"width: 1200px\" class=\"wp-caption aligncenter\"><img decoding=\"async\" loading=\"lazy\" class=\"size-full wp-image-89876\" src=\"https:\/\/www.ludwig-van.com\/montreal\/wp-content\/uploads\/sites\/3\/2025\/09\/Copie-de-CONCERTS6.jpg\" alt=\"\" width=\"1200\" height=\"628\" srcset=\"https:\/\/www.ludwig-van.com\/montreal\/wp-content\/uploads\/sites\/3\/2025\/09\/Copie-de-CONCERTS6.jpg 1200w, https:\/\/www.ludwig-van.com\/montreal\/wp-content\/uploads\/sites\/3\/2025\/09\/Copie-de-CONCERTS6-300x157.jpg 300w, https:\/\/www.ludwig-van.com\/montreal\/wp-content\/uploads\/sites\/3\/2025\/09\/Copie-de-CONCERTS6-1024x536.jpg 1024w, https:\/\/www.ludwig-van.com\/montreal\/wp-content\/uploads\/sites\/3\/2025\/09\/Copie-de-CONCERTS6-768x402.jpg 768w\" sizes=\"(max-width: 1200px) 100vw, 1200px\" \/><figcaption id=\"caption-attachment-89876\" class=\"wp-caption-text\">Salebarbes; Quentin Gu\u00e9rillot et \u00c9lisabeth Hubman; Tara-Louise Montour, \u00c9lisabeth St-Gelais, Cris Derksen<\/figcaption><\/figure>\n<p>Les amateurs\u00b7trices d\u2019orgue seront ravi\u00b7e\u00b7s de l\u2019offre musicale de la semaine puisque le <strong>Concours international d\u2019orgue du Canada<\/strong> pr\u00e9sente plusieurs concerts dans les prochains jours. Ce ne seront cependant pas les seuls \u00e0 remplir vos oreilles de beaut\u00e9! L\u2019<strong>Orchestre classique de Montr\u00e9al<\/strong> et <strong>No Hay Banda<\/strong> lancent leur saison, <strong>Voxpopuli<\/strong> entame un triptyque, l\u2019<strong>OSM<\/strong> s\u2019allie \u00e0 <strong>Salebarbes<\/strong> et l\u2019<strong>Op\u00e9ra de Montr\u00e9al<\/strong> poursuit ses pr\u00e9sentations de <i>Don Giovanni<\/i>. De quoi vous tenir occup\u00e9\u00b7e\u00b7s, et ce, d\u00e8s ce soir!<img decoding=\"async\" loading=\"lazy\" class=\"aligncenter size-full wp-image-89864\" src=\"https:\/\/www.ludwig-van.com\/montreal\/wp-content\/uploads\/sites\/3\/2025\/09\/No-Hay-Banda-septembre-2025.png\" alt=\"\" width=\"1200\" height=\"737\" srcset=\"https:\/\/www.ludwig-van.com\/montreal\/wp-content\/uploads\/sites\/3\/2025\/09\/No-Hay-Banda-septembre-2025.png 1200w, https:\/\/www.ludwig-van.com\/montreal\/wp-content\/uploads\/sites\/3\/2025\/09\/No-Hay-Banda-septembre-2025-300x184.png 300w, https:\/\/www.ludwig-van.com\/montreal\/wp-content\/uploads\/sites\/3\/2025\/09\/No-Hay-Banda-septembre-2025-1024x629.png 1024w, https:\/\/www.ludwig-van.com\/montreal\/wp-content\/uploads\/sites\/3\/2025\/09\/No-Hay-Banda-septembre-2025-768x472.png 768w\" sizes=\"(max-width: 1200px) 100vw, 1200px\" \/><\/p>\n<h3>No Hay Banda &#8211; BEAM SPLITTER, Anne-F Jacques &amp; Ryoko Akama<\/h3>\n<p><strong>No Hay Banda<\/strong> lance sa 10e saison ce soir \u00e0 La Sala Rossa avec comme premiers\u00b7\u00e8res artistes <b>BEAM SPLITTER<\/b>, <b>Anne-F Jacques<\/b> et <b>Ryoko Akama<\/b>. En premi\u00e8re partie, Anne-F Jacques et Ryoko Akama vous pr\u00e9senteront une performance imaginative d\u2019amplification et d\u2019interactions entre les mat\u00e9riaux. En deuxi\u00e8me partie, le duo BEAM SPLITTER, compos\u00e9 de <b>Audrey Chen<\/b>, artiste vocale, et de <b>Henrik Munkeby N\u00f8rsteb\u00f8<\/b>, tromboniste, repoussera les limites de leurs instruments dans un style unique hautement amplifi\u00e9, aussi intime qu\u2019enti\u00e8rement expos\u00e9.<\/p>\n<p>LE 29 SEPTEMBRE, 20 H, LA SALA ROSSA\u00a0 <a href=\"https:\/\/nohaybanda.ca\/nhb55.html\" target=\"_blank\" rel=\"noopener\">D\u00c9TAILS ET BILLETS<\/a><\/p>\n<p>&nbsp;<\/p>\n<p><img decoding=\"async\" loading=\"lazy\" class=\"aligncenter size-full wp-image-89865\" src=\"https:\/\/www.ludwig-van.com\/montreal\/wp-content\/uploads\/sites\/3\/2025\/09\/Voxpopuli-Du-sublime.png\" alt=\"\" width=\"1200\" height=\"706\" srcset=\"https:\/\/www.ludwig-van.com\/montreal\/wp-content\/uploads\/sites\/3\/2025\/09\/Voxpopuli-Du-sublime.png 1200w, https:\/\/www.ludwig-van.com\/montreal\/wp-content\/uploads\/sites\/3\/2025\/09\/Voxpopuli-Du-sublime-300x177.png 300w, https:\/\/www.ludwig-van.com\/montreal\/wp-content\/uploads\/sites\/3\/2025\/09\/Voxpopuli-Du-sublime-1024x602.png 1024w, https:\/\/www.ludwig-van.com\/montreal\/wp-content\/uploads\/sites\/3\/2025\/09\/Voxpopuli-Du-sublime-768x452.png 768w\" sizes=\"(max-width: 1200px) 100vw, 1200px\" \/><\/p>\n<h3>Voxpopuli &#8211; Triptyque <i>Du sublime!<\/i>, concert 1 &#8211; <i>Utopies<\/i><\/h3>\n<p><b>Voxpopuli<\/b> vous offre cette saison deux cycles de trois concerts se rejoignant autour d\u2019un compositeur ou d\u2019une th\u00e9matique. Celui de l\u2019automne, intitul\u00e9 <i>Du sublime!<\/i>, pose la question \u201ccomment les compositeurs expriment ce qui d\u00e9passe l\u2019humain?\u201d et le premier concert de cette s\u00e9rie de trois, <i>Utopies<\/i>, se concentre sur la perfection et le divin avec la musique de Bach, Mozart, Beethoven et Webern. \u00c0 noter que les concerts associ\u00e9s \u00e0 un triptyque ne sont pas vendus s\u00e9par\u00e9ment puisqu\u2019ils constituent un tout, chaque repr\u00e9sentation n\u2019\u00e9tant qu\u2019une partie de la vision globale du dit triptyque. Vous devez donc acheter la s\u00e9rie compl\u00e8te <i>Du sublime!<\/i> afin d\u2019assister \u00e0 <i>Utopies<\/i>. Les deux concerts compl\u00e9tant ce triptyque seront <i>Mondes int\u00e9rieurs<\/i>, pr\u00e9sent\u00e9 le 11 novembre et <i>Dystopies<\/i>, pr\u00e9sent\u00e9 le 16 d\u00e9cembre.<\/p>\n<p>LE 30 SEPTEMBRE, 19 H, SAINTE-HILDA\u00a0 <a href=\"https:\/\/www.concertsvoxpopuli.com\/triptyque-du-sublime\" target=\"_blank\" rel=\"noopener\">D\u00c9TAILS ET BILLETS<\/a><\/p>\n<p>&nbsp;<\/p>\n<p><img decoding=\"async\" loading=\"lazy\" class=\"aligncenter size-full wp-image-89740\" src=\"https:\/\/www.ludwig-van.com\/montreal\/wp-content\/uploads\/sites\/3\/2025\/09\/affiche-dongiovanni_cropped.jpg\" alt=\"\" width=\"1200\" height=\"931\" srcset=\"https:\/\/www.ludwig-van.com\/montreal\/wp-content\/uploads\/sites\/3\/2025\/09\/affiche-dongiovanni_cropped.jpg 1200w, https:\/\/www.ludwig-van.com\/montreal\/wp-content\/uploads\/sites\/3\/2025\/09\/affiche-dongiovanni_cropped-300x233.jpg 300w, https:\/\/www.ludwig-van.com\/montreal\/wp-content\/uploads\/sites\/3\/2025\/09\/affiche-dongiovanni_cropped-1024x794.jpg 1024w, https:\/\/www.ludwig-van.com\/montreal\/wp-content\/uploads\/sites\/3\/2025\/09\/affiche-dongiovanni_cropped-768x596.jpg 768w\" sizes=\"(max-width: 1200px) 100vw, 1200px\" \/><\/p>\n<h3>Op\u00e9ra de Montr\u00e9al &#8211; <i>Don Giovanni<\/i><\/h3>\n<p>Si vous n\u2019avez pas assist\u00e9 \u00e0 la premi\u00e8re de <i>Don Giovanni<\/i> de Mozart pr\u00e9sent\u00e9e par l\u2019<b>Op\u00e9ra de Montr\u00e9al<\/b> la semaine pass\u00e9e, vous avez le choix de la repr\u00e9sentation cette semaine. En effet, sous la direction de <b>Kensho Watanabe, <\/b>l\u2019Op\u00e9ra, le <b>Ch\u0153ur de l\u2019Op\u00e9ra<\/b>, <b>I Musici<\/b> et les solistes <b>John Brancy <\/b>(Don Giovanni), <b>Ruben Drole <\/b>(Leporello), <b>Kirsten Leblanc<\/b> (Donna Anna), <b>Anthony Gregory <\/b>(Ottavio), <b>Andrea N\u00fa\u00f1ez<\/b> (Elvira), <b>Sophie Naubert<\/b> (Zerlina), <b>Matthew Li<\/b> (Masetto) et <b>William Meinert<\/b> (Commandatore) offriront trois repr\u00e9sentations de cette tragi-com\u00e9die bas\u00e9e sur une l\u00e9gende circulant en Europe que Mozart et le po\u00e8te Lorenzo Da Ponte ont mis en op\u00e9ra &#8211; op\u00e9ra qui devint l\u2019une des merveilles du r\u00e9pertoire.<\/p>\n<p>LE 30 SEPTEMBRE ET 2 OCTOBRE, 19 H 30; LE 5 OCTOBRE, 14 H, SALLE WILFRID-PELLETIER\u00a0 <a href=\"https:\/\/operademontreal.com\/programmes\/don-giovanni\" target=\"_blank\" rel=\"noopener\">D\u00c9TAILS ET BILLETS<\/a><\/p>\n<p>&nbsp;<\/p>\n<figure id=\"attachment_89866\" aria-describedby=\"caption-attachment-89866\" style=\"width: 1200px\" class=\"wp-caption aligncenter\"><img decoding=\"async\" loading=\"lazy\" class=\"size-full wp-image-89866\" src=\"https:\/\/www.ludwig-van.com\/montreal\/wp-content\/uploads\/sites\/3\/2025\/09\/Salebarbes-OSM.png\" alt=\"Salebarbes (Photo : site web de l'OSM)\" width=\"1200\" height=\"790\" srcset=\"https:\/\/www.ludwig-van.com\/montreal\/wp-content\/uploads\/sites\/3\/2025\/09\/Salebarbes-OSM.png 1200w, https:\/\/www.ludwig-van.com\/montreal\/wp-content\/uploads\/sites\/3\/2025\/09\/Salebarbes-OSM-300x198.png 300w, https:\/\/www.ludwig-van.com\/montreal\/wp-content\/uploads\/sites\/3\/2025\/09\/Salebarbes-OSM-1024x674.png 1024w, https:\/\/www.ludwig-van.com\/montreal\/wp-content\/uploads\/sites\/3\/2025\/09\/Salebarbes-OSM-768x506.png 768w\" sizes=\"(max-width: 1200px) 100vw, 1200px\" \/><figcaption id=\"caption-attachment-89866\" class=\"wp-caption-text\">Salebarbes (Photo : site web de l&rsquo;OSM)<\/figcaption><\/figure>\n<h3>Salebarbres rencontre l\u2019OSM<\/h3>\n<p>Pour son concert d\u2019ouverture de sa s\u00e9rie OSM Pop, l\u2019<b>Orchestre symphonique de Montr\u00e9al<\/b> re\u00e7oit <b>Salebarbes<\/b>. Sous la direction de <b>Dina Gilbert<\/b> et dans des arrangements d\u2019<b>Antoine Gratton<\/b>, les membres de l\u2019Orchestre et ceux du groupe acadien vous invitent \u00e0 venir taper du pied, chanter et vous dandiner lors de l\u2019une des quatre repr\u00e9sentations offertes cette semaine dont vous risquez de vous souvenir longtemps.<\/p>\n<p>LE 30 SEPTEMBRE ET DU 1 AU 3 OCTOBRE, 20 H, MAISON SYMPHONIQUE\u00a0 <a href=\"https:\/\/www.osm.ca\/fr\/concert\/salebarbes-rencontre-losm\/?date=2025-09-30+20:00:00\" target=\"_blank\" rel=\"noopener\">D\u00c9TAILS ET BILLETS<\/a><\/p>\n<p>&nbsp;<\/p>\n<figure id=\"attachment_89867\" aria-describedby=\"caption-attachment-89867\" style=\"width: 1200px\" class=\"wp-caption aligncenter\"><img decoding=\"async\" loading=\"lazy\" class=\"size-full wp-image-89867\" src=\"https:\/\/www.ludwig-van.com\/montreal\/wp-content\/uploads\/sites\/3\/2025\/09\/Elisabeth-Hugmann-et-Quentin-Guerillot.png\" alt=\"Elisabeth Hubmann et Quentin Gu\u00e9rillot (Photo : courtoisie Soci\u00e9t\u00e9 des orgues de Maisonneuve)\" width=\"1200\" height=\"674\" srcset=\"https:\/\/www.ludwig-van.com\/montreal\/wp-content\/uploads\/sites\/3\/2025\/09\/Elisabeth-Hugmann-et-Quentin-Guerillot.png 1200w, https:\/\/www.ludwig-van.com\/montreal\/wp-content\/uploads\/sites\/3\/2025\/09\/Elisabeth-Hugmann-et-Quentin-Guerillot-300x169.png 300w, https:\/\/www.ludwig-van.com\/montreal\/wp-content\/uploads\/sites\/3\/2025\/09\/Elisabeth-Hugmann-et-Quentin-Guerillot-1024x575.png 1024w, https:\/\/www.ludwig-van.com\/montreal\/wp-content\/uploads\/sites\/3\/2025\/09\/Elisabeth-Hugmann-et-Quentin-Guerillot-768x431.png 768w\" sizes=\"(max-width: 1200px) 100vw, 1200px\" \/><figcaption id=\"caption-attachment-89867\" class=\"wp-caption-text\">Elisabeth Hubmann et Quentin Gu\u00e9rillot (Photo : courtoisie Soci\u00e9t\u00e9 des orgues de Maisonneuve)<\/figcaption><\/figure>\n<h3>Elisabeth Hubmann et Quentin Gu\u00e9rillot<\/h3>\n<p>La Soci\u00e9t\u00e9 des orgues de Maisonneuve, en collaboration avec le Concours international d\u2019orgue du Canada, pr\u00e9sente <b>Elisabeth Hubmann<\/b> et <b>Quentin Gu\u00e9rillot<\/b> dans ce concert d\u2019orgue \u00e0 quatre mains. Organiste autrichienne, Elisabeth Hubmann s\u2019int\u00e9resse autant \u00e0 la musique d\u2019orgue ancienne que contemporaine. Quant au fran\u00e7ais Quentin Gu\u00e9rillot, il est, depuis 2018 au jeune \u00e2ge de 25 ans, l\u2019organiste titulaire des grandes orgues de Cavaill\u00e9-Coll de la Cath\u00e9drale-Basilique de Saint-Denis, commune limitrophe de Paris. Le concert est gratuit, une contribution volontaire est appr\u00e9ci\u00e9e.<\/p>\n<p>LE 2 OCTOBRE, 19 H 30, \u00c9GLISE DU TR\u00c8S-SAINT-NOM-DE-J\u00c9SUS\u00a0 <a href=\"https:\/\/www.zeffy.com\/fr-CA\/ticketing\/elizabeth-hubmann\" target=\"_blank\" rel=\"noopener\">D\u00c9TAILS<\/a><\/p>\n<p><img decoding=\"async\" loading=\"lazy\" class=\"aligncenter size-full wp-image-89868\" src=\"https:\/\/www.ludwig-van.com\/montreal\/wp-content\/uploads\/sites\/3\/2025\/09\/Screenshot-2025-09-29-at-01-42-50-10e39512-8919-4df7-ade6-f85f20be6fbd.webp-WEBP-Image-1200-\u00d7-674-pixels.png\" alt=\"\" width=\"1500\" height=\"842\" srcset=\"https:\/\/www.ludwig-van.com\/montreal\/wp-content\/uploads\/sites\/3\/2025\/09\/Screenshot-2025-09-29-at-01-42-50-10e39512-8919-4df7-ade6-f85f20be6fbd.webp-WEBP-Image-1200-\u00d7-674-pixels.png 1500w, https:\/\/www.ludwig-van.com\/montreal\/wp-content\/uploads\/sites\/3\/2025\/09\/Screenshot-2025-09-29-at-01-42-50-10e39512-8919-4df7-ade6-f85f20be6fbd.webp-WEBP-Image-1200-\u00d7-674-pixels-300x168.png 300w, https:\/\/www.ludwig-van.com\/montreal\/wp-content\/uploads\/sites\/3\/2025\/09\/Screenshot-2025-09-29-at-01-42-50-10e39512-8919-4df7-ade6-f85f20be6fbd.webp-WEBP-Image-1200-\u00d7-674-pixels-1024x575.png 1024w, https:\/\/www.ludwig-van.com\/montreal\/wp-content\/uploads\/sites\/3\/2025\/09\/Screenshot-2025-09-29-at-01-42-50-10e39512-8919-4df7-ade6-f85f20be6fbd.webp-WEBP-Image-1200-\u00d7-674-pixels-768x431.png 768w\" sizes=\"(max-width: 1500px) 100vw, 1500px\" \/><\/p>\n<h3>InSpirations : orgue et jazz avec Inspirationz Ensemble<\/h3>\n<p>Le Concours international d\u2019orgue du Canada vous invite \u00e0 un concert tout \u00e0 fait unique o\u00f9 la musique d\u2019orgue prendra une saveur toute diff\u00e9rente, alors que cet instrument majestueux sera rejoint par un quintette de jazz, <b>Inspirationz Ensemble<\/b>. Ce sont donc <b>Jean-Willy Kunz<\/b> \u00e0 l\u2019orgue, <b>Andr\u00e9 Moisan<\/b> \u00e0 la clarinette, <b>H\u00e9l\u00e8ne Lemay<\/b> au trombone, <b>Jimmy Lahaie<\/b> \u00e0 la guitare baryton et <b>Michel Berthiaume<\/b> \u00e0 la batterie qui vous accueilleront ce vendredi pour une soir\u00e9e o\u00f9 les classiques du jazz et de nouveaux arrangements vous seront pr\u00e9sent\u00e9s.<\/p>\n<p>LE 3 OCTOBRE, 19 H 30, \u00c9GLISE UNIE ST. JAMES\u00a0 <a href=\"https:\/\/www.zeffy.com\/fr-CA\/ticketing\/inspirations-organ-and-jazz-with-ensemble-inspirations\" target=\"_blank\" rel=\"noopener\">D\u00c9TAILS ET BILLETS<\/a><\/p>\n<p>&nbsp;<\/p>\n<figure id=\"attachment_87754\" aria-describedby=\"caption-attachment-87754\" style=\"width: 1200px\" class=\"wp-caption aligncenter\"><img decoding=\"async\" loading=\"lazy\" class=\"size-full wp-image-87754\" src=\"https:\/\/www.ludwig-van.com\/montreal\/wp-content\/uploads\/sites\/3\/2025\/05\/Jean-MichelMalouf-TamPhotography-4_cropped.jpg\" alt=\"\" width=\"1200\" height=\"819\" srcset=\"https:\/\/www.ludwig-van.com\/montreal\/wp-content\/uploads\/sites\/3\/2025\/05\/Jean-MichelMalouf-TamPhotography-4_cropped.jpg 1200w, https:\/\/www.ludwig-van.com\/montreal\/wp-content\/uploads\/sites\/3\/2025\/05\/Jean-MichelMalouf-TamPhotography-4_cropped-300x205.jpg 300w, https:\/\/www.ludwig-van.com\/montreal\/wp-content\/uploads\/sites\/3\/2025\/05\/Jean-MichelMalouf-TamPhotography-4_cropped-1024x699.jpg 1024w, https:\/\/www.ludwig-van.com\/montreal\/wp-content\/uploads\/sites\/3\/2025\/05\/Jean-MichelMalouf-TamPhotography-4_cropped-768x524.jpg 768w\" sizes=\"(max-width: 1200px) 100vw, 1200px\" \/><figcaption id=\"caption-attachment-87754\" class=\"wp-caption-text\">Jean-Michel Malouf (Photo : Tam Photography)<\/figcaption><\/figure>\n<h3>L&rsquo;Orchestre du Conservatoire de musique de Montr\u00e9al : La Majestueuse<\/h3>\n<p>Entre deux repr\u00e9sentations de l&rsquo;Op\u00e9ra de Montr\u00e9al, le spectre de Don Giovanni se d\u00e9placera \u00e0 l&rsquo;\u00e9glise Saint-Jean-Baptiste (tenterait-il tardivement de sauver son \u00e2me?) \u00e0 l&rsquo;occasion du concert de l&rsquo;Orchestre du Conservatoire de musique. Le programme, tr\u00e8s attrayant, ouvre en effet par la dramatique ouverture de Mozart et se poursuit par la pi\u00e8ce <em>Ringelspiel <\/em>d&rsquo;Ana Sokolovic, un Concertino pour hautbois de Kalliwoda avec la soliste Flavie Lacoste et la Symphonie no 6 de Dvorak. Jean-Michel Malouf sera aux commandes de l&rsquo;orchestre.<\/p>\n<p>LE 4 OCTOBRE, 19 H 30, \u00c9GLISE SAINT-JEAN-BAPTISTE\u00a0 <a href=\"https:\/\/conservatoire-montreal.tuxedobillet.com\/Conservatoire%20Montr%C3%A9al\/L'orchestre-symphonique-4-oct\" target=\"_blank\" rel=\"noopener\">D\u00c9TAILS ET BILLETS<\/a><\/p>\n<h3><\/h3>\n<p><img decoding=\"async\" loading=\"lazy\" class=\"aligncenter size-full wp-image-89872\" src=\"https:\/\/www.ludwig-van.com\/montreal\/wp-content\/uploads\/sites\/3\/2025\/09\/CIOC-Projections.png\" alt=\"\" width=\"1200\" height=\"674\" srcset=\"https:\/\/www.ludwig-van.com\/montreal\/wp-content\/uploads\/sites\/3\/2025\/09\/CIOC-Projections.png 1200w, https:\/\/www.ludwig-van.com\/montreal\/wp-content\/uploads\/sites\/3\/2025\/09\/CIOC-Projections-300x169.png 300w, https:\/\/www.ludwig-van.com\/montreal\/wp-content\/uploads\/sites\/3\/2025\/09\/CIOC-Projections-1024x575.png 1024w, https:\/\/www.ludwig-van.com\/montreal\/wp-content\/uploads\/sites\/3\/2025\/09\/CIOC-Projections-768x431.png 768w\" sizes=\"(max-width: 1200px) 100vw, 1200px\" \/><\/p>\n<h3>Jeux d\u2019orgues + Murmures<\/h3>\n<p>Dans le cadre du Concours international d\u2019orgue du Canada, la Cin\u00e9math\u00e8que qu\u00e9b\u00e9coise pr\u00e9sente deux documentaires, <i>Jeux d\u2019orgues<\/i> et <i>Murmures<\/i>. Le premier, sorti en 2018 sous le titre original <i>Pipe Dreams<\/i>, suit cinq jeunes organistes participant au Concours international d\u2019orgue du Canada, du m\u00eame coup faisant d\u00e9couvrir au public le monde des jeux d\u2019orgues de comp\u00e9tition. Le deuxi\u00e8me, <i>Murmures : La musique en partage<\/i>, est un film-concert, fruit de la collaboration d\u2019organistes, compositeurs\u00b7trices, chanteurs\u00b7euses, d\u2019ensembles, de cin\u00e9astes et de professionnel\u00b7le\u00b7s des arts de tout le Canada, rendant hommage \u00e0 l\u2019importance de la musique d\u2019orgue \u00e0 tuyau.<\/p>\n<p>LE 4 OCTOBRE, 13 H 30, CIN\u00c9MATH\u00c8QUE QU\u00c9B\u00c9COISE\u00a0 <a href=\"https:\/\/www.zeffy.com\/fr-CA\/ticketing\/pipe-dreams-whispers\" target=\"_blank\" rel=\"noopener\">D\u00c9TAILS ET BILLETS<\/a><\/p>\n<p>&nbsp;<\/p>\n<p><img decoding=\"async\" loading=\"lazy\" class=\"aligncenter size-full wp-image-89873\" src=\"https:\/\/www.ludwig-van.com\/montreal\/wp-content\/uploads\/sites\/3\/2025\/09\/Peter-Richard.png\" alt=\"\" width=\"1200\" height=\"674\" srcset=\"https:\/\/www.ludwig-van.com\/montreal\/wp-content\/uploads\/sites\/3\/2025\/09\/Peter-Richard.png 1200w, https:\/\/www.ludwig-van.com\/montreal\/wp-content\/uploads\/sites\/3\/2025\/09\/Peter-Richard-300x169.png 300w, https:\/\/www.ludwig-van.com\/montreal\/wp-content\/uploads\/sites\/3\/2025\/09\/Peter-Richard-1024x575.png 1024w, https:\/\/www.ludwig-van.com\/montreal\/wp-content\/uploads\/sites\/3\/2025\/09\/Peter-Richard-768x431.png 768w\" sizes=\"(max-width: 1200px) 100vw, 1200px\" \/><\/p>\n<h3>Peter Richard Conte &#8211; <i>L\u2019Orgue fait son orchestre<\/i><\/h3>\n<p>Le Concours international d\u2019orgue du Canada se poursuit toujours, avec cette fois comme invit\u00e9 <b>Peter Richard Conte<\/b>. Cet organiste am\u00e9ricain a \u00e9t\u00e9 nomm\u00e9 Wanamaker Grand Court Organist en 1989, la quatri\u00e8me personne seulement \u00e0 obtenir ce titre depuis l\u2019inauguration de cet orgue en 1911. Reconnu mondialement pour sa facilit\u00e9 technique presque in\u00e9gal\u00e9e et pour son oreille remarquable pour les couleurs tonales, il pr\u00e9side l\u2019orgue fonctionnel le plus grand au monde, avec plus de 29 000 tuyaux. Peter Richard Conte interpr\u00e9tera des arrangements orchestraux sur le plus grand orgue \u00e0 tuyaux de Montr\u00e9al, celui de l\u2019\u00c9glise St. Andrew &amp; St. Paul.<\/p>\n<p>LE 4 OCTOBRE, 19 H 30, \u00c9GLISE ST. ANDREW &amp; ST. PAUL\u00a0 <a href=\"https:\/\/www.zeffy.com\/fr-CA\/ticketing\/peter-richard-conte-the-orchestral-organ\" target=\"_blank\" rel=\"noopener\">D\u00c9TAILS ET BILLETS<\/a><\/p>\n<h3><\/h3>\n<figure id=\"attachment_89874\" aria-describedby=\"caption-attachment-89874\" style=\"width: 1200px\" class=\"wp-caption aligncenter\"><img decoding=\"async\" loading=\"lazy\" class=\"size-full wp-image-89874\" src=\"https:\/\/www.ludwig-van.com\/montreal\/wp-content\/uploads\/sites\/3\/2025\/09\/MOSAIQUE-AUTOCHTONE-ST-GELAIS-MONTOUR-DERKSEN.png\" alt=\"\" width=\"1200\" height=\"564\" srcset=\"https:\/\/www.ludwig-van.com\/montreal\/wp-content\/uploads\/sites\/3\/2025\/09\/MOSAIQUE-AUTOCHTONE-ST-GELAIS-MONTOUR-DERKSEN.png 1200w, https:\/\/www.ludwig-van.com\/montreal\/wp-content\/uploads\/sites\/3\/2025\/09\/MOSAIQUE-AUTOCHTONE-ST-GELAIS-MONTOUR-DERKSEN-300x141.png 300w, https:\/\/www.ludwig-van.com\/montreal\/wp-content\/uploads\/sites\/3\/2025\/09\/MOSAIQUE-AUTOCHTONE-ST-GELAIS-MONTOUR-DERKSEN-1024x481.png 1024w, https:\/\/www.ludwig-van.com\/montreal\/wp-content\/uploads\/sites\/3\/2025\/09\/MOSAIQUE-AUTOCHTONE-ST-GELAIS-MONTOUR-DERKSEN-768x361.png 768w\" sizes=\"(max-width: 1200px) 100vw, 1200px\" \/><figcaption id=\"caption-attachment-89874\" class=\"wp-caption-text\">(Photo : courtoisie OCM)<\/figcaption><\/figure>\n<h3>OCM &#8211; Mosa\u00efque autochtone : St-Gelais, Montour et Derksen<\/h3>\n<p>L\u2019<b>Orchestre classique de Montr\u00e9al<\/b> a tenu compte dans sa programmation que son concert d\u2019ouverture tombait dans la semaine de la Journ\u00e9e nationale de la v\u00e9rit\u00e9 et de la r\u00e9conciliation. C\u2019est donc avec la soprano innue <b>\u00c9lisabeth St-Gelais<\/b>, la violoniste mohawk <b>Tara-Louise Montour<\/b> et la violoncelliste crie <b>Cris Derksen<\/b> qu\u2019il interpr\u00e9tera la <i>Symphonie no 41 <\/i>\u00abJupiter\u00bb de Mozart accompagn\u00e9e de projection visuelle de l\u2019artiste oneida <b>Alanah Jewell Morningstar<\/b>, <i>Spider Being<\/i> de Cris Derksen, des chansons de <b>Tomson Highway<\/b> ainsi qu\u2019un concerto pour violon de <b>Malcolm Forsyth<\/b>, command\u00e9 par <b>Tara-Louise Montour<\/b>.<\/p>\n<p>LE 5 OCTOBRE, 15 H, MAISON SYMPHONIQUE\u00a0<a href=\"https:\/\/orchestre.ca\/mosaique-autochtone-st-gelais-montour-derksen\/\" target=\"_blank\" rel=\"noopener\"> D\u00c9TAILS ET BILLETS<\/a><\/p>\n<p>&nbsp;<\/p>\n<p><img decoding=\"async\" loading=\"lazy\" class=\"aligncenter size-full wp-image-89875\" src=\"https:\/\/www.ludwig-van.com\/montreal\/wp-content\/uploads\/sites\/3\/2025\/09\/Elisabeth-Hubman.png\" alt=\"\" width=\"1200\" height=\"674\" srcset=\"https:\/\/www.ludwig-van.com\/montreal\/wp-content\/uploads\/sites\/3\/2025\/09\/Elisabeth-Hubman.png 1200w, https:\/\/www.ludwig-van.com\/montreal\/wp-content\/uploads\/sites\/3\/2025\/09\/Elisabeth-Hubman-300x169.png 300w, https:\/\/www.ludwig-van.com\/montreal\/wp-content\/uploads\/sites\/3\/2025\/09\/Elisabeth-Hubman-1024x575.png 1024w, https:\/\/www.ludwig-van.com\/montreal\/wp-content\/uploads\/sites\/3\/2025\/09\/Elisabeth-Hubman-768x431.png 768w\" sizes=\"(max-width: 1200px) 100vw, 1200px\" \/><\/p>\n<h3>Elisabeth Hubmann, orgue<\/h3>\n<p>L\u2019organiste autrichienne <b>Elisabeth Hubmann<\/b>, que vous avez \u00e9galement la chance d\u2019entendre en duo jeudi, est active dans les performances classiques et exp\u00e9rimentales, mais aime jouer un large r\u00e9pertoire allant de la musique ancienne \u00e0 la musique contemporaine. Elle a collabor\u00e9 \u00e0 diff\u00e9rents projets musicaux et de recherche, et collabore actuellement \u00e0 un projet de composition collaborative pour l&rsquo;Utopa (Hyper-)Organ \u00e0 Amsterdam.<\/p>\n<p>LE 5 OCTOBRE, 15 H, CHAPELLE DES PR\u00caTRES DE SAINT-SULPICE\u00a0 <a href=\"https:\/\/www.zeffy.com\/fr-CA\/ticketing\/elizabeth-hubmann-festival-des-couleurs-de-lorgue-francais\" target=\"_blank\" rel=\"noopener\">D\u00c9TAILS<\/a><\/p>\n<p>&nbsp;<\/p>\n<figure id=\"attachment_89741\" aria-describedby=\"caption-attachment-89741\" style=\"width: 1200px\" class=\"wp-caption aligncenter\"><img decoding=\"async\" loading=\"lazy\" class=\"size-full wp-image-89741\" src=\"https:\/\/www.ludwig-van.com\/montreal\/wp-content\/uploads\/sites\/3\/2025\/09\/Quentin-Guerillot_site-web-Oratoire-Saint-Joseph.png\" alt=\"Quentin Gu\u00e9rillot (Photo : courtoisie)\" width=\"1200\" height=\"673\" srcset=\"https:\/\/www.ludwig-van.com\/montreal\/wp-content\/uploads\/sites\/3\/2025\/09\/Quentin-Guerillot_site-web-Oratoire-Saint-Joseph.png 1200w, https:\/\/www.ludwig-van.com\/montreal\/wp-content\/uploads\/sites\/3\/2025\/09\/Quentin-Guerillot_site-web-Oratoire-Saint-Joseph-300x168.png 300w, https:\/\/www.ludwig-van.com\/montreal\/wp-content\/uploads\/sites\/3\/2025\/09\/Quentin-Guerillot_site-web-Oratoire-Saint-Joseph-1024x574.png 1024w, https:\/\/www.ludwig-van.com\/montreal\/wp-content\/uploads\/sites\/3\/2025\/09\/Quentin-Guerillot_site-web-Oratoire-Saint-Joseph-768x431.png 768w\" sizes=\"(max-width: 1200px) 100vw, 1200px\" \/><figcaption id=\"caption-attachment-89741\" class=\"wp-caption-text\">Quentin Gu\u00e9rillot (Photo : courtoisie)<\/figcaption><\/figure>\n<h3>Quentin Gu\u00e9rillot, orgue<\/h3>\n<p>L\u2019Oratoire St-Joseph du Mont-Royal re\u00e7oit le fran\u00e7ais <b>Quentin Gu\u00e9rillot<\/b>, le m\u00eame organiste que vous avez la possibilit\u00e9 d\u2019entendre jeudi en compagnie d\u2019Elisabeth Hubmann. Ce concert gratuit sera projet\u00e9 sur grand \u00e9cran, donnant la chance ainsi au public de non seulement \u00e9couter, mais \u00e9galement de regarder le musicien actionner les p\u00e9dalier, claviers et les tirants de jeux de la console.<\/p>\n<p>LE 5 OCTOBRE, 15 H 30, ORATOIRE ST-JOSEPH\u00a0 <a href=\"https:\/\/saint-joseph.org\/fr\/activite\/concert-dorgue-quentin-guerillot\/\" target=\"_blank\" rel=\"noopener\">D\u00c9TAILS<\/a><\/p>\n<h2><em>Inscrivez-vous \u00e0 notre infolettre! La musique classique et l\u2019op\u00e9ra en 5 minutes, chaque jour<\/em> <a href=\"https:\/\/ludwig-van.us9.list-manage.com\/subscribe?u=4f785cb3f9058f2393ccad035&amp;id=b9b160c032\" target=\"_blank\" rel=\"noopener noreferrer\">ICI<\/a>.<\/h2>\n","protected":false},"excerpt":{"rendered":"<p>Les amateurs\u00b7trices d\u2019orgue seront ravi\u00b7e\u00b7s de l\u2019offre musicale de la semaine puisque le Concours international d\u2019orgue du Canada pr\u00e9sente plusieurs concerts dans les prochains jours. Ce ne seront cependant les seuls \u00e0 remplir vos oreilles de beaut\u00e9! L\u2019Orchestre classique de Montr\u00e9al et No Hay Banda lancent leur saison, Voxpopuli entame un triptyque, l\u2019OSM s\u2019allie \u00e0 Salebarbes et l\u2019Op\u00e9ra de Montr\u00e9al poursuit ses pr\u00e9sentations de Don Giovanni. De quoi vous tenir occup\u00e9, et ce, d\u00e8s ce soir!<\/p>\n","protected":false},"author":1,"featured_media":89876,"comment_status":"open","ping_status":"open","sticky":false,"template":"","format":"standard","meta":{"om_disable_all_campaigns":false,"jetpack_post_was_ever_published":false},"categories":[42299,10994],"tags":[42300,11882],"yst_prominent_words":[9863,15006,12253,12250,12255,26052,27553,12252,26053,11696,13116],"acf":[],"jetpack_featured_media_url":"https:\/\/www.ludwig-van.com\/montreal\/wp-content\/uploads\/sites\/3\/2025\/09\/Copie-de-CONCERTS6.jpg","jetpack_sharing_enabled":true,"jetpack_shortlink":"https:\/\/wp.me\/p9bdYt-nnp","amp_enabled":true,"_links":{"self":[{"href":"https:\/\/www.ludwig-van.com\/montreal\/wp-json\/wp\/v2\/posts\/89863"}],"collection":[{"href":"https:\/\/www.ludwig-van.com\/montreal\/wp-json\/wp\/v2\/posts"}],"about":[{"href":"https:\/\/www.ludwig-van.com\/montreal\/wp-json\/wp\/v2\/types\/post"}],"author":[{"embeddable":true,"href":"https:\/\/www.ludwig-van.com\/montreal\/wp-json\/wp\/v2\/users\/1"}],"replies":[{"embeddable":true,"href":"https:\/\/www.ludwig-van.com\/montreal\/wp-json\/wp\/v2\/comments?post=89863"}],"version-history":[{"count":31,"href":"https:\/\/www.ludwig-van.com\/montreal\/wp-json\/wp\/v2\/posts\/89863\/revisions"}],"predecessor-version":[{"id":89916,"href":"https:\/\/www.ludwig-van.com\/montreal\/wp-json\/wp\/v2\/posts\/89863\/revisions\/89916"}],"wp:featuredmedia":[{"embeddable":true,"href":"https:\/\/www.ludwig-van.com\/montreal\/wp-json\/wp\/v2\/media\/89876"}],"wp:attachment":[{"href":"https:\/\/www.ludwig-van.com\/montreal\/wp-json\/wp\/v2\/media?parent=89863"}],"wp:term":[{"taxonomy":"category","embeddable":true,"href":"https:\/\/www.ludwig-van.com\/montreal\/wp-json\/wp\/v2\/categories?post=89863"},{"taxonomy":"post_tag","embeddable":true,"href":"https:\/\/www.ludwig-van.com\/montreal\/wp-json\/wp\/v2\/tags?post=89863"},{"taxonomy":"yst_prominent_words","embeddable":true,"href":"https:\/\/www.ludwig-van.com\/montreal\/wp-json\/wp\/v2\/yst_prominent_words?post=89863"}],"curies":[{"name":"wp","href":"https:\/\/api.w.org\/{rel}","templated":true}]}}