{"id":89783,"date":"2025-09-27T13:49:43","date_gmt":"2025-09-27T17:49:43","guid":{"rendered":"https:\/\/www.ludwig-van.com\/montreal\/?p=89783"},"modified":"2025-10-20T13:16:06","modified_gmt":"2025-10-20T17:16:06","slug":"critique-17","status":"publish","type":"post","link":"https:\/\/www.ludwig-van.com\/montreal\/2025\/09\/27\/critique-17\/","title":{"rendered":"CRITIQUE | Orchestre M\u00e9tropolitain : Une Troisi\u00e8me de Mahler qui gu\u00e9rit les maux de la Terre"},"content":{"rendered":"<figure id=\"attachment_89831\" aria-describedby=\"caption-attachment-89831\" style=\"width: 1200px\" class=\"wp-caption aligncenter\"><img decoding=\"async\" loading=\"lazy\" class=\"size-full wp-image-89831\" src=\"https:\/\/www.ludwig-van.com\/montreal\/wp-content\/uploads\/sites\/3\/2025\/09\/Copie-de-CRITIQUE4.jpg\" alt=\"Yannick N\u00e9zet-S\u00e9guin et l'Orchestre M\u00e9tropolitain. (Photo : Fran\u00e7ois Goupil)\" width=\"1200\" height=\"628\" srcset=\"https:\/\/www.ludwig-van.com\/montreal\/wp-content\/uploads\/sites\/3\/2025\/09\/Copie-de-CRITIQUE4.jpg 1200w, https:\/\/www.ludwig-van.com\/montreal\/wp-content\/uploads\/sites\/3\/2025\/09\/Copie-de-CRITIQUE4-300x157.jpg 300w, https:\/\/www.ludwig-van.com\/montreal\/wp-content\/uploads\/sites\/3\/2025\/09\/Copie-de-CRITIQUE4-1024x536.jpg 1024w, https:\/\/www.ludwig-van.com\/montreal\/wp-content\/uploads\/sites\/3\/2025\/09\/Copie-de-CRITIQUE4-768x402.jpg 768w\" sizes=\"(max-width: 1200px) 100vw, 1200px\" \/><figcaption id=\"caption-attachment-89831\" class=\"wp-caption-text\">Yannick N\u00e9zet-S\u00e9guin et l&rsquo;Orchestre M\u00e9tropolitain. (Photo : Fran\u00e7ois Goupil)<\/figcaption><\/figure>\n<p>C&rsquo;est devant une Maison symphonique remplie que l&rsquo;<strong>Orchestre M\u00e9tropolitain<\/strong> a lanc\u00e9 mardi soir dernier sa saison 2025-2026 avec une spectaculaire et \u00e9mouvante <em>Troisi\u00e8me<\/em> <em>symphonie<\/em> de Mahler, pr\u00e9c\u00e9d\u00e9e d&rsquo;une cr\u00e9ation du compositeur Pied-Noir <strong>Sonny-Ray Day Rider<\/strong>, <em>Eukaryotica.\u00a0<\/em>L&rsquo;orchestre dirig\u00e9 par <strong>Yannick N\u00e9zet-S\u00e9guin<\/strong> accueillait la mezzo-soprano <strong>Joyce DiDonato<\/strong> pour tenir la partie de soliste des derniers mouvements<\/p>\n<p>La symphonie a \u00e9t\u00e9 ex\u00e9cut\u00e9e avec une vari\u00e9t\u00e9 de coloris, une sinc\u00e9rit\u00e9 de sentiment et une justesse d&rsquo;ex\u00e9cution vraiment remarquables. L&rsquo;amour universel dont le dernier mouvement se veut l&rsquo;expression nous a r\u00e9ellement transport\u00e9s, r\u00e9alisant le souhait exprim\u00e9 au micro en d\u00e9but de concert par Fabienne Voisin, directrice g\u00e9n\u00e9rale de l&rsquo;OM, et Yannick N\u00e9zet-S\u00e9guin que la musique serve d&rsquo;antidote aux tensions soci\u00e9taires actuelles.<\/p>\n<p>Que nous concluerions la soir\u00e9e sur un tel nuage d&rsquo;\u00e9motion collective n&rsquo;\u00e9tait pas enti\u00e8rement \u00e9vident d\u00e8s le d\u00e9part. L&rsquo;impact confiant de l&rsquo;unisson des huit cors, aid\u00e9s par leur position devant le mur arri\u00e8re de la sc\u00e8ne, annon\u00e7ait certes le niveau \u00e9lev\u00e9 des richesses \u00e0 venir. Ces richesses ont cependant requis une certaine p\u00e9riode d&rsquo;adaptation avant que les diff\u00e9rentes sections de l&rsquo;orchestre ne s&rsquo;harmonisent enti\u00e8rement. Dans le premier mouvement, bien qu&rsquo;ex\u00e9cut\u00e9 avec pr\u00e9cision, la somme des parties n&rsquo;\u00e9tait encore parfois que le r\u00e9sultat d&rsquo;une juxtaposition d&rsquo;\u00e9l\u00e9ments unitaires, attendant que l&rsquo;alchimie ne s&rsquo;op\u00e8re. Une fois qu&rsquo;elle s&rsquo;est op\u00e9r\u00e9e, cependant, la transmutation a progress\u00e9 de fa\u00e7on exponentielle, nous menant jusqu&rsquo;\u00e0 des sommets de transport et de communion. Il y a eu dans le deuxi\u00e8me mouvement un temps de suspension, une respiration men\u00e9e de fa\u00e7on si symbiotique que les fronti\u00e8res individuelles s&rsquo;en sont trouv\u00e9es compl\u00e8tement effac\u00e9es.<\/p>\n<p>L&rsquo;ensemble des cuivres a jou\u00e9 avec finesse, variant les couleurs et ne misant jamais uniquement sur le volume sonore, m\u00eame dans les passages o\u00f9 les nuances fortes sont prescrites par le compositeur. Le solo de trombone du premier mouvement est rarement entendu avec cette expression de vuln\u00e9rabilit\u00e9 \u00e9mouvante que lui a donn\u00e9e <strong>Patrice Richer<\/strong>. De m\u00eame, les interventions hors sc\u00e8ne du Posthorn dans le troisi\u00e8me mouvement ont \u00e9t\u00e9 sculpt\u00e9es avec raffinement par <strong>Antoine Mailloux<\/strong>, premier trompettiste.<\/p>\n<p>Les bois n&rsquo;\u00e9taient pas en reste, autant en section que dans les solos. <strong>Jocelyne Roy<\/strong>, \u00e0 la position de premi\u00e8re fl\u00fbte, a men\u00e9 une section agrandie de fl\u00fbtes et de piccolos en diverses combinaisons d&rsquo;une homog\u00e9n\u00e9it\u00e9 d&rsquo;intonation et de timbre stup\u00e9fiante. Elle-m\u00eame a \u00e9t\u00e9 absolument remarquable tout le long. Sa toute derni\u00e8re entr\u00e9e solo \u00e9tait empreinte d&rsquo;une luminosit\u00e9 tendre et d\u00e9licate, dans laquelle s&rsquo;est ins\u00e9r\u00e9 sans heurt le piccolo de <strong>Caroline S\u00e9guin<\/strong>. Les \u00ab\u00a0sons de la nature\u00a0\u00bb confi\u00e9s au hautbois dans le quatri\u00e8me mouvement ont \u00e9t\u00e9 parfaitement r\u00e9alis\u00e9es par <strong>L\u00e9anne Teran-Paul<\/strong>.<\/p>\n<p>Je souligne les r\u00e9ussites de moments expos\u00e9s, mais la qualit\u00e9 m\u00e9morable de la prestation reposait sur l&rsquo;attention accord\u00e9e aux moindres d\u00e9tails, m\u00eame ceux qui passent ais\u00e9ment inaper\u00e7us : notons \u00e0 titre d&rsquo;exemple ce moment dans le dernier mouvement, soit \u00e0 la fin de la symphonie la plus longue du r\u00e9pertoire, o\u00f9 les bassons ont ex\u00e9cut\u00e9 une entr\u00e9e <em>pianissimo<\/em> absolument synchronis\u00e9e et en parfaite ad\u00e9quation avec la nuance des cordes.<\/p>\n<p>&nbsp;<\/p>\n<figure id=\"attachment_89833\" aria-describedby=\"caption-attachment-89833\" style=\"width: 1200px\" class=\"wp-caption aligncenter\"><img decoding=\"async\" loading=\"lazy\" class=\"size-full wp-image-89833\" src=\"https:\/\/www.ludwig-van.com\/montreal\/wp-content\/uploads\/sites\/3\/2025\/09\/Joyce-DiDonato_OM_Francois-Goupil.jpg\" alt=\"Joyce DiDonato entour\u00e9e de l'Orchestre M\u00e9tropolitain. (Photo : Fran\u00e7ois Goupil)\" width=\"1200\" height=\"847\" srcset=\"https:\/\/www.ludwig-van.com\/montreal\/wp-content\/uploads\/sites\/3\/2025\/09\/Joyce-DiDonato_OM_Francois-Goupil.jpg 1200w, https:\/\/www.ludwig-van.com\/montreal\/wp-content\/uploads\/sites\/3\/2025\/09\/Joyce-DiDonato_OM_Francois-Goupil-300x212.jpg 300w, https:\/\/www.ludwig-van.com\/montreal\/wp-content\/uploads\/sites\/3\/2025\/09\/Joyce-DiDonato_OM_Francois-Goupil-1024x723.jpg 1024w, https:\/\/www.ludwig-van.com\/montreal\/wp-content\/uploads\/sites\/3\/2025\/09\/Joyce-DiDonato_OM_Francois-Goupil-768x542.jpg 768w\" sizes=\"(max-width: 1200px) 100vw, 1200px\" \/><figcaption id=\"caption-attachment-89833\" class=\"wp-caption-text\">Joyce DiDonato entour\u00e9e de l&rsquo;Orchestre M\u00e9tropolitain. (Photo : Fran\u00e7ois Goupil)<\/figcaption><\/figure>\n<p>Parlant des cordes, les violoncelles et contrebasses ont amorc\u00e9 le quatri\u00e8me mouvement avec un <em>pianississimo<\/em> magique o\u00f9 chaque note restait parfaitement claire, cr\u00e9ant un \u00e9crin de douceur pour l&rsquo;entr\u00e9e de la mezzo soprano, qui s&rsquo;y est ins\u00e9r\u00e9e avec d\u00e9licatesse et sensibilit\u00e9. <strong>Joyce DiDonato<\/strong>, debout au sein de l&rsquo;orchestre, a livr\u00e9 une interpr\u00e9tation parfaite : le timbre vibrant de la voix, le contr\u00f4le des nuances, la clart\u00e9 et la compr\u00e9hension du texte, on \u00e9puiserait la banque d&rsquo;adjectifs superlatifs \u00e0 tenter de tout commenter.<\/p>\n<p>Les<strong> Petits Chanteurs du Mont-Royal<\/strong>, solides, n&rsquo;\u00e9taient malheureusement pas bien servis par leur place derri\u00e8re les femmes du <strong>Ch\u0153ur M\u00e9tropolitain<\/strong>, d&rsquo;o\u00f9 leurs \u00ab\u00a0Bimm! Bamm!\u00a0\u00bb sonnaient un peu mat. Il aurait mieux valu, je crois, accepter l&rsquo;asym\u00e9trie visuelle et les placer dans les rang\u00e9es c\u00f4t\u00e9 jardin, du m\u00eame c\u00f4t\u00e9 que les cloches tubulaires (plac\u00e9es un \u00e9tage plus haut) dont ils sont cens\u00e9s imiter les coups. Les femmes, occupant les premi\u00e8res rang\u00e9es du ch\u0153ur, ont chant\u00e9 avec la candeur appropri\u00e9e et un bel \u00e9quilibre des voix.<\/p>\n<h3><em>Eukaryotica<\/em><\/h3>\n<p>En accord avec la tradition instaur\u00e9e depuis quelques ann\u00e9es, l&rsquo;<strong>Orchestre M\u00e9tropolitain<\/strong> a lanc\u00e9 sa saison par une \u0153uvre d&rsquo;une personne membre des Premi\u00e8res Nations. Il s&rsquo;agissait cette fois d&rsquo;<em>Eukaryotica\u00a0<\/em>du compositeur Pied-Noir <strong>Sonny-Ray Day Rider<\/strong>, d\u00e9tenteur d&rsquo;une ma\u00eetrise en composition de l&rsquo;Universit\u00e9 Lethbridge en Alberta. Pour cette \u0153uvre, le compositeur s&rsquo;est inspir\u00e9 du processus de multiplication des cellules eucaryotes. La pi\u00e8ce emploie un motif descendant de quatre notes dont les versions en valeurs longues et courtes se superposent et s&rsquo;enchev\u00eatrent. De facture simple, elle a fait bon effet et \u00e9t\u00e9 accueillie chaleureusement par le public debout.<\/p>\n<h2><em>Inscrivez-vous \u00e0 notre infolettre! La musique classique et l\u2019op\u00e9ra en 5 minutes, chaque jour<\/em> <a href=\"https:\/\/ludwig-van.us9.list-manage.com\/subscribe?u=4f785cb3f9058f2393ccad035&amp;id=b9b160c032\" target=\"_blank\" rel=\"noopener noreferrer\">ICI<\/a>.<\/h2>\n","protected":false},"excerpt":{"rendered":"<p>C&rsquo;est devant une Maison symphonique remplie que l&rsquo;Orchestre M\u00e9tropolitain a lanc\u00e9 mardi soir dernier sa saison 2025-2026 avec une spectaculaire et \u00e9mouvante Troisi\u00e8me symphonie de Mahler, pr\u00e9c\u00e9d\u00e9e d&rsquo;une cr\u00e9ation du compositeur Pied-Noir Sonny-Ray Day Rider, Eukaryotica.\u00a0L&rsquo;orchestre dirig\u00e9 par Yannick N\u00e9zet-S\u00e9guin accueillait la mezzo-soprano Joyce DiDonato pour tenir la partie de soliste des derniers mouvements<\/p>\n","protected":false},"author":55,"featured_media":89831,"comment_status":"open","ping_status":"open","sticky":false,"template":"","format":"standard","meta":{"om_disable_all_campaigns":false,"jetpack_post_was_ever_published":false},"categories":[42299,52],"tags":[42300,2521],"yst_prominent_words":[15501,15810,9836,11275,11452,36781,21749,15325,24878,9848],"acf":[],"jetpack_featured_media_url":"https:\/\/www.ludwig-van.com\/montreal\/wp-content\/uploads\/sites\/3\/2025\/09\/Copie-de-CRITIQUE4.jpg","jetpack_sharing_enabled":true,"jetpack_shortlink":"https:\/\/wp.me\/p9bdYt-nm7","amp_enabled":true,"_links":{"self":[{"href":"https:\/\/www.ludwig-van.com\/montreal\/wp-json\/wp\/v2\/posts\/89783"}],"collection":[{"href":"https:\/\/www.ludwig-van.com\/montreal\/wp-json\/wp\/v2\/posts"}],"about":[{"href":"https:\/\/www.ludwig-van.com\/montreal\/wp-json\/wp\/v2\/types\/post"}],"author":[{"embeddable":true,"href":"https:\/\/www.ludwig-van.com\/montreal\/wp-json\/wp\/v2\/users\/55"}],"replies":[{"embeddable":true,"href":"https:\/\/www.ludwig-van.com\/montreal\/wp-json\/wp\/v2\/comments?post=89783"}],"version-history":[{"count":9,"href":"https:\/\/www.ludwig-van.com\/montreal\/wp-json\/wp\/v2\/posts\/89783\/revisions"}],"predecessor-version":[{"id":90176,"href":"https:\/\/www.ludwig-van.com\/montreal\/wp-json\/wp\/v2\/posts\/89783\/revisions\/90176"}],"wp:featuredmedia":[{"embeddable":true,"href":"https:\/\/www.ludwig-van.com\/montreal\/wp-json\/wp\/v2\/media\/89831"}],"wp:attachment":[{"href":"https:\/\/www.ludwig-van.com\/montreal\/wp-json\/wp\/v2\/media?parent=89783"}],"wp:term":[{"taxonomy":"category","embeddable":true,"href":"https:\/\/www.ludwig-van.com\/montreal\/wp-json\/wp\/v2\/categories?post=89783"},{"taxonomy":"post_tag","embeddable":true,"href":"https:\/\/www.ludwig-van.com\/montreal\/wp-json\/wp\/v2\/tags?post=89783"},{"taxonomy":"yst_prominent_words","embeddable":true,"href":"https:\/\/www.ludwig-van.com\/montreal\/wp-json\/wp\/v2\/yst_prominent_words?post=89783"}],"curies":[{"name":"wp","href":"https:\/\/api.w.org\/{rel}","templated":true}]}}