{"id":89747,"date":"2025-09-22T16:31:50","date_gmt":"2025-09-22T20:31:50","guid":{"rendered":"https:\/\/www.ludwig-van.com\/montreal\/?p=89747"},"modified":"2025-09-25T02:00:03","modified_gmt":"2025-09-25T06:00:03","slug":"communaute-larc-ensemble-fait-decouvrir-des-oeuvres-oublies-la-salle-bourgie","status":"publish","type":"post","link":"https:\/\/www.ludwig-van.com\/montreal\/2025\/09\/22\/communaute-larc-ensemble-fait-decouvrir-des-oeuvres-oublies-la-salle-bourgie\/","title":{"rendered":"COMMUNAUT\u00c9 | L&rsquo;ARC Ensemble fait d\u00e9couvrir des oeuvres oubli\u00e9es \u00e0 la Salle Bourgie"},"content":{"rendered":"<figure id=\"attachment_89748\" aria-describedby=\"caption-attachment-89748\" style=\"width: 1200px\" class=\"wp-caption aligncenter\"><img decoding=\"async\" loading=\"lazy\" class=\"size-full wp-image-89748\" src=\"https:\/\/www.ludwig-van.com\/montreal\/wp-content\/uploads\/sites\/3\/2025\/09\/Copie-de-NOUVELLE6.jpg\" alt=\"ARC Ensemble (Photo : Same Gaetz)\" width=\"1200\" height=\"628\" srcset=\"https:\/\/www.ludwig-van.com\/montreal\/wp-content\/uploads\/sites\/3\/2025\/09\/Copie-de-NOUVELLE6.jpg 1200w, https:\/\/www.ludwig-van.com\/montreal\/wp-content\/uploads\/sites\/3\/2025\/09\/Copie-de-NOUVELLE6-300x157.jpg 300w, https:\/\/www.ludwig-van.com\/montreal\/wp-content\/uploads\/sites\/3\/2025\/09\/Copie-de-NOUVELLE6-1024x536.jpg 1024w, https:\/\/www.ludwig-van.com\/montreal\/wp-content\/uploads\/sites\/3\/2025\/09\/Copie-de-NOUVELLE6-768x402.jpg 768w\" sizes=\"(max-width: 1200px) 100vw, 1200px\" \/><figcaption id=\"caption-attachment-89748\" class=\"wp-caption-text\">ARC Ensemble (Photo : Same Gaetz)<\/figcaption><\/figure>\n<h1 style=\"text-align: center\"><del>Un message de la Salle Bourgie<\/del><\/h1>\n<p>La Salle Bourgie pr\u00e9sente <a href=\"https:\/\/www.mbam.qc.ca\/fr\/activites\/arc-ensemble-toronto\/\">Chefs-d\u2019\u0153uvre post-romantiques : ARC Ensemble (Toronto)<\/a>, un programme de musique de chambre mettant la clarinette \u00e0 l\u2019honneur, le mercredi 8 octobre 2025 \u00e0 19 h 30. Nous avons pos\u00e9 cinq questions \u00e0 <strong>Simon Wynberg<\/strong>, directeur artistique de l\u2019ARC Ensemble.<\/p>\n<p><em>Ce programme pr\u00e9sente des compositeurs exil\u00e9s ou marginalis\u00e9s pendant l\u2019\u00e8re nazie. Pouvez-vous nous parler de leur parcours et de la mani\u00e8re dont leur musique en refl\u00e8te l\u2019impact?<\/em><\/p>\n<p>SW : Chaque compositeur exil\u00e9 a une histoire diff\u00e9rente. Leur parcours et leur personnalit\u00e9 ont jou\u00e9 un r\u00f4le dans la fa\u00e7on dont ils ont affront\u00e9 les d\u00e9fis de l\u2019exil. Dans le cas de Walter Kaufmann, son exil \u00e0 Bombay a non seulement sauv\u00e9 sa vie, mais lui a aussi offert une source d\u2019inspiration et de recherche. De m\u00eame, Paul Ben-Haim s\u2019est nourri des accents et des traditions locales, qu\u2019il a int\u00e9gr\u00e9s dans un style m\u00e9diterran\u00e9en qui est devenu caract\u00e9ristique de sa musique. Malheureusement, Frederick Block a eu beaucoup de mal \u00e0 s\u2019adapter \u00e0 son nouvel environnement \u00e0 New York. Bien qu\u2019il ait r\u00e9ussi \u00e0 trouver un emploi comme arrangeur, sa carri\u00e8re de compositeur de musique de concert a \u00e9t\u00e9 mise \u00e0 mal. Korngold, en revanche, a trouv\u00e9 un r\u00f4le \u00e9panouissant en composant de la musique pour le cin\u00e9ma.<\/p>\n<p><em>Comment avez-vous choisi ces \u0153uvres et quel fil conducteur les relie?<\/em><\/p>\n<p>SW : Nos programmes penchent en g\u00e9n\u00e9ral vers l\u2019inconnu; la plupart des \u0153uvres que nous pr\u00e9sentons sont le fruit de recherches et de red\u00e9couvertes. Certaines \u0153uvres demandent plus d\u2019attention et je trouve important de ne pas saturer l\u2019\u00e9coute. J\u2019aime aussi beaucoup varier les textures sonores, Cela me permet d\u2019inclure, selon le contexte, un duo de violons, un quintette avec clarinette, un quatuor \u00e0 cordes ou m\u00eame un solo instrumental \u2013 Ce qui est fascinant dans ce r\u00e9pertoire, c\u2019est que beaucoup de ces \u0153uvres, bien qu\u2019\u00e9crites dans les deux premiers tiers du XXe si\u00e8cle, restent profond\u00e9ment enracin\u00e9es dans un langage musical traditionnel.<\/p>\n<p><em>Qu\u2019est-ce qui guide l\u2019ARC Ensemble dans la red\u00e9couverte de musiques oubli\u00e9es, et quel en est l\u2019impact sur le public?<\/em><\/p>\n<p>SW : Je suis \u00e0 peu pr\u00e8s certain que la plupart de ces compositeurs seraient absolument stup\u00e9faits de voir \u00e0 quel point leurs \u0153uvres sont programm\u00e9es aujourd\u2019hui. Ils auraient trouv\u00e9 \u00e9trange que le monde puisse conna\u00eetre leurs \u0153uvres avec un tel degr\u00e9 d\u2019intimit\u00e9. Pour moi, une \u0153uvre inconnue offre la possibilit\u00e9 d\u2019un voyage in\u00e9dit. L\u2019interpr\u00e9tation d\u2019une \u0153uvre canonique est une exp\u00e9rience d\u2019un tout autre ordre : l\u2019auditeur en conna\u00eet d\u00e9j\u00e0 le parcours, et on l\u2019invite, en quelque sorte, \u00e0 comparer ce qu\u2019il entend \u00e0 ses souvenirs ou \u00e0 d\u2019autres versions de la m\u00eame pi\u00e8ce. Il existe \u00e9norm\u00e9ment de musique fascinante datant du si\u00e8cle dernier, et il est tr\u00e8s clair que ces exil\u00e9s d\u2019un talent extraordinaire, parfaitement form\u00e9s, qui ont fui l\u2019Europe, m\u00e9ritent toute notre attention. Gr\u00e2ce au lien que l\u2019ARC Ensemble entretient avec le Royal Conservatory \u00e0 Toronto, nous pouvons associer des \u00e9tudiants et des coll\u00e8gues \u00e0 nos projets dans le monde entier. Il y a \u00e0 peine quelques semaines, six \u0153uvres de musique de chambre de Walter Kaufmann ont \u00e9t\u00e9 publi\u00e9es, et certaines de ses pi\u00e8ces orchestrales ont d\u00e9sormais \u00e9t\u00e9 enregistr\u00e9es et jou\u00e9es. Je suis toujours ravi lorsque nous parvenons \u00e0 allumer une \u00e9tincelle qui d\u00e9clenche un regain d\u2019int\u00e9r\u00eat.<\/p>\n<p><em>SW : Korngold est c\u00e9l\u00e8bre pour sa carri\u00e8re \u00e0 Hollywood, comment son Quintette avec piano t\u00e9moigne-t-il de ses racines europ\u00e9ennes avant l\u2019exil?<\/em><\/p>\n<p>Le quintette date de 1921, \u00e0 une \u00e9poque o\u00f9 Korngold \u00e9tait dans la vingtaine, mais son talent est d\u00e9j\u00e0 aussi \u00e9vident que dans son Trio avec piano, \u00e9crit \u00e0 l\u2019adolescence, ou dans les partitions orchestrales qu\u2019il composera plus tard \u00e0 Hollywood. Son g\u00e9nie r\u00e9side dans sa capacit\u00e9 \u00e0 \u00e9voquer et \u00e0 accompagner le visuel par le son, et on per\u00e7oit d\u00e9j\u00e0 ce potentiel dans sa musique, bien avant l\u2019arriv\u00e9e du cin\u00e9ma parlant.<\/p>\n<p><em>SW : Que souhaitez-vous que le public retienne, musicalement et historiquement, de ces chefs-d\u2019\u0153uvre post-romantiques?<\/em><\/p>\n<p>Mon ambition principale est que le public se sente impliqu\u00e9 et qu\u2019il ait une forme de r\u00e9action \u00e9motionnelle. Demander davantage serait peut-\u00eatre trop, mais \u00e9veiller la curiosit\u00e9 des auditeurs et \u00e9largir leur exp\u00e9rience musicale est au c\u0153ur du travail de l\u2019Arc Ensemble. Au final, l\u2019\u0153uvre doit pouvoir exister par elle-m\u00eame, ind\u00e9pendamment de l\u2019histoire du compositeur ou du contexte culturel. Par exemple, les \u0153uvres de compositeurs juifs assassin\u00e9s pendant la Seconde Guerre mondiale sont aujourd\u2019hui rarement jou\u00e9es en dehors des \u00e9v\u00e9nements comm\u00e9moratifs, alors que la musique ne contient aucune r\u00e9f\u00e9rence li\u00e9e aux circonstances de leur mort.<\/p>\n<h3>Un rendez-vous musical \u00e0 ne pas manquer<\/h3>\n<p>Chefs-d&rsquo;\u0153uvre post-romantiques : ARC Ensemble en concert \u00e0 la Salle Bourgie le <a href=\"https:\/\/www.mbam.qc.ca\/fr\/activites\/arc-ensemble-toronto\/\">8 octobre \u00e0 19h30<\/a>.<\/p>\n<p>Pour plus d\u2019informations et pour d\u00e9couvrir les autres s\u00e9ries musicales de la Salle Bourgie, rendez-vous sur <a href=\"http:\/\/sallebourgie.ca\/\">sallebourgie.ca<\/a><\/p>\n<p>Des billets unitaires sont disponibles \u00e0 partir de 10 $.<\/p>\n<p>Abonnez-vous! Faites des \u00e9conomies en assistant \u00e0 plusieurs concerts :<\/p>\n<p>ABO 3+ : 20 % de r\u00e9duction \u00e0 l\u2019achat de 3 ou 4 concerts<br \/>\nABO 5+ : 25 % de r\u00e9duction \u00e0 l\u2019achat de 5 ou 6 concerts<br \/>\nABO 7+ : 30 % de r\u00e9duction \u00e0 l\u2019achat de 7 concerts ou plus<\/p>\n<p><em>La publication de cet article est un service offert \u00e0 nos membres. Pour en savoir plus sur nos forfaits membres, veuillez \u00e9crire \u00e0 <a href=\"mailto:beatrice@ludwig-van.com\">beatrice@ludwig-van.com<\/a>.<\/em><\/p>\n<h2><em>Inscrivez-vous \u00e0 notre infolettre! La musique classique et l\u2019op\u00e9ra en 5 minutes, chaque jour<\/em> <a href=\"https:\/\/ludwig-van.us9.list-manage.com\/subscribe?u=4f785cb3f9058f2393ccad035&amp;id=b9b160c032\" target=\"_blank\" rel=\"noopener noreferrer\">ICI<\/a>.<\/h2>\n","protected":false},"excerpt":{"rendered":"<p>La Salle Bourgie pr\u00e9sente \u00ab\u00a0Chefs-d\u2019\u0153uvre post-romantiques : ARC Ensemble (Toronto)\u00a0\u00bb, un programme de musique de chambre mettant la clarinette \u00e0 l\u2019honneur, le mercredi 8 octobre 2025 \u00e0 19 h 30. Nous avons pos\u00e9 cinq questions \u00e0 Simon Wynberg, directeur artistique de l\u2019ARC Ensemble.<\/p>\n","protected":false},"author":1,"featured_media":89748,"comment_status":"open","ping_status":"open","sticky":false,"template":"","format":"standard","meta":{"om_disable_all_campaigns":false,"jetpack_post_was_ever_published":false},"categories":[42299,13504],"tags":[42300,11137],"yst_prominent_words":[11328,9943,7312,9811,12698,10497,9841,10710,9956],"acf":[],"jetpack_featured_media_url":"https:\/\/www.ludwig-van.com\/montreal\/wp-content\/uploads\/sites\/3\/2025\/09\/Copie-de-NOUVELLE6.jpg","jetpack_sharing_enabled":true,"jetpack_shortlink":"https:\/\/wp.me\/p9bdYt-nlx","amp_enabled":true,"_links":{"self":[{"href":"https:\/\/www.ludwig-van.com\/montreal\/wp-json\/wp\/v2\/posts\/89747"}],"collection":[{"href":"https:\/\/www.ludwig-van.com\/montreal\/wp-json\/wp\/v2\/posts"}],"about":[{"href":"https:\/\/www.ludwig-van.com\/montreal\/wp-json\/wp\/v2\/types\/post"}],"author":[{"embeddable":true,"href":"https:\/\/www.ludwig-van.com\/montreal\/wp-json\/wp\/v2\/users\/1"}],"replies":[{"embeddable":true,"href":"https:\/\/www.ludwig-van.com\/montreal\/wp-json\/wp\/v2\/comments?post=89747"}],"version-history":[{"count":27,"href":"https:\/\/www.ludwig-van.com\/montreal\/wp-json\/wp\/v2\/posts\/89747\/revisions"}],"predecessor-version":[{"id":89797,"href":"https:\/\/www.ludwig-van.com\/montreal\/wp-json\/wp\/v2\/posts\/89747\/revisions\/89797"}],"wp:featuredmedia":[{"embeddable":true,"href":"https:\/\/www.ludwig-van.com\/montreal\/wp-json\/wp\/v2\/media\/89748"}],"wp:attachment":[{"href":"https:\/\/www.ludwig-van.com\/montreal\/wp-json\/wp\/v2\/media?parent=89747"}],"wp:term":[{"taxonomy":"category","embeddable":true,"href":"https:\/\/www.ludwig-van.com\/montreal\/wp-json\/wp\/v2\/categories?post=89747"},{"taxonomy":"post_tag","embeddable":true,"href":"https:\/\/www.ludwig-van.com\/montreal\/wp-json\/wp\/v2\/tags?post=89747"},{"taxonomy":"yst_prominent_words","embeddable":true,"href":"https:\/\/www.ludwig-van.com\/montreal\/wp-json\/wp\/v2\/yst_prominent_words?post=89747"}],"curies":[{"name":"wp","href":"https:\/\/api.w.org\/{rel}","templated":true}]}}