{"id":89735,"date":"2025-09-22T15:03:59","date_gmt":"2025-09-22T19:03:59","guid":{"rendered":"https:\/\/www.ludwig-van.com\/montreal\/?p=89735"},"modified":"2025-09-23T14:30:02","modified_gmt":"2025-09-23T18:30:02","slug":"choix-de-la-redaction-34","status":"publish","type":"post","link":"https:\/\/www.ludwig-van.com\/montreal\/2025\/09\/22\/choix-de-la-redaction-34\/","title":{"rendered":"CHOIX DE LA R\u00c9DACTION | L&rsquo;automne, saison des couleurs &#8211; et des sons!"},"content":{"rendered":"<figure id=\"attachment_89745\" aria-describedby=\"caption-attachment-89745\" style=\"width: 1200px\" class=\"wp-caption aligncenter\"><img decoding=\"async\" loading=\"lazy\" class=\"size-full wp-image-89745\" src=\"https:\/\/www.ludwig-van.com\/montreal\/wp-content\/uploads\/sites\/3\/2025\/09\/Copie-de-CONCERTS5.jpg\" alt=\"Affiche Don Giovanni (courtoisie Op\u00e9ra de Montr\u00e9al); Isidore Quartet (Photo : Jixiang Chen); Rachel Fenlon (Photo : Clara Evens) \" width=\"1200\" height=\"628\" srcset=\"https:\/\/www.ludwig-van.com\/montreal\/wp-content\/uploads\/sites\/3\/2025\/09\/Copie-de-CONCERTS5.jpg 1200w, https:\/\/www.ludwig-van.com\/montreal\/wp-content\/uploads\/sites\/3\/2025\/09\/Copie-de-CONCERTS5-300x157.jpg 300w, https:\/\/www.ludwig-van.com\/montreal\/wp-content\/uploads\/sites\/3\/2025\/09\/Copie-de-CONCERTS5-1024x536.jpg 1024w, https:\/\/www.ludwig-van.com\/montreal\/wp-content\/uploads\/sites\/3\/2025\/09\/Copie-de-CONCERTS5-768x402.jpg 768w\" sizes=\"(max-width: 1200px) 100vw, 1200px\" \/><figcaption id=\"caption-attachment-89745\" class=\"wp-caption-text\">Affiche Don Giovanni (courtoisie Op\u00e9ra de Montr\u00e9al); Isidore Quartet (Photo : Jixiang Chen); Rachel Fenlon (Photo : Clara Evens)<\/figcaption><\/figure>\n<p>Tout comme les couleurs de l\u2019automne qui font peu \u00e0 peu leur apparition, les concerts et \u00e9v\u00e9nements musicaux prennent de semaine en semaine plus de place dans le d\u00e9cor culturel. Lentement, mais s\u00fbrement, votre calendrier se remplira de sorties musicales, alors que les arbres eux, se videront de leurs feuilles. Oh, mais ne paniquez pas, il reste encore de magnifiques journ\u00e9es color\u00e9es avant ce jour fatidique o\u00f9 la neige couvrira le sol pour la premi\u00e8re fois! Vous pouvez encore porter vos souliers pour aller entendre vos artistes pr\u00e9f\u00e9r\u00e9\u00b7e\u00b7s!<\/p>\n<p>&nbsp;<\/p>\n<figure id=\"attachment_89736\" aria-describedby=\"caption-attachment-89736\" style=\"width: 1200px\" class=\"wp-caption aligncenter\"><img decoding=\"async\" loading=\"lazy\" class=\"size-full wp-image-89736\" src=\"https:\/\/www.ludwig-van.com\/montreal\/wp-content\/uploads\/sites\/3\/2025\/09\/Les-veilleuses_Bourgie.png\" alt=\"Les veilleuses (Photo : site web salle Bourgie)\" width=\"1200\" height=\"742\" srcset=\"https:\/\/www.ludwig-van.com\/montreal\/wp-content\/uploads\/sites\/3\/2025\/09\/Les-veilleuses_Bourgie.png 1200w, https:\/\/www.ludwig-van.com\/montreal\/wp-content\/uploads\/sites\/3\/2025\/09\/Les-veilleuses_Bourgie-300x186.png 300w, https:\/\/www.ludwig-van.com\/montreal\/wp-content\/uploads\/sites\/3\/2025\/09\/Les-veilleuses_Bourgie-1024x633.png 1024w, https:\/\/www.ludwig-van.com\/montreal\/wp-content\/uploads\/sites\/3\/2025\/09\/Les-veilleuses_Bourgie-768x475.png 768w\" sizes=\"(max-width: 1200px) 100vw, 1200px\" \/><figcaption id=\"caption-attachment-89736\" class=\"wp-caption-text\">Les veilleuses (Photo : site web salle Bourgie)<\/figcaption><\/figure>\n<h3><i>Les Veilleuses<\/i><\/h3>\n<p>La Salle Bourgie lance sa saison 2025-2026 avec une repr\u00e9sentation musique-danse sur le th\u00e8me de l\u2019empathie. La cr\u00e9ation conjointe de <b>Simon Renaud<\/b> \u00e0 la chor\u00e9graphie et de <b>Romain<\/b> <b>Camiolo<\/b> \u00e0 la musique sera interpr\u00e9t\u00e9e par neuf interpr\u00e8tes f\u00e9minines &#8211; trois danseuses et six chanteuses &#8211; qui dialogueront lors de six tableaux cr\u00e9ant ainsi une \u0153uvre forte et radicale.<\/p>\n<p>LE 24 SEPTEMBRE, 19 H 30, SALLE BOURGIE\u00a0 D\u00c9TAILS ET BILLETS<\/p>\n<p>&nbsp;<\/p>\n<figure id=\"attachment_82298\" aria-describedby=\"caption-attachment-82298\" style=\"width: 1200px\" class=\"wp-caption aligncenter\"><img decoding=\"async\" loading=\"lazy\" class=\"size-full wp-image-82298\" src=\"https:\/\/www.ludwig-van.com\/montreal\/wp-content\/uploads\/sites\/3\/2024\/06\/James-Ehnes-28-April-2018-Ben-Ealovega.jpg\" alt=\"Le violoniste James Ehnes participera \u00e0 trois concerts du Festival de musique de chambre de Montr\u00e9al la fin de semaine prochaine. (Photo : Ben Ealovega)\" width=\"1200\" height=\"800\" srcset=\"https:\/\/www.ludwig-van.com\/montreal\/wp-content\/uploads\/sites\/3\/2024\/06\/James-Ehnes-28-April-2018-Ben-Ealovega.jpg 1200w, https:\/\/www.ludwig-van.com\/montreal\/wp-content\/uploads\/sites\/3\/2024\/06\/James-Ehnes-28-April-2018-Ben-Ealovega-300x200.jpg 300w, https:\/\/www.ludwig-van.com\/montreal\/wp-content\/uploads\/sites\/3\/2024\/06\/James-Ehnes-28-April-2018-Ben-Ealovega-1024x683.jpg 1024w, https:\/\/www.ludwig-van.com\/montreal\/wp-content\/uploads\/sites\/3\/2024\/06\/James-Ehnes-28-April-2018-Ben-Ealovega-768x512.jpg 768w\" sizes=\"(max-width: 1200px) 100vw, 1200px\" \/><figcaption id=\"caption-attachment-82298\" class=\"wp-caption-text\">Le violoniste James Ehnes (Photo : Ben Ealovega)<\/figcaption><\/figure>\n<h3>OSM &#8211; <i>Brahms &amp; Dvo\u0159\u00e1k : splendeur du romantisme<\/i><\/h3>\n<p>Lors de ce deuxi\u00e8me programme de la saison, l\u2019<b>Orchestre symphonique de Montr\u00e9al<\/b>, dirig\u00e9 par <b>Tom\u00e1\u0161 Netopil<\/b>, pr\u00e9sentera d\u2019abord <i>Aino, <\/i>une \u0153uvre de <b>Jimmy L\u00f3pez<\/b>, son compositeur en r\u00e9sidence. Par la suite, l\u2019Orchestre interpr\u00e9tera le <i>Concerto pour violon<\/i> de Brahms avec le violoniste <b>James Ehnes<\/b> en tant que soliste. Finalement, la repr\u00e9sentation se conclura par la <i>Symphonie no 6<\/i> de Dvo\u0159\u00e1k. C\u2019est donc un moment tout en po\u00e9sie qui vous attend lors de ces repr\u00e9sentations.<\/p>\n<p>LE 25 SEPTEMBRE, 19 H 30 ET LE 27 SEPTEMBRE, 14 H 30, MAISON SYMPHONIQUE\u00a0 <a href=\"https:\/\/www.osm.ca\/fr\/concert\/brahms-dvorak-splendeur-du-romantisme\/?date=2025-09-25+19:30:00\" target=\"_blank\" rel=\"noopener\">D\u00c9TAILS ET BILLETS<\/a><\/p>\n<p>&nbsp;<\/p>\n<p><img decoding=\"async\" loading=\"lazy\" class=\"aligncenter size-full wp-image-89739\" src=\"https:\/\/www.ludwig-van.com\/montreal\/wp-content\/uploads\/sites\/3\/2025\/09\/Le-tisseur-de-vent_Boreades-2025-2026.png\" alt=\"\" width=\"1200\" height=\"487\" srcset=\"https:\/\/www.ludwig-van.com\/montreal\/wp-content\/uploads\/sites\/3\/2025\/09\/Le-tisseur-de-vent_Boreades-2025-2026.png 1200w, https:\/\/www.ludwig-van.com\/montreal\/wp-content\/uploads\/sites\/3\/2025\/09\/Le-tisseur-de-vent_Boreades-2025-2026-300x122.png 300w, https:\/\/www.ludwig-van.com\/montreal\/wp-content\/uploads\/sites\/3\/2025\/09\/Le-tisseur-de-vent_Boreades-2025-2026-1024x416.png 1024w, https:\/\/www.ludwig-van.com\/montreal\/wp-content\/uploads\/sites\/3\/2025\/09\/Le-tisseur-de-vent_Boreades-2025-2026-768x312.png 768w\" sizes=\"(max-width: 1200px) 100vw, 1200px\" \/><\/p>\n<h3>Les Bor\u00e9ades &#8211; <i>Le tisseur de vent<\/i><\/h3>\n<p>L\u2019ensemble <b>Les Bor\u00e9ades<\/b> pr\u00e9sente cette saison des s\u00e9ries inspir\u00e9es du vocable culinaire, soit les s\u00e9ries Ratatouille, Minestrone, Fish &amp; Chips, Strudel, Banquet et Mignardises. La saison s\u2019ouvre avec un concert de cette derni\u00e8re qui se veut, tout comme les petites bouch\u00e9es sucr\u00e9es du m\u00eame nom, un dessert musical o\u00f9 le programme est compos\u00e9 de pi\u00e8ces \u00e0 la carte choisies par l\u2019interpr\u00e8te vedette de la soir\u00e9e. Lors de la repr\u00e9sentation de cette semaine, ce sera <b>Francis Colpron<\/b>, fl\u00fbtiste et fondateur de l\u2019ensemble, qui vous invitera \u00e0 d\u00e9couvrir son univers, ce qui a fait de lui le musicien qu\u2019il est aujourd\u2019hui.<\/p>\n<p>LE 25 SEPTEMBRE, 19 H 30, AUDITORIUM DES ARCHIVES NATIONALES\u00a0 <a href=\"https:\/\/www.boreades.com\/saison-2025-2026\/le-tisseur-de-vent\/\" target=\"_blank\" rel=\"noopener\">D\u00c9TAILS ET BILLETS<\/a><\/p>\n<p>&nbsp;<\/p>\n<figure id=\"attachment_84179\" aria-describedby=\"caption-attachment-84179\" style=\"width: 1024px\" class=\"wp-caption aligncenter\"><img decoding=\"async\" loading=\"lazy\" class=\"size-full wp-image-84179\" src=\"https:\/\/www.ludwig-van.com\/montreal\/wp-content\/uploads\/sites\/3\/2024\/10\/Rachel-Fenlon-\u00a9-Clara-Evens-12-1-1024x683-1.jpg\" alt=\"\" width=\"1024\" height=\"683\" srcset=\"https:\/\/www.ludwig-van.com\/montreal\/wp-content\/uploads\/sites\/3\/2024\/10\/Rachel-Fenlon-\u00a9-Clara-Evens-12-1-1024x683-1.jpg 1024w, https:\/\/www.ludwig-van.com\/montreal\/wp-content\/uploads\/sites\/3\/2024\/10\/Rachel-Fenlon-\u00a9-Clara-Evens-12-1-1024x683-1-300x200.jpg 300w, https:\/\/www.ludwig-van.com\/montreal\/wp-content\/uploads\/sites\/3\/2024\/10\/Rachel-Fenlon-\u00a9-Clara-Evens-12-1-1024x683-1-768x512.jpg 768w\" sizes=\"(max-width: 1024px) 100vw, 1024px\" \/><figcaption id=\"caption-attachment-84179\" class=\"wp-caption-text\">Rachel Fenlon. (Photo : Clara Evens)<\/figcaption><\/figure>\n<h3>Rachel Fenlon &#8211; <i>Map of You<\/i> de Daniel Janke<\/h3>\n<p>La multitalentueuse soprano, pianiste et compositrice <b>Rachel Fenlon<\/b> vous invite \u00e0 son lancement de disque intitul\u00e9 <i>Map of You<\/i> compos\u00e9 par <b>Daniel Janke<\/b>. Cet \u00e9v\u00e9nement gratuit et ouvert \u00e0 tous\u00b7tes est l\u2019occasion parfaite d\u2019entendre la musicienne interpr\u00e9ter des \u0153uvres qui tissent de fa\u00e7on captivante des liens entre la musique classique et la musique folk.<\/p>\n<p>LE 26 SEPTEMBRE, 17 H, CENTRE DE MUSIQUE CANADIENNE\u00a0 <a href=\"https:\/\/www.facebook.com\/events\/1112780577674327\/?rdid=KiuV68zGokkJ8eeo&amp;share_url=https%3A%2F%2Fwww.facebook.com%2Fshare%2F17HJQrtn6D%2F&amp;from_xma_click=xma_e2ee&amp;xma_click_id=B3AB0724-48AA-4380-93C4-EAE43BD30521&amp;tam_xma_content_type=3000&amp;is_fb_content=true&amp;forward=false&amp;ts=1758330156537&amp;pl=1\" target=\"_blank\" rel=\"noopener\">D\u00c9TAILS<\/a><\/p>\n<p>&nbsp;<\/p>\n<figure id=\"attachment_80050\" aria-describedby=\"caption-attachment-80050\" style=\"width: 1200px\" class=\"wp-caption aligncenter\"><img decoding=\"async\" loading=\"lazy\" class=\"size-full wp-image-80050\" src=\"https:\/\/www.ludwig-van.com\/montreal\/wp-content\/uploads\/sites\/3\/2024\/02\/collectif9_Vagues-et-ombres_4186_credit-Danylo-Bobyk.jpg\" alt=\"\" width=\"1200\" height=\"800\" srcset=\"https:\/\/www.ludwig-van.com\/montreal\/wp-content\/uploads\/sites\/3\/2024\/02\/collectif9_Vagues-et-ombres_4186_credit-Danylo-Bobyk.jpg 1200w, https:\/\/www.ludwig-van.com\/montreal\/wp-content\/uploads\/sites\/3\/2024\/02\/collectif9_Vagues-et-ombres_4186_credit-Danylo-Bobyk-300x200.jpg 300w, https:\/\/www.ludwig-van.com\/montreal\/wp-content\/uploads\/sites\/3\/2024\/02\/collectif9_Vagues-et-ombres_4186_credit-Danylo-Bobyk-1024x683.jpg 1024w, https:\/\/www.ludwig-van.com\/montreal\/wp-content\/uploads\/sites\/3\/2024\/02\/collectif9_Vagues-et-ombres_4186_credit-Danylo-Bobyk-768x512.jpg 768w\" sizes=\"(max-width: 1200px) 100vw, 1200px\" \/><figcaption id=\"caption-attachment-80050\" class=\"wp-caption-text\">collectif9 dans Vagues et ombres (Photo : Danylo Bobyk)<\/figcaption><\/figure>\n<h3>Collectif9 et Ronny Desinor<\/h3>\n<p>Laur\u00e9at aux Prix Juno 2025 et nomm\u00e9 Interpr\u00e8te de l\u2019ann\u00e9e aux Prix Opus 2025, l\u2019ensemble <b>collectif9<\/b> est reconnu pour sa programmation novatrice en musique de chambre. Pour ce premier concert de la saison, il s\u2019allie au percussionniste <b>Ronny Desinor<\/b> afin de vous pr\u00e9senter une soir\u00e9e de musique groovy et percutante, autant inspir\u00e9e du jazz, du funk et du folk.<\/p>\n<p>LE 26 SEPTEMBRE, 20 H, CABARET LE LION D\u2019OR\u00a0 <a href=\"https:\/\/cabaretliondor.com\/evenement\/collectif9-ronny-desinor\/\" target=\"_blank\" rel=\"noopener\">D\u00c9TAILS ET BILLETS<\/a><\/p>\n<p>&nbsp;<\/p>\n<p><img decoding=\"async\" loading=\"lazy\" class=\"aligncenter size-full wp-image-89740\" src=\"https:\/\/www.ludwig-van.com\/montreal\/wp-content\/uploads\/sites\/3\/2025\/09\/affiche-dongiovanni_cropped.jpg\" alt=\"\" width=\"1200\" height=\"931\" srcset=\"https:\/\/www.ludwig-van.com\/montreal\/wp-content\/uploads\/sites\/3\/2025\/09\/affiche-dongiovanni_cropped.jpg 1200w, https:\/\/www.ludwig-van.com\/montreal\/wp-content\/uploads\/sites\/3\/2025\/09\/affiche-dongiovanni_cropped-300x233.jpg 300w, https:\/\/www.ludwig-van.com\/montreal\/wp-content\/uploads\/sites\/3\/2025\/09\/affiche-dongiovanni_cropped-1024x794.jpg 1024w, https:\/\/www.ludwig-van.com\/montreal\/wp-content\/uploads\/sites\/3\/2025\/09\/affiche-dongiovanni_cropped-768x596.jpg 768w\" sizes=\"(max-width: 1200px) 100vw, 1200px\" \/><\/p>\n<h3>Op\u00e9ra de Montr\u00e9al &#8211; <i>Don Giovanni<\/i><\/h3>\n<p>L\u2019<b>Op\u00e9ra de Montr\u00e9al<\/b> ouvre sa saison cette semaine avec une \u0153uvre cr\u00e9\u00e9e en 1787 par Mozart et Da Ponte qui est malheureusement toujours \u00e0 propos. M\u00ealant humour noir et trag\u00e9die, cet op\u00e9ra raconte comment Don Giovanni se fait finalement entra\u00eener en enfer apr\u00e8s avoir violent\u00e9 plusieurs femmes. Interpr\u00e9t\u00e9 par l\u2019orchestre <b>I Musici<\/b> dirig\u00e9 par <b>Kensho Watanabe<\/b>, le <b>Ch\u0153ur de l\u2019Op\u00e9ra<\/b> ainsi que les solistes <b>John Brancy <\/b>(Don Giovanni), <b>Ruben Drole <\/b>(Leporello), <b>Kirsten Leblanc<\/b> (Donna Anna), <b>Anthony Gregory <\/b>(Ottavio), <b>Andrea N\u00fa\u00f1ez<\/b> (Elvira), <b>Sophie Naubert<\/b> (Zerlina), <b>Matthew Li<\/b> (Masetto) et <b>William Meinert<\/b> (Commandatore), l\u2019op\u00e9ra sera pr\u00e9sent\u00e9 en italien avec sous-titres en fran\u00e7ais et en anglais.<\/p>\n<p>LE 27 SEPTEMBRE, 19 H 30, SALLE WILFRID-PELLETIER\u00a0<a href=\"https:\/\/operademontreal.com\/programmes\/don-giovanni\" target=\"_blank\" rel=\"noopener\"> D\u00c9TAILS ET BILLETS<\/a><\/p>\n<p>&nbsp;<\/p>\n<p><img decoding=\"async\" loading=\"lazy\" class=\"aligncenter size-full wp-image-89743\" src=\"https:\/\/www.ludwig-van.com\/montreal\/wp-content\/uploads\/sites\/3\/2025\/09\/Screenshot-2025-09-22-at-14-46-46-245a9fda-cbe7-4ac5-9c9a-a471e044ba53.webp-WEBP-Image-1200-\u00d7-675-pixels.png\" alt=\"\" width=\"1486\" height=\"795\" srcset=\"https:\/\/www.ludwig-van.com\/montreal\/wp-content\/uploads\/sites\/3\/2025\/09\/Screenshot-2025-09-22-at-14-46-46-245a9fda-cbe7-4ac5-9c9a-a471e044ba53.webp-WEBP-Image-1200-\u00d7-675-pixels.png 1486w, https:\/\/www.ludwig-van.com\/montreal\/wp-content\/uploads\/sites\/3\/2025\/09\/Screenshot-2025-09-22-at-14-46-46-245a9fda-cbe7-4ac5-9c9a-a471e044ba53.webp-WEBP-Image-1200-\u00d7-675-pixels-300x160.png 300w, https:\/\/www.ludwig-van.com\/montreal\/wp-content\/uploads\/sites\/3\/2025\/09\/Screenshot-2025-09-22-at-14-46-46-245a9fda-cbe7-4ac5-9c9a-a471e044ba53.webp-WEBP-Image-1200-\u00d7-675-pixels-1024x548.png 1024w, https:\/\/www.ludwig-van.com\/montreal\/wp-content\/uploads\/sites\/3\/2025\/09\/Screenshot-2025-09-22-at-14-46-46-245a9fda-cbe7-4ac5-9c9a-a471e044ba53.webp-WEBP-Image-1200-\u00d7-675-pixels-768x411.png 768w\" sizes=\"(max-width: 1486px) 100vw, 1486px\" \/><\/p>\n<h3>Les Vesp\u00e9rales de l\u2019orgue du Sacr\u00e9-C\u0153ur : Sound Rebellion &#8211; Vent perdu<\/h3>\n<p>Le collectif <b>Sound Rebellion,<\/b> en collaboration avec Les Vesp\u00e9rales de l\u2019orgue du Sacr\u00e9-C\u0153ur<b>,<\/b> vous invite \u00e0 une soir\u00e9e d\u2019improvisation et de musique exp\u00e9rimentale \u00e0 l\u2019orgue ce samedi. Les artistes composant le collectif, les trois organistes <b>Elisabeth Hubmann<\/b>, <b>Giulio Tosti<\/b> et <b>Adrian Foster<\/b> et le compositeur \u00e9lectroacoustique <b>Michele del Prete<\/b>, mettront en valeur l\u2019orgue Casavant de 1928 de l\u2019\u00e9glise du Sacr\u00e9-C\u0153ur-de-J\u00e9sus, mais \u00e9galement le tout nouvel orgue exp\u00e9rimental Liminare. Un \u00e9v\u00e9nement de cr\u00e9ativit\u00e9 unique qui ne saura vous laisser indiff\u00e9rent!<\/p>\n<p>LE 27 SEPTEMBRE, 19 H 30, \u00c9GLISE DU SACR\u00c9-C\u0152UR-DE-J\u00c9SUS\u00a0 <a href=\"https:\/\/www.zeffy.com\/fr-CA\/ticketing\/les-vesperales-de-lorgue-du-sacre-coeur-featuring-sound-rebellion-collective?mc_cid=dea7f9ef8f&amp;mc_eid=3d94f3ec2c\" target=\"_blank\" rel=\"noopener\">D\u00c9TAILS ET BILLETS<\/a><\/p>\n<p>&nbsp;<\/p>\n<figure id=\"attachment_78990\" aria-describedby=\"caption-attachment-78990\" style=\"width: 1200px\" class=\"wp-caption aligncenter\"><img decoding=\"async\" loading=\"lazy\" class=\"size-full wp-image-78990\" src=\"https:\/\/www.ludwig-van.com\/montreal\/wp-content\/uploads\/sites\/3\/2018\/04\/EnsembleScholastica-2018.2-web.jpg\" alt=\"L'ensemble de voix de femmes Scholastica (Photo : courtoisie)\" width=\"1200\" height=\"686\" srcset=\"https:\/\/www.ludwig-van.com\/montreal\/wp-content\/uploads\/sites\/3\/2018\/04\/EnsembleScholastica-2018.2-web.jpg 1200w, https:\/\/www.ludwig-van.com\/montreal\/wp-content\/uploads\/sites\/3\/2018\/04\/EnsembleScholastica-2018.2-web-300x172.jpg 300w, https:\/\/www.ludwig-van.com\/montreal\/wp-content\/uploads\/sites\/3\/2018\/04\/EnsembleScholastica-2018.2-web-1024x585.jpg 1024w, https:\/\/www.ludwig-van.com\/montreal\/wp-content\/uploads\/sites\/3\/2018\/04\/EnsembleScholastica-2018.2-web-768x439.jpg 768w\" sizes=\"(max-width: 1200px) 100vw, 1200px\" \/><figcaption id=\"caption-attachment-78990\" class=\"wp-caption-text\">L&rsquo;ensemble de voix de femmes Scholastica (Photo : courtoisie)<\/figcaption><\/figure>\n<h3><i>Ballate, ballades d\u2019Italie au Levant<\/i><\/h3>\n<p>Ce concert, une collaboration entre l&rsquo;<b>Ensemble Urmawi<\/b>, dirig\u00e9 par <b>Lamia Yared<\/b>, et l\u2019<b>Ensemble Scholastica<\/b>, dirig\u00e9 par <b>Rebecca Bain<\/b>, vous transportera au Levant et en Italie avec un programme d\u2019\u0153uvres vari\u00e9es provenant de ces deux r\u00e9gions. Ils seront accompagn\u00e9s de fa\u00e7on exceptionnelle de deux invit\u00e9s d\u2019Italie : <b>Enea Sorini<\/b>, chant et tamburello, et <b>Peppe Frana<\/b>, luth m\u00e9di\u00e9val et guiterne.<\/p>\n<p>LE 27 SEPTEMBRE, 20 H, CHAPELLE NOTRE-DAME-DE-BON-SECOURS\u00a0 <a href=\"https:\/\/lepointdevente.com\/billets\/ballate\" target=\"_blank\" rel=\"noopener\">D\u00c9TAILS ET BILLETS<\/a><\/p>\n<p>&nbsp;<\/p>\n<figure id=\"attachment_89741\" aria-describedby=\"caption-attachment-89741\" style=\"width: 1200px\" class=\"wp-caption aligncenter\"><img decoding=\"async\" loading=\"lazy\" class=\"size-full wp-image-89741\" src=\"https:\/\/www.ludwig-van.com\/montreal\/wp-content\/uploads\/sites\/3\/2025\/09\/Quentin-Guerillot_site-web-Oratoire-Saint-Joseph.png\" alt=\"Quentin Gu\u00e9rillot (Photo : courtoisie)\" width=\"1200\" height=\"673\" srcset=\"https:\/\/www.ludwig-van.com\/montreal\/wp-content\/uploads\/sites\/3\/2025\/09\/Quentin-Guerillot_site-web-Oratoire-Saint-Joseph.png 1200w, https:\/\/www.ludwig-van.com\/montreal\/wp-content\/uploads\/sites\/3\/2025\/09\/Quentin-Guerillot_site-web-Oratoire-Saint-Joseph-300x168.png 300w, https:\/\/www.ludwig-van.com\/montreal\/wp-content\/uploads\/sites\/3\/2025\/09\/Quentin-Guerillot_site-web-Oratoire-Saint-Joseph-1024x574.png 1024w, https:\/\/www.ludwig-van.com\/montreal\/wp-content\/uploads\/sites\/3\/2025\/09\/Quentin-Guerillot_site-web-Oratoire-Saint-Joseph-768x431.png 768w\" sizes=\"(max-width: 1200px) 100vw, 1200px\" \/><figcaption id=\"caption-attachment-89741\" class=\"wp-caption-text\">Quentin Gu\u00e9rillot (Photo : courtoisie)<\/figcaption><\/figure>\n<h3>Quentin Gu\u00e9rillot, orgue &#8211; <i>Hommage et h\u00e9ritage<\/i><\/h3>\n<p>Concerts Lachine re\u00e7oit cette semaine l\u2019organiste fran\u00e7ais <b>Quentin Gu\u00e9rillot<\/b>. Ce trentenaire, ayant \u00e9tudi\u00e9 entre autres au Conservatoire national sup\u00e9rieur de musique et de danse de Paris, est maintenant le titulaire des Grandes Orgues Cavaill\u00e9-Coll de Saint-Denis ainsi que professeur d\u2019orgue au Conservatoire de musique de Chaumont.<\/p>\n<p>LE 28 SEPTEMBRE, 15 H, \u00c9GLISE SAINTS-ANGES DE LACHINE\u00a0<a href=\"https:\/\/concertslachine.ca\/event\/hommage-et-heritage\/?event_date=2025-09-28\" target=\"_blank\" rel=\"noopener\"> D\u00c9TAILS<\/a><\/p>\n<p>&nbsp;<\/p>\n<figure id=\"attachment_89742\" aria-describedby=\"caption-attachment-89742\" style=\"width: 1200px\" class=\"wp-caption aligncenter\"><img decoding=\"async\" loading=\"lazy\" class=\"size-full wp-image-89742\" src=\"https:\/\/www.ludwig-van.com\/montreal\/wp-content\/uploads\/sites\/3\/2025\/09\/Quatuor-Isidore_Jiyang-Chen.jpg\" alt=\"Quatuor Isidore (Photo : Jiyang Chen)\" width=\"1200\" height=\"800\" srcset=\"https:\/\/www.ludwig-van.com\/montreal\/wp-content\/uploads\/sites\/3\/2025\/09\/Quatuor-Isidore_Jiyang-Chen.jpg 1200w, https:\/\/www.ludwig-van.com\/montreal\/wp-content\/uploads\/sites\/3\/2025\/09\/Quatuor-Isidore_Jiyang-Chen-300x200.jpg 300w, https:\/\/www.ludwig-van.com\/montreal\/wp-content\/uploads\/sites\/3\/2025\/09\/Quatuor-Isidore_Jiyang-Chen-1024x683.jpg 1024w, https:\/\/www.ludwig-van.com\/montreal\/wp-content\/uploads\/sites\/3\/2025\/09\/Quatuor-Isidore_Jiyang-Chen-768x512.jpg 768w\" sizes=\"(max-width: 1200px) 100vw, 1200px\" \/><figcaption id=\"caption-attachment-89742\" class=\"wp-caption-text\">Quatuor Isidore (Photo : Jiyang Chen)<\/figcaption><\/figure>\n<h3>LMMC &#8211; Isidore String Quartet<\/h3>\n<p>Le Ladies\u2019 Musical Morning Club pr\u00e9sente le jeune quatuor \u00e0 cordes new-yorkais <b>Isidore<\/b>. Form\u00e9 en 2019 par d\u2019anciens \u00e9l\u00e8ves de la c\u00e9l\u00e8bre Julliard School, l\u2019ensemble a pour mission de revisiter, faire red\u00e9couvrir et revigorer la musique de chambre. Compos\u00e9 des violonistes <b>Adrian Steele<\/b> et <b>Phoenix Avalon<\/b>, de l\u2019altiste <b>Devon Moore<\/b> et du violoncelliste <b>Joshua McClendon<\/b>, le quatuor interpr\u00e9tera des \u0153uvres de Haydn, Beethoven et Dvo\u0159\u00e1k.<\/p>\n<p>LE 28 SEPTEMBRE, 15 H 30, SALLE OSCAR-PETERSON\u00a0 <a href=\"https:\/\/www.lmmc.ca\/fr\/isidore-string-quartet\" target=\"_blank\" rel=\"noopener\">D\u00c9TAILS ET BILLETS<\/a><\/p>\n<h2><em>Inscrivez-vous \u00e0 notre infolettre! La musique classique et l\u2019op\u00e9ra en 5 minutes, chaque jour<\/em> <a href=\"https:\/\/ludwig-van.us9.list-manage.com\/subscribe?u=4f785cb3f9058f2393ccad035&amp;id=b9b160c032\" target=\"_blank\" rel=\"noopener noreferrer\">ICI<\/a>.<\/h2>\n","protected":false},"excerpt":{"rendered":"<p>Tout comme les couleurs de l\u2019automne qui font peu \u00e0 peu leur apparition, les concerts et \u00e9v\u00e9nements musicaux prennent de semaine en semaine plus de place dans le d\u00e9cor culturel. Lentement, mais s\u00fbrement, votre calendrier se remplira de sorties musicales, alors que les arbres eux, se videront de leurs feuilles. Oh, mais ne paniquez pas, il reste encore de magnifiques journ\u00e9es color\u00e9es avant ce jour fatidique o\u00f9 la neige couvrira le sol pour la premi\u00e8re fois! Vous pouvez encore porter vos souliers pour aller entendre vos artistes pr\u00e9f\u00e9r\u00e9\u00b7e\u00b7s!<\/p>\n","protected":false},"author":1,"featured_media":89745,"comment_status":"open","ping_status":"open","sticky":false,"template":"","format":"standard","meta":{"om_disable_all_campaigns":false,"jetpack_post_was_ever_published":false},"categories":[42299,10994],"tags":[42300,11882],"yst_prominent_words":[9878,9863,13120,26221,26219,26052,9877,13123,11161,26018,26017,26016,26019],"acf":[],"jetpack_featured_media_url":"https:\/\/www.ludwig-van.com\/montreal\/wp-content\/uploads\/sites\/3\/2025\/09\/Copie-de-CONCERTS5.jpg","jetpack_sharing_enabled":true,"jetpack_shortlink":"https:\/\/wp.me\/p9bdYt-nll","amp_enabled":true,"_links":{"self":[{"href":"https:\/\/www.ludwig-van.com\/montreal\/wp-json\/wp\/v2\/posts\/89735"}],"collection":[{"href":"https:\/\/www.ludwig-van.com\/montreal\/wp-json\/wp\/v2\/posts"}],"about":[{"href":"https:\/\/www.ludwig-van.com\/montreal\/wp-json\/wp\/v2\/types\/post"}],"author":[{"embeddable":true,"href":"https:\/\/www.ludwig-van.com\/montreal\/wp-json\/wp\/v2\/users\/1"}],"replies":[{"embeddable":true,"href":"https:\/\/www.ludwig-van.com\/montreal\/wp-json\/wp\/v2\/comments?post=89735"}],"version-history":[{"count":7,"href":"https:\/\/www.ludwig-van.com\/montreal\/wp-json\/wp\/v2\/posts\/89735\/revisions"}],"predecessor-version":[{"id":89774,"href":"https:\/\/www.ludwig-van.com\/montreal\/wp-json\/wp\/v2\/posts\/89735\/revisions\/89774"}],"wp:featuredmedia":[{"embeddable":true,"href":"https:\/\/www.ludwig-van.com\/montreal\/wp-json\/wp\/v2\/media\/89745"}],"wp:attachment":[{"href":"https:\/\/www.ludwig-van.com\/montreal\/wp-json\/wp\/v2\/media?parent=89735"}],"wp:term":[{"taxonomy":"category","embeddable":true,"href":"https:\/\/www.ludwig-van.com\/montreal\/wp-json\/wp\/v2\/categories?post=89735"},{"taxonomy":"post_tag","embeddable":true,"href":"https:\/\/www.ludwig-van.com\/montreal\/wp-json\/wp\/v2\/tags?post=89735"},{"taxonomy":"yst_prominent_words","embeddable":true,"href":"https:\/\/www.ludwig-van.com\/montreal\/wp-json\/wp\/v2\/yst_prominent_words?post=89735"}],"curies":[{"name":"wp","href":"https:\/\/api.w.org\/{rel}","templated":true}]}}