{"id":89702,"date":"2025-09-19T17:37:52","date_gmt":"2025-09-19T21:37:52","guid":{"rendered":"https:\/\/www.ludwig-van.com\/montreal\/?p=89702"},"modified":"2025-09-22T14:00:02","modified_gmt":"2025-09-22T18:00:02","slug":"nouvelle-les-manifestations-en-france-forcent-lannulation-dun-concert-de-louis-lortie-et-nicolas-ellis","status":"publish","type":"post","link":"https:\/\/www.ludwig-van.com\/montreal\/2025\/09\/19\/nouvelle-les-manifestations-en-france-forcent-lannulation-dun-concert-de-louis-lortie-et-nicolas-ellis\/","title":{"rendered":"NOUVELLE | Les manifestations en France forcent l&rsquo;annulation d&rsquo;un concert de Louis Lortie et Nicolas Ellis"},"content":{"rendered":"<figure id=\"attachment_89708\" aria-describedby=\"caption-attachment-89708\" style=\"width: 1200px\" class=\"wp-caption aligncenter\"><img decoding=\"async\" loading=\"lazy\" class=\"size-full wp-image-89708\" src=\"https:\/\/www.ludwig-van.com\/montreal\/wp-content\/uploads\/sites\/3\/2025\/09\/Copie-de-Copie-de-Copy-of-INTERVIEW1.jpg\" alt=\"Nicolas Ellis (Photo : Maxime Girard-Tremblay); Louis Lortie (Photo : site de l'agence Victoria Rowsell)\" width=\"1200\" height=\"628\" srcset=\"https:\/\/www.ludwig-van.com\/montreal\/wp-content\/uploads\/sites\/3\/2025\/09\/Copie-de-Copie-de-Copy-of-INTERVIEW1.jpg 1200w, https:\/\/www.ludwig-van.com\/montreal\/wp-content\/uploads\/sites\/3\/2025\/09\/Copie-de-Copie-de-Copy-of-INTERVIEW1-300x157.jpg 300w, https:\/\/www.ludwig-van.com\/montreal\/wp-content\/uploads\/sites\/3\/2025\/09\/Copie-de-Copie-de-Copy-of-INTERVIEW1-1024x536.jpg 1024w, https:\/\/www.ludwig-van.com\/montreal\/wp-content\/uploads\/sites\/3\/2025\/09\/Copie-de-Copie-de-Copy-of-INTERVIEW1-768x402.jpg 768w\" sizes=\"(max-width: 1200px) 100vw, 1200px\" \/><figcaption id=\"caption-attachment-89708\" class=\"wp-caption-text\">Nicolas Ellis (Photo : Maxime Girard-Tremblay); Louis Lortie (Photo : site de l&rsquo;agence Victoria Rowsell)<\/figcaption><\/figure>\n<p>Deux musiciens qu\u00e9b\u00e9cois ont subi malgr\u00e9 eux les cons\u00e9quences des manifestations anti-aust\u00e9rit\u00e9 organis\u00e9es en France le jeudi 18 septembre. En effet, l&rsquo;Orchestre National de Bretagne devait tenir ce soir-l\u00e0 la premi\u00e8re repr\u00e9sentation de son concert d&rsquo;ouverture, qui a d\u00fb \u00eatre annul\u00e9e pour des raisons de s\u00e9curit\u00e9.<\/p>\n<p>On se souviendra que le chef <strong>Nicolas<\/strong> <strong>Ellis<\/strong> a \u00e9t\u00e9 nomm\u00e9 directeur musical de cet orchestre en d\u00e9cembre 2023 apr\u00e8s un processus d&rsquo;auditions internationales. Le concert d&rsquo;ouverture de septembre 2025 lance la deuxi\u00e8me saison du chef qu\u00e9b\u00e9cois \u00e0 la t\u00eate de l&rsquo;ensemble. Le programme comprend l&rsquo;ouverture des <em>Noces de Figaro<\/em> de Mozart, le <em>Deuxi\u00e8me concerto pour piano<\/em> de Brahms et la <em>Quatri\u00e8me symphonie<\/em> de Schumann.<\/p>\n<p>C&rsquo;est le r\u00e9put\u00e9 pianiste <strong>Louis Lortie<\/strong> qui est le soliste invit\u00e9 pour le concerto pour piano. <strong>Lortie<\/strong> entame par l\u00e0 son mandat comme artiste en r\u00e9sidence de l&rsquo;orchestre pour la saison 2025-2026, succ\u00e9dant ainsi \u00e0 la chanteuse <strong>Julie<\/strong> <strong>Boulianne<\/strong> qui remplissait le m\u00eame r\u00f4le la saison pr\u00e9c\u00e9dente.<\/p>\n<p>L&rsquo;Orchestre national de Bretagne ne joue pas dans une salle assign\u00e9e, mais pr\u00e9sente plut\u00f4t ses concerts dans diff\u00e9rentes villes, de fa\u00e7on similaire aux concerts d&rsquo;arrondissement de l&rsquo;Orchestre M\u00e9tropolitain, par exemple. Le concert de jeudi soir devait \u00eatre pr\u00e9sent\u00e9 au Couvent des Jacobins de Rennes, mais la tenue en a \u00e9t\u00e9 emp\u00each\u00e9e par les manifestations importantes organis\u00e9e sur la Place Sainte-Anne. Selon l&rsquo;annonce faite sur la page Facebook de l&rsquo;orchestre, les billets de jeudi ne peuvent \u00eatre honor\u00e9s lors de la deuxi\u00e8me repr\u00e9sentation vendredi en raison de la forte demande. Les d\u00e9tenteurs\u00b7ices de billets sont donc invit\u00e9\u00b7e\u00b7s soit \u00e0 demander un remboursement ou \u00e0 \u00e9changer leurs billets pour des billets de m\u00eame valeur pour un concert ult\u00e9rieur. Le m\u00eame programme est \u00e9galement pr\u00e9sent\u00e9 samedi soir au Forum de Fiers.<\/p>\n<h3>Manifestations<\/h3>\n<p>Les manifestations de jeudi cherchaient \u00e0 envoyer un message au nouveau premier ministre <strong>S\u00e9bastien Lecornu<\/strong>, nomm\u00e9 \u00e0 la suite du d\u00e9part forc\u00e9 de son pr\u00e9d\u00e9cesseur <strong>Fran\u00e7ois Bayrou<\/strong>. Les protestations visent les coupes aux services publics, \u00e0 l&rsquo;assurance ch\u00f4mage et aux prestations sociales envisag\u00e9es dans le prochain budget.<\/p>\n<h3>Nicolas Ellis et l&rsquo;ONB<\/h3>\n<p><strong>Nicolas Ellis<\/strong> dirigera \u00e9galement le prochain programme de l&rsquo;ONB, \u00ab\u00a0De Bach \u00e0 Boulez\u00a0\u00bb, qui a lieu le 26 septembre et pr\u00e9sente des \u0153uvres telles que la Fugue \u00e0 six voix de l&rsquo;<em>Offrande musicale<\/em> de Bach arrang\u00e9e par Anton Webern,\u00a0<em><span class=\"partition\">M\u00e9moriale [\u2026explosante-fixe\u2026original]<\/span> <\/em>de Pierre Boulez et la <span class=\"partition\"><em>Musique pour cordes, percussions et c\u00e9lesta<\/em> de <\/span><span class=\"compositeur\">B\u00e9la Bart\u00f3k.<\/span><\/p>\n<p>Les curieux\u00b7euses peuvent regarder le premier concert de <strong>Nicolas Ellis<\/strong> en tant que directeur musical de l&rsquo;ONB sur Youtube.<\/p>\n<div class=\"jetpack-video-wrapper\"><span class=\"embed-youtube\" style=\"text-align:center; display: block;\"><iframe loading=\"lazy\" class=\"youtube-player\" width=\"640\" height=\"360\" src=\"https:\/\/www.youtube.com\/embed\/kIjyfKU2vks?version=3&#038;rel=1&#038;showsearch=0&#038;showinfo=1&#038;iv_load_policy=1&#038;fs=1&#038;hl=fr-FR&#038;autohide=2&#038;wmode=transparent\" allowfullscreen=\"true\" style=\"border:0;\" sandbox=\"allow-scripts allow-same-origin allow-popups allow-presentation\"><\/iframe><\/span><\/div>\n<h2><em>Inscrivez-vous \u00e0 notre infolettre! La musique classique et l\u2019op\u00e9ra en 5 minutes, chaque jour<\/em> <a href=\"https:\/\/ludwig-van.us9.list-manage.com\/subscribe?u=4f785cb3f9058f2393ccad035&amp;id=b9b160c032\" target=\"_blank\" rel=\"noopener noreferrer\">ICI<\/a>.<\/h2>\n","protected":false},"excerpt":{"rendered":"<p>Deux musiciens qu\u00e9b\u00e9cois ont subi malgr\u00e9 eux les cons\u00e9quences des manifestations anti-aust\u00e9rit\u00e9 organis\u00e9es en France le jeudi 18 septembre. En effet, l&rsquo;Orchestre National de Bretagne devait tenir ce soir-l\u00e0 la premi\u00e8re repr\u00e9sentation de son concert d&rsquo;ouverture, qui a d\u00fb \u00eatre annul\u00e9e pour des raisons de s\u00e9curit\u00e9.<\/p>\n","protected":false},"author":55,"featured_media":89708,"comment_status":"open","ping_status":"open","sticky":false,"template":"","format":"standard","meta":{"om_disable_all_campaigns":false,"jetpack_post_was_ever_published":false},"categories":[42299,10956,10992],"tags":[42300,42355],"yst_prominent_words":[10143,7202,9906,9847,12015,12480,9813,10292,18356,12014,12010,8313,10546,10554],"acf":[],"jetpack_featured_media_url":"https:\/\/www.ludwig-van.com\/montreal\/wp-content\/uploads\/sites\/3\/2025\/09\/Copie-de-Copie-de-Copy-of-INTERVIEW1.jpg","jetpack_sharing_enabled":true,"jetpack_shortlink":"https:\/\/wp.me\/p9bdYt-nkO","amp_enabled":true,"_links":{"self":[{"href":"https:\/\/www.ludwig-van.com\/montreal\/wp-json\/wp\/v2\/posts\/89702"}],"collection":[{"href":"https:\/\/www.ludwig-van.com\/montreal\/wp-json\/wp\/v2\/posts"}],"about":[{"href":"https:\/\/www.ludwig-van.com\/montreal\/wp-json\/wp\/v2\/types\/post"}],"author":[{"embeddable":true,"href":"https:\/\/www.ludwig-van.com\/montreal\/wp-json\/wp\/v2\/users\/55"}],"replies":[{"embeddable":true,"href":"https:\/\/www.ludwig-van.com\/montreal\/wp-json\/wp\/v2\/comments?post=89702"}],"version-history":[{"count":31,"href":"https:\/\/www.ludwig-van.com\/montreal\/wp-json\/wp\/v2\/posts\/89702\/revisions"}],"predecessor-version":[{"id":89738,"href":"https:\/\/www.ludwig-van.com\/montreal\/wp-json\/wp\/v2\/posts\/89702\/revisions\/89738"}],"wp:featuredmedia":[{"embeddable":true,"href":"https:\/\/www.ludwig-van.com\/montreal\/wp-json\/wp\/v2\/media\/89708"}],"wp:attachment":[{"href":"https:\/\/www.ludwig-van.com\/montreal\/wp-json\/wp\/v2\/media?parent=89702"}],"wp:term":[{"taxonomy":"category","embeddable":true,"href":"https:\/\/www.ludwig-van.com\/montreal\/wp-json\/wp\/v2\/categories?post=89702"},{"taxonomy":"post_tag","embeddable":true,"href":"https:\/\/www.ludwig-van.com\/montreal\/wp-json\/wp\/v2\/tags?post=89702"},{"taxonomy":"yst_prominent_words","embeddable":true,"href":"https:\/\/www.ludwig-van.com\/montreal\/wp-json\/wp\/v2\/yst_prominent_words?post=89702"}],"curies":[{"name":"wp","href":"https:\/\/api.w.org\/{rel}","templated":true}]}}