{"id":89674,"date":"2025-09-17T17:41:29","date_gmt":"2025-09-17T21:41:29","guid":{"rendered":"https:\/\/www.ludwig-van.com\/montreal\/?p=89674"},"modified":"2025-09-18T14:00:03","modified_gmt":"2025-09-18T18:00:03","slug":"nouvelle-les-albums-en-nomination-dans-la-categorie-classique-ladisq","status":"publish","type":"post","link":"https:\/\/www.ludwig-van.com\/montreal\/2025\/09\/17\/nouvelle-les-albums-en-nomination-dans-la-categorie-classique-ladisq\/","title":{"rendered":"NOUVELLE | Les albums en nomination dans la cat\u00e9gorie Classique \u00e0 l&rsquo;ADISQ"},"content":{"rendered":"<figure id=\"attachment_89675\" aria-describedby=\"caption-attachment-89675\" style=\"width: 1200px\" class=\"wp-caption aligncenter\"><img decoding=\"async\" loading=\"lazy\" class=\"size-full wp-image-89675\" src=\"https:\/\/www.ludwig-van.com\/montreal\/wp-content\/uploads\/sites\/3\/2025\/09\/Copie-de-NOUVELLE5.jpg\" alt=\"\" width=\"1200\" height=\"628\" srcset=\"https:\/\/www.ludwig-van.com\/montreal\/wp-content\/uploads\/sites\/3\/2025\/09\/Copie-de-NOUVELLE5.jpg 1200w, https:\/\/www.ludwig-van.com\/montreal\/wp-content\/uploads\/sites\/3\/2025\/09\/Copie-de-NOUVELLE5-300x157.jpg 300w, https:\/\/www.ludwig-van.com\/montreal\/wp-content\/uploads\/sites\/3\/2025\/09\/Copie-de-NOUVELLE5-1024x536.jpg 1024w, https:\/\/www.ludwig-van.com\/montreal\/wp-content\/uploads\/sites\/3\/2025\/09\/Copie-de-NOUVELLE5-768x402.jpg 768w\" sizes=\"(max-width: 1200px) 100vw, 1200px\" \/><figcaption id=\"caption-attachment-89675\" class=\"wp-caption-text\">(Photo courtoisie ADISQ)<\/figcaption><\/figure>\n<p>L&rsquo;Association qu\u00e9b\u00e9coise de l&rsquo;industrie du disque, du spectacle et de la vid\u00e9o, connue sous l&rsquo;abr\u00e9viation ADISQ, a d\u00e9voil\u00e9 aujourd&rsquo;hui les nominations dans les nombreuses cat\u00e9gories qu&rsquo;elle r\u00e9compense par les prix F\u00e9lix. Les gagnant\u00b7e\u00b7s seront d\u00e9voil\u00e9\u00b7e\u00b7s lors des galas tenus le 9 novembre \u00e0 la salle Wilfrid-Pelletier.<\/p>\n<p>Entre le 1er juin 2024 et la 31 mai 2025, ce sont 256 albums, 78 spectacles et 41 vid\u00e9os qui ont \u00e9t\u00e9 recens\u00e9s dans 56 cat\u00e9gories. Cinq albums d&rsquo;artistes et d&rsquo;ensembles pris\u00e9\u00b7e\u00b7s sont en lice dans la cat\u00e9gorie d&rsquo;Album de l&rsquo;ann\u00e9e &#8211; classique :<\/p>\n<ul>\n<li><em>\u00c9CHOS<\/em> <em>: Chopin, Granados &amp; Alb\u00e9niz<\/em> &#8211; Charles Richard-Hamelin<\/li>\n<li><em><span class=\"il\">Ritu<\/span>\u00e6ls<\/em> &#8211; collectif9<\/li>\n<li><em>Requiem. Fran\u00e7ois Dompierre<\/em> &#8211; Orchestre FILMharmonique, Francis Choini\u00e8re<\/li>\n<li><em>Schoenberg : Pelleas und Melisande &amp; Verkl\u00e4rte<\/em> &#8211; OSM, Rafael Payare<\/li>\n<li><em>Claude Debussy : Images retrouv\u00e9es <\/em>&#8211; St\u00e9phane T\u00e9treault et Olivier H\u00e9bert-Bouchard<\/li>\n<\/ul>\n<p>Le public a la possibilit\u00e9 de voter dans certaines cat\u00e9gories, notamment Groupe ou duo de l&rsquo;Ann\u00e9e, Artiste f\u00e9minine ou masculin, Chanson de l&rsquo;ann\u00e9e, Artiste autochtone de l&rsquo;ann\u00e9e ainsi que R\u00e9v\u00e9lation de l&rsquo;ann\u00e9e en se rendant sur le site<b>\u00a0<\/b><a href=\"https:\/\/app.cyberimpact.com\/redirect?ct=u5nf5vUy8kEoZuEOIFOcBOUiN6fv3pRaCWY8NmMV_CsHRGzJn8CqGL6OVzkywiAiZIlpPV-brzVxF-X5J_y3SgHMaMgjHT0JaY6x3jMvJvh1wQeEgOHjWyJjyxV8EKzi\" target=\"_blank\" rel=\"noopener\" data-saferedirecturl=\"https:\/\/www.google.com\/url?q=https:\/\/app.cyberimpact.com\/redirect?ct%3Du5nf5vUy8kEoZuEOIFOcBOUiN6fv3pRaCWY8NmMV_CsHRGzJn8CqGL6OVzkywiAiZIlpPV-brzVxF-X5J_y3SgHMaMgjHT0JaY6x3jMvJvh1wQeEgOHjWyJjyxV8EKzi&amp;source=gmail&amp;ust=1758211587300000&amp;usg=AOvVaw3FdqTpoxL06gTQMXPmI9U-\"><b>https:\/\/vote.adisq.com\/<\/b><\/a>.<\/p>\n<p>Les Galas de l&rsquo;ADISQ font partie des \u00e9v\u00e9nements de la Semaine de toutes les musiques qui se tient du 3 au 9 novembre. Le Premier Gala de l&rsquo;ADISQ, dont la cat\u00e9gorie Classique fait partie, sera diffus\u00e9 le 5 novembre sur les ondes de T\u00e9l\u00e9-Qu\u00e9bec.<\/p>\n<div>\n<div class=\"x14z9mp xat24cr x1lziwak x1vvkbs xtlvy1s x126k92a\">\n<div dir=\"auto\">\n<div class=\"avatar-container ng-tns-c445575518-179 ng-trigger ng-trigger-scaleDown\">\n<h2><em>Inscrivez-vous \u00e0 notre infolettre! La musique classique et l\u2019op\u00e9ra en 5 minutes, chaque jour<\/em> <a href=\"https:\/\/ludwig-van.us9.list-manage.com\/subscribe?u=4f785cb3f9058f2393ccad035&amp;id=b9b160c032\" target=\"_blank\" rel=\"noopener noreferrer\">ICI.<\/a><\/h2>\n<\/div>\n<\/div>\n<\/div>\n<\/div>\n","protected":false},"excerpt":{"rendered":"<p>L&rsquo;Association qu\u00e9b\u00e9coise de l&rsquo;industrie du disque, du spectacle et de la vid\u00e9o, connue sous l&rsquo;abr\u00e9viation ADISQ, a d\u00e9voil\u00e9 aujourd&rsquo;hui les nominations dans les nombreuses cat\u00e9gories qu&rsquo;elle r\u00e9compense par les prix F\u00e9lix. Les gagnant\u00b7e\u00b7s seront d\u00e9voil\u00e9\u00b7e\u00b7s lors des galas tenus le 9 novembre \u00e0 la salle Wilfrid-Pelletier.<\/p>\n","protected":false},"author":55,"featured_media":89675,"comment_status":"open","ping_status":"open","sticky":false,"template":"","format":"standard","meta":{"om_disable_all_campaigns":false,"jetpack_post_was_ever_published":false},"categories":[42299,10992],"tags":[42300,35849,42353],"yst_prominent_words":[27529,10427,11246,15481,23427,10175,35843,10496,11443,11593],"acf":[],"jetpack_featured_media_url":"https:\/\/www.ludwig-van.com\/montreal\/wp-content\/uploads\/sites\/3\/2025\/09\/Copie-de-NOUVELLE5.jpg","jetpack_sharing_enabled":true,"jetpack_shortlink":"https:\/\/wp.me\/p9bdYt-nkm","amp_enabled":true,"_links":{"self":[{"href":"https:\/\/www.ludwig-van.com\/montreal\/wp-json\/wp\/v2\/posts\/89674"}],"collection":[{"href":"https:\/\/www.ludwig-van.com\/montreal\/wp-json\/wp\/v2\/posts"}],"about":[{"href":"https:\/\/www.ludwig-van.com\/montreal\/wp-json\/wp\/v2\/types\/post"}],"author":[{"embeddable":true,"href":"https:\/\/www.ludwig-van.com\/montreal\/wp-json\/wp\/v2\/users\/55"}],"replies":[{"embeddable":true,"href":"https:\/\/www.ludwig-van.com\/montreal\/wp-json\/wp\/v2\/comments?post=89674"}],"version-history":[{"count":9,"href":"https:\/\/www.ludwig-van.com\/montreal\/wp-json\/wp\/v2\/posts\/89674\/revisions"}],"predecessor-version":[{"id":89684,"href":"https:\/\/www.ludwig-van.com\/montreal\/wp-json\/wp\/v2\/posts\/89674\/revisions\/89684"}],"wp:featuredmedia":[{"embeddable":true,"href":"https:\/\/www.ludwig-van.com\/montreal\/wp-json\/wp\/v2\/media\/89675"}],"wp:attachment":[{"href":"https:\/\/www.ludwig-van.com\/montreal\/wp-json\/wp\/v2\/media?parent=89674"}],"wp:term":[{"taxonomy":"category","embeddable":true,"href":"https:\/\/www.ludwig-van.com\/montreal\/wp-json\/wp\/v2\/categories?post=89674"},{"taxonomy":"post_tag","embeddable":true,"href":"https:\/\/www.ludwig-van.com\/montreal\/wp-json\/wp\/v2\/tags?post=89674"},{"taxonomy":"yst_prominent_words","embeddable":true,"href":"https:\/\/www.ludwig-van.com\/montreal\/wp-json\/wp\/v2\/yst_prominent_words?post=89674"}],"curies":[{"name":"wp","href":"https:\/\/api.w.org\/{rel}","templated":true}]}}