{"id":89673,"date":"2025-10-06T17:58:11","date_gmt":"2025-10-06T21:58:11","guid":{"rendered":"https:\/\/www.ludwig-van.com\/montreal\/?p=89673"},"modified":"2025-10-06T21:38:38","modified_gmt":"2025-10-07T01:38:38","slug":"compte-rendu-musique-classique-au-9e","status":"publish","type":"post","link":"https:\/\/www.ludwig-van.com\/montreal\/2025\/10\/06\/compte-rendu-musique-classique-au-9e\/","title":{"rendered":"NOUVELLE | Musique classique et Art d\u00e9co, la formule gagnante de la s\u00e9rie 9e Musique@17h"},"content":{"rendered":"<figure id=\"attachment_90005\" aria-describedby=\"caption-attachment-90005\" style=\"width: 1200px\" class=\"wp-caption aligncenter\"><img decoding=\"async\" loading=\"lazy\" class=\"size-full wp-image-90005\" src=\"https:\/\/www.ludwig-van.com\/montreal\/wp-content\/uploads\/sites\/3\/2025\/09\/Copie-de-NOUVELLE9.jpg\" alt=\"Le quatuor d'ArtChoral en concert dans la Grande Salle du 9e. (Photo : courtoisie)\" width=\"1200\" height=\"628\" srcset=\"https:\/\/www.ludwig-van.com\/montreal\/wp-content\/uploads\/sites\/3\/2025\/09\/Copie-de-NOUVELLE9.jpg 1200w, https:\/\/www.ludwig-van.com\/montreal\/wp-content\/uploads\/sites\/3\/2025\/09\/Copie-de-NOUVELLE9-300x157.jpg 300w, https:\/\/www.ludwig-van.com\/montreal\/wp-content\/uploads\/sites\/3\/2025\/09\/Copie-de-NOUVELLE9-1024x536.jpg 1024w, https:\/\/www.ludwig-van.com\/montreal\/wp-content\/uploads\/sites\/3\/2025\/09\/Copie-de-NOUVELLE9-768x402.jpg 768w\" sizes=\"(max-width: 1200px) 100vw, 1200px\" \/><figcaption id=\"caption-attachment-90005\" class=\"wp-caption-text\">Le quatuor d&rsquo;ArtChoral en concert dans la Grande Salle du 9e. (Photo : courtoisie)<\/figcaption><\/figure>\n<p>Ouvert en 1931 et ferm\u00e9 en 1999, le mythique restaurant du 9e \u00e9tage du magasin Eaton continuait depuis de vivre dans la conscience collective montr\u00e9alaise. Mais depuis mai 2024, il n&rsquo;est plus n\u00e9cessaire de compter uniquement sur les souvenirs d&rsquo;autrui pour admirer son magnifique am\u00e9nagement Art d\u00e9co : apr\u00e8s une r\u00e9novation minutieuse, l&rsquo;espace est de nouveau accessible au public et offre dans sa Grande salle une s\u00e9rie de concerts accessibles.<\/p>\n<p>Le r\u00e9sultat de la restauration est magnifique : les lignes \u00e9pur\u00e9es, la sym\u00e9trie omnipr\u00e9sente, la qualit\u00e9 des mat\u00e9riaux, les bas reliefs et les deux grandes fresques verticales \u00e0 chaque extr\u00e9mit\u00e9 nous replongent dans le style n\u00e9oclassique fran\u00e7ais et les salles \u00e0 manger de paquebots dont s&rsquo;est inspir\u00e9 l&rsquo;architecte Jacques Carlu. La hauteur des plafonds et la surface lisse des \u00e9l\u00e9ments contribuent sans doute aux qualit\u00e9s acoustiques de la Grande salle, que j&rsquo;ai pu admir\u00e9es \u00e0 l&rsquo;occasion du concert de l&rsquo;Ensemble Caprice le 16 septembre dernier.<\/p>\n<p>Ce concert \u00e9tait donn\u00e9 dans le cadre de la s\u00e9rie <span class=\"il\">9e<\/span> Musique@17h, des concerts d&rsquo;une heure pr\u00e9sent\u00e9s les premier et troisi\u00e8me mardis du mois par les ensembles en r\u00e9sidence du 9e. Cette ann\u00e9e, ces ensembles sont au nombre de quatre, soit <strong>ArtChoral<\/strong>, <strong>Ensemble Caprice<\/strong>, <strong>HausMusique<\/strong> et <strong>OperaM3F<\/strong>, se combinant pour offrir une programmation vari\u00e9e.<\/p>\n<p>\u00ab\u00a0C&rsquo;est un espace extraordinaire avec une acoustique sublime,\u00a0\u00bb s&rsquo;\u00e9merveille <strong>Janelle Lucyk<\/strong>, directrice artistique d&rsquo;ArtChoral au 9e, \u00ab\u00a0Les entrepreneurs derri\u00e8re la r\u00e9novation de la salle aiment beaucoup la musique classique et veulent encourager la pr\u00e9sentation de concerts. Avec 440 places, c&rsquo;est une salle qui a sa place dans le monde musical montr\u00e9alais.\u00a0\u00bb<\/p>\n<figure id=\"attachment_90007\" aria-describedby=\"caption-attachment-90007\" style=\"width: 1200px\" class=\"wp-caption aligncenter\"><img decoding=\"async\" loading=\"lazy\" class=\"size-full wp-image-90007\" src=\"https:\/\/www.ludwig-van.com\/montreal\/wp-content\/uploads\/sites\/3\/2025\/10\/9e-Grande-Salle-with-piano.jpg\" alt=\"La Grande salle du 9e (Photo : courtoisie)\" width=\"1200\" height=\"904\" srcset=\"https:\/\/www.ludwig-van.com\/montreal\/wp-content\/uploads\/sites\/3\/2025\/10\/9e-Grande-Salle-with-piano.jpg 1200w, https:\/\/www.ludwig-van.com\/montreal\/wp-content\/uploads\/sites\/3\/2025\/10\/9e-Grande-Salle-with-piano-300x226.jpg 300w, https:\/\/www.ludwig-van.com\/montreal\/wp-content\/uploads\/sites\/3\/2025\/10\/9e-Grande-Salle-with-piano-1024x771.jpg 1024w, https:\/\/www.ludwig-van.com\/montreal\/wp-content\/uploads\/sites\/3\/2025\/10\/9e-Grande-Salle-with-piano-768x579.jpg 768w\" sizes=\"(max-width: 1200px) 100vw, 1200px\" \/><figcaption id=\"caption-attachment-90007\" class=\"wp-caption-text\">La Grande salle du 9e (Photo : courtoisie)<\/figcaption><\/figure>\n<p>La saison a d\u00e9but\u00e9 avec un programme inspir\u00e9 du cabaret mettant en vedette la chanteuse Kristin Hoff de HausMusique et s&rsquo;est poursuivi par <em>Amour<\/em> de Caprice, un programme de musiques m\u00e9di\u00e9vale et persane inspir\u00e9es du Cantique des cantiques. Ce mardi 7 octobre, ce sera au tour du quatuor vocal d&rsquo;ArtChoral, compos\u00e9 de <strong>Janelle Lucyk<\/strong> (soprano), <strong>Rosalie Lane L\u00e9pine<\/strong> (mezzo), <strong>Kerry Bursey<\/strong> (t\u00e9nor) et <strong>William Kraushaar<\/strong> (basse). Le quatuor interpr\u00e9tera certains des plus grands succ\u00e8s de la chanson canadienne, avec entre autres des arrangements de chansons de C\u00e9line Dion, Gordon Lightfoot, Joni Mitchell et Neil Young. Le 21 octobre, Op\u00e9raM3F promet une exp\u00e9rience immersive lors d&rsquo;une soir\u00e9e consacr\u00e9e \u00e0 certaines des plus grandes sc\u00e8nes d&rsquo;op\u00e9ra, incluant des extraits de <em>Carmen<\/em>.<\/p>\n<p>Les concerts, d&rsquo;une dur\u00e9e d&rsquo;une heure, sont pr\u00e9sent\u00e9s \u00e0 17 h, permettant aux membres du public le d\u00e9sirant de souper ensuite au restaurant 9e \u00cele-de-France, ou simplement de rester pour \u00e9changer avec les interpr\u00e8tes autour d&rsquo;un verre.<\/p>\n<p>La programmation compl\u00e8te de 9e Musique@17h est disponible <a href=\"https:\/\/feverup.com\/fr\/montreal\/venue\/9e-musique-at-17h?srsltid=AfmBOorFKyQQqJB_GMXX_gUFBsuIlDsVbo6TQxFOzRJTvoVIb0TG9jYI\" target=\"_blank\" rel=\"noopener\">ici<\/a>.<\/p>\n<p>LE 7 OCTOBRE, 17 H, GRANDE SALLE DU 9E\u00a0 <a href=\"https:\/\/feverup.com\/m\/369109\" target=\"_blank\" rel=\"noopener\">D\u00c9TAILS ET BILLETS<\/a><\/p>\n<p>ERRATUM &#8211; <em>Il manquait une pr\u00e9cision au r\u00f4le de Janelle Lucyk au sein d&rsquo;ArtChoral : elle y est directrice artistique des concerts de l&rsquo;ensemble donn\u00e9s dans le cadre de la s\u00e9rie au 9e. Matthias Maute est toujours le directeur artistique d&rsquo;ArtChoral par ailleurs.<\/em><\/p>\n<h2><em>Inscrivez-vous \u00e0 notre infolettre! La musique classique et l\u2019op\u00e9ra en 5 minutes, chaque jour<\/em> <a href=\"https:\/\/ludwig-van.us9.list-manage.com\/subscribe?u=4f785cb3f9058f2393ccad035&amp;id=b9b160c032\" target=\"_blank\" rel=\"noopener noreferrer\">ICI.<\/a><\/h2>\n","protected":false},"excerpt":{"rendered":"<p>Ouvert en 1931 et ferm\u00e9 en 1999, le mythique restaurant du 9e \u00e9tage du magasin Eaton continuait depuis de vivre dans la conscience collective montr\u00e9alaise. Mais depuis mai 2024, il n&rsquo;est plus n\u00e9cessaire de compter uniquement sur les souvenirs d&rsquo;autrui pour admirer son magnifique am\u00e9nagement Art d\u00e9co : apr\u00e8s une r\u00e9novation minutieuse, l&rsquo;espace est de nouveau accessible au public et offre dans sa Grande salle une s\u00e9rie de concerts accessibles.<\/p>\n","protected":false},"author":55,"featured_media":90005,"comment_status":"open","ping_status":"open","sticky":false,"template":"","format":"standard","meta":{"om_disable_all_campaigns":false,"jetpack_post_was_ever_published":false},"categories":[42299],"tags":[42300,1164,42354],"yst_prominent_words":[11988,25418,13368,11043,7202,8858,10658,10167,14774,9999,10710,11030],"acf":[],"jetpack_featured_media_url":"https:\/\/www.ludwig-van.com\/montreal\/wp-content\/uploads\/sites\/3\/2025\/09\/Copie-de-NOUVELLE9.jpg","jetpack_sharing_enabled":true,"jetpack_shortlink":"https:\/\/wp.me\/p9bdYt-nkl","amp_enabled":true,"_links":{"self":[{"href":"https:\/\/www.ludwig-van.com\/montreal\/wp-json\/wp\/v2\/posts\/89673"}],"collection":[{"href":"https:\/\/www.ludwig-van.com\/montreal\/wp-json\/wp\/v2\/posts"}],"about":[{"href":"https:\/\/www.ludwig-van.com\/montreal\/wp-json\/wp\/v2\/types\/post"}],"author":[{"embeddable":true,"href":"https:\/\/www.ludwig-van.com\/montreal\/wp-json\/wp\/v2\/users\/55"}],"replies":[{"embeddable":true,"href":"https:\/\/www.ludwig-van.com\/montreal\/wp-json\/wp\/v2\/comments?post=89673"}],"version-history":[{"count":11,"href":"https:\/\/www.ludwig-van.com\/montreal\/wp-json\/wp\/v2\/posts\/89673\/revisions"}],"predecessor-version":[{"id":90016,"href":"https:\/\/www.ludwig-van.com\/montreal\/wp-json\/wp\/v2\/posts\/89673\/revisions\/90016"}],"wp:featuredmedia":[{"embeddable":true,"href":"https:\/\/www.ludwig-van.com\/montreal\/wp-json\/wp\/v2\/media\/90005"}],"wp:attachment":[{"href":"https:\/\/www.ludwig-van.com\/montreal\/wp-json\/wp\/v2\/media?parent=89673"}],"wp:term":[{"taxonomy":"category","embeddable":true,"href":"https:\/\/www.ludwig-van.com\/montreal\/wp-json\/wp\/v2\/categories?post=89673"},{"taxonomy":"post_tag","embeddable":true,"href":"https:\/\/www.ludwig-van.com\/montreal\/wp-json\/wp\/v2\/tags?post=89673"},{"taxonomy":"yst_prominent_words","embeddable":true,"href":"https:\/\/www.ludwig-van.com\/montreal\/wp-json\/wp\/v2\/yst_prominent_words?post=89673"}],"curies":[{"name":"wp","href":"https:\/\/api.w.org\/{rel}","templated":true}]}}