{"id":89665,"date":"2025-09-17T14:59:45","date_gmt":"2025-09-17T18:59:45","guid":{"rendered":"https:\/\/www.ludwig-van.com\/montreal\/?p=89665"},"modified":"2025-09-23T11:57:32","modified_gmt":"2025-09-23T15:57:32","slug":"nouvelle-nouvelles-nominations-lom-et-au-palais-montcalm","status":"publish","type":"post","link":"https:\/\/www.ludwig-van.com\/montreal\/2025\/09\/17\/nouvelle-nouvelles-nominations-lom-et-au-palais-montcalm\/","title":{"rendered":"NOUVELLE | Nouvelles nominations \u00e0 l&rsquo;OM et au Palais Montcalm"},"content":{"rendered":"<figure id=\"attachment_89669\" aria-describedby=\"caption-attachment-89669\" style=\"width: 1200px\" class=\"wp-caption aligncenter\"><img decoding=\"async\" loading=\"lazy\" class=\"size-full wp-image-89669\" src=\"https:\/\/www.ludwig-van.com\/montreal\/wp-content\/uploads\/sites\/3\/2025\/09\/Copie-de-Copie-de-Copy-of-INTERVIEW.jpg\" alt=\"Julie Dufresne (Photo : courtoisie Orchestre M\u00e9tropolitain); Marie-H\u00e9l\u00e8ne Greffard (Photo : courtoisie Palais Montcalm)\" width=\"1200\" height=\"628\" srcset=\"https:\/\/www.ludwig-van.com\/montreal\/wp-content\/uploads\/sites\/3\/2025\/09\/Copie-de-Copie-de-Copy-of-INTERVIEW.jpg 1200w, https:\/\/www.ludwig-van.com\/montreal\/wp-content\/uploads\/sites\/3\/2025\/09\/Copie-de-Copie-de-Copy-of-INTERVIEW-300x157.jpg 300w, https:\/\/www.ludwig-van.com\/montreal\/wp-content\/uploads\/sites\/3\/2025\/09\/Copie-de-Copie-de-Copy-of-INTERVIEW-1024x536.jpg 1024w, https:\/\/www.ludwig-van.com\/montreal\/wp-content\/uploads\/sites\/3\/2025\/09\/Copie-de-Copie-de-Copy-of-INTERVIEW-768x402.jpg 768w\" sizes=\"(max-width: 1200px) 100vw, 1200px\" \/><figcaption id=\"caption-attachment-89669\" class=\"wp-caption-text\">Julie Dufresne (Photo : courtoisie Orchestre M\u00e9tropolitain); Marie-H\u00e9l\u00e8ne Greffard (Photo : courtoisie Palais Montcalm)<\/figcaption><\/figure>\n<p>L&rsquo;<strong>Orchestre M\u00e9tropolitain<\/strong> et le <strong>Palais Montcalm<\/strong> ont tous deux annonc\u00e9 des nominations importantes en ce d\u00e9but de saison culturelle.<\/p>\n<figure id=\"attachment_89670\" aria-describedby=\"caption-attachment-89670\" style=\"width: 1200px\" class=\"wp-caption aligncenter\"><img decoding=\"async\" loading=\"lazy\" class=\"size-full wp-image-89670\" src=\"https:\/\/www.ludwig-van.com\/montreal\/wp-content\/uploads\/sites\/3\/2025\/09\/Julie-Dufresne_Orchestre-Metropolitain_cropped.jpg\" alt=\"Julie Dufresne (Photo : courtoisie Orchestre M\u00e9tropolitain)\" width=\"1200\" height=\"983\" srcset=\"https:\/\/www.ludwig-van.com\/montreal\/wp-content\/uploads\/sites\/3\/2025\/09\/Julie-Dufresne_Orchestre-Metropolitain_cropped.jpg 1200w, https:\/\/www.ludwig-van.com\/montreal\/wp-content\/uploads\/sites\/3\/2025\/09\/Julie-Dufresne_Orchestre-Metropolitain_cropped-300x246.jpg 300w, https:\/\/www.ludwig-van.com\/montreal\/wp-content\/uploads\/sites\/3\/2025\/09\/Julie-Dufresne_Orchestre-Metropolitain_cropped-1024x839.jpg 1024w, https:\/\/www.ludwig-van.com\/montreal\/wp-content\/uploads\/sites\/3\/2025\/09\/Julie-Dufresne_Orchestre-Metropolitain_cropped-768x629.jpg 768w\" sizes=\"(max-width: 1200px) 100vw, 1200px\" \/><figcaption id=\"caption-attachment-89670\" class=\"wp-caption-text\">Julie Dufresne (Photo : courtoisie Orchestre M\u00e9tropolitain)<\/figcaption><\/figure>\n<p>L&rsquo;<strong>Orchestre M\u00e9tropolitain<\/strong> (OM) publiait en d\u00e9but d&rsquo;\u00e9t\u00e9 un appel \u00e0 candidatures pour le poste de chef du <strong>Ch\u0153ur M\u00e9tropolitain<\/strong>, une position qui jusque-l\u00e0 \u00e9tait partag\u00e9e entre <strong>Fran\u00e7ois A. Ouimet<\/strong> et <strong>Pierre Tourville<\/strong>. Durant l&rsquo;\u00e9t\u00e9, c&rsquo;est la cheffe <strong>L\u00e9a Moisan-Perrier<\/strong>, <a href=\"https:\/\/www.ludwig-van.com\/montreal\/2025\/05\/05\/nouvelle-une-nouvelle-cheffe-assistante-lom\/\" target=\"_blank\" rel=\"noopener\">nouvelle cheffe assistante \u00e0 l&rsquo;OM<\/a> et cheffe de ch\u0153ur exp\u00e9riment\u00e9e, qui a pr\u00e9par\u00e9 le ch\u0153ur d&rsquo;hommes pour leur participation \u00e0 l&rsquo;op\u00e9ra <a href=\"https:\/\/www.ludwig-van.com\/montreal\/2025\/08\/05\/critique-un-tristan-et-isolde-bouleversant-et-memorable-pour-clore-le-festival-de-lanaudiere\/\" target=\"_blank\" rel=\"noopener\"><em>Tristan<\/em> donn\u00e9 en version concert au Festival de Lanaudi\u00e8re<\/a> par l&rsquo;<strong>OM<\/strong> et <strong>Yannick N\u00e9zet-S\u00e9guin<\/strong>.<\/p>\n<p>Aujourd&rsquo;hui, l&rsquo;<strong>OM<\/strong> annonce la nomination de <strong>Julie Dufresne<\/strong> en tant que co-cheffe \u00e0 la t\u00eate du Ch\u0153ur avec Pierre Tourville. Cheffe active dans le milieu chorale depuis plus de vingt-cinq ans, <strong>Julie<\/strong> <strong>Dufresne<\/strong> dirige entre autres les groupes Symphonies vocales, Les Petites voix du Plateau et le Ch\u0153ur du C\u00e9gep Saint-Laurent. Elle est charg\u00e9e de cours \u00e0 la ma\u00eetrise en direction chorale de l\u2019Universit\u00e9 de Sherbrooke depuis 2012.<\/p>\n<p>Le premier mandat de <strong>Julie Dufresne<\/strong> pour le Ch\u0153ur M\u00e9tropolitain sera en lien avec le concert <em>Neiges : L\u2019OM c\u00e9l\u00e8bre Andr\u00e9 Gagnon<\/em>, donn\u00e9 les 13 et 14 d\u00e9cembre et justement dirig\u00e9 par <strong>L\u00e9a Moisan-Perrier<\/strong>.<\/p>\n<p><a href=\"https:\/\/orchestremetropolitain.com\/fr\/concerts\/neiges-lom-celebre-andre-gagnon\/?show_date_id=17215\" target=\"_blank\" rel=\"noopener\">D\u00c9TAILS ET BILLETS<\/a><\/p>\n<p>&nbsp;<\/p>\n<figure id=\"attachment_89668\" aria-describedby=\"caption-attachment-89668\" style=\"width: 1200px\" class=\"wp-caption aligncenter\"><img decoding=\"async\" loading=\"lazy\" class=\"size-full wp-image-89668\" src=\"https:\/\/www.ludwig-van.com\/montreal\/wp-content\/uploads\/sites\/3\/2025\/09\/Marie-Helene-Greffard_Palais-Montcalm_cropped.jpg\" alt=\"Marie-H\u00e9l\u00e8ne Greffard. (Photo : courtoisie Palais Montcalm)\" width=\"1200\" height=\"1022\" srcset=\"https:\/\/www.ludwig-van.com\/montreal\/wp-content\/uploads\/sites\/3\/2025\/09\/Marie-Helene-Greffard_Palais-Montcalm_cropped.jpg 1200w, https:\/\/www.ludwig-van.com\/montreal\/wp-content\/uploads\/sites\/3\/2025\/09\/Marie-Helene-Greffard_Palais-Montcalm_cropped-300x256.jpg 300w, https:\/\/www.ludwig-van.com\/montreal\/wp-content\/uploads\/sites\/3\/2025\/09\/Marie-Helene-Greffard_Palais-Montcalm_cropped-1024x872.jpg 1024w, https:\/\/www.ludwig-van.com\/montreal\/wp-content\/uploads\/sites\/3\/2025\/09\/Marie-Helene-Greffard_Palais-Montcalm_cropped-768x654.jpg 768w\" sizes=\"(max-width: 1200px) 100vw, 1200px\" \/><figcaption id=\"caption-attachment-89668\" class=\"wp-caption-text\">Marie-H\u00e9l\u00e8ne Greffard. (Photo : courtoisie Palais Montcalm)<\/figcaption><\/figure>\n<div class=\"x14z9mp xat24cr x1lziwak x1vvkbs xtlvy1s x126k92a\">Une page se tourne au Palais Montcalm, alors que <strong>Richard Pag\u00e9<\/strong>, organiste en r\u00e9sidence depuis 2017, passe le flambeau (ou le tuyau?) \u00e0 <strong>Marie-H\u00e9l\u00e8ne Greffard<\/strong>. Dipl\u00f4m\u00e9e d&rsquo;une ma\u00eetrise en interpr\u00e9tation de l&rsquo;Universit\u00e9 Laval, o\u00f9 elle a justement \u00e9t\u00e9 l&rsquo;\u00e9l\u00e8ve de son pr\u00e9d\u00e9cesseur, <strong>Marie-H\u00e9l\u00e8ne Greffard<\/strong> m\u00e8ne une carri\u00e8re de concertiste recherch\u00e9e \u00e0 travers le Qu\u00e9bec. Elle avait r\u00e9colt\u00e9 le premier prix au Concours d&rsquo;orgue de Qu\u00e9bec en 2011.<\/div>\n<div>La nouvelle organiste en r\u00e9sidence dit avoir des projets plein la t\u00eate pour mettre en valeur l&rsquo;orgue de concert de la salle Raoul-Jobin. Sa premi\u00e8re prestation publique se tiendra dans le cadre des \u00e9v\u00e9nements gratuits des Journ\u00e9es de la culture : le 28 septembre, le public pourra la d\u00e9couvrir en compagnie du trompettiste <strong>Fr\u00e9d\u00e9ric Quinet<\/strong>, avec qui elle forme le <strong>Duo \u00c9ole<\/strong>. Il s&rsquo;agit d&rsquo;une collaboration des Amis de l&rsquo;orgue de Qu\u00e9bec.<\/div>\n<div><\/div>\n<div><a href=\"https:\/\/www.palaismontcalm.ca\/concert-spectacle-quebec\/duo-eole-28-septembre-2025\/?fbclid=IwY2xjawM33LNleHRuA2FlbQIxMABicmlkETFSUGVxQnNLRXdEaDV2UFRtAR7uRHduNzZn8eAjrCZ-736D-NLsAdOsCJoKkqDfan9rVRo3mWJz2jHWAKvVuw_aem_SU80_RVB9F1ljvliY8fLtg\" target=\"_blank\" rel=\"noopener\">D\u00c9TAILS<\/a><\/div>\n<div><\/div>\n<div>ERRATUM &#8211;\u00a0<em>Une premi\u00e8re version de cet article semblait laisser entendre que Julie Dufresne reprenait seule la direction du Ch\u0153ur M\u00e9tropolitain. Une\u00a0 pr\u00e9cision a \u00e9t\u00e9 apport\u00e9e pour clarifier que le Ch\u0153ur M\u00e9tropolitain continue de maintenir deux positions de co-chefs de ch\u0153ur et que Pierre Tourville reste en poste.<\/em><\/div>\n<div><\/div>\n<div>\n<div class=\"x14z9mp xat24cr x1lziwak x1vvkbs xtlvy1s x126k92a\">\n<div dir=\"auto\">\n<div class=\"avatar-container ng-tns-c445575518-179 ng-trigger ng-trigger-scaleDown\">\n<h2><em>Inscrivez-vous \u00e0 notre infolettre! La musique classique et l\u2019op\u00e9ra en 5 minutes, chaque jour<\/em> <a href=\"https:\/\/ludwig-van.us9.list-manage.com\/subscribe?u=4f785cb3f9058f2393ccad035&amp;id=b9b160c032\" target=\"_blank\" rel=\"noopener noreferrer\">ICI.<\/a><\/h2>\n<\/div>\n<\/div>\n<\/div>\n<\/div>\n","protected":false},"excerpt":{"rendered":"<p>L&rsquo;Orchestre M\u00e9tropolitain et le Palais Montcalm ont tous deux annonc\u00e9 des nominations importantes en ce d\u00e9but de saison culturelle.<\/p>\n","protected":false},"author":55,"featured_media":89669,"comment_status":"open","ping_status":"open","sticky":false,"template":"","format":"standard","meta":{"om_disable_all_campaigns":false,"jetpack_post_was_ever_published":false},"categories":[42299,10992],"tags":[42300,42165,11846,42029],"yst_prominent_words":[9926,21278,11452,18766,14774,24935],"acf":[],"jetpack_featured_media_url":"https:\/\/www.ludwig-van.com\/montreal\/wp-content\/uploads\/sites\/3\/2025\/09\/Copie-de-Copie-de-Copy-of-INTERVIEW.jpg","jetpack_sharing_enabled":true,"jetpack_shortlink":"https:\/\/wp.me\/p9bdYt-nkd","amp_enabled":true,"_links":{"self":[{"href":"https:\/\/www.ludwig-van.com\/montreal\/wp-json\/wp\/v2\/posts\/89665"}],"collection":[{"href":"https:\/\/www.ludwig-van.com\/montreal\/wp-json\/wp\/v2\/posts"}],"about":[{"href":"https:\/\/www.ludwig-van.com\/montreal\/wp-json\/wp\/v2\/types\/post"}],"author":[{"embeddable":true,"href":"https:\/\/www.ludwig-van.com\/montreal\/wp-json\/wp\/v2\/users\/55"}],"replies":[{"embeddable":true,"href":"https:\/\/www.ludwig-van.com\/montreal\/wp-json\/wp\/v2\/comments?post=89665"}],"version-history":[{"count":5,"href":"https:\/\/www.ludwig-van.com\/montreal\/wp-json\/wp\/v2\/posts\/89665\/revisions"}],"predecessor-version":[{"id":89771,"href":"https:\/\/www.ludwig-van.com\/montreal\/wp-json\/wp\/v2\/posts\/89665\/revisions\/89771"}],"wp:featuredmedia":[{"embeddable":true,"href":"https:\/\/www.ludwig-van.com\/montreal\/wp-json\/wp\/v2\/media\/89669"}],"wp:attachment":[{"href":"https:\/\/www.ludwig-van.com\/montreal\/wp-json\/wp\/v2\/media?parent=89665"}],"wp:term":[{"taxonomy":"category","embeddable":true,"href":"https:\/\/www.ludwig-van.com\/montreal\/wp-json\/wp\/v2\/categories?post=89665"},{"taxonomy":"post_tag","embeddable":true,"href":"https:\/\/www.ludwig-van.com\/montreal\/wp-json\/wp\/v2\/tags?post=89665"},{"taxonomy":"yst_prominent_words","embeddable":true,"href":"https:\/\/www.ludwig-van.com\/montreal\/wp-json\/wp\/v2\/yst_prominent_words?post=89665"}],"curies":[{"name":"wp","href":"https:\/\/api.w.org\/{rel}","templated":true}]}}