{"id":89637,"date":"2025-09-16T13:20:34","date_gmt":"2025-09-16T17:20:34","guid":{"rendered":"https:\/\/www.ludwig-van.com\/montreal\/?p=89637"},"modified":"2025-09-17T14:00:04","modified_gmt":"2025-09-17T18:00:04","slug":"choix-de-la-redaction-33","status":"publish","type":"post","link":"https:\/\/www.ludwig-van.com\/montreal\/2025\/09\/16\/choix-de-la-redaction-33\/","title":{"rendered":"CHOIX DE LA R\u00c9DACTION | La saison 2025-2026 prend son envol"},"content":{"rendered":"<figure id=\"attachment_89654\" aria-describedby=\"caption-attachment-89654\" style=\"width: 1200px\" class=\"wp-caption aligncenter\"><img decoding=\"async\" loading=\"lazy\" class=\"size-full wp-image-89654\" src=\"https:\/\/www.ludwig-van.com\/montreal\/wp-content\/uploads\/sites\/3\/2025\/09\/Copie-de-CONCERTS4.jpg\" alt=\"Hermeto Pascoal (Photo : site web de l'ONJ); Olga Davnis (Photo : site web de Clavecin en concert); OSM (Photo : Antoine Saito)\" width=\"1200\" height=\"628\" srcset=\"https:\/\/www.ludwig-van.com\/montreal\/wp-content\/uploads\/sites\/3\/2025\/09\/Copie-de-CONCERTS4.jpg 1200w, https:\/\/www.ludwig-van.com\/montreal\/wp-content\/uploads\/sites\/3\/2025\/09\/Copie-de-CONCERTS4-300x157.jpg 300w, https:\/\/www.ludwig-van.com\/montreal\/wp-content\/uploads\/sites\/3\/2025\/09\/Copie-de-CONCERTS4-1024x536.jpg 1024w, https:\/\/www.ludwig-van.com\/montreal\/wp-content\/uploads\/sites\/3\/2025\/09\/Copie-de-CONCERTS4-768x402.jpg 768w\" sizes=\"(max-width: 1200px) 100vw, 1200px\" \/><figcaption id=\"caption-attachment-89654\" class=\"wp-caption-text\">Hermeto Pascoal (Photo : site web de l&rsquo;ONJ); Olga Davnis (Photo : site web de Clavecin en concert); OSM (Photo : Antoine Saito)<\/figcaption><\/figure>\n<p>Et c\u2019est parti mon kiki! La saison 2025-2026 de vos artistes et ensembles pr\u00e9f\u00e9r\u00e9s ne devrait tarder \u00e0 \u00eatre lanc\u00e9e! Cette semaine marque en effet la rentr\u00e9e musicale de plusieurs diffuseurs. L\u2019<strong>OSM<\/strong>, l\u2019<strong>ONJ<\/strong>, l\u2019<strong>Ensemble Caprice<\/strong>, <strong>VoxPopuli<\/strong>, <strong>Le Vivie<\/strong>r, la <strong>Soci\u00e9t\u00e9 des orgues de Maisonneuve<\/strong>, <strong>Autour de la fl\u00fbte<\/strong> et <strong>Clavecin en concert<\/strong> entament tous leur saison dans les prochains jours. Alors, \u00eates-vous pr\u00eat\u00b7e\u00b7s? \u00c0 vos marques, pr\u00eats, partez!<\/p>\n<p>&nbsp;<\/p>\n<figure id=\"attachment_74124\" aria-describedby=\"caption-attachment-74124\" style=\"width: 1020px\" class=\"wp-caption aligncenter\"><img decoding=\"async\" loading=\"lazy\" class=\"size-full wp-image-74124\" src=\"https:\/\/www.ludwig-van.com\/montreal\/wp-content\/uploads\/sites\/3\/2022\/11\/Kiya-Tabassian.png\" alt=\"Ziya Tabassian (Photo : courtoisie)\" width=\"1020\" height=\"676\" \/><figcaption id=\"caption-attachment-74124\" class=\"wp-caption-text\">Ziya Tabassian (Photo : courtoisie)<\/figcaption><\/figure>\n<h3>Ensemble Caprice &#8211; <i>Caprice Amour<\/i><\/h3>\n<p>L\u2019<b>Ensemble Caprice<\/b> lance sa saison 2025-2026 avec <i>Caprice Amour<\/i> dans la Grande Salle du 9e dans le cadre de la s\u00e9rie Musique@17h. Ce concert interactif d\u2019une heure se veut une exp\u00e9rience vivante et immersive, alors que les interpr\u00e8tes, dont <b>Janelle Lucyk<\/b>, soprano, <b>Karin Cuellar<\/b>, violon, <b>Sophie Larivi\u00e8re, <\/b>fl\u00fbtes et <strong>Ziya Tabassian<\/strong>, percussions et compositeur, joueront de la musique baroque et persane dans la magnifique salle patrimoniale Art D\u00e9co r\u00e9ouverte l&rsquo;an dernier apr\u00e8s une restauration minutieuse.<\/p>\n<p>LE 16 SEPTEMBRE, 17 H, LE 9E\u00a0 <a href=\"https:\/\/www.ensemblecaprice.com\/fr\/concert\/le9e-sept2025\" target=\"_blank\" rel=\"noopener\">D\u00c9TAILS ET BILLETS<\/a><\/p>\n<p>&nbsp;<\/p>\n<p><img decoding=\"async\" loading=\"lazy\" class=\"aligncenter size-full wp-image-89638\" src=\"https:\/\/www.ludwig-van.com\/montreal\/wp-content\/uploads\/sites\/3\/2025\/09\/bad-trip-Paramirabo.png\" alt=\"\" width=\"1200\" height=\"605\" srcset=\"https:\/\/www.ludwig-van.com\/montreal\/wp-content\/uploads\/sites\/3\/2025\/09\/bad-trip-Paramirabo.png 1200w, https:\/\/www.ludwig-van.com\/montreal\/wp-content\/uploads\/sites\/3\/2025\/09\/bad-trip-Paramirabo-300x151.png 300w, https:\/\/www.ludwig-van.com\/montreal\/wp-content\/uploads\/sites\/3\/2025\/09\/bad-trip-Paramirabo-1024x516.png 1024w, https:\/\/www.ludwig-van.com\/montreal\/wp-content\/uploads\/sites\/3\/2025\/09\/bad-trip-Paramirabo-768x387.png 768w\" sizes=\"(max-width: 1200px) 100vw, 1200px\" \/><\/p>\n<h3>Paramirabo &#8211;<i> Bad Trip<\/i><\/h3>\n<p><b>Paramirabo<\/b> ouvre sa 15e saison en puissance en offrant au public l\u2019\u0153uvre culte de <b>Fausto Romitelli<\/b>, <i>Professor Bad Trip<\/i>. Sous la direction de <b>Guillaume Bourgogne<\/b>, les interpr\u00e8tes <b>William Laurin<\/b>, trompette, <b>Lyne Allard<\/b>, alto, <b>S\u00e9bastien Talbot<\/b>, basse \u00e9lectrique, <b>Steven Cowan<\/b>, guitare \u00e9lectrique, et <b>Lori Freedman<\/b>, clarinette contrebasse, interpr\u00e9teront \u00e9galement <i>Limit<\/i>, une cr\u00e9ation du compositeur <b>James O\u2019Callaghan<\/b>.<\/p>\n<p>LE 16 SEPTEMBRE, 20 H, \u00c9DIFICE WILDER\u00a0<a href=\"https:\/\/levivier.ca\/fr\/concert\/saison-2025-26\/paramirabo-bad-trip\" target=\"_blank\" rel=\"noopener\"> D\u00c9TAILS ET BILLETS<\/a><\/p>\n<p>&nbsp;<\/p>\n<figure id=\"attachment_87216\" aria-describedby=\"caption-attachment-87216\" style=\"width: 1200px\" class=\"wp-caption aligncenter\"><img decoding=\"async\" loading=\"lazy\" class=\"size-full wp-image-87216\" src=\"https:\/\/www.ludwig-van.com\/montreal\/wp-content\/uploads\/sites\/3\/2025\/04\/OSM_Requiem-de-Verdi_Viree-classique-2024_Antoine-Saito.jpg\" alt=\"L'OSM et le Ch\u0153ur de l'OSM en concert lors de la Vir\u00e9e classique 2024. (Photo : Antoine Saito)\" width=\"1200\" height=\"800\" srcset=\"https:\/\/www.ludwig-van.com\/montreal\/wp-content\/uploads\/sites\/3\/2025\/04\/OSM_Requiem-de-Verdi_Viree-classique-2024_Antoine-Saito.jpg 1200w, https:\/\/www.ludwig-van.com\/montreal\/wp-content\/uploads\/sites\/3\/2025\/04\/OSM_Requiem-de-Verdi_Viree-classique-2024_Antoine-Saito-300x200.jpg 300w, https:\/\/www.ludwig-van.com\/montreal\/wp-content\/uploads\/sites\/3\/2025\/04\/OSM_Requiem-de-Verdi_Viree-classique-2024_Antoine-Saito-1024x683.jpg 1024w, https:\/\/www.ludwig-van.com\/montreal\/wp-content\/uploads\/sites\/3\/2025\/04\/OSM_Requiem-de-Verdi_Viree-classique-2024_Antoine-Saito-768x512.jpg 768w\" sizes=\"(max-width: 1200px) 100vw, 1200px\" \/><figcaption id=\"caption-attachment-87216\" class=\"wp-caption-text\">L&rsquo;OSM et le Ch\u0153ur de l&rsquo;OSM (Photo : Antoine Saito)<\/figcaption><\/figure>\n<h3>OSM &#8211; <i>La damnation de Faust : qu\u00eate de jeunesse \u00e9ternelle<\/i><\/h3>\n<p><b>Rafael Payare<\/b> et l\u2019<b>Orchestre symphonique de Montr\u00e9al<\/b>, accompagn\u00e9s du <b>Ch\u0153ur de l\u2019OSM<\/b> dirig\u00e9 par <b>Andrew Megill<\/b>, ainsi que par les <b>Petits Chanteurs de Laval<\/b> sous la direction de <b>Philippe Ostiguy<\/b>, inaugurent leur nouvelle saison avec l\u2019interpr\u00e9tation de <i>La damnation<\/i> <i>de Faust<\/i> de Berlioz. Cette \u0153uvre grandiose, inspir\u00e9 d\u2019une l\u00e9gende de Goethe, raconte comment Faust (<b>Andrew Staples<\/b>, t\u00e9nor) fait un pacte avec M\u00e9phistoph\u00e9l\u00e8s (<b>Sir Willard White<\/b>, baryton) pour atteindre le bonheur et gagner l\u2019amour de Marguerite (<b>Karen Cargill<\/b>, mezzo-soprano) &#8211; pacte qui tourne mal puisqu\u2019il pr\u00e9cipite Faust en enfer\u2026 C\u2019est le basse-baryton <b>Ashley Riches<\/b> qui chantera le r\u00f4le de Brander.<\/p>\n<p>LES 17 ET 18 SEPTEMBRE, 19 H 30, MAISON SYMPHONIQUE\u00a0 <a href=\"https:\/\/www.ludwig-van.com\/montreal\/2025\/09\/12\/nouvelle-chapelle-musicale-du-bon-pasteur-changement-de-nom-et-saison-automnale\/\" target=\"_blank\" rel=\"noopener\">D\u00c9TAILS ET BILLETS<\/a><\/p>\n<p>&nbsp;<\/p>\n<p><img decoding=\"async\" loading=\"lazy\" class=\"aligncenter size-full wp-image-89653\" src=\"https:\/\/www.ludwig-van.com\/montreal\/wp-content\/uploads\/sites\/3\/2025\/09\/Vox-populi-Mozart.png\" alt=\"\" width=\"1200\" height=\"598\" srcset=\"https:\/\/www.ludwig-van.com\/montreal\/wp-content\/uploads\/sites\/3\/2025\/09\/Vox-populi-Mozart.png 1200w, https:\/\/www.ludwig-van.com\/montreal\/wp-content\/uploads\/sites\/3\/2025\/09\/Vox-populi-Mozart-300x150.png 300w, https:\/\/www.ludwig-van.com\/montreal\/wp-content\/uploads\/sites\/3\/2025\/09\/Vox-populi-Mozart-1024x510.png 1024w, https:\/\/www.ludwig-van.com\/montreal\/wp-content\/uploads\/sites\/3\/2025\/09\/Vox-populi-Mozart-768x383.png 768w\" sizes=\"(max-width: 1200px) 100vw, 1200px\" \/><\/p>\n<h3>VoxPopuli &#8211; Mozart : Le cadeau des dieux<\/h3>\n<p>Le quatuor <b>VoxPopuli<\/b> pr\u00e9sente les \u00e9v\u00e9nements de sa nouvelle saison, dont la s\u00e9rie Un concert, un compositeur, dans la salle Sainte-Hilda, sur la rue de Lorimier. Chaque concert de cette s\u00e9rie sera consacr\u00e9 \u00e0 un compositeur et le quatuor en profite pour expliquer pourquoi il l\u2019aime tant. Lors de ce premier \u00e9v\u00e9nement de cette s\u00e9rie, les artistes interpr\u00e9teront les plus grandes \u0153uvres de Mozart.<\/p>\n<p>LE 18 SEPTEMBRE, 19 H ET LE 20 SEPTEMBRE, 15 H, SALLE SAINTE-HILDA\u00a0 <a href=\"https:\/\/concertsvoxpopuli.tuxedobillet.com\/main\/mozart\" target=\"_blank\" rel=\"noopener\">D\u00c9TAILS ET BILLETS<\/a><\/p>\n<p>&nbsp;<\/p>\n<p><img decoding=\"async\" loading=\"lazy\" class=\"aligncenter size-full wp-image-89652\" src=\"https:\/\/www.ludwig-van.com\/montreal\/wp-content\/uploads\/sites\/3\/2025\/09\/Paris-en-feu.jpg\" alt=\"\" width=\"1200\" height=\"800\" srcset=\"https:\/\/www.ludwig-van.com\/montreal\/wp-content\/uploads\/sites\/3\/2025\/09\/Paris-en-feu.jpg 1200w, https:\/\/www.ludwig-van.com\/montreal\/wp-content\/uploads\/sites\/3\/2025\/09\/Paris-en-feu-300x200.jpg 300w, https:\/\/www.ludwig-van.com\/montreal\/wp-content\/uploads\/sites\/3\/2025\/09\/Paris-en-feu-1024x683.jpg 1024w, https:\/\/www.ludwig-van.com\/montreal\/wp-content\/uploads\/sites\/3\/2025\/09\/Paris-en-feu-768x512.jpg 768w\" sizes=\"(max-width: 1200px) 100vw, 1200px\" \/><\/p>\n<h3>Autour de la fl\u00fbte &#8211; <i>Paris en feu!<\/i><\/h3>\n<p>La 21e saison d\u2019Autour de la fl\u00fbte s\u2019amorce cette semaine avec <i>Paris en feu!<\/i> Ce premier concert sera interpr\u00e9t\u00e9 par <b>Marie Nadeau-Tremblay <\/b>et <b>Sallynee Amawat<\/b> au violon baroque, <b>Mika Putterman<\/b> et <b>Aleks Sch\u00fcrmer<\/b> \u00e0 la fl\u00fbte baroque, <b>Isabelle Douailly-Backman<\/b> \u00e0 l\u2019alto baroque, et <b>Tristan Best<\/b> \u00e0 la viole de gambe. Ces artistes vous feront faire un voyage \u00e0 Paris au travers le temps puisqu\u2019ils joueront des \u0153uvres en lien avec la ville lumi\u00e8re, allant de Telemann en 1737 \u00e0 Aleks Sch\u00fcrmer en 2014.<\/p>\n<p>LE 18 SEPTEMBRE, 19 H 30, JEUNESSES MUSICALES CANADA\u00a0 <a href=\"https:\/\/www.eventbrite.ca\/e\/paris-en-feu-tickets-1591204097289?aff=oddtdtcreator\" target=\"_blank\" rel=\"noopener\">D\u00c9TAILS ET BILLETS<\/a><\/p>\n<p>&nbsp;<\/p>\n<p><img decoding=\"async\" loading=\"lazy\" class=\"aligncenter size-full wp-image-89646\" src=\"https:\/\/www.ludwig-van.com\/montreal\/wp-content\/uploads\/sites\/3\/2025\/09\/unnamed4.jpg\" alt=\"\" width=\"1200\" height=\"675\" srcset=\"https:\/\/www.ludwig-van.com\/montreal\/wp-content\/uploads\/sites\/3\/2025\/09\/unnamed4.jpg 1200w, https:\/\/www.ludwig-van.com\/montreal\/wp-content\/uploads\/sites\/3\/2025\/09\/unnamed4-300x169.jpg 300w, https:\/\/www.ludwig-van.com\/montreal\/wp-content\/uploads\/sites\/3\/2025\/09\/unnamed4-1024x576.jpg 1024w, https:\/\/www.ludwig-van.com\/montreal\/wp-content\/uploads\/sites\/3\/2025\/09\/unnamed4-768x432.jpg 768w\" sizes=\"(max-width: 1200px) 100vw, 1200px\" \/><\/p>\n<h3>Quasar &amp; Trio Zukan &#8211; <i>Chambre d\u2019\u00e9coute<\/i><\/h3>\n<p>Le Vivier, musiques nouvelles pr\u00e9sente ce jeudi le quatuor de saxophones <b>Quasar<\/b> qui s\u2019associe le temps d\u2019une soir\u00e9e au <b>Trio Zukan<\/b> originaire des Pays Basques espagnols. Que ce soit en trio, en quatuor, en quintette ou en septuor, les artistes vous feront d\u00e9couvrir un programme riche et audacieux, dont l\u2019\u0153uvre titre <i>Chambre d\u2019\u00e9coute 2<\/i> de la compositrice montr\u00e9alaise <b>Chantale Laplante<\/b>.<\/p>\n<p>LE 18 SEPTEMBRE, 19 H 30, \u00c9DIFICE WILDER\u00a0 <a href=\"https:\/\/levivier.ca\/fr\/concert\/saison-2025-26\/quasar-trio-zukan-chambre-decoute\" target=\"_blank\" rel=\"noopener\">D\u00c9TAILS ET BILLETS<\/a><\/p>\n<p>&nbsp;<\/p>\n<figure id=\"attachment_89647\" aria-describedby=\"caption-attachment-89647\" style=\"width: 1200px\" class=\"wp-caption aligncenter\"><img decoding=\"async\" loading=\"lazy\" class=\"size-full wp-image-89647\" src=\"https:\/\/www.ludwig-van.com\/montreal\/wp-content\/uploads\/sites\/3\/2025\/09\/Hermeto-Pascoal_cropped.jpg\" alt=\"Hermeto Pascoal (Photo : courtoisie ONJ)\" width=\"1200\" height=\"688\" srcset=\"https:\/\/www.ludwig-van.com\/montreal\/wp-content\/uploads\/sites\/3\/2025\/09\/Hermeto-Pascoal_cropped.jpg 1200w, https:\/\/www.ludwig-van.com\/montreal\/wp-content\/uploads\/sites\/3\/2025\/09\/Hermeto-Pascoal_cropped-300x172.jpg 300w, https:\/\/www.ludwig-van.com\/montreal\/wp-content\/uploads\/sites\/3\/2025\/09\/Hermeto-Pascoal_cropped-1024x587.jpg 1024w, https:\/\/www.ludwig-van.com\/montreal\/wp-content\/uploads\/sites\/3\/2025\/09\/Hermeto-Pascoal_cropped-768x440.jpg 768w\" sizes=\"(max-width: 1200px) 100vw, 1200px\" \/><figcaption id=\"caption-attachment-89647\" class=\"wp-caption-text\">Hermeto Pascoal (Photo : courtoisie ONJ)<\/figcaption><\/figure>\n<h3>ONJ &#8211; <i>Musique de Hermeto Pascoal<\/i><\/h3>\n<p>Le concert d\u2019ouverture de l\u2019<b>Orchestre national de jazz de Montr\u00e9al<\/b> prend une tournure inattendue alors que le compositeur mis \u00e0 l\u2019honneur lors de cette soir\u00e9e est d\u00e9c\u00e9d\u00e9 samedi dernier. Ce sera donc certainement avec beaucoup d\u2019\u00e9motions que l\u2019Orchestre rendra un vibrant hommage \u00e0 Hermeto Pascoal, figure embl\u00e9matique de la musique br\u00e9silienne. Ces \u00e9motions seront d\u2019autant plus fortes que le chef invit\u00e9, <b>Jovino Santos Neto<\/b>, a \u00e9t\u00e9 le disciple du compositeur que l\u2019on surnommait \u00abLe Sorcier\u00bb pendant plus de 15 ans. Les festives sambas auront une tout autre saveur\u2026<\/p>\n<p>LE 18 SEPTEMBRE, 20 H, CINQUI\u00c8ME SALLE\u00a0 <a href=\"https:\/\/www.placedesarts.com\/evenement\/hermeto-pascoal-onj\" target=\"_blank\" rel=\"noopener\">D\u00c9TAILS ET BILLETS<\/a><\/p>\n<p>&nbsp;<\/p>\n<figure id=\"attachment_89651\" aria-describedby=\"caption-attachment-89651\" style=\"width: 1200px\" class=\"wp-caption aligncenter\"><img decoding=\"async\" loading=\"lazy\" class=\"size-full wp-image-89651\" src=\"https:\/\/www.ludwig-van.com\/montreal\/wp-content\/uploads\/sites\/3\/2025\/09\/Alexander-Straut-Fausto_site-web-de-lartiste.jpg\" alt=\"Alexander Straus Fausto (Photo : site web de l'artiste)\" width=\"1200\" height=\"799\" srcset=\"https:\/\/www.ludwig-van.com\/montreal\/wp-content\/uploads\/sites\/3\/2025\/09\/Alexander-Straut-Fausto_site-web-de-lartiste.jpg 1200w, https:\/\/www.ludwig-van.com\/montreal\/wp-content\/uploads\/sites\/3\/2025\/09\/Alexander-Straut-Fausto_site-web-de-lartiste-300x200.jpg 300w, https:\/\/www.ludwig-van.com\/montreal\/wp-content\/uploads\/sites\/3\/2025\/09\/Alexander-Straut-Fausto_site-web-de-lartiste-1024x682.jpg 1024w, https:\/\/www.ludwig-van.com\/montreal\/wp-content\/uploads\/sites\/3\/2025\/09\/Alexander-Straut-Fausto_site-web-de-lartiste-768x511.jpg 768w\" sizes=\"(max-width: 1200px) 100vw, 1200px\" \/><figcaption id=\"caption-attachment-89651\" class=\"wp-caption-text\">Alexander Straus Fausto (Photo : site web de l&rsquo;artiste)<\/figcaption><\/figure>\n<h3>Alexander Straus-Fausto, orgue<\/h3>\n<p>La Soci\u00e9t\u00e9 des orgues de Maisonneuve re\u00e7oit pour ce premier concert d\u2019automne le jeune organiste canadien <b>Alexander Straus-Fausto<\/b>. Ce dernier, nomm\u00e9 en 2023 parmi les 20 artistes de moins de 30 ans ayant le plus contribu\u00e9\u00b7e\u00b7s le plus \u00e0 l\u2019essor de l\u2019orgue par The Diapason (The Diapason\u2019s 20 under 30, class of 2023), est reconnu pour son r\u00e9pertoire innovant, sa perspective imaginative et son style color\u00e9. Il revient, le temps d\u2019un concert, jouer sur le troisi\u00e8me orgue le plus grand au Canada, celui de l\u2019\u00e9glise du Tr\u00e8s-Saint-Nom-de-J\u00e9sus, o\u00f9 il a \u00e9t\u00e9 nomm\u00e9 organiste titulaire au jeune \u00e2ge de 19 ans. L\u2019entr\u00e9e est \u00e0 contribution volontaire.<\/p>\n<p>LE 21 SEPTEMBRE, 15 H, \u00c9GLISE DU TR\u00c8S-ST-NOM-DE-J\u00c9SUS<\/p>\n<figure id=\"attachment_89650\" aria-describedby=\"caption-attachment-89650\" style=\"width: 1200px\" class=\"wp-caption aligncenter\"><img decoding=\"async\" loading=\"lazy\" class=\"size-full wp-image-89650\" src=\"https:\/\/www.ludwig-van.com\/montreal\/wp-content\/uploads\/sites\/3\/2025\/09\/Olga-Davnis_Clavecin-en-concert.png\" alt=\"Olga Davnis (Photo : site web de Clavecin en Concert)\" width=\"1200\" height=\"792\" srcset=\"https:\/\/www.ludwig-van.com\/montreal\/wp-content\/uploads\/sites\/3\/2025\/09\/Olga-Davnis_Clavecin-en-concert.png 1200w, https:\/\/www.ludwig-van.com\/montreal\/wp-content\/uploads\/sites\/3\/2025\/09\/Olga-Davnis_Clavecin-en-concert-300x198.png 300w, https:\/\/www.ludwig-van.com\/montreal\/wp-content\/uploads\/sites\/3\/2025\/09\/Olga-Davnis_Clavecin-en-concert-1024x676.png 1024w, https:\/\/www.ludwig-van.com\/montreal\/wp-content\/uploads\/sites\/3\/2025\/09\/Olga-Davnis_Clavecin-en-concert-768x507.png 768w\" sizes=\"(max-width: 1200px) 100vw, 1200px\" \/><figcaption id=\"caption-attachment-89650\" class=\"wp-caption-text\">Olga Davnis (Photo : site web de Clavecin en Concert)<\/figcaption><\/figure>\n<h3>R\u00e9cital d\u2019Olga Davnis, clavecin<\/h3>\n<p>Clavecin en concert pr\u00e9sente la jeune claveciniste, pianiste et pianofortiste originaire de Russie <b>Olga Davnis<\/b>. Pour sa premi\u00e8re repr\u00e9sentation \u00e0 Montr\u00e9al, la laur\u00e9ate du Concours international de clavecin Jurow de 2024 consacre son programme \u00e0 Fran\u00e7ois Couperin, Jacques Duphly et Johann Sebastian Bach.<\/p>\n<p>LE 21 SEPTEMBRE, 15 H, \u00c9GLISE ST-VIATEUR D\u2019OUTREMONT\u00a0 <a href=\"https:\/\/clavecinenconcert.com\/recital-de-clavecin-olga-davnis\/\" target=\"_blank\" rel=\"noopener\">D\u00c9TAILS ET BILLETS<\/a><\/p>\n<p>&nbsp;<\/p>\n<p><img decoding=\"async\" loading=\"lazy\" class=\"aligncenter size-full wp-image-89649\" src=\"https:\/\/www.ludwig-van.com\/montreal\/wp-content\/uploads\/sites\/3\/2025\/09\/Screenshot-2025-09-16-at-12-18-19-ENSEMBLE-URBAIN-MUSIQUE-ORIGINES-21-sept.-2025-La-Vitrine.png\" alt=\"\" width=\"764\" height=\"473\" srcset=\"https:\/\/www.ludwig-van.com\/montreal\/wp-content\/uploads\/sites\/3\/2025\/09\/Screenshot-2025-09-16-at-12-18-19-ENSEMBLE-URBAIN-MUSIQUE-ORIGINES-21-sept.-2025-La-Vitrine.png 764w, https:\/\/www.ludwig-van.com\/montreal\/wp-content\/uploads\/sites\/3\/2025\/09\/Screenshot-2025-09-16-at-12-18-19-ENSEMBLE-URBAIN-MUSIQUE-ORIGINES-21-sept.-2025-La-Vitrine-300x186.png 300w\" sizes=\"(max-width: 764px) 100vw, 764px\" \/><\/p>\n<h3>Ensemble Urbain Musique &#8211; <i>Origines<\/i><\/h3>\n<p>L\u2019<b>Ensemble Urbain Musique<\/b> pr\u00e9sente son concert d\u2019automne <i>Origines<\/i> ce dimanche \u00e0 La Sala Rossa. Le programme, compos\u00e9 d\u2019\u0153uvres s\u2019appuyant sur des formes d\u2019art du pass\u00e9 pour influencer l\u2019avenir, comprend entre autres deux cr\u00e9ations de Genevi\u00e8ve Gros-Louis, compositrice de musique de film, violoniste et productrice de la nation Wendat maintenant install\u00e9e \u00e0 Los Angeles.<\/p>\n<p>LE 21 SEPTEMBRE, 18 H 30, LA SALA ROSSA\u00a0 <a href=\"https:\/\/www.lavitrine.com\/fr\/evenement\/ensemble-urbain-musique-origines\/27534\/1552591\" target=\"_blank\" rel=\"noopener\">D\u00c9TAILS ET BILLETS<\/a><\/p>\n<h2><em>Inscrivez-vous \u00e0 notre infolettre! La musique classique et l\u2019op\u00e9ra en 5 minutes, chaque jour<\/em> <a href=\"https:\/\/ludwig-van.us9.list-manage.com\/subscribe?u=4f785cb3f9058f2393ccad035&amp;id=b9b160c032\" target=\"_blank\" rel=\"noopener noreferrer\">ICI.<\/a><\/h2>\n","protected":false},"excerpt":{"rendered":"<p>Et c\u2019est parti mon kiki! La saison 2025-2026 de vos artistes et ensembles pr\u00e9f\u00e9r\u00e9s ne devrait tarder \u00e0 \u00eatre lanc\u00e9e! Cette semaine marque en effet la rentr\u00e9e musicale de plusieurs diffuseurs. L\u2019OSM, l\u2019ONJ, l\u2019Ensemble Caprice, VoxPopuli, Le Vivier, la Soci\u00e9t\u00e9 des orgues de Maisonneuve, Autour de la fl\u00fbte et Clavecin en concert entament tous leur saison dans les prochains jours. Alors, \u00eates-vous pr\u00eat\u00b7e\u00b7s? \u00c0 vos marques, pr\u00eats, partez!<\/p>\n","protected":false},"author":1,"featured_media":89654,"comment_status":"open","ping_status":"open","sticky":false,"template":"","format":"standard","meta":{"om_disable_all_campaigns":false,"jetpack_post_was_ever_published":false},"categories":[42299,10994],"tags":[42300,11882],"yst_prominent_words":[33508,9863,14775,26052,19984,26017,26016,33575,36578],"acf":[],"jetpack_featured_media_url":"https:\/\/www.ludwig-van.com\/montreal\/wp-content\/uploads\/sites\/3\/2025\/09\/Copie-de-CONCERTS4.jpg","jetpack_sharing_enabled":true,"jetpack_shortlink":"https:\/\/wp.me\/p9bdYt-njL","amp_enabled":true,"_links":{"self":[{"href":"https:\/\/www.ludwig-van.com\/montreal\/wp-json\/wp\/v2\/posts\/89637"}],"collection":[{"href":"https:\/\/www.ludwig-van.com\/montreal\/wp-json\/wp\/v2\/posts"}],"about":[{"href":"https:\/\/www.ludwig-van.com\/montreal\/wp-json\/wp\/v2\/types\/post"}],"author":[{"embeddable":true,"href":"https:\/\/www.ludwig-van.com\/montreal\/wp-json\/wp\/v2\/users\/1"}],"replies":[{"embeddable":true,"href":"https:\/\/www.ludwig-van.com\/montreal\/wp-json\/wp\/v2\/comments?post=89637"}],"version-history":[{"count":11,"href":"https:\/\/www.ludwig-van.com\/montreal\/wp-json\/wp\/v2\/posts\/89637\/revisions"}],"predecessor-version":[{"id":89667,"href":"https:\/\/www.ludwig-van.com\/montreal\/wp-json\/wp\/v2\/posts\/89637\/revisions\/89667"}],"wp:featuredmedia":[{"embeddable":true,"href":"https:\/\/www.ludwig-van.com\/montreal\/wp-json\/wp\/v2\/media\/89654"}],"wp:attachment":[{"href":"https:\/\/www.ludwig-van.com\/montreal\/wp-json\/wp\/v2\/media?parent=89637"}],"wp:term":[{"taxonomy":"category","embeddable":true,"href":"https:\/\/www.ludwig-van.com\/montreal\/wp-json\/wp\/v2\/categories?post=89637"},{"taxonomy":"post_tag","embeddable":true,"href":"https:\/\/www.ludwig-van.com\/montreal\/wp-json\/wp\/v2\/tags?post=89637"},{"taxonomy":"yst_prominent_words","embeddable":true,"href":"https:\/\/www.ludwig-van.com\/montreal\/wp-json\/wp\/v2\/yst_prominent_words?post=89637"}],"curies":[{"name":"wp","href":"https:\/\/api.w.org\/{rel}","templated":true}]}}