{"id":89599,"date":"2025-09-12T16:40:24","date_gmt":"2025-09-12T20:40:24","guid":{"rendered":"https:\/\/www.ludwig-van.com\/montreal\/?p=89599"},"modified":"2025-09-16T08:00:05","modified_gmt":"2025-09-16T12:00:05","slug":"critique-bella-figura-de-gbc-un-debut-de-saison-inegal","status":"publish","type":"post","link":"https:\/\/www.ludwig-van.com\/montreal\/2025\/09\/12\/critique-bella-figura-de-gbc-un-debut-de-saison-inegal\/","title":{"rendered":"CRITIQUE | Bella Figura de GBC : Un d\u00e9but de saison in\u00e9gal"},"content":{"rendered":"<figure id=\"attachment_89600\" aria-describedby=\"caption-attachment-89600\" style=\"width: 1200px\" class=\"wp-caption aligncenter\"><img decoding=\"async\" loading=\"lazy\" class=\"size-full wp-image-89600\" src=\"https:\/\/www.ludwig-van.com\/montreal\/wp-content\/uploads\/sites\/3\/2025\/09\/Copie-de-CRITIQUE2.jpg\" alt=\"Les danseurs Kiara Denae Felder et Hamilton Nieh dans Bella Figura de Ji\u0159\u00ed Kyli\u00e1n. (Photo : Sasha Onyshenko)\" width=\"1200\" height=\"628\" srcset=\"https:\/\/www.ludwig-van.com\/montreal\/wp-content\/uploads\/sites\/3\/2025\/09\/Copie-de-CRITIQUE2.jpg 1200w, https:\/\/www.ludwig-van.com\/montreal\/wp-content\/uploads\/sites\/3\/2025\/09\/Copie-de-CRITIQUE2-300x157.jpg 300w, https:\/\/www.ludwig-van.com\/montreal\/wp-content\/uploads\/sites\/3\/2025\/09\/Copie-de-CRITIQUE2-1024x536.jpg 1024w, https:\/\/www.ludwig-van.com\/montreal\/wp-content\/uploads\/sites\/3\/2025\/09\/Copie-de-CRITIQUE2-768x402.jpg 768w\" sizes=\"(max-width: 1200px) 100vw, 1200px\" \/><figcaption id=\"caption-attachment-89600\" class=\"wp-caption-text\">Les danseurs Kiara Denae Felder et Hamilton Nieh dans Bella Figura de Ji\u0159\u00ed Kyli\u00e1n. (Photo : Sasha Onyshenko)<\/figcaption><\/figure>\n<p><em>par Mireille Cadrin<\/em><\/p>\n<p>Les <b>Grands Ballets<\/b> ouvrent leur saison 2025-2026 avec <i>Bella Figura<\/i>, un spectacle rassemblant quatre chor\u00e9graphies de danse contemporaine, pr\u00e9sent\u00e9 du 11 au 20 septembre au Th\u00e9\u00e2tre Maisonneuve. LVM a assist\u00e9 \u00e0 la premi\u00e8re pour vous en rapporter les grandes lignes. Les Grands Ballets ont-ils r\u00e9ussi \u00e0 nous donner l\u2019eau \u00e0 la bouche pour la suite de la saison? Oui, mais\u2026<\/p>\n<p>La soir\u00e9e s\u2019est ouverte avec <i>Voluntaries<\/i> du chor\u00e9graphe Glen Tetley, cr\u00e9\u00e9 en 1973. Cette danse m\u00ealant lignes classiques et lignes contemporaines reste r\u00e9solument contemporaine dans son ensemble. L\u2019\u0153uvre en soi est r\u00e9p\u00e9titive et ne nous a pas particuli\u00e8rement accroch\u00e9, mais il s\u2019agit l\u00e0 d\u2019une question de go\u00fbt personnel. Malheureusement, les artistes ne r\u00e9ussissent pas \u00e0 nous impressionner et \u00e0 nous faire oublier la chor\u00e9graphie. Plusieurs erreurs se sont gliss\u00e9es dans leur interpr\u00e9tation, que ce soit au niveau du synchronisme, de la qualit\u00e9 des mouvements, de la rectitude des lignes ou du coup d&rsquo;\u0153il g\u00e9n\u00e9ral. En effet, les danseurs\u00b7euses ne semblaient pas encore tout \u00e0 fait pr\u00eat\u00b7e\u00b7s \u00e0 pr\u00e9senter cette \u0153uvre, nous donnant m\u00eame parfois l\u2019impression d\u2019\u00eatre en r\u00e9p\u00e9tition. D\u2019ailleurs, le public de la premi\u00e8re leur a r\u00e9serv\u00e9 un accueil correct, mais sans plus. Un point positif que l\u2019on doit souligner cependant est la qualit\u00e9 des port\u00e9s &#8211; qui se trouvent en quantit\u00e9 d\u2019ailleurs &#8211; qui sont d\u2019une aisance d\u00e9concertante, la femme semblant peser le poids d\u2019une poup\u00e9e de chiffon tant l\u2019homme la manipule avec agilit\u00e9.<\/p>\n<p>La compagnie montr\u00e9alaise se rattrape toutefois par la suite alors qu\u2019elle interpr\u00e8te <i>F\u00eate sauvage<\/i> de la chor\u00e9graphe qu\u00e9b\u00e9coise <b>H\u00e9l\u00e8ne Blackburn<\/b>. Cette fois, les mouvements sont faits avec justesse et pr\u00e9cision. Relevant sans contredit de la danse contemporaine, sans aucun rappel de lignes classiques, cette \u0153uvre, qui est n\u00e9e suite au confinement de la pand\u00e9mie, se veut selon le programme \u201cune f\u00eate instinctive, clandestine, physique &#8211; c\u00e9l\u00e9bration f\u00e9roce du lien retrouv\u00e9\u201d. Ces propos ne nous semblent pas clairement d\u00e9montr\u00e9s, les gestes \u00e9tant brusques, saccad\u00e9s et combatifs plut\u00f4t que festifs. Cependant, les interpr\u00e8tes les rendent avec exactitude et force, d\u00e9montrant cette fois tout leur bagage technique et leur talent. Signe que les temps changent, un homme danse la chor\u00e9graphie sur pointes, traditionnellement r\u00e9serv\u00e9es aux femmes. Une danseuse s\u2019ex\u00e9cute quant \u00e0 elle en talons hauts, ce qui demande une agilit\u00e9 certaine, alors que les autres artistes portent \u00e0 leurs pieds l\u2019\u00e9quipement habituel, pointes pour les femmes et chaussons noirs pour les hommes. Une r\u00e9ussite bien accueillie par le public cette fois.<\/p>\n<p>&nbsp;<\/p>\n<figure id=\"attachment_89601\" aria-describedby=\"caption-attachment-89601\" style=\"width: 1200px\" class=\"wp-caption aligncenter\"><img decoding=\"async\" loading=\"lazy\" class=\"size-full wp-image-89601\" src=\"https:\/\/www.ludwig-van.com\/montreal\/wp-content\/uploads\/sites\/3\/2025\/09\/GBC-sept-2025_photo-sasha-onyshchenko-raphael-bouchard-maude-sabourin-2-1752161884.jpg\" alt=\"Rapha\u00ebl Bouchard et Maude Sabourin dans le duo Nebe, chor\u00e9graphi\u00e9 par J\u00e9r\u00e9my Galdeano et  V\u011bra Kvar\u010d\u00e1kov\u00e1. (Photo : Sasha Onyshenko)\" width=\"1200\" height=\"800\" srcset=\"https:\/\/www.ludwig-van.com\/montreal\/wp-content\/uploads\/sites\/3\/2025\/09\/GBC-sept-2025_photo-sasha-onyshchenko-raphael-bouchard-maude-sabourin-2-1752161884.jpg 1200w, https:\/\/www.ludwig-van.com\/montreal\/wp-content\/uploads\/sites\/3\/2025\/09\/GBC-sept-2025_photo-sasha-onyshchenko-raphael-bouchard-maude-sabourin-2-1752161884-300x200.jpg 300w, https:\/\/www.ludwig-van.com\/montreal\/wp-content\/uploads\/sites\/3\/2025\/09\/GBC-sept-2025_photo-sasha-onyshchenko-raphael-bouchard-maude-sabourin-2-1752161884-1024x683.jpg 1024w, https:\/\/www.ludwig-van.com\/montreal\/wp-content\/uploads\/sites\/3\/2025\/09\/GBC-sept-2025_photo-sasha-onyshchenko-raphael-bouchard-maude-sabourin-2-1752161884-768x512.jpg 768w\" sizes=\"(max-width: 1200px) 100vw, 1200px\" \/><figcaption id=\"caption-attachment-89601\" class=\"wp-caption-text\">Rapha\u00ebl Bouchard et Maude Sabourin dans le duo Nebe, chor\u00e9graphi\u00e9 par J\u00e9r\u00e9my Galdeano et V\u011bra Kvar\u010d\u00e1kov\u00e1. (Photo : Sasha Onyshenko)<\/figcaption><\/figure>\n<p>C\u2019est d\u00e9finitivement au retour de l\u2019entracte que le public est gagn\u00e9. Lorsque le rideau s\u2019ouvre pour <i>Nebe<\/i>, duo chor\u00e9graphi\u00e9 par <b>J\u00e9r\u00e9my Galdeano<\/b> et\u00a0 <b>V\u011bra Kvar\u010d\u00e1kov\u00e1<\/b> et interpr\u00e9t\u00e9 par la premi\u00e8re danseuse <b>Maude Sabourin<\/b> et le premier danseur <b>Rapha\u00ebl Bouchard<\/b>, l\u2019effet sur sc\u00e8ne est saisissant et un murmure se fait entendre dans la salle. Un rayon laser bleu cr\u00e9ant un immense triangle est travers\u00e9 par de la fum\u00e9e d\u2019ambiance, donnant l\u2019impression que celle-ci est tangible, palpable. La danse est par la suite interpr\u00e9t\u00e9e de fa\u00e7on majestueuse, alors que les mouvements sont \u00e0 la fois doux et intenses, l\u00e9gers et organiques, et d\u00e9montrent une complicit\u00e9 certaine entre les interpr\u00e8tes. Ce six minutes de plaisir pour les yeux est l\u2019adieu \u00e0 la sc\u00e8ne de <strong>Rapha\u00ebl Bouchard<\/strong>, \u00e0 qui nous souhaitons une belle retraite de la danse et beaucoup de succ\u00e8s dans ses prochains d\u00e9fis.<\/p>\n<p>La pi\u00e8ce titre qui cl\u00f4ture la soir\u00e9e est toutefois l\u2019\u0153uvre qui semble le plus plaire au public, \u00e0 y voir sa r\u00e9action. Les applaudissements chaleureux et enthousiastes sont accompagn\u00e9s d\u2019une ovation debout durant plusieurs minutes. La chor\u00e9graphie de <b>Ji\u0159\u00ed Kyli\u00e1n<\/b> <i>Bella Figura<\/i> est d\u2019une musicalit\u00e9 impressionnante, chaque tr\u00e9molo et chaque apog\u00e9e musicale \u00e9tant mis en valeur, sans toutefois que \u00e7a devienne trop lourd visuellement. Cette danse, qui est compos\u00e9e de duos, de trios et de moments d\u2019ensemble, cherche \u00e0 amener le spectateur \u00e0 se questionner sur la relativit\u00e9 du beau, du sensuel, de l\u2019esth\u00e9tique, et c\u2019est r\u00e9ussi. Lors des duos, les mouvements de l\u2019un compl\u00e8tent \u00e0 merveille ceux de l\u2019autre, les lignes se parachevant et cr\u00e9ant des formes parfaites entre elles. Un moment visuellement marquant est l\u2019utilisation lors d\u2019une partie de la chor\u00e9graphie de grandes jupes bouffantes rouges port\u00e9es autant par les hommes que les femmes qui sont tous torse nu. Lorsque neuf artistes apparaissent sur sc\u00e8ne avec ce costume et dansent dans un synchronisme frappant, l\u2019effet visuel est spectaculaire. Un autre effet visuel remarquable est l\u2019utilisation des rideaux qui se ferment et s\u2019ouvrent afin de cr\u00e9er un cadre autour des danseurs\u00b7euses et servant m\u00eame d\u2019accessoire \u00e0 quelques reprises. Du point de vue qualit\u00e9 de la danse, on peut dire que les artistes r\u00e9ussissent ce retour devant public apr\u00e8s la pause de l\u2019\u00e9t\u00e9. Manifestement, cette pause en f\u00fbt une de sc\u00e8ne, mais pas d\u2019entra\u00eenement! Chaque mouvement est m\u00e9ticuleusement ex\u00e9cut\u00e9, donnant un r\u00e9sultat doux, l\u00e9ger, sans effort.<\/p>\n<p>Si on fait abstraction de la premi\u00e8re \u0153uvre, c\u2019est d\u00e9finitivement un coup d\u2019envoi r\u00e9ussi pour les <strong>Grands Ballets<\/strong>. Comme il peut arriver qu\u2019une repr\u00e9sentation se passe moins bien que d\u2019autres, nous leur pardonnons cet anicroche et leur souhaitons une merveilleuse saison!<\/p>\n<h2><em>Inscrivez-vous \u00e0 notre infolettre! La musique classique et l\u2019op\u00e9ra en 5 minutes, chaque jour<\/em> <a href=\"https:\/\/ludwig-van.us9.list-manage.com\/subscribe?u=4f785cb3f9058f2393ccad035&amp;id=b9b160c032\" target=\"_blank\" rel=\"noopener noreferrer\">ICI.<\/a><\/h2>\n","protected":false},"excerpt":{"rendered":"<p>Les Grands Ballets ouvrent leur saison 2025-2026 avec Bella Figura, un spectacle rassemblant quatre chor\u00e9graphies de danse contemporaine, pr\u00e9sent\u00e9 du 11 au 20 septembre au Th\u00e9\u00e2tre Maisonneuve. LVM a assist\u00e9 \u00e0 la premi\u00e8re pour vous en rapporter les grandes lignes. Les Grands Ballets ont-ils r\u00e9ussi \u00e0 nous donner l\u2019eau \u00e0 la bouche pour la suite de la saison? Oui, mais\u2026<\/p>\n","protected":false},"author":1,"featured_media":89600,"comment_status":"open","ping_status":"open","sticky":false,"template":"","format":"standard","meta":{"om_disable_all_campaigns":false,"jetpack_post_was_ever_published":false},"categories":[42299,52,20],"tags":[42300,42350,42349],"yst_prominent_words":[10008,25351],"acf":[],"jetpack_featured_media_url":"https:\/\/www.ludwig-van.com\/montreal\/wp-content\/uploads\/sites\/3\/2025\/09\/Copie-de-CRITIQUE2.jpg","jetpack_sharing_enabled":true,"jetpack_shortlink":"https:\/\/wp.me\/p9bdYt-nj9","amp_enabled":true,"_links":{"self":[{"href":"https:\/\/www.ludwig-van.com\/montreal\/wp-json\/wp\/v2\/posts\/89599"}],"collection":[{"href":"https:\/\/www.ludwig-van.com\/montreal\/wp-json\/wp\/v2\/posts"}],"about":[{"href":"https:\/\/www.ludwig-van.com\/montreal\/wp-json\/wp\/v2\/types\/post"}],"author":[{"embeddable":true,"href":"https:\/\/www.ludwig-van.com\/montreal\/wp-json\/wp\/v2\/users\/1"}],"replies":[{"embeddable":true,"href":"https:\/\/www.ludwig-van.com\/montreal\/wp-json\/wp\/v2\/comments?post=89599"}],"version-history":[{"count":31,"href":"https:\/\/www.ludwig-van.com\/montreal\/wp-json\/wp\/v2\/posts\/89599\/revisions"}],"predecessor-version":[{"id":89645,"href":"https:\/\/www.ludwig-van.com\/montreal\/wp-json\/wp\/v2\/posts\/89599\/revisions\/89645"}],"wp:featuredmedia":[{"embeddable":true,"href":"https:\/\/www.ludwig-van.com\/montreal\/wp-json\/wp\/v2\/media\/89600"}],"wp:attachment":[{"href":"https:\/\/www.ludwig-van.com\/montreal\/wp-json\/wp\/v2\/media?parent=89599"}],"wp:term":[{"taxonomy":"category","embeddable":true,"href":"https:\/\/www.ludwig-van.com\/montreal\/wp-json\/wp\/v2\/categories?post=89599"},{"taxonomy":"post_tag","embeddable":true,"href":"https:\/\/www.ludwig-van.com\/montreal\/wp-json\/wp\/v2\/tags?post=89599"},{"taxonomy":"yst_prominent_words","embeddable":true,"href":"https:\/\/www.ludwig-van.com\/montreal\/wp-json\/wp\/v2\/yst_prominent_words?post=89599"}],"curies":[{"name":"wp","href":"https:\/\/api.w.org\/{rel}","templated":true}]}}