{"id":89595,"date":"2025-09-12T17:36:34","date_gmt":"2025-09-12T21:36:34","guid":{"rendered":"https:\/\/www.ludwig-van.com\/montreal\/?p=89595"},"modified":"2025-09-12T17:51:00","modified_gmt":"2025-09-12T21:51:00","slug":"nouvelle-chapelle-musicale-du-bon-pasteur-changement-de-nom-et-saison-automnale","status":"publish","type":"post","link":"https:\/\/www.ludwig-van.com\/montreal\/2025\/09\/12\/nouvelle-chapelle-musicale-du-bon-pasteur-changement-de-nom-et-saison-automnale\/","title":{"rendered":"NOUVELLE | Chapelle musicale du Bon-Pasteur : changement de nom et saison automnale"},"content":{"rendered":"<figure id=\"attachment_89603\" aria-describedby=\"caption-attachment-89603\" style=\"width: 1200px\" class=\"wp-caption aligncenter\"><img decoding=\"async\" loading=\"lazy\" class=\"size-full wp-image-89603\" src=\"https:\/\/www.ludwig-van.com\/montreal\/wp-content\/uploads\/sites\/3\/2025\/09\/Copie-de-NOUVELLE3-1.jpg\" alt=\"(Visuel : courtoisie Chapelle musicale du Bon-Pasteur)\" width=\"1200\" height=\"628\" srcset=\"https:\/\/www.ludwig-van.com\/montreal\/wp-content\/uploads\/sites\/3\/2025\/09\/Copie-de-NOUVELLE3-1.jpg 1200w, https:\/\/www.ludwig-van.com\/montreal\/wp-content\/uploads\/sites\/3\/2025\/09\/Copie-de-NOUVELLE3-1-300x157.jpg 300w, https:\/\/www.ludwig-van.com\/montreal\/wp-content\/uploads\/sites\/3\/2025\/09\/Copie-de-NOUVELLE3-1-1024x536.jpg 1024w, https:\/\/www.ludwig-van.com\/montreal\/wp-content\/uploads\/sites\/3\/2025\/09\/Copie-de-NOUVELLE3-1-768x402.jpg 768w\" sizes=\"(max-width: 1200px) 100vw, 1200px\" \/><figcaption id=\"caption-attachment-89603\" class=\"wp-caption-text\">(Visuel : courtoisie Chapelle musicale du Bon-Pasteur)<\/figcaption><\/figure>\n<p data-start=\"192\" data-end=\"545\">La <strong data-start=\"195\" data-end=\"231\">Chapelle musicale du Bon-Pasteur<\/strong> a d\u00e9voil\u00e9 sa programmation pour l\u2019automne 2025. L\u2019institution montr\u00e9alaise, qui f\u00eate ses 37 ans d\u2019existence, adopte officiellement un nouveau nom \u2014 auparavant <em data-start=\"391\" data-end=\"427\">Chapelle historique du Bon-Pasteur<\/em> \u2014 afin de refl\u00e9ter plus clairement sa mission consacr\u00e9e \u00e0 la musique de concert et \u00e0 l\u2019accompagnement des artistes. Ce changement est le r\u00e9sultat d&rsquo;une r\u00e9flexion amorc\u00e9e avant m\u00eame l&rsquo;incendie ravageur du 25 mai 2023, afin de mettre l&rsquo;accent sur la mission de la Chapelle au sein du milieu de la musique de concert.<\/p>\n<h3 data-start=\"547\" data-end=\"579\">Une saison de 25 concerts<\/h3>\n<p data-start=\"580\" data-end=\"906\">Entre le 28 septembre et le 14 d\u00e9cembre 2025, 25 concerts gratuits seront propos\u00e9s. Les formats iront du r\u00e9cital intime aux prestations d\u2019ensemble plus \u00e9toff\u00e9s, couvrant une vari\u00e9t\u00e9 de styles et d&rsquo;\u00e9poques : musique ancienne, r\u00e9pertoire romantique, \u0153uvres du XX\u1d49 si\u00e8cle et cr\u00e9ations contemporaines.<\/p>\n<h3 data-start=\"908\" data-end=\"943\">S\u00e9lection<\/h3>\n<p data-start=\"944\" data-end=\"1154\">La saison s\u2019ouvrira le dimanche 28 septembre avec l\u2019ensemble <strong data-start=\"1009\" data-end=\"1026\">Les Barocudas<\/strong>, qui pr\u00e9sentera un programme autour de la musique parisienne de 1739, ann\u00e9e de la nomination de Fran\u00e7ois Francoeur \u00e0 l\u2019Op\u00e9ra. Les interpr\u00e8tes Marie Nadeau-Tremblay, Kerry Bursey et Tristan Best ont rod\u00e9 ce spectacle dans le cadre d&rsquo;une tourn\u00e9e des Jeunesses musicales Canada.<\/p>\n<p data-start=\"1156\" data-end=\"1485\">Le mercredi 8 octobre, la soprano <strong data-start=\"1194\" data-end=\"1212\">Myriam Leblanc<\/strong> et le pianiste <strong data-start=\"1228\" data-end=\"1245\">Jean Marchand<\/strong> donneront un concert intitul\u00e9 <em data-start=\"1276\" data-end=\"1291\">Cage d\u2019oiseau<\/em>. On pourra y entendre le cycle <em data-start=\"1323\" data-end=\"1339\">Po\u00e8mes pour Mi<\/em> d\u2019Olivier Messiaen ainsi que deux mises en musique d\u2019un po\u00e8me de St-Denys Garneau, sign\u00e9es respectivement <strong data-start=\"1446\" data-end=\"1462\">Denis B\u00e9dard<\/strong> et <strong data-start=\"1466\" data-end=\"1482\">Serge Garant<\/strong>.<\/p>\n<p data-start=\"1487\" data-end=\"1684\">Le<strong data-start=\"1490\" data-end=\"1514\"> mercredi 12 novembre<\/strong>, le <strong data-start=\"1519\" data-end=\"1537\">Quatuor Cobalt<\/strong> poursuivra son projet d\u2019int\u00e9grale des quatuors \u00e0 cordes de Franz Schubert, dont <a href=\"https:\/\/www.ludwig-van.com\/montreal\/2024\/10\/17\/critique-13\/\" target=\"_blank\" rel=\"noopener\">nous avions fortement appr\u00e9ci\u00e9 le premier volet<\/a> donn\u00e9 en octobre 2024.<\/p>\n<p data-start=\"1686\" data-end=\"2011\">Enfin, le <strong data-start=\"1696\" data-end=\"1719\">dimanche 7 d\u00e9cembre<\/strong>, les pianistes <strong data-start=\"1735\" data-end=\"1763\">Samuel Blanchette-Gagnon<\/strong> et <strong data-start=\"1767\" data-end=\"1782\">Mehdi Ghazi<\/strong> interpr\u00e9teront la version pour deux pianos des <em data-start=\"1830\" data-end=\"1851\">Danses symphoniques<\/em> de Sergue\u00ef Rachmaninov, l\u2019une des derni\u00e8res \u0153uvres du compositeur. Le concert donnera \u00e9galement l\u2019occasion d\u2019entendre les deux pianos Fazioli de la Chapelle.<\/p>\n<h3 data-start=\"2013\" data-end=\"2048\">Des concerts \u201chors les murs\u201d<\/h3>\n<p data-start=\"2049\" data-end=\"2575\">En raison de la fermeture temporaire (et d&rsquo;une dur\u00e9e toujours ind\u00e9termin\u00e9e) de la Chapelle, les concerts ont lieu dans plusieurs lieux de Montr\u00e9al. La majorit\u00e9 des \u00e9v\u00e9nements se tiendront au th\u00e9\u00e2tre Paul-Desmarais du <strong>Centre canadien d\u2019architecture<\/strong>, gr\u00e2ce \u00e0 une collaboration avec le <strong data-start=\"2296\" data-end=\"2303\">CCA <\/strong>\u00e9tablie d\u00e8s les premi\u00e8res heures de besoin. Certains concerts seront aussi pr\u00e9sent\u00e9s \u00e0 la Chapelle Notre-Dame-de-Bon-Secours, en partenariat avec l\u2019<strong data-start=\"2409\" data-end=\"2433\">Orchestre de l\u2019Agora<\/strong>, ainsi qu\u2019au <strong data-start=\"2447\" data-end=\"2464\">Centre Sanaaq<\/strong>, dans le cadre de la s\u00e9rie <em data-start=\"2492\" data-end=\"2506\">Midi musique<\/em> en collaboration avec le <strong data-start=\"2532\" data-end=\"2572\">Conservatoire de musique de Montr\u00e9al<\/strong>.<\/p>\n<h3 data-start=\"2577\" data-end=\"2603\">Un r\u00f4le de tremplin<\/h3>\n<p data-start=\"2604\" data-end=\"3079\">La <strong data-start=\"2607\" data-end=\"2643\">Chapelle musicale du Bon-Pasteur<\/strong> continue de se d\u00e9finir comme un incubateur de talents et un lieu de diffusion accessible. Sa programmation gratuite permet \u00e0 de jeunes interpr\u00e8tes de se produire dans un cadre professionnel, tout en accueillant aussi des artistes confirm\u00e9\u00b7e\u00b7s. Plusieurs musiciens aujourd\u2019hui reconnus, tels que <strong data-start=\"2936\" data-end=\"2960\">Yannick N\u00e9zet-S\u00e9guin<\/strong>, <strong data-start=\"2962\" data-end=\"2989\">Charles Richard-Hamelin<\/strong>, <strong data-start=\"2991\" data-end=\"3015\">Marie-Nicole Lemieux<\/strong>, <strong data-start=\"3017\" data-end=\"3030\">Bruce Liu<\/strong> et <strong data-start=\"3034\" data-end=\"3051\">Karina Gauvin<\/strong>, y ont fait leurs d\u00e9buts.<\/p>\n<h2><em>Inscrivez-vous \u00e0 notre infolettre! La musique classique et l\u2019op\u00e9ra en 5 minutes, chaque jour<\/em> <a href=\"https:\/\/ludwig-van.us9.list-manage.com\/subscribe?u=4f785cb3f9058f2393ccad035&amp;id=b9b160c032\" target=\"_blank\" rel=\"noopener noreferrer\">ICI.<\/a><\/h2>\n<p>&nbsp;<\/p>\n<hr data-start=\"3078\" data-end=\"3083\" \/>\n","protected":false},"excerpt":{"rendered":"<p>La Chapelle musicale du Bon-Pasteur a d\u00e9voil\u00e9 sa programmation pour l\u2019automne 2025. L\u2019institution montr\u00e9alaise, qui f\u00eate ses 37 ans d\u2019existence, annonce du m\u00eame coup officiellement son nouveau nom.<\/p>\n","protected":false},"author":55,"featured_media":89603,"comment_status":"open","ping_status":"open","sticky":false,"template":"","format":"standard","meta":{"om_disable_all_campaigns":false,"jetpack_post_was_ever_published":false},"categories":[42299,10992],"tags":[42300,10985,42351],"yst_prominent_words":[10118,15515,25975,11743,10544,10547,10542,7202,8858,19140,10476,9811,40079,16827,10546],"acf":[],"jetpack_featured_media_url":"https:\/\/www.ludwig-van.com\/montreal\/wp-content\/uploads\/sites\/3\/2025\/09\/Copie-de-NOUVELLE3-1.jpg","jetpack_sharing_enabled":true,"jetpack_shortlink":"https:\/\/wp.me\/p9bdYt-nj5","amp_enabled":true,"_links":{"self":[{"href":"https:\/\/www.ludwig-van.com\/montreal\/wp-json\/wp\/v2\/posts\/89595"}],"collection":[{"href":"https:\/\/www.ludwig-van.com\/montreal\/wp-json\/wp\/v2\/posts"}],"about":[{"href":"https:\/\/www.ludwig-van.com\/montreal\/wp-json\/wp\/v2\/types\/post"}],"author":[{"embeddable":true,"href":"https:\/\/www.ludwig-van.com\/montreal\/wp-json\/wp\/v2\/users\/55"}],"replies":[{"embeddable":true,"href":"https:\/\/www.ludwig-van.com\/montreal\/wp-json\/wp\/v2\/comments?post=89595"}],"version-history":[{"count":4,"href":"https:\/\/www.ludwig-van.com\/montreal\/wp-json\/wp\/v2\/posts\/89595\/revisions"}],"predecessor-version":[{"id":89607,"href":"https:\/\/www.ludwig-van.com\/montreal\/wp-json\/wp\/v2\/posts\/89595\/revisions\/89607"}],"wp:featuredmedia":[{"embeddable":true,"href":"https:\/\/www.ludwig-van.com\/montreal\/wp-json\/wp\/v2\/media\/89603"}],"wp:attachment":[{"href":"https:\/\/www.ludwig-van.com\/montreal\/wp-json\/wp\/v2\/media?parent=89595"}],"wp:term":[{"taxonomy":"category","embeddable":true,"href":"https:\/\/www.ludwig-van.com\/montreal\/wp-json\/wp\/v2\/categories?post=89595"},{"taxonomy":"post_tag","embeddable":true,"href":"https:\/\/www.ludwig-van.com\/montreal\/wp-json\/wp\/v2\/tags?post=89595"},{"taxonomy":"yst_prominent_words","embeddable":true,"href":"https:\/\/www.ludwig-van.com\/montreal\/wp-json\/wp\/v2\/yst_prominent_words?post=89595"}],"curies":[{"name":"wp","href":"https:\/\/api.w.org\/{rel}","templated":true}]}}