{"id":89594,"date":"2025-09-12T19:07:35","date_gmt":"2025-09-12T23:07:35","guid":{"rendered":"https:\/\/www.ludwig-van.com\/montreal\/?p=89594"},"modified":"2025-09-12T19:07:35","modified_gmt":"2025-09-12T23:07:35","slug":"albums-quelques-albums-decouvrir-loccasion-de-la-journee-de-lalbum-quebecois","status":"publish","type":"post","link":"https:\/\/www.ludwig-van.com\/montreal\/2025\/09\/12\/albums-quelques-albums-decouvrir-loccasion-de-la-journee-de-lalbum-quebecois\/","title":{"rendered":"ALBUMS | Quelques albums \u00e0 d\u00e9couvrir \u00e0 l&rsquo;occasion de la Journ\u00e9e de l&rsquo;album qu\u00e9b\u00e9cois"},"content":{"rendered":"<p><img decoding=\"async\" loading=\"lazy\" class=\"aligncenter size-full wp-image-89611\" src=\"https:\/\/www.ludwig-van.com\/montreal\/wp-content\/uploads\/sites\/3\/2025\/09\/Copie-de-DOSSIER.jpg\" alt=\"\" width=\"1200\" height=\"628\" srcset=\"https:\/\/www.ludwig-van.com\/montreal\/wp-content\/uploads\/sites\/3\/2025\/09\/Copie-de-DOSSIER.jpg 1200w, https:\/\/www.ludwig-van.com\/montreal\/wp-content\/uploads\/sites\/3\/2025\/09\/Copie-de-DOSSIER-300x157.jpg 300w, https:\/\/www.ludwig-van.com\/montreal\/wp-content\/uploads\/sites\/3\/2025\/09\/Copie-de-DOSSIER-1024x536.jpg 1024w, https:\/\/www.ludwig-van.com\/montreal\/wp-content\/uploads\/sites\/3\/2025\/09\/Copie-de-DOSSIER-768x402.jpg 768w\" sizes=\"(max-width: 1200px) 100vw, 1200px\" \/><\/p>\n<p>Aujourd&rsquo;hui marque la premi\u00e8re \u00e9dition de la <strong>Journ\u00e9e de l&rsquo;album qu\u00e9b\u00e9cois<\/strong>, inspir\u00e9e de la Journ\u00e9e du livre qu\u00e9b\u00e9cois, qui se tient le 12 ao\u00fbt \u00e0 chaque ann\u00e9e depuis 2014. La Journ\u00e9e de l&rsquo;album qu\u00e9b\u00e9cois est une initiative de la jeune organisation sans but lucratif <strong>Colporteurs<\/strong>, qui relance l&rsquo;\u00e9v\u00e9nement \u00e0 partir des bases jet\u00e9es par la Journ\u00e9e du disque qu\u00e9b\u00e9cois, cr\u00e9\u00e9e en 2019. Soutenue par SiriusXM et repr\u00e9sent\u00e9e par le porte-parole <strong>S\u00e9bastien Diaz<\/strong>, la Journ\u00e9e se tiendra annuellement le 2e vendredi de septembre.<\/p>\n<p>C&rsquo;est l&rsquo;occasion parfaite de vous faire d\u00e9couvrir certains des albums r\u00e9cents lanc\u00e9s par des artistes qu\u00e9b\u00e9cois.<\/p>\n<p>&nbsp;<\/p>\n<p><img decoding=\"async\" loading=\"lazy\" class=\"aligncenter size-full wp-image-89609\" src=\"https:\/\/www.ludwig-van.com\/montreal\/wp-content\/uploads\/sites\/3\/2025\/09\/Screenshot-2025-09-12-at-18-31-02-2463_Livret_iTunes_C1_FINAL.pdf.jpg\" alt=\"\" width=\"1200\" height=\"902\" srcset=\"https:\/\/www.ludwig-van.com\/montreal\/wp-content\/uploads\/sites\/3\/2025\/09\/Screenshot-2025-09-12-at-18-31-02-2463_Livret_iTunes_C1_FINAL.pdf.jpg 1200w, https:\/\/www.ludwig-van.com\/montreal\/wp-content\/uploads\/sites\/3\/2025\/09\/Screenshot-2025-09-12-at-18-31-02-2463_Livret_iTunes_C1_FINAL.pdf-300x226.jpg 300w, https:\/\/www.ludwig-van.com\/montreal\/wp-content\/uploads\/sites\/3\/2025\/09\/Screenshot-2025-09-12-at-18-31-02-2463_Livret_iTunes_C1_FINAL.pdf-1024x770.jpg 1024w, https:\/\/www.ludwig-van.com\/montreal\/wp-content\/uploads\/sites\/3\/2025\/09\/Screenshot-2025-09-12-at-18-31-02-2463_Livret_iTunes_C1_FINAL.pdf-768x577.jpg 768w\" sizes=\"(max-width: 1200px) 100vw, 1200px\" \/><\/p>\n<h3>David Jalbert &#8211; Prokofiev : Sonates pour piano, vol. 3<\/h3>\n<p>\u00c9tiquette : ATMA Classique<\/p>\n<p>Sur ce troisi\u00e8me album de sa s\u00e9rie consacr\u00e9e aux sonates pour piano de Prokofiev, David Jalbert combine la derni\u00e8re du cycle des \u00ab\u00a0Sonates de guerre\u00a0\u00bb, nom donn\u00e9 aux sixi\u00e8me, septi\u00e8me et huiti\u00e8me sonates, compos\u00e9es en parall\u00e8le les unes des autres \u00e0 l&rsquo;\u00e9t\u00e9 1939, avec la <em>Sonate no 9<\/em>, d\u00e9di\u00e9e \u00e0 Sviatoslav Richter, et les cinq mouvements de <em>Sarcasmes.<\/em><\/p>\n<p>Jalbert navigue habilement \u00e0 travers les changements d&rsquo;humeur fantasques des \u0153uvres de Prokofiev, d\u00e9montrant des intentions bien d\u00e9finies et guidant l&rsquo;auditeur avec assurance \u00e0 travers chaque d\u00e9tour.<\/p>\n<p>&nbsp;<\/p>\n<p><img decoding=\"async\" loading=\"lazy\" class=\"aligncenter size-full wp-image-89608\" src=\"https:\/\/www.ludwig-van.com\/montreal\/wp-content\/uploads\/sites\/3\/2025\/09\/Screenshot-2025-09-12-at-18-25-36-OB_Nuitblanche_booklet_F.pdf.jpg\" alt=\"\" width=\"1200\" height=\"901\" srcset=\"https:\/\/www.ludwig-van.com\/montreal\/wp-content\/uploads\/sites\/3\/2025\/09\/Screenshot-2025-09-12-at-18-25-36-OB_Nuitblanche_booklet_F.pdf.jpg 1200w, https:\/\/www.ludwig-van.com\/montreal\/wp-content\/uploads\/sites\/3\/2025\/09\/Screenshot-2025-09-12-at-18-25-36-OB_Nuitblanche_booklet_F.pdf-300x225.jpg 300w, https:\/\/www.ludwig-van.com\/montreal\/wp-content\/uploads\/sites\/3\/2025\/09\/Screenshot-2025-09-12-at-18-25-36-OB_Nuitblanche_booklet_F.pdf-1024x769.jpg 1024w, https:\/\/www.ludwig-van.com\/montreal\/wp-content\/uploads\/sites\/3\/2025\/09\/Screenshot-2025-09-12-at-18-25-36-OB_Nuitblanche_booklet_F.pdf-768x577.jpg 768w\" sizes=\"(max-width: 1200px) 100vw, 1200px\" \/><\/p>\n<h3>Olivier Bergeron, baryton et Olivier Godin, piano &#8211; <em>Nuits blanches<\/em><\/h3>\n<p>\u00c9tiquette : Leaf Music<\/p>\n<p>Le baryton <strong>Olivier Bergeron<\/strong> a r\u00e9cemment fait para\u00eetre son premier album, <em>Nuits blanches<\/em>, sur lequel il chante des m\u00e9lodies fran\u00e7aises, accompagn\u00e9 par <strong>Olivier Godin<\/strong> au piano. Le jeune baryton, qui est pr\u00e9sentement en tourn\u00e9e (Lucerne, Luxembourg, Valencia, Paris, Oviedo et Versailles) avec Les Arts florissants apr\u00e8s avoir pris part au stage du Jardins des Voix de <strong>William Christie<\/strong> cet \u00e9t\u00e9, brille par son timbre distinctif dans cinq cycles de Ravel, Debussy, Faur\u00e9 et Jolivet, appuy\u00e9 par l&rsquo;accompagnement toujours raffin\u00e9 d&rsquo;<strong>Olivier Godin<\/strong>.<\/p>\n<p>&nbsp;<\/p>\n<p><img decoding=\"async\" loading=\"lazy\" class=\"aligncenter size-full wp-image-89610\" src=\"https:\/\/www.ludwig-van.com\/montreal\/wp-content\/uploads\/sites\/3\/2025\/09\/Screenshot-2025-09-12-at-18-33-30-4049_Livret_iTunes_C12_FINAL.pdf.png\" alt=\"\" width=\"1200\" height=\"902\" srcset=\"https:\/\/www.ludwig-van.com\/montreal\/wp-content\/uploads\/sites\/3\/2025\/09\/Screenshot-2025-09-12-at-18-33-30-4049_Livret_iTunes_C12_FINAL.pdf.png 1200w, https:\/\/www.ludwig-van.com\/montreal\/wp-content\/uploads\/sites\/3\/2025\/09\/Screenshot-2025-09-12-at-18-33-30-4049_Livret_iTunes_C12_FINAL.pdf-300x226.png 300w, https:\/\/www.ludwig-van.com\/montreal\/wp-content\/uploads\/sites\/3\/2025\/09\/Screenshot-2025-09-12-at-18-33-30-4049_Livret_iTunes_C12_FINAL.pdf-1024x770.png 1024w, https:\/\/www.ludwig-van.com\/montreal\/wp-content\/uploads\/sites\/3\/2025\/09\/Screenshot-2025-09-12-at-18-33-30-4049_Livret_iTunes_C12_FINAL.pdf-768x577.png 768w\" sizes=\"(max-width: 1200px) 100vw, 1200px\" \/><\/p>\n<h3>Nadia Labrie &#8211; <em>Fl\u00fbte passion\u00a0: Claude <span class=\"il\">Bolling<\/span> \u2013 Picnic Suite<\/em><\/h3>\n<p>\u00c9tiquette : ATMA Classique<\/p>\n<p>Entour\u00e9e d\u2019<strong>Hugo Larenas <\/strong>\u00e0 la guitare, de <strong>Jonathan Turgeon<\/strong> au piano, de <strong>Dominic Girard<\/strong> \u00e0 la contrebasse et de <strong>Bernard Riche<\/strong> \u00e0 la batterie, la fl\u00fbtiste <strong>Nadia Labrie<\/strong> poursuit son exploration de l&rsquo;univers jazz de Claude Bolling dans ce troisi\u00e8me album consacr\u00e9 tout entier \u00e0 la <em>Picnic Suite.\u00a0<\/em>Plusieurs des sept mouvements de la suite portent des titres \u00e9voquant des formes ou des genres repr\u00e9sentatifs d&rsquo;\u00e9poques du pass\u00e9 : Rococo, Madrigal, Gaylancholic, Fantasque, Canon, Tendre, Badine. Les cinq comparses ont du plaisir \u00e0 jouer avec les textures et les atmosph\u00e8res, passant adroitement de la d\u00e9licatesse de passages solos \u00e0 la fougue des tutti, la brillance du timbre de la fl\u00fbte apportant une touche distinctive \u00e0 ce r\u00e9pertoire traversant les genres.<\/p>\n<h2><em>Inscrivez-vous \u00e0 notre infolettre! La musique classique et l\u2019op\u00e9ra en 5 minutes, chaque jour<\/em> <a href=\"https:\/\/ludwig-van.us9.list-manage.com\/subscribe?u=4f785cb3f9058f2393ccad035&amp;id=b9b160c032\" target=\"_blank\" rel=\"noopener noreferrer\">ICI.<\/a><\/h2>\n","protected":false},"excerpt":{"rendered":"<p>La premi\u00e8re \u00e9dition de la Journ\u00e9e de l&rsquo;album qu\u00e9b\u00e9cois qui se tient aujourd&rsquo;hui 12 septembre est l&rsquo;occasion parfaite de vous faire d\u00e9couvrir quelques albums r\u00e9cents par des artistes qu\u00e9b\u00e9cois\u00b7e\u00b7s.<\/p>\n","protected":false},"author":55,"featured_media":89611,"comment_status":"open","ping_status":"open","sticky":false,"template":"","format":"standard","meta":{"om_disable_all_campaigns":false,"jetpack_post_was_ever_published":false},"categories":[42299,52],"tags":[42300,42352],"yst_prominent_words":[10411,41216,14637,12978,12973,12968,14640,11523,11520,7141,11429,12519,9965,29804],"acf":[],"jetpack_featured_media_url":"https:\/\/www.ludwig-van.com\/montreal\/wp-content\/uploads\/sites\/3\/2025\/09\/Copie-de-DOSSIER.jpg","jetpack_sharing_enabled":true,"jetpack_shortlink":"https:\/\/wp.me\/p9bdYt-nj4","amp_enabled":true,"_links":{"self":[{"href":"https:\/\/www.ludwig-van.com\/montreal\/wp-json\/wp\/v2\/posts\/89594"}],"collection":[{"href":"https:\/\/www.ludwig-van.com\/montreal\/wp-json\/wp\/v2\/posts"}],"about":[{"href":"https:\/\/www.ludwig-van.com\/montreal\/wp-json\/wp\/v2\/types\/post"}],"author":[{"embeddable":true,"href":"https:\/\/www.ludwig-van.com\/montreal\/wp-json\/wp\/v2\/users\/55"}],"replies":[{"embeddable":true,"href":"https:\/\/www.ludwig-van.com\/montreal\/wp-json\/wp\/v2\/comments?post=89594"}],"version-history":[{"count":1,"href":"https:\/\/www.ludwig-van.com\/montreal\/wp-json\/wp\/v2\/posts\/89594\/revisions"}],"predecessor-version":[{"id":89612,"href":"https:\/\/www.ludwig-van.com\/montreal\/wp-json\/wp\/v2\/posts\/89594\/revisions\/89612"}],"wp:featuredmedia":[{"embeddable":true,"href":"https:\/\/www.ludwig-van.com\/montreal\/wp-json\/wp\/v2\/media\/89611"}],"wp:attachment":[{"href":"https:\/\/www.ludwig-van.com\/montreal\/wp-json\/wp\/v2\/media?parent=89594"}],"wp:term":[{"taxonomy":"category","embeddable":true,"href":"https:\/\/www.ludwig-van.com\/montreal\/wp-json\/wp\/v2\/categories?post=89594"},{"taxonomy":"post_tag","embeddable":true,"href":"https:\/\/www.ludwig-van.com\/montreal\/wp-json\/wp\/v2\/tags?post=89594"},{"taxonomy":"yst_prominent_words","embeddable":true,"href":"https:\/\/www.ludwig-van.com\/montreal\/wp-json\/wp\/v2\/yst_prominent_words?post=89594"}],"curies":[{"name":"wp","href":"https:\/\/api.w.org\/{rel}","templated":true}]}}