{"id":89581,"date":"2025-09-11T16:51:12","date_gmt":"2025-09-11T20:51:12","guid":{"rendered":"https:\/\/www.ludwig-van.com\/montreal\/?p=89581"},"modified":"2025-09-12T14:00:02","modified_gmt":"2025-09-12T18:00:02","slug":"cinema-tiff-2025-primavera-un-recit-qui-plonge-dans-lunivers-de-vivaldi","status":"publish","type":"post","link":"https:\/\/www.ludwig-van.com\/montreal\/2025\/09\/11\/cinema-tiff-2025-primavera-un-recit-qui-plonge-dans-lunivers-de-vivaldi\/","title":{"rendered":"CIN\u00c9MA | TIFF 2025 : Primavera, un r\u00e9cit qui plonge dans l&rsquo;univers de Vivaldi"},"content":{"rendered":"<figure id=\"attachment_89582\" aria-describedby=\"caption-attachment-89582\" style=\"width: 1200px\" class=\"wp-caption aligncenter\"><img decoding=\"async\" loading=\"lazy\" class=\"size-full wp-image-89582\" src=\"https:\/\/www.ludwig-van.com\/montreal\/wp-content\/uploads\/sites\/3\/2025\/09\/Copie-de-CRITIQUE1.jpg\" alt=\"Une sc\u00e8ne tir\u00e9e du film Primavera (Photo : courtoisie du TIFF)\" width=\"1200\" height=\"628\" srcset=\"https:\/\/www.ludwig-van.com\/montreal\/wp-content\/uploads\/sites\/3\/2025\/09\/Copie-de-CRITIQUE1.jpg 1200w, https:\/\/www.ludwig-van.com\/montreal\/wp-content\/uploads\/sites\/3\/2025\/09\/Copie-de-CRITIQUE1-300x157.jpg 300w, https:\/\/www.ludwig-van.com\/montreal\/wp-content\/uploads\/sites\/3\/2025\/09\/Copie-de-CRITIQUE1-1024x536.jpg 1024w, https:\/\/www.ludwig-van.com\/montreal\/wp-content\/uploads\/sites\/3\/2025\/09\/Copie-de-CRITIQUE1-768x402.jpg 768w\" sizes=\"(max-width: 1200px) 100vw, 1200px\" \/><figcaption id=\"caption-attachment-89582\" class=\"wp-caption-text\">Une sc\u00e8ne tir\u00e9e du film Primavera (Photo : courtoisie du TIFF)<\/figcaption><\/figure>\n<p data-start=\"122\" data-end=\"220\"><em data-start=\"3378\" data-end=\"3415\">Par Marc Glassman, pour Ludwig-Van.<\/em><\/p>\n<p data-start=\"122\" data-end=\"220\"><em data-start=\"122\" data-end=\"133\">Primavera<\/em> est le genre de film qui rend la fr\u00e9quentation des festivals v\u00e9ritablement agr\u00e9able.<\/p>\n<p data-start=\"222\" data-end=\"451\">C\u2019est une \u0153uvre remarquable, sans doute peu susceptible de remporter des prix ou de s\u00e9duire un large public, mais qui offre une exp\u00e9rience subtile et plaisante. Elle saura s\u00e9duire le type de public qui fr\u00e9quente le Festival international de films de Toronto (TIFF), tout comme celui des lecteurs et lectrices de Ludwig van : des amateurs de musique classique, pr\u00eats \u00e0 d\u00e9couvrir un film qui s\u2019int\u00e9resse \u00e0 la vie restreinte des femmes il y a deux si\u00e8cles.<\/p>\n<h3 data-start=\"682\" data-end=\"698\">L\u2019histoire<\/h3>\n<p data-start=\"700\" data-end=\"962\">L\u2019action se d\u00e9roule dans les ann\u00e9es 1720, \u00e0 Venise, lorsque Antonio Vivaldi (incarn\u00e9 par <strong>Michele Riondino<\/strong>) revient dans sa ville natale pour reprendre son poste de ma\u00eetre de concert et compositeur \u00e0 l\u2019Ospedale della Piet\u00e0, un orphelinat pour jeunes filles dirig\u00e9 par l\u2019\u00c9glise catholique.<\/p>\n<p data-start=\"964\" data-end=\"1193\">Le sc\u00e9nario, inspir\u00e9 du roman <em data-start=\"994\" data-end=\"1008\">Stabat Mater<\/em> de <strong data-start=\"1012\" data-end=\"1030\">Tiziano Scarpa<\/strong>, s\u2019appuie sur la vie et l\u2019art de Vivaldi en inventant l\u2019histoire d\u2019une orpheline, Cecilia (jou\u00e9e par <strong>Tecla Insolia<\/strong>), qui devient cheffe de section des premiers violons au sein de l\u2019orchestre de l\u2019\u00e9cole.<\/p>\n<p data-start=\"1195\" data-end=\"1341\">Cecilia partage la passion du compositeur pour la musique, mais contrairement \u00e0 Vivaldi, elle n&rsquo;est pas en position d&rsquo;en faire le centre de sa vie.<\/p>\n<p data-start=\"1343\" data-end=\"1662\">Le drame du film repose sur les fian\u00e7ailles de Cecilia avec un noble engag\u00e9 dans une grande guerre contre les Turcs (<strong>Stefano Accorsi<\/strong>). Bien qu\u2019elle aime profond\u00e9ment jouer du violon pour Vivaldi, son destin est d\u00e9j\u00e0 trac\u00e9 \u2014 et l\u2019on souligne qu\u2019elle est \u00ab chanceuse \u00bb d\u2019\u00eatre promise \u00e0 un homme riche capable de la sortir de la pauvret\u00e9.<\/p>\n<p data-start=\"1664\" data-end=\"1783\">Lorsqu\u2019elle tente de r\u00e9sister et demande \u00e0 rester \u00e0 l\u2019orphelinat comme violoniste, Cecilia s&rsquo;engage dans une voie parsem\u00e9e de difficult\u00e9s et de r\u00e9sistance.<\/p>\n<div class=\"jetpack-video-wrapper\"><span class=\"embed-youtube\" style=\"text-align:center; display: block;\"><iframe loading=\"lazy\" class=\"youtube-player\" width=\"640\" height=\"360\" src=\"https:\/\/www.youtube.com\/embed\/X6hSFBTSPBI?version=3&#038;rel=1&#038;showsearch=0&#038;showinfo=1&#038;iv_load_policy=1&#038;fs=1&#038;hl=fr-FR&#038;autohide=2&#038;wmode=transparent\" allowfullscreen=\"true\" style=\"border:0;\" sandbox=\"allow-scripts allow-same-origin allow-popups allow-presentation\"><\/iframe><\/span><\/div>\n<h3 data-start=\"1785\" data-end=\"1799\">Le cadre<\/h3>\n<p data-start=\"1801\" data-end=\"1985\">Le film \u00e9voque avec finesse la Venise du XVIIIe si\u00e8cle \u2014 ses \u00e9glises, ses march\u00e9s, ses gondoles \u2014 tout en critiquant discr\u00e8tement les forces conservatrices qui dominaient la soci\u00e9t\u00e9.<\/p>\n<p data-start=\"1987\" data-end=\"2348\">L\u2019\u00c9glise et la noblesse r\u00e9gnaient alors sur la cit\u00e9, n\u2019accordant que des libert\u00e9s limit\u00e9es \u00e0 ceux qui contribuaient \u00e0 sa grandeur. En tant que femmes et orphelines, les jeunes filles comme n\u2019avaient aucun droit ; leur existence d\u00e9pendait de la volont\u00e9 des puissants et des riches, qui leur offraient une vie de pauvret\u00e9 \u00ab honorable \u00bb sous le regard de l\u2019\u00c9glise.<\/p>\n<h3 data-start=\"2350\" data-end=\"2366\">Conclusion<\/h3>\n<p data-start=\"2368\" data-end=\"2599\">Le r\u00e9alisateur de <em data-start=\"2386\" data-end=\"2397\">Primavera<\/em>, <strong data-start=\"2399\" data-end=\"2422\">Damiano Michieletto<\/strong>, signe ici son premier film, mais il est d\u00e9j\u00e0 un metteur en sc\u00e8ne d\u2019op\u00e9ra reconnu, notamment pour Rossini, et d\u00e9montre sa capacit\u00e9 \u00e0 s\u2019entourer d\u2019une solide \u00e9quipe technique.<\/p>\n<p data-start=\"2601\" data-end=\"2888\">L\u2019\u00e9quipe de direction artistique, men\u00e9e par <strong data-start=\"2645\" data-end=\"2667\">Gaspare De Pascali<\/strong>, recr\u00e9e avec minutie la Venise d\u2019il y a trois si\u00e8cles. Les costumes, l\u2019immense dortoir des orphelines, les salles de concert o\u00f9 les musiciennes jouaient dissimul\u00e9es derri\u00e8re des grilles : tout est rendu avec pr\u00e9cision.<\/p>\n<p data-start=\"2890\" data-end=\"3025\">La musique de Vivaldi, omnipr\u00e9sente, contribue \u00e0 la force du film. N\u00e9 \u00e0 Venise, <strong>Michieletto<\/strong> filme sa ville avec une grande assurance.<\/p>\n<p data-start=\"3027\" data-end=\"3268\"><em data-start=\"3027\" data-end=\"3038\">Primavera<\/em> est le genre de film que l\u2019on esp\u00e8re voir distribu\u00e9 en Am\u00e9rique du Nord. Apr\u00e8s sa premi\u00e8re au TIFF, les droits ont d\u00e9j\u00e0 \u00e9t\u00e9 acquis pour des territoires comme la Nouvelle-Z\u00e9lande, l\u2019Australie, les pays baltes et la Cor\u00e9e du Sud.<\/p>\n<p data-start=\"3270\" data-end=\"3376\">Il reste \u00e0 souhaiter qu\u2019un distributeur ou une plateforme canadienne offre ce beau film au public d\u2019ici.<\/p>\n<p data-start=\"3378\" data-end=\"3417\"><em>Cet article a \u00e9t\u00e9 r\u00e9dig\u00e9 en anglais par Mac Glassman pour Ludwig van Toronto. Il a \u00e9t\u00e9 traduit et adapt\u00e9 par B\u00e9atrice Cadrin pour Ludwig van Montr\u00e9al. L&rsquo;article original peut \u00eatre consult\u00e9 ici.\u00a0<\/em><\/p>\n<h2><em>Inscrivez-vous \u00e0 notre infolettre! La musique classique et l\u2019op\u00e9ra en 5 minutes, chaque jour<\/em> <a href=\"https:\/\/ludwig-van.us9.list-manage.com\/subscribe?u=4f785cb3f9058f2393ccad035&amp;id=b9b160c032\" target=\"_blank\" rel=\"noopener noreferrer\">ICI.<\/a><\/h2>\n","protected":false},"excerpt":{"rendered":"<p>Le film Primavera, bas\u00e9 sur le roman Stabat Mater de Tiziano Scarpa et r\u00e9alis\u00e9 par Damiano Michiletto, imagine le destin d&rsquo;une jeune orpheline \u00e9l\u00e8ve d&rsquo;Antonio Vivaldi \u00e0 l&rsquo;Ospedale della Pieti.<\/p>\n","protected":false},"author":1,"featured_media":89582,"comment_status":"open","ping_status":"open","sticky":false,"template":"","format":"standard","meta":{"om_disable_all_campaigns":false,"jetpack_post_was_ever_published":false},"categories":[42299,52],"tags":[42300,3311],"yst_prominent_words":[15654,14553,15272,14082,9810,9788,9811,10167,7595,10541,9809,9882,11582],"acf":[],"jetpack_featured_media_url":"https:\/\/www.ludwig-van.com\/montreal\/wp-content\/uploads\/sites\/3\/2025\/09\/Copie-de-CRITIQUE1.jpg","jetpack_sharing_enabled":true,"jetpack_shortlink":"https:\/\/wp.me\/p9bdYt-niR","amp_enabled":true,"_links":{"self":[{"href":"https:\/\/www.ludwig-van.com\/montreal\/wp-json\/wp\/v2\/posts\/89581"}],"collection":[{"href":"https:\/\/www.ludwig-van.com\/montreal\/wp-json\/wp\/v2\/posts"}],"about":[{"href":"https:\/\/www.ludwig-van.com\/montreal\/wp-json\/wp\/v2\/types\/post"}],"author":[{"embeddable":true,"href":"https:\/\/www.ludwig-van.com\/montreal\/wp-json\/wp\/v2\/users\/1"}],"replies":[{"embeddable":true,"href":"https:\/\/www.ludwig-van.com\/montreal\/wp-json\/wp\/v2\/comments?post=89581"}],"version-history":[{"count":12,"href":"https:\/\/www.ludwig-van.com\/montreal\/wp-json\/wp\/v2\/posts\/89581\/revisions"}],"predecessor-version":[{"id":89597,"href":"https:\/\/www.ludwig-van.com\/montreal\/wp-json\/wp\/v2\/posts\/89581\/revisions\/89597"}],"wp:featuredmedia":[{"embeddable":true,"href":"https:\/\/www.ludwig-van.com\/montreal\/wp-json\/wp\/v2\/media\/89582"}],"wp:attachment":[{"href":"https:\/\/www.ludwig-van.com\/montreal\/wp-json\/wp\/v2\/media?parent=89581"}],"wp:term":[{"taxonomy":"category","embeddable":true,"href":"https:\/\/www.ludwig-van.com\/montreal\/wp-json\/wp\/v2\/categories?post=89581"},{"taxonomy":"post_tag","embeddable":true,"href":"https:\/\/www.ludwig-van.com\/montreal\/wp-json\/wp\/v2\/tags?post=89581"},{"taxonomy":"yst_prominent_words","embeddable":true,"href":"https:\/\/www.ludwig-van.com\/montreal\/wp-json\/wp\/v2\/yst_prominent_words?post=89581"}],"curies":[{"name":"wp","href":"https:\/\/api.w.org\/{rel}","templated":true}]}}