{"id":89487,"date":"2025-09-08T13:30:48","date_gmt":"2025-09-08T17:30:48","guid":{"rendered":"https:\/\/www.ludwig-van.com\/montreal\/?p=89487"},"modified":"2025-09-10T14:00:04","modified_gmt":"2025-09-10T18:00:04","slug":"choix-de-la-redaction-musique-intime-ou-grandiose","status":"publish","type":"post","link":"https:\/\/www.ludwig-van.com\/montreal\/2025\/09\/08\/choix-de-la-redaction-musique-intime-ou-grandiose\/","title":{"rendered":"CHOIX DE LA R\u00c9DACTION | Musique intime ou grandiose"},"content":{"rendered":"<figure id=\"attachment_89493\" aria-describedby=\"caption-attachment-89493\" style=\"width: 1200px\" class=\"wp-caption aligncenter\"><img decoding=\"async\" loading=\"lazy\" class=\"size-full wp-image-89493\" src=\"https:\/\/www.ludwig-van.com\/montreal\/wp-content\/uploads\/sites\/3\/2025\/09\/Copie-de-CONCERTS1-1.jpg\" alt=\"Orchestre FILMharmonique (Photo : Tam Photography); Projet Quatre de Christophe Papadimitriou (Photo : site web de l'artiste); Les Rugissants (Photo : Maryse Boyce)\" width=\"1200\" height=\"628\" srcset=\"https:\/\/www.ludwig-van.com\/montreal\/wp-content\/uploads\/sites\/3\/2025\/09\/Copie-de-CONCERTS1-1.jpg 1200w, https:\/\/www.ludwig-van.com\/montreal\/wp-content\/uploads\/sites\/3\/2025\/09\/Copie-de-CONCERTS1-1-300x157.jpg 300w, https:\/\/www.ludwig-van.com\/montreal\/wp-content\/uploads\/sites\/3\/2025\/09\/Copie-de-CONCERTS1-1-1024x536.jpg 1024w, https:\/\/www.ludwig-van.com\/montreal\/wp-content\/uploads\/sites\/3\/2025\/09\/Copie-de-CONCERTS1-1-768x402.jpg 768w\" sizes=\"(max-width: 1200px) 100vw, 1200px\" \/><figcaption id=\"caption-attachment-89493\" class=\"wp-caption-text\">Orchestre FILMharmonique (Photo : Tam Photography); Projet Quatre de Christophe Papadimitriou (Photo : site web de l&rsquo;artiste); Les Rugissants (Photo : Maryse Boyce)<\/figcaption><\/figure>\n<p>La rentr\u00e9e scolaire est faite, les d\u00e9corations d\u2019Halloween sont sorties en magasin et celles de No\u00ebl commencent elles aussi \u00e0 appara\u00eetre (avez-vous commenc\u00e9 vos achats?) &#8211; il ne reste plus qu\u2019\u00e0 vos ensembles musicaux favoris \u00e0 revenir sur sc\u00e8ne! Alors que certains instrumentistes sont encore \u00e0 peaufiner leur jeu pour vous \u00e9pater la semaine prochaine, d\u2019autres sont d\u00e9j\u00e0 pr\u00eats \u00e0 se faire applaudir. Sortez-donc vous promener pendant qu\u2019il fait encore doux et allez vous remplir les oreilles de musique!<\/p>\n<p>&nbsp;<\/p>\n<figure id=\"attachment_89490\" aria-describedby=\"caption-attachment-89490\" style=\"width: 1200px\" class=\"wp-caption aligncenter\"><img decoding=\"async\" loading=\"lazy\" class=\"size-full wp-image-89490\" src=\"https:\/\/www.ludwig-van.com\/montreal\/wp-content\/uploads\/sites\/3\/2025\/09\/JohnWilliamsConcert-GFN-TamPhotography.jpg\" alt=\"Orchestre FILMharmonique (Photo : Tam Photography)\" width=\"1200\" height=\"798\" srcset=\"https:\/\/www.ludwig-van.com\/montreal\/wp-content\/uploads\/sites\/3\/2025\/09\/JohnWilliamsConcert-GFN-TamPhotography.jpg 1200w, https:\/\/www.ludwig-van.com\/montreal\/wp-content\/uploads\/sites\/3\/2025\/09\/JohnWilliamsConcert-GFN-TamPhotography-300x200.jpg 300w, https:\/\/www.ludwig-van.com\/montreal\/wp-content\/uploads\/sites\/3\/2025\/09\/JohnWilliamsConcert-GFN-TamPhotography-1024x681.jpg 1024w, https:\/\/www.ludwig-van.com\/montreal\/wp-content\/uploads\/sites\/3\/2025\/09\/JohnWilliamsConcert-GFN-TamPhotography-768x511.jpg 768w\" sizes=\"(max-width: 1200px) 100vw, 1200px\" \/><figcaption id=\"caption-attachment-89490\" class=\"wp-caption-text\">Orchestre FILMharmonique (Photo : Tam Photography)<\/figcaption><\/figure>\n<h3>L\u2019Univers symphonique du cin\u00e9ma &#8211; Hommage \u00e0 John Williams<\/h3>\n<p>L\u2019<b>Orchestre FilmHarmonique<\/b>, sous la direction de <b>Francis Choini\u00e8re<\/b>, donneront cette semaine quatre repr\u00e9sentations d\u2019un concert enti\u00e8rement consacr\u00e9 \u00e0 la musique de John Williams, c\u00e9l\u00e8bre compositeur de musique de films hollywoodiens. Red\u00e9couvrez l\u2019univers de vos films pr\u00e9f\u00e9r\u00e9s tels que <i>Jaws<\/i>,<i> Star Wars<\/i>,<i> Les Aventuriers de l\u2019arche perdu<\/i>,<i> E.T. l\u2019extra-terrestre<\/i>,<i> Le Parc Jurassique<\/i>,<i> Harry Potter<\/i> et beaucoup plus encore! Attention : les places restantes sont limit\u00e9es pour les repr\u00e9sentations du jeudi et du vendredi soir.<\/p>\n<p>LES 11, 12 ET 13 SEPTEMBRE, 19 H 30, ET LE 13 SEPTEMBRE, 14 H, MAISON SYMPHONIQUE\u00a0 <a href=\"https:\/\/www.placedesarts.com\/evenement\/lunivers-symphonique-du-cinema-hommage-john-williams\" target=\"_blank\" rel=\"noopener\">D\u00c9TAILS ET BILLETS<\/a><\/p>\n<p>&nbsp;<\/p>\n<figure id=\"attachment_89492\" aria-describedby=\"caption-attachment-89492\" style=\"width: 1200px\" class=\"wp-caption aligncenter\"><img decoding=\"async\" loading=\"lazy\" class=\"size-full wp-image-89492\" src=\"https:\/\/www.ludwig-van.com\/montreal\/wp-content\/uploads\/sites\/3\/2025\/09\/Resilient-Earth.png\" alt=\"\" width=\"1200\" height=\"799\" srcset=\"https:\/\/www.ludwig-van.com\/montreal\/wp-content\/uploads\/sites\/3\/2025\/09\/Resilient-Earth.png 1200w, https:\/\/www.ludwig-van.com\/montreal\/wp-content\/uploads\/sites\/3\/2025\/09\/Resilient-Earth-300x200.png 300w, https:\/\/www.ludwig-van.com\/montreal\/wp-content\/uploads\/sites\/3\/2025\/09\/Resilient-Earth-1024x682.png 1024w, https:\/\/www.ludwig-van.com\/montreal\/wp-content\/uploads\/sites\/3\/2025\/09\/Resilient-Earth-768x511.png 768w\" sizes=\"(max-width: 1200px) 100vw, 1200px\" \/><figcaption id=\"caption-attachment-89492\" class=\"wp-caption-text\">(Photo : courtoisie)<\/figcaption><\/figure>\n<h3>Concerts de Saint-Gr\u00e9goire &#8211; <i>Resilient Earth<\/i><\/h3>\n<p>Concerts de Saint-Gr\u00e9goire entame sa programmation automnale avec un concert-enregistrement dimanche prochain. Cet \u00e9v\u00e9nement se veut une exploration du lien entre r\u00e9silience \u00e9cologique et cr\u00e9ativit\u00e9 artistique. Ce sont les artistes <b>Emmanuel Vukovich<\/b>, violon, et <b>Maria Fuller<\/b>, piano, qui auront l\u2019honneur d\u2019ouvrir la saison avec l\u2019interpr\u00e9tation en premi\u00e8re mondiale de <i>Resilient Earth Duos<\/i> de la compositrice am\u00e9ricaine <b>Sheila Silver<\/b>. Des \u0153uvres de B\u00e9la Bart\u00f3k et de Maurice Ravel sont \u00e9galement au programme.<\/p>\n<p>LE 14 SEPTEMBRE, 12 H, GRANDE SALLE AGRI-CULTURELLE &#8211; FERME CADET ROUSSEL\u00a0 <a href=\"https:\/\/lepointdevente.com\/billets\/resilient-earth?fbclid=IwY2xjawMplkJleHRuA2FlbQIxMABicmlkETFmRUJwNmlYS1RVclkyaHJVAR5jOgnB9UdMamaNcf7zSnOyNRIu7tE8CWHMnGH7Q39fiDiZSCI1gzOAauf4Nw_aem_Tndk544jAcShKVJIwItf2Q\" target=\"_blank\" rel=\"noopener\">D\u00c9TAILS ET BILLETS<\/a><\/p>\n<p>&nbsp;<\/p>\n<figure id=\"attachment_89491\" aria-describedby=\"caption-attachment-89491\" style=\"width: 2048px\" class=\"wp-caption aligncenter\"><img decoding=\"async\" loading=\"lazy\" class=\"size-full wp-image-89491\" src=\"https:\/\/www.ludwig-van.com\/montreal\/wp-content\/uploads\/sites\/3\/2025\/09\/Papadimitriou-etc-Phototriobeauchamp3.jpg\" alt=\"Luzio Altobelli, Christophe Papadimitriou et Omar Abou Afach. (Photo : site web de l'artiste)\" width=\"2048\" height=\"1125\" srcset=\"https:\/\/www.ludwig-van.com\/montreal\/wp-content\/uploads\/sites\/3\/2025\/09\/Papadimitriou-etc-Phototriobeauchamp3.jpg 2048w, https:\/\/www.ludwig-van.com\/montreal\/wp-content\/uploads\/sites\/3\/2025\/09\/Papadimitriou-etc-Phototriobeauchamp3-300x165.jpg 300w, https:\/\/www.ludwig-van.com\/montreal\/wp-content\/uploads\/sites\/3\/2025\/09\/Papadimitriou-etc-Phototriobeauchamp3-1024x563.jpg 1024w, https:\/\/www.ludwig-van.com\/montreal\/wp-content\/uploads\/sites\/3\/2025\/09\/Papadimitriou-etc-Phototriobeauchamp3-768x422.jpg 768w, https:\/\/www.ludwig-van.com\/montreal\/wp-content\/uploads\/sites\/3\/2025\/09\/Papadimitriou-etc-Phototriobeauchamp3-1536x844.jpg 1536w\" sizes=\"(max-width: 2048px) 100vw, 2048px\" \/><figcaption id=\"caption-attachment-89491\" class=\"wp-caption-text\">Luzio Altobelli, Christophe Papadimitriou et Omar Abou Afach. (Photo : site web de l&rsquo;artiste)<\/figcaption><\/figure>\n<h3>Concert immersif &#8211; <i>Quatre<\/i><\/h3>\n<p>La saison des concerts ext\u00e9rieurs dans les parcs tirent \u00e0 sa fin! Profitez donc encore des journ\u00e9es confortables pour assister \u00e0 ce concert immersif lors duquel les spectateurs seront invit\u00e9s \u00e0 s\u2019installer en cercle autour des musiciens <b>Christophe Papadimitriou<\/b>, contrebasse, \u00a0<b>Luzio Altobelli<\/b>, accord\u00e9on et marimba et<b> Omar Abou Afach<\/b>, violon alto, oud et nai, leur permettant ainsi de ressentir la proximit\u00e9 des instruments acoustiques. Une invitation au voyage int\u00e9rieur o\u00f9 musique et nature ont un dialogue \u00e9mouvant et sensible.<\/p>\n<p>LE 14 SEPTEMBRE, 15 H, PARC CHARLES-S.-CAMPBELL\u00a0 <a href=\"https:\/\/montreal.ca\/evenements\/concert-immersif-quatre-91338\" target=\"_blank\" rel=\"noopener\">D\u00c9TAILS<\/a><\/p>\n<p>&nbsp;<\/p>\n<figure id=\"attachment_84953\" aria-describedby=\"caption-attachment-84953\" style=\"width: 1200px\" class=\"wp-caption aligncenter\"><img decoding=\"async\" loading=\"lazy\" class=\"size-full wp-image-84953\" src=\"https:\/\/www.ludwig-van.com\/montreal\/wp-content\/uploads\/sites\/3\/2024\/11\/Les-Rugissants-Presences-ukrainiennes_Maryse-Boyce.jpg\" alt=\"Les Rugissants sous la direction de Xavier Brossard-M\u00e9nard. (Photo : Maryse Boyce)\" width=\"1200\" height=\"800\" srcset=\"https:\/\/www.ludwig-van.com\/montreal\/wp-content\/uploads\/sites\/3\/2024\/11\/Les-Rugissants-Presences-ukrainiennes_Maryse-Boyce.jpg 1200w, https:\/\/www.ludwig-van.com\/montreal\/wp-content\/uploads\/sites\/3\/2024\/11\/Les-Rugissants-Presences-ukrainiennes_Maryse-Boyce-300x200.jpg 300w, https:\/\/www.ludwig-van.com\/montreal\/wp-content\/uploads\/sites\/3\/2024\/11\/Les-Rugissants-Presences-ukrainiennes_Maryse-Boyce-1024x683.jpg 1024w, https:\/\/www.ludwig-van.com\/montreal\/wp-content\/uploads\/sites\/3\/2024\/11\/Les-Rugissants-Presences-ukrainiennes_Maryse-Boyce-768x512.jpg 768w\" sizes=\"(max-width: 1200px) 100vw, 1200px\" \/><figcaption id=\"caption-attachment-84953\" class=\"wp-caption-text\">Les Rugissants sous la direction de Xavier Brossard-M\u00e9nard. (Photo : Maryse Boyce)<\/figcaption><\/figure>\n<h3>Les Rugissants &#8211; <i>Le lys et le lion<\/i><\/h3>\n<p>Le parcours d\u00e9ambulatoire de l\u2019ensemble vocal <b>Les Rugissants<\/b> en est \u00e0 sa derni\u00e8re semaine. Cette promenade musicale de 45 minutes vous guide au travers le Quartier Latin tandis que huit chanteurs\u00b7euses et leur chef de ch\u0153ur interpr\u00e8tent des chansons en lien avec les lieux, le tout enrichi de commentaires historiques. Si vous n\u2019avez pas encore eu l\u2019occasion d\u2019y assister, il reste quatre d\u00e9parts dimanche. Puisque le lieu de d\u00e9part varie selon l\u2019heure choisie, nous vous invitons \u00e0 consulter le lien ci-bas pour vous diriger au bon endroit. Bien que les r\u00e9servations ne soient pas n\u00e9cessaires \u00e0 cet \u00e9v\u00e9nement gratuit, l\u2019ensemble appr\u00e9cierait grandement que vous preniez la peine de le faire.<\/p>\n<p>LE 14 SEPTEMBRE, 14 H 30, 15 H 30, 17 H 45 ET 18 H 45, QUARTIER LATIN\u00a0 <a href=\"https:\/\/www.rugissants.com\/le-lys-et-le-lion\" target=\"_blank\" rel=\"noopener\">D\u00c9TAILS ET R\u00c9SERVATIONS<\/a><\/p>\n<h2><em>Inscrivez-vous \u00e0 notre infolettre! La musique classique et l\u2019op\u00e9ra en 5 minutes, chaque jour<\/em> <a href=\"https:\/\/ludwig-van.us9.list-manage.com\/subscribe?u=4f785cb3f9058f2393ccad035&amp;id=b9b160c032\" target=\"_blank\" rel=\"noopener noreferrer\">ICI.<\/a><\/h2>\n","protected":false},"excerpt":{"rendered":"<p>La rentr\u00e9e scolaire est faite, les d\u00e9corations d\u2019Halloween sont sorties en magasin et celles de No\u00ebl commencent elles aussi \u00e0 appara\u00eetre (avez-vous commenc\u00e9 vos achats?) &#8211; il ne reste plus qu\u2019\u00e0 vos ensembles musicaux favoris \u00e0 revenir sur sc\u00e8ne! Alors que certains instrumentistes sont encore \u00e0 peaufiner leur jeu pour vous \u00e9pater la semaine prochaine, d\u2019autres sont d\u00e9j\u00e0 pr\u00eats \u00e0 se faire applaudir. Sortez-donc vous promener pendant qu\u2019il fait encore doux et allez vous remplir les oreilles de musique!<\/p>\n","protected":false},"author":1,"featured_media":89493,"comment_status":"open","ping_status":"open","sticky":false,"template":"","format":"standard","meta":{"om_disable_all_campaigns":false,"jetpack_post_was_ever_published":false},"categories":[42299,10994],"tags":[42300,11882],"yst_prominent_words":[30919,26052,9877,37735],"acf":[],"jetpack_featured_media_url":"https:\/\/www.ludwig-van.com\/montreal\/wp-content\/uploads\/sites\/3\/2025\/09\/Copie-de-CONCERTS1-1.jpg","jetpack_sharing_enabled":true,"jetpack_shortlink":"https:\/\/wp.me\/p9bdYt-nhl","amp_enabled":true,"_links":{"self":[{"href":"https:\/\/www.ludwig-van.com\/montreal\/wp-json\/wp\/v2\/posts\/89487"}],"collection":[{"href":"https:\/\/www.ludwig-van.com\/montreal\/wp-json\/wp\/v2\/posts"}],"about":[{"href":"https:\/\/www.ludwig-van.com\/montreal\/wp-json\/wp\/v2\/types\/post"}],"author":[{"embeddable":true,"href":"https:\/\/www.ludwig-van.com\/montreal\/wp-json\/wp\/v2\/users\/1"}],"replies":[{"embeddable":true,"href":"https:\/\/www.ludwig-van.com\/montreal\/wp-json\/wp\/v2\/comments?post=89487"}],"version-history":[{"count":20,"href":"https:\/\/www.ludwig-van.com\/montreal\/wp-json\/wp\/v2\/posts\/89487\/revisions"}],"predecessor-version":[{"id":89546,"href":"https:\/\/www.ludwig-van.com\/montreal\/wp-json\/wp\/v2\/posts\/89487\/revisions\/89546"}],"wp:featuredmedia":[{"embeddable":true,"href":"https:\/\/www.ludwig-van.com\/montreal\/wp-json\/wp\/v2\/media\/89493"}],"wp:attachment":[{"href":"https:\/\/www.ludwig-van.com\/montreal\/wp-json\/wp\/v2\/media?parent=89487"}],"wp:term":[{"taxonomy":"category","embeddable":true,"href":"https:\/\/www.ludwig-van.com\/montreal\/wp-json\/wp\/v2\/categories?post=89487"},{"taxonomy":"post_tag","embeddable":true,"href":"https:\/\/www.ludwig-van.com\/montreal\/wp-json\/wp\/v2\/tags?post=89487"},{"taxonomy":"yst_prominent_words","embeddable":true,"href":"https:\/\/www.ludwig-van.com\/montreal\/wp-json\/wp\/v2\/yst_prominent_words?post=89487"}],"curies":[{"name":"wp","href":"https:\/\/api.w.org\/{rel}","templated":true}]}}