{"id":89410,"date":"2025-09-02T16:53:28","date_gmt":"2025-09-02T20:53:28","guid":{"rendered":"https:\/\/www.ludwig-van.com\/montreal\/?p=89410"},"modified":"2025-09-04T10:11:27","modified_gmt":"2025-09-04T14:11:27","slug":"choix-de-la-redaction-musiques-pour-les-journees-du-patrimoine-religieux","status":"publish","type":"post","link":"https:\/\/www.ludwig-van.com\/montreal\/2025\/09\/02\/choix-de-la-redaction-musiques-pour-les-journees-du-patrimoine-religieux\/","title":{"rendered":"CHOIX DE LA R\u00c9DACTION | Musiques pour les Journ\u00e9es du patrimoine religieux"},"content":{"rendered":"<p><img decoding=\"async\" loading=\"lazy\" class=\"aligncenter size-full wp-image-89416\" src=\"https:\/\/www.ludwig-van.com\/montreal\/wp-content\/uploads\/sites\/3\/2025\/09\/Copie-de-CONCERTS1.jpg\" alt=\"\" width=\"1200\" height=\"628\" srcset=\"https:\/\/www.ludwig-van.com\/montreal\/wp-content\/uploads\/sites\/3\/2025\/09\/Copie-de-CONCERTS1.jpg 1200w, https:\/\/www.ludwig-van.com\/montreal\/wp-content\/uploads\/sites\/3\/2025\/09\/Copie-de-CONCERTS1-300x157.jpg 300w, https:\/\/www.ludwig-van.com\/montreal\/wp-content\/uploads\/sites\/3\/2025\/09\/Copie-de-CONCERTS1-1024x536.jpg 1024w, https:\/\/www.ludwig-van.com\/montreal\/wp-content\/uploads\/sites\/3\/2025\/09\/Copie-de-CONCERTS1-768x402.jpg 768w\" sizes=\"(max-width: 1200px) 100vw, 1200px\" \/><\/p>\n<p>Tandis que la grande majorit\u00e9 de nos artistes profite d\u2019une pause entre la saison d\u2019\u00e9t\u00e9 et la saison r\u00e9guli\u00e8re pour se reposer, une minorit\u00e9 d\u2019entre eux tient le fort cette fin de semaine en agr\u00e9mentant de leur musique les activit\u00e9s gratuites pr\u00e9vues dans le cadre des Journ\u00e9es du patrimoine religieux (<a href=\"https:\/\/www.journeesdupatrimoinereligieux.ca\/\">programmation compl\u00e8te<\/a>). Allez encourager ces irr\u00e9ductibles (pas Gaulois) qui font le pont entre les deux saisons!<\/p>\n<p>&nbsp;<\/p>\n<figure id=\"attachment_89414\" aria-describedby=\"caption-attachment-89414\" style=\"width: 1200px\" class=\"wp-caption aligncenter\"><img decoding=\"async\" loading=\"lazy\" class=\"size-full wp-image-89414\" src=\"https:\/\/www.ludwig-van.com\/montreal\/wp-content\/uploads\/sites\/3\/2025\/09\/Twisted-Pearl_facebook.png\" alt=\"Twisted Pearl (Photo : page Facebook du groupe)\" width=\"1200\" height=\"712\" srcset=\"https:\/\/www.ludwig-van.com\/montreal\/wp-content\/uploads\/sites\/3\/2025\/09\/Twisted-Pearl_facebook.png 1200w, https:\/\/www.ludwig-van.com\/montreal\/wp-content\/uploads\/sites\/3\/2025\/09\/Twisted-Pearl_facebook-300x178.png 300w, https:\/\/www.ludwig-van.com\/montreal\/wp-content\/uploads\/sites\/3\/2025\/09\/Twisted-Pearl_facebook-1024x608.png 1024w, https:\/\/www.ludwig-van.com\/montreal\/wp-content\/uploads\/sites\/3\/2025\/09\/Twisted-Pearl_facebook-768x456.png 768w\" sizes=\"(max-width: 1200px) 100vw, 1200px\" \/><figcaption id=\"caption-attachment-89414\" class=\"wp-caption-text\">Twisted Pearl (Photo : page Facebook du groupe)<\/figcaption><\/figure>\n<h3>\u00c9glise St-Jean-l\u2019\u00c9vang\u00e9liste de Montr\u00e9al<\/h3>\n<p>Cette activit\u00e9 est l\u2019occasion parfaite pour d\u00e9couvrir (ou faire d\u00e9couvrir) un site gothique impressionnant et charg\u00e9 d\u2019histoire. En plus de la visite comment\u00e9e des lieux, vous aurez l\u2019occasion d\u2019entendre la musique baroque du groupe <b>Twisted Pearl<\/b>, dont le nom est une interpr\u00e9tation litt\u00e9rale du mot \u00abbaroque\u00bb.<\/p>\n<p>LE 5 SEPTEMBRE, 17 H ET LE 6 SEPTEMBRE, 14 H, \u00c9GLISE ST-JEAN-L\u2019\u00c9VANG\u00c9LISTE DE MONTR\u00c9AL\u00a0 <a href=\"https:\/\/www.journeesdupatrimoinereligieux.ca\/programmation\/eglise-saint-jean-levangeliste-de-montreal-5\/\" target=\"_blank\" rel=\"noopener\">D\u00c9TAILS<\/a><\/p>\n<p>&nbsp;<\/p>\n<figure id=\"attachment_89413\" aria-describedby=\"caption-attachment-89413\" style=\"width: 1200px\" class=\"wp-caption aligncenter\"><img decoding=\"async\" loading=\"lazy\" class=\"size-full wp-image-89413\" src=\"https:\/\/www.ludwig-van.com\/montreal\/wp-content\/uploads\/sites\/3\/2025\/09\/Jean-Pierre-Couturier-et-Alexandra-Fol_courtoisie.jpg\" alt=\"Jean-Pierre Couturieur et Alexandra Fol (Photo : courtoisie)\" width=\"1200\" height=\"631\" srcset=\"https:\/\/www.ludwig-van.com\/montreal\/wp-content\/uploads\/sites\/3\/2025\/09\/Jean-Pierre-Couturier-et-Alexandra-Fol_courtoisie.jpg 1200w, https:\/\/www.ludwig-van.com\/montreal\/wp-content\/uploads\/sites\/3\/2025\/09\/Jean-Pierre-Couturier-et-Alexandra-Fol_courtoisie-300x158.jpg 300w, https:\/\/www.ludwig-van.com\/montreal\/wp-content\/uploads\/sites\/3\/2025\/09\/Jean-Pierre-Couturier-et-Alexandra-Fol_courtoisie-1024x538.jpg 1024w, https:\/\/www.ludwig-van.com\/montreal\/wp-content\/uploads\/sites\/3\/2025\/09\/Jean-Pierre-Couturier-et-Alexandra-Fol_courtoisie-768x404.jpg 768w\" sizes=\"(max-width: 1200px) 100vw, 1200px\" \/><figcaption id=\"caption-attachment-89413\" class=\"wp-caption-text\">Jean-Pierre Couturieur et Alexandra Fol (Photo : courtoisie)<\/figcaption><\/figure>\n<h3><i>Dans les entrailles de l\u2019orgue : art et artisanat<\/i><\/h3>\n<p>La paroisse Ste-Catherine-de-Sienne ainsi que l\u2019\u00e9glise unie St. James vous invitent \u00e0 une activit\u00e9 gratuite fascinante et con\u00e7ue pour toute la famille. Lors de cet \u00e9v\u00e9nement, le conf\u00e9rencier <b>Jean-Pierre Couturier<\/b> fera d\u00e9couvrir au public comment fonctionne un orgue, comment il est construit ainsi que le savoir-faire artisanal qu\u2019il exige. Suite \u00e0 l\u2019activit\u00e9, <b>Alexandra Fol<\/b> fera une d\u00e9monstration de l\u2019un des orgues les plus impressionnants du pays le vendredi \u00e0 l\u2019\u00e9glise St. James, alors qu\u2019un mini-concert d\u2019Alexandra Fol et de Jean-Pierre Couturier suivra l\u2019animation du samedi \u00e0 l\u2019\u00e9glise Ste-Catherine-de-Sienne.<\/p>\n<p>LE 5 SEPTEMBRE, 19 H 30, \u00c9GLISE UNIE ST. JAMES\u00a0 <a href=\"https:\/\/www.journeesdupatrimoinereligieux.ca\/programmation\/eglise-unie-st-james\/\" target=\"_blank\" rel=\"noopener\">D\u00c9TAILS<\/a><\/p>\n<p>LE 6 SEPTEMBRE, 14 H, \u00c9GLISE STE-CATHERINE-DE-SIENNE\u00a0<a href=\"https:\/\/www.journeesdupatrimoinereligieux.ca\/programmation\/paroisse-sainte-catherine-de-sienne\/\" target=\"_blank\" rel=\"noopener\"> D\u00c9TAILS<\/a><\/p>\n<p>&nbsp;<\/p>\n<figure id=\"attachment_89412\" aria-describedby=\"caption-attachment-89412\" style=\"width: 1200px\" class=\"wp-caption aligncenter\"><img decoding=\"async\" loading=\"lazy\" class=\"size-full wp-image-89412\" src=\"https:\/\/www.ludwig-van.com\/montreal\/wp-content\/uploads\/sites\/3\/2025\/09\/Marina-Akamatsu_Janet-Best.png\" alt=\"Marina Akamatsu (Photo : Janet Best)\" width=\"1200\" height=\"753\" srcset=\"https:\/\/www.ludwig-van.com\/montreal\/wp-content\/uploads\/sites\/3\/2025\/09\/Marina-Akamatsu_Janet-Best.png 1200w, https:\/\/www.ludwig-van.com\/montreal\/wp-content\/uploads\/sites\/3\/2025\/09\/Marina-Akamatsu_Janet-Best-300x188.png 300w, https:\/\/www.ludwig-van.com\/montreal\/wp-content\/uploads\/sites\/3\/2025\/09\/Marina-Akamatsu_Janet-Best-1024x643.png 1024w, https:\/\/www.ludwig-van.com\/montreal\/wp-content\/uploads\/sites\/3\/2025\/09\/Marina-Akamatsu_Janet-Best-768x482.png 768w\" sizes=\"(max-width: 1200px) 100vw, 1200px\" \/><figcaption id=\"caption-attachment-89412\" class=\"wp-caption-text\">Marina Akamatsu (Photo : Janet Best)<\/figcaption><\/figure>\n<h3>St. Matthias Anglican Church<\/h3>\n<p>Toujours \u00e0 l\u2019occasion des Journ\u00e9es du patrimoine religieux, l\u2019\u00e9glise St. Matthias Anglican Church re\u00e7oit l\u2019<b>Orchestre communautaire de McGill<\/b>. Les profits de ce concert dirig\u00e9 par <b>Marina Akamatsu <\/b>et mettant en vedette la soprano <b>Maddalena Ohrbach<\/b> et la pianiste <b>Elissa Nakhleh<\/b> seront remis \u00e0 M\u00e9decins sans fronti\u00e8res ainsi qu\u2019\u00e0 l\u2019\u00e9glise elle-m\u00eame. Vous donnez ce que vous voulez, la suggestion est de 15$.<\/p>\n<p>LE 6 SEPTMBRE, 19 H, ST. MATTHIAS ANGLICAN CHURCH\u00a0 <a href=\"https:\/\/www.journeesdupatrimoinereligieux.ca\/programmation\/st-matthias-anglican-church-06\/\" target=\"_blank\" rel=\"noopener\">D\u00c9TAILS<\/a><\/p>\n<p>&nbsp;<\/p>\n<figure id=\"attachment_89415\" aria-describedby=\"caption-attachment-89415\" style=\"width: 1200px\" class=\"wp-caption aligncenter\"><img decoding=\"async\" loading=\"lazy\" class=\"size-full wp-image-89415\" src=\"https:\/\/www.ludwig-van.com\/montreal\/wp-content\/uploads\/sites\/3\/2025\/09\/eglise-sainte-genevieve_Francis-Begin.jpg\" alt=\"\u00c9glise Sainte-Genevi\u00e8ve (Photo : Francis B\u00e9gin)\" width=\"1200\" height=\"748\" srcset=\"https:\/\/www.ludwig-van.com\/montreal\/wp-content\/uploads\/sites\/3\/2025\/09\/eglise-sainte-genevieve_Francis-Begin.jpg 1200w, https:\/\/www.ludwig-van.com\/montreal\/wp-content\/uploads\/sites\/3\/2025\/09\/eglise-sainte-genevieve_Francis-Begin-300x187.jpg 300w, https:\/\/www.ludwig-van.com\/montreal\/wp-content\/uploads\/sites\/3\/2025\/09\/eglise-sainte-genevieve_Francis-Begin-1024x638.jpg 1024w, https:\/\/www.ludwig-van.com\/montreal\/wp-content\/uploads\/sites\/3\/2025\/09\/eglise-sainte-genevieve_Francis-Begin-768x479.jpg 768w\" sizes=\"(max-width: 1200px) 100vw, 1200px\" \/><figcaption id=\"caption-attachment-89415\" class=\"wp-caption-text\">\u00c9glise Sainte-Genevi\u00e8ve (Photo : Francis B\u00e9gin)<\/figcaption><\/figure>\n<h3>\u00c9glise Ste-Genevi\u00e8ve<\/h3>\n<p>L\u2019\u00e9glise Ste-Genevi\u00e8ve vous invite \u00e0 venir faire un tour dimanche. En plus de la visite des lieux, vous pourrez assister au concert de l\u2019organiste titulaire de la Cath\u00e9drale Marie-Reine du Monde, <b>Jean-Michel Grondin<\/b>. D\u2019autres activit\u00e9s non musicales sont \u00e9galement pr\u00e9vues le vendredi et le samedi. Toutes les informations se retrouvent dans le lien ci-bas.<\/p>\n<p>LE 7 SEPTEMBRE, 14 H, \u00c9GLISE STE-GENEVI\u00c8VE\u00a0 <a href=\"https:\/\/www.journeesdupatrimoinereligieux.ca\/programmation\/eglise-sainte-genevieve-7\/\" target=\"_blank\" rel=\"noopener\">D\u00c9TAILS<\/a><\/p>\n<p>&nbsp;<\/p>\n<figure id=\"attachment_62366\" aria-describedby=\"caption-attachment-62366\" style=\"width: 1200px\" class=\"wp-caption aligncenter\"><img decoding=\"async\" loading=\"lazy\" class=\"size-full wp-image-62366\" src=\"https:\/\/www.ludwig-van.com\/montreal\/wp-content\/uploads\/sites\/3\/2019\/10\/Choeur-St-Andrew-et-St-Paul-Tam-Lan-Truong-WEB.jpg\" alt=\"Le Ch\u0153ur St. Andrew et St. Paul. (Photo : Tam Lan Truong)\" width=\"1200\" height=\"801\" srcset=\"https:\/\/www.ludwig-van.com\/montreal\/wp-content\/uploads\/sites\/3\/2019\/10\/Choeur-St-Andrew-et-St-Paul-Tam-Lan-Truong-WEB.jpg 1200w, https:\/\/www.ludwig-van.com\/montreal\/wp-content\/uploads\/sites\/3\/2019\/10\/Choeur-St-Andrew-et-St-Paul-Tam-Lan-Truong-WEB-300x200.jpg 300w, https:\/\/www.ludwig-van.com\/montreal\/wp-content\/uploads\/sites\/3\/2019\/10\/Choeur-St-Andrew-et-St-Paul-Tam-Lan-Truong-WEB-768x513.jpg 768w, https:\/\/www.ludwig-van.com\/montreal\/wp-content\/uploads\/sites\/3\/2019\/10\/Choeur-St-Andrew-et-St-Paul-Tam-Lan-Truong-WEB-1024x684.jpg 1024w\" sizes=\"(max-width: 1200px) 100vw, 1200px\" \/><figcaption id=\"caption-attachment-62366\" class=\"wp-caption-text\">Le Ch\u0153ur St. Andrew et St. Paul. (Photo : Tam Lan Truong)<\/figcaption><\/figure>\n<h3>\u00c9glise St. Andrew &amp; St. Paul de Montr\u00e9al &#8211; <i>Hymn Sing<\/i><\/h3>\n<p>C\u2019est au tour de l\u2019\u00e9glise St. Andrew &amp; St. Paul de vous convier \u00e0 un \u00e9v\u00e9nement organis\u00e9 \u00e0 l\u2019occasion des Journ\u00e9es du patrimoine religieux. En plus de visites guid\u00e9es ou libres o\u00f9 vous pourrez admirer leur orgue \u00e0 tuyau &#8211; l\u2019un des plus grands Montr\u00e9al &#8211; vous \u00eates invit\u00e9 \u00e0 entendre la chorale de l\u2019\u00e9glise chanter leurs hymnes pr\u00e9f\u00e9r\u00e9s. Prenez \u00e9galement une pause spirituelle dans leur jardin tranquille, oasis de paix dans une ville grouillante d\u2019activit\u00e9s.<\/p>\n<p>LE 7 SEPTEMBRE, 13 H 30, \u00c9GLISE ST. ANDREW &amp; ST. PAUL\u00a0 <a href=\"https:\/\/www.journeesdupatrimoinereligieux.ca\/programmation\/eglise-saint-andre-et-saint-paul-7\/\" target=\"_blank\" rel=\"noopener\">D\u00c9TAILS<\/a><\/p>\n<p>&nbsp;<\/p>\n<h3>Quatuor M\u00e9moire &#8211; <i>Espace m\u00e9moire<\/i><\/h3>\n<p>Le seul concert ne faisant pas partie des Journ\u00e9es du patrimoine religieux cette semaine est celui offert par le <strong>Quatuor M\u00e9moire<\/strong> ce dimanche. Il vous inteperpra des \u0153uvres phares des compositeurs canadiens et qu\u00e9b\u00e9cois Serge Garant et Serge Weinzweig, ainsi que de la compositrice canadienne Jean Coulthard. La repr\u00e9sentation sera agr\u00e9ment\u00e9e des commentaires du compositeur <strong>Brian Cherney <\/strong>sur ces pi\u00e8ces rarement jou\u00e9es.<\/p>\n<p>LE 7 SEPTEMBRE, 14 H, CENTRE DE MUSIQUE CANADIENNE &#8211; ESPACE KENDERGI\u00a0 <a href=\"https:\/\/www.zeffy.com\/fr-CA\/ticketing\/espace-memoire-quatuor-memoire?fbclid=IwY2xjawMmfQtleHRuA2FlbQIxMABicmlkETFQV2hLS2FRRW5vcURESHNGAR7Gx-f3EgCO6xC7cuxJ_jxLPzlRTMtoc20LxdaKuxM7mnEYhv48rk-JDlFgew_aem__odMRABs6bXAjIAhL-B6Fw\">D\u00c9TAILS<\/a><\/p>\n<p>&nbsp;<\/p>\n<figure id=\"attachment_89411\" aria-describedby=\"caption-attachment-89411\" style=\"width: 1200px\" class=\"wp-caption aligncenter\"><img decoding=\"async\" loading=\"lazy\" class=\"size-full wp-image-89411\" src=\"https:\/\/www.ludwig-van.com\/montreal\/wp-content\/uploads\/sites\/3\/2025\/09\/Guillaume-Villeneuve-et-Luc-Beausejour_Clavecin-en-concert.png\" alt=\"Guillaume Villeneuve et Luc Beaus\u00e9jour (Photo : Clavecin en concert)\" width=\"1200\" height=\"548\" srcset=\"https:\/\/www.ludwig-van.com\/montreal\/wp-content\/uploads\/sites\/3\/2025\/09\/Guillaume-Villeneuve-et-Luc-Beausejour_Clavecin-en-concert.png 1200w, https:\/\/www.ludwig-van.com\/montreal\/wp-content\/uploads\/sites\/3\/2025\/09\/Guillaume-Villeneuve-et-Luc-Beausejour_Clavecin-en-concert-300x137.png 300w, https:\/\/www.ludwig-van.com\/montreal\/wp-content\/uploads\/sites\/3\/2025\/09\/Guillaume-Villeneuve-et-Luc-Beausejour_Clavecin-en-concert-1024x468.png 1024w, https:\/\/www.ludwig-van.com\/montreal\/wp-content\/uploads\/sites\/3\/2025\/09\/Guillaume-Villeneuve-et-Luc-Beausejour_Clavecin-en-concert-768x351.png 768w\" sizes=\"(max-width: 1200px) 100vw, 1200px\" \/><figcaption id=\"caption-attachment-89411\" class=\"wp-caption-text\">Guillaume Villeneuve et Luc Beaus\u00e9jour (Photo : Clavecin en concert)<\/figcaption><\/figure>\n<h3><i>Les Go\u00fbts r\u00e9unis<\/i><\/h3>\n<p>Le violoniste <b>Guillaume Villeneuve<\/b> et le claveciniste <b>Luc Beaus\u00e9jour<\/b> pr\u00e9sentent un concert gratuit pour cl\u00f4turer cette fin de semaine des Journ\u00e9es du patrimoine religieux. Le programme, compos\u00e9 d\u2019\u0153uvres de Bach, Haendel, Corelli et Couperin, vous invite \u00e0 red\u00e9couvrir le r\u00e9pertoire baroque, le tout ponctu\u00e9 de pr\u00e9sentations offrant un \u00e9clairage sur les pi\u00e8ces, sur leur compositeur, ainsi que sur les instruments.<\/p>\n<p>LE 7 SEPTEMBRE, 19 H 30, \u00c9GLISE ST-VIATEUR D\u2019OUTREMONT\u00a0 <a href=\"https:\/\/montreal.ca\/evenements\/les-gouts-reunis-clavecin-en-concert-88343\" target=\"_blank\" rel=\"noopener\">D\u00c9TAILS<\/a><\/p>\n<h2><em>Inscrivez-vous \u00e0 notre infolettre! La musique classique et l\u2019op\u00e9ra en 5 minutes, chaque jour<\/em> <a href=\"https:\/\/ludwig-van.us9.list-manage.com\/subscribe?u=4f785cb3f9058f2393ccad035&amp;id=b9b160c032\" target=\"_blank\" rel=\"noopener noreferrer\">ICI<\/a>.<\/h2>\n","protected":false},"excerpt":{"rendered":"<p>Tandis que la grande majorit\u00e9 de nos artistes profite d\u2019une pause entre la saison d\u2019\u00e9t\u00e9 et la saison r\u00e9guli\u00e8re pour se reposer, une minorit\u00e9 d\u2019entre eux tient le fort cette fin de semaine en agr\u00e9mentant de leur musique les activit\u00e9s gratuites pr\u00e9vues dans le cadre des Journ\u00e9es du patrimoine religieux (programmation compl\u00e8te). Allez encourager ces irr\u00e9ductibles (pas Gaulois) qui font le pont entre les deux saisons!<\/p>\n","protected":false},"author":1,"featured_media":89416,"comment_status":"open","ping_status":"open","sticky":false,"template":"","format":"standard","meta":{"om_disable_all_campaigns":false,"jetpack_post_was_ever_published":false},"categories":[42299,10994],"tags":[42300,11882],"yst_prominent_words":[11991,9863,15006,27553,27239,15020,26017,26016,9835],"acf":[],"jetpack_featured_media_url":"https:\/\/www.ludwig-van.com\/montreal\/wp-content\/uploads\/sites\/3\/2025\/09\/Copie-de-CONCERTS1.jpg","jetpack_sharing_enabled":true,"jetpack_shortlink":"https:\/\/wp.me\/p9bdYt-ng6","amp_enabled":true,"_links":{"self":[{"href":"https:\/\/www.ludwig-van.com\/montreal\/wp-json\/wp\/v2\/posts\/89410"}],"collection":[{"href":"https:\/\/www.ludwig-van.com\/montreal\/wp-json\/wp\/v2\/posts"}],"about":[{"href":"https:\/\/www.ludwig-van.com\/montreal\/wp-json\/wp\/v2\/types\/post"}],"author":[{"embeddable":true,"href":"https:\/\/www.ludwig-van.com\/montreal\/wp-json\/wp\/v2\/users\/1"}],"replies":[{"embeddable":true,"href":"https:\/\/www.ludwig-van.com\/montreal\/wp-json\/wp\/v2\/comments?post=89410"}],"version-history":[{"count":11,"href":"https:\/\/www.ludwig-van.com\/montreal\/wp-json\/wp\/v2\/posts\/89410\/revisions"}],"predecessor-version":[{"id":89440,"href":"https:\/\/www.ludwig-van.com\/montreal\/wp-json\/wp\/v2\/posts\/89410\/revisions\/89440"}],"wp:featuredmedia":[{"embeddable":true,"href":"https:\/\/www.ludwig-van.com\/montreal\/wp-json\/wp\/v2\/media\/89416"}],"wp:attachment":[{"href":"https:\/\/www.ludwig-van.com\/montreal\/wp-json\/wp\/v2\/media?parent=89410"}],"wp:term":[{"taxonomy":"category","embeddable":true,"href":"https:\/\/www.ludwig-van.com\/montreal\/wp-json\/wp\/v2\/categories?post=89410"},{"taxonomy":"post_tag","embeddable":true,"href":"https:\/\/www.ludwig-van.com\/montreal\/wp-json\/wp\/v2\/tags?post=89410"},{"taxonomy":"yst_prominent_words","embeddable":true,"href":"https:\/\/www.ludwig-van.com\/montreal\/wp-json\/wp\/v2\/yst_prominent_words?post=89410"}],"curies":[{"name":"wp","href":"https:\/\/api.w.org\/{rel}","templated":true}]}}