{"id":89180,"date":"2025-08-14T18:10:27","date_gmt":"2025-08-14T22:10:27","guid":{"rendered":"https:\/\/www.ludwig-van.com\/montreal\/?p=89180"},"modified":"2025-08-18T08:00:04","modified_gmt":"2025-08-18T12:00:04","slug":"nouvelle-une-violoniste-de-montreal-obtient-le-troisieme-prix-au-concours-de-concerto-des-violons-du-roy","status":"publish","type":"post","link":"https:\/\/www.ludwig-van.com\/montreal\/2025\/08\/14\/nouvelle-une-violoniste-de-montreal-obtient-le-troisieme-prix-au-concours-de-concerto-des-violons-du-roy\/","title":{"rendered":"NOUVELLE | Une violoniste de Montr\u00e9al obtient le troisi\u00e8me prix au Concours de concerto des Violons du Roy"},"content":{"rendered":"<div class=\"grid-list\">\n<div class=\"grid-list__item grid-list__item--white\">\n<div class=\"block-wrapper\">\n<figure id=\"attachment_89181\" aria-describedby=\"caption-attachment-89181\" style=\"width: 1200px\" class=\"wp-caption aligncenter\"><img decoding=\"async\" loading=\"lazy\" class=\"size-full wp-image-89181\" src=\"https:\/\/www.ludwig-van.com\/montreal\/wp-content\/uploads\/sites\/3\/2025\/08\/Copie-de-NOUVELLE59.jpg\" alt=\"Ashley Tsai; Thomas Lim; Annabelle Chouinard. (Photos : courtoisie)\" width=\"1200\" height=\"628\" srcset=\"https:\/\/www.ludwig-van.com\/montreal\/wp-content\/uploads\/sites\/3\/2025\/08\/Copie-de-NOUVELLE59.jpg 1200w, https:\/\/www.ludwig-van.com\/montreal\/wp-content\/uploads\/sites\/3\/2025\/08\/Copie-de-NOUVELLE59-300x157.jpg 300w, https:\/\/www.ludwig-van.com\/montreal\/wp-content\/uploads\/sites\/3\/2025\/08\/Copie-de-NOUVELLE59-1024x536.jpg 1024w, https:\/\/www.ludwig-van.com\/montreal\/wp-content\/uploads\/sites\/3\/2025\/08\/Copie-de-NOUVELLE59-768x402.jpg 768w\" sizes=\"(max-width: 1200px) 100vw, 1200px\" \/><figcaption id=\"caption-attachment-89181\" class=\"wp-caption-text\">Ashley Tsai; Thomas Lim; Annabelle Chouinard. (Photos : courtoisie)<\/figcaption><\/figure>\n<p>Pour la sixi\u00e8me ann\u00e9e, le Concours de concerto des Violons du Roy se tenait au Domaine Forget. Les \u00e9preuves du 13 ao\u00fbt ont d\u00e9termin\u00e9 le classement d\u00e9finitif des trois candidat\u00b7e\u00b7s finalistes, <strong>Annabelle Chouinard<\/strong> (Montr\u00e9al), <strong>Thomas Lim<\/strong> (Saratoga) et <strong>Ashley Tsai<\/strong> (Calgary).<\/p>\n<p>Les candidat\u00b7e\u00b7s devaient pr\u00e9senter un concerto de l&rsquo;\u00e9poque baroque ou classique, pour la pr\u00e9paration duquel ils ont pu profiter des conseils des musicien\u00b7ne\u00b7s et du directeur musical de l&rsquo;orchestre. Ils se m\u00e9ritent tous\u00b7tes une r\u00e9compense en argent et une bourse compl\u00e8te pour prendre part au stage d&rsquo;orchestre de chambre de l&rsquo;Acad\u00e9mie du Domaine Forget. De plus, la personne gagnante est invit\u00e9e \u00e0 se produire devant public comme soliste avec Les Violons du Roy sous la direction de Jonathan Cohen lors du concert <em>Un op\u00e9ra imaginaire<\/em> pr\u00e9sent\u00e9 ce <a href=\"https:\/\/www.domaineforget.com\/programmation\/festival\/un-opera-imaginaire\/?from=1162&amp;from_p=%3fdf%3d%26dt%3d%26s%3d%26p%3d3%26_%3d1748447231168\" target=\"_blank\" rel=\"noopener\" data-anchor=\"?from=1162&amp;from_p=%3fdf%3d%26dt%3d%26s%3d%26p%3d3%26_%3d1748447231168\">dimanche 17\u00a0ao\u00fbt \u00e0 15\u00a0h<\/a> dans le cadre des concerts de l\u2019Acad\u00e9mie du <a href=\"https:\/\/www.domaineforget.com\/\" target=\"_blank\" rel=\"noopener\">Domaine Forget de Charlevoix<\/a>.<\/p>\n<p>Voici les r\u00e9sultats finaux du concours :<\/p>\n<p><strong>Premier prix<br \/>\nThomas Lim<\/strong> (23\u00a0ans), violoncelliste de Saratoga en Californie<\/p>\n<ul>\n<li>Une invitation \u00e0 se produire en solo avec Les Violons du Roy lors du stage d\u2019orchestre de chambre de l\u2019Acad\u00e9mie du Domaine Forget de Charlevoix, en l&rsquo;occurrence lors du concert <em>Un op\u00e9ra imaginaire<\/em> pr\u00e9sent\u00e9 ce <a href=\"https:\/\/www.domaineforget.com\/programmation\/festival\/un-opera-imaginaire\/?from=1162&amp;from_p=%3fdf%3d%26dt%3d%26s%3d%26p%3d3%26_%3d1748447231168\" target=\"_blank\" rel=\"noopener\" data-anchor=\"?from=1162&amp;from_p=%3fdf%3d%26dt%3d%26s%3d%26p%3d3%26_%3d1748447231168\">dimanche 17\u00a0ao\u00fbt \u00e0 15\u00a0h<\/a><\/li>\n<li>Un prix en argent de 2\u00a0000\u00a0$ CAN offert par Les Violons du Roy<\/li>\n<li>Une bourse compl\u00e8te offerte par le Domaine Forget de Charlevoix pour prendre part au stage d\u2019orchestre de chambre de l&rsquo;Acad\u00e9mie du Domaine Forget de Charlevoix<\/li>\n<\/ul>\n<p><strong>Deuxi\u00e8me prix<br \/>\nAshley Tsai<\/strong> (19\u00a0ans), violoniste de Calgary<\/p>\n<ul>\n<li>Un prix en argent de 1\u00a0000\u00a0$ CAN offert par le <a href=\"https:\/\/quebecphilanthrope.org\/fonds\/claude-samson\/\" target=\"_blank\" rel=\"noopener\">Fonds Claude Samson<\/a> pour Les Violons du Roy<\/li>\n<li>Une bourse compl\u00e8te offerte par le Domaine Forget de Charlevoix pour prendre part au stage d\u2019orchestre de chambre de l&rsquo;Acad\u00e9mie du Domaine Forget de Charlevoix<\/li>\n<\/ul>\n<p><strong>Troisi\u00e8me prix<\/strong><br \/>\n<strong>Annabelle Chouinard<\/strong> (24\u00a0ans), violoniste de Montr\u00e9al<\/p>\n<ul>\n<li>Un prix en argent de 750\u00a0$ CAN offert par la <a href=\"https:\/\/www.violonsduroy.com\/fr\/fondation-des-violons-du-roy\/\" target=\"_blank\" rel=\"noopener\">Fondation des Violons du Roy<\/a><\/li>\n<li>Une bourse compl\u00e8te offerte par le Domaine Forget de Charlevoix pour prendre part au stage d\u2019orchestre de chambre de l&rsquo;Acad\u00e9mie du Domaine Forget de Charlevoix<\/li>\n<\/ul>\n<p>La tenue du Concours de concerto des Violons du Roy est possible gr\u00e2ce au <a href=\"https:\/\/www.domaineforget.com\/\" target=\"_blank\" rel=\"noopener\">Domaine Forget de Charlevoix<\/a>, aux Violons du Roy, au <a href=\"https:\/\/quebecphilanthrope.org\/fonds\/claude-samson\/\" target=\"_blank\" rel=\"noopener\">Fonds Claude Samson<\/a> et \u00e0 la <a href=\"https:\/\/www.violonsduroy.com\/fr\/fondation-des-violons-du-roy\/\" target=\"_blank\" rel=\"noopener\">Fondation des Violons du Roy<\/a>.<\/p>\n<h2><em>Inscrivez-vous \u00e0 notre infolettre! La musique classique et l\u2019op\u00e9ra en 5 minutes, chaque jour<\/em> <a href=\"https:\/\/ludwig-van.us9.list-manage.com\/subscribe?u=4f785cb3f9058f2393ccad035&amp;id=b9b160c032\" target=\"_blank\" rel=\"noopener noreferrer\">ICI.<\/a><\/h2>\n<\/div>\n<\/div>\n<\/div>\n","protected":false},"excerpt":{"rendered":"<p>Pour la sixi\u00e8me ann\u00e9e, le Concours de concerto des Violons du Roy se tenait au Domaine Forget. Les \u00e9preuves du 13 ao\u00fbt ont d\u00e9termin\u00e9 le classement d\u00e9finitif des trois candidat\u00b7e\u00b7s finalistes, Annabelle Chouinard (Montr\u00e9al), Thomas Lim (Saratoga) et Ashley Tsai (Calgary).<\/p>\n","protected":false},"author":55,"featured_media":89181,"comment_status":"open","ping_status":"open","sticky":false,"template":"","format":"standard","meta":{"om_disable_all_campaigns":false,"jetpack_post_was_ever_published":false},"categories":[42299,10992],"tags":[42300,3503],"yst_prominent_words":[14335,32459,32465,9974],"acf":[],"jetpack_featured_media_url":"https:\/\/www.ludwig-van.com\/montreal\/wp-content\/uploads\/sites\/3\/2025\/08\/Copie-de-NOUVELLE59.jpg","jetpack_sharing_enabled":true,"jetpack_shortlink":"https:\/\/wp.me\/p9bdYt-nco","amp_enabled":true,"_links":{"self":[{"href":"https:\/\/www.ludwig-van.com\/montreal\/wp-json\/wp\/v2\/posts\/89180"}],"collection":[{"href":"https:\/\/www.ludwig-van.com\/montreal\/wp-json\/wp\/v2\/posts"}],"about":[{"href":"https:\/\/www.ludwig-van.com\/montreal\/wp-json\/wp\/v2\/types\/post"}],"author":[{"embeddable":true,"href":"https:\/\/www.ludwig-van.com\/montreal\/wp-json\/wp\/v2\/users\/55"}],"replies":[{"embeddable":true,"href":"https:\/\/www.ludwig-van.com\/montreal\/wp-json\/wp\/v2\/comments?post=89180"}],"version-history":[{"count":31,"href":"https:\/\/www.ludwig-van.com\/montreal\/wp-json\/wp\/v2\/posts\/89180\/revisions"}],"predecessor-version":[{"id":89219,"href":"https:\/\/www.ludwig-van.com\/montreal\/wp-json\/wp\/v2\/posts\/89180\/revisions\/89219"}],"wp:featuredmedia":[{"embeddable":true,"href":"https:\/\/www.ludwig-van.com\/montreal\/wp-json\/wp\/v2\/media\/89181"}],"wp:attachment":[{"href":"https:\/\/www.ludwig-van.com\/montreal\/wp-json\/wp\/v2\/media?parent=89180"}],"wp:term":[{"taxonomy":"category","embeddable":true,"href":"https:\/\/www.ludwig-van.com\/montreal\/wp-json\/wp\/v2\/categories?post=89180"},{"taxonomy":"post_tag","embeddable":true,"href":"https:\/\/www.ludwig-van.com\/montreal\/wp-json\/wp\/v2\/tags?post=89180"},{"taxonomy":"yst_prominent_words","embeddable":true,"href":"https:\/\/www.ludwig-van.com\/montreal\/wp-json\/wp\/v2\/yst_prominent_words?post=89180"}],"curies":[{"name":"wp","href":"https:\/\/api.w.org\/{rel}","templated":true}]}}