{"id":89169,"date":"2025-08-14T16:44:49","date_gmt":"2025-08-14T20:44:49","guid":{"rendered":"https:\/\/www.ludwig-van.com\/montreal\/?p=89169"},"modified":"2025-08-14T16:51:25","modified_gmt":"2025-08-14T20:51:25","slug":"recherche-donneur-de-moelle-osseuse-pour-le-chanteur-david-souza","status":"publish","type":"post","link":"https:\/\/www.ludwig-van.com\/montreal\/2025\/08\/14\/recherche-donneur-de-moelle-osseuse-pour-le-chanteur-david-souza\/","title":{"rendered":"RECHERCHE | Recherche de don de moelle osseuse pour le chanteur David Souza"},"content":{"rendered":"<figure id=\"attachment_89173\" aria-describedby=\"caption-attachment-89173\" style=\"width: 1200px\" class=\"wp-caption aligncenter\"><img decoding=\"async\" loading=\"lazy\" class=\"size-full wp-image-89173\" src=\"https:\/\/www.ludwig-van.com\/montreal\/wp-content\/uploads\/sites\/3\/2025\/08\/Copie-de-NOUVELLE57.jpg\" alt=\"David Souza sur la sc\u00e8ne du Palais Montcalm lors d'un concert avec Les Rhapsodes de Qu\u00e9bec. (Photo : Emmanuel Burriel)\" width=\"1200\" height=\"628\" srcset=\"https:\/\/www.ludwig-van.com\/montreal\/wp-content\/uploads\/sites\/3\/2025\/08\/Copie-de-NOUVELLE57.jpg 1200w, https:\/\/www.ludwig-van.com\/montreal\/wp-content\/uploads\/sites\/3\/2025\/08\/Copie-de-NOUVELLE57-300x157.jpg 300w, https:\/\/www.ludwig-van.com\/montreal\/wp-content\/uploads\/sites\/3\/2025\/08\/Copie-de-NOUVELLE57-1024x536.jpg 1024w, https:\/\/www.ludwig-van.com\/montreal\/wp-content\/uploads\/sites\/3\/2025\/08\/Copie-de-NOUVELLE57-768x402.jpg 768w\" sizes=\"(max-width: 1200px) 100vw, 1200px\" \/><figcaption id=\"caption-attachment-89173\" class=\"wp-caption-text\">David Souza sur la sc\u00e8ne du Palais Montcalm lors d&rsquo;un concert avec Les Rhapsodes de Qu\u00e9bec. (Photo : Emmanuel Burriel)<\/figcaption><\/figure>\n<p>La famille de <strong>David Souza<\/strong> recherche de fa\u00e7on urgente un don de moelle osseuse d&rsquo;une personne d&rsquo;origine br\u00e9silienne pour sauver le chanteur d&rsquo;une leuc\u00e9mie my\u00e9lo\u00efde aig\u00fce qui s&rsquo;est d\u00e9clar\u00e9e au d\u00e9but juillet.<\/p>\n<p>Install\u00e9 \u00e0 Qu\u00e9bec depuis 2008, <strong>David Souza<\/strong> est membre du Ch\u0153ur de l&rsquo;Op\u00e9ra de Qu\u00e9bec depuis 2013 et de celui de l&rsquo;OSQ depuis 2016. Le d\u00e9tenteur d&rsquo;un doctorat en chant de l&rsquo;Universit\u00e9 Laval forme un duo, sur sc\u00e8ne comme dans la vie, avec la soprano <strong>Marie-\u00c8ve Boucher <\/strong>(qui se produit sous le nom d&rsquo;artiste Mary Bewitch). Le couple devait entre autres se produire dans le cadre des Matin\u00e9es classiques pr\u00e9sent\u00e9es au Parc des Chutes-de-la-Chaudi\u00e8re, un des concerts qui ont d\u00fb \u00eatre annul\u00e9s suite au diagnostic, qui est tomb\u00e9 le 12 juillet.<\/p>\n<p>Les sympt\u00f4mes de <strong>David Souza<\/strong> ont commenc\u00e9 \u00e0 se manifester \u00e0 peine quelques jours plus t\u00f4t, au terme de sa session d&rsquo;enseignement au Camp musical de Qu\u00e9bec. D&rsquo;abord convaincu que la fatigue, les essoufflements et les douleurs n&rsquo;\u00e9taient que le r\u00e9sultat normal d&rsquo;une vie professionnelle intense, le chanteur s&rsquo;est finalement vu contraint d&rsquo;annuler sa pr\u00e9sence \u00e0 une r\u00e9p\u00e9tition de <em>Carmen<\/em> pour le Festival d&rsquo;Op\u00e9ra de Qu\u00e9bec parce qu&rsquo;il se sentait trop mal en point. Il a r\u00e9ussi \u00e0 \u00eatre vu par un m\u00e9decin le jour m\u00eame.<\/p>\n<p>C&rsquo;\u00e9tait la bonne d\u00e9cision. Apr\u00e8s la r\u00e9p\u00e9tition, la bo\u00eete vocale de <strong>Marie-\u00c8ve Boucher<\/strong> \u00e9tait remplie de messages d&rsquo;un oncologue de l&rsquo;H\u00f4tel-Dieu de Qu\u00e9bec qui cherchait de toute urgence \u00e0 rejoindre son conjoint. Rentr\u00e9e rapidement \u00e0 la maison, elle l&rsquo;a trouv\u00e9 au lit, le teint verd\u00e2tre et incapable de m\u00eame r\u00e9pondre au t\u00e9l\u00e9phone.<\/p>\n<p>Admis \u00e0 l&rsquo;h\u00f4pital le jour m\u00eame, <strong>David Souza<\/strong> n&rsquo;en est pas encore ressorti. Sept jours de chimioth\u00e9rapie liquide, puis sous forme de pillules, ont an\u00e9anti les cellules canc\u00e9reuses, mais \u00e9galement tout son syst\u00e8me immunitaire. Il ne peut actuellement voir ses deux enfants, Lucca et Jade, \u00e0 cause des risques d&rsquo;infection.<\/p>\n<p>Depuis deux jours, les analyses sanguines quotidiennes d\u00e9montrent que son syst\u00e8me immunitaire commence \u00e0 se reconstruire. Une fois le stade critique pass\u00e9, il pourra retourner chez lui et retrouver sa famille. Son fils Lucca l&rsquo;attend avec beaucoup d&rsquo;impatience. Le jeune chanteur de 7 ans partage la passion de ses parents et s&rsquo;attendait \u00e0 passer l&rsquo;\u00e9t\u00e9 aux c\u00f4t\u00e9s de son p\u00e8re, de qui il est tr\u00e8s proche, puisqu&rsquo;il a particip\u00e9 au Camp musical de Qu\u00e9bec et faisait partie du ch\u0153ur d&rsquo;enfants de la production de <em>Carmen.<\/em><\/p>\n<p>&nbsp;<\/p>\n<figure id=\"attachment_89175\" aria-describedby=\"caption-attachment-89175\" style=\"width: 1200px\" class=\"wp-caption aligncenter\"><img decoding=\"async\" loading=\"lazy\" class=\"size-full wp-image-89175\" src=\"https:\/\/www.ludwig-van.com\/montreal\/wp-content\/uploads\/sites\/3\/2025\/08\/David-Souza-avec-enfants.jpg\" alt=\"David Souza avec ses enfants Jade et Lucca. (Photo : courtoisie de la famille)\" width=\"1200\" height=\"802\" srcset=\"https:\/\/www.ludwig-van.com\/montreal\/wp-content\/uploads\/sites\/3\/2025\/08\/David-Souza-avec-enfants.jpg 1200w, https:\/\/www.ludwig-van.com\/montreal\/wp-content\/uploads\/sites\/3\/2025\/08\/David-Souza-avec-enfants-300x201.jpg 300w, https:\/\/www.ludwig-van.com\/montreal\/wp-content\/uploads\/sites\/3\/2025\/08\/David-Souza-avec-enfants-1024x684.jpg 1024w, https:\/\/www.ludwig-van.com\/montreal\/wp-content\/uploads\/sites\/3\/2025\/08\/David-Souza-avec-enfants-768x513.jpg 768w\" sizes=\"(max-width: 1200px) 100vw, 1200px\" \/><figcaption id=\"caption-attachment-89175\" class=\"wp-caption-text\">David Souza avec ses enfants Jade et Lucca. (Photo : courtoisie de la famille)<\/figcaption><\/figure>\n<p>Les \u00e9preuves ne seront pas termin\u00e9es pour autant. Dans le cas de <strong>David<\/strong>, la probabilit\u00e9 de r\u00e9cidive de la leuc\u00e9mie a \u00e9t\u00e9 \u00e9valu\u00e9e de moyenne \u00e0 \u00e9lev\u00e9e. C&rsquo;est pourquoi ses m\u00e9decins traitants souhaitent proc\u00e9der \u00e0 une greffe de moelle osseuse, pour remplacer sa moelle g\u00e9n\u00e9tiquement plus vuln\u00e9rable par la moelle d&rsquo;un\u00b7e donneur\u00b7se en bonne sant\u00e9.<\/p>\n<p>En attendant, <strong>Souza<\/strong> continuera d&rsquo;\u00eatre hospitalis\u00e9e pour des traitements intermittents de chimioth\u00e9rapie, \u00e0 coup de quatre ou cinq jours \u00e0 chaque fois. Les m\u00e9decins esp\u00e8rent proc\u00e9der \u00e0 la greffe vers la fin septembre ou le d\u00e9but du mois d&rsquo;octobre.<\/p>\n<h3>Crit\u00e8res<\/h3>\n<p>La famille est donc \u00e0 la recherche d&rsquo;un\u00b7e donneur\u00b7se compatible d&rsquo;origine br\u00e9silienne entre 18 et 35 ans en bonne sant\u00e9. La limite d&rsquo;\u00e2ge peut \u00eatre exc\u00e9d\u00e9e si la personne donneuse est en excellente sant\u00e9.<\/p>\n<p>Les personnes d\u00e9sireuses de se soumettre \u00e0 un test de compatibilit\u00e9 peuvent se pr\u00e9senter dans n&rsquo;importe quelle succursale d&rsquo;H\u00e9ma-Qu\u00e9bec pour un frottis buccal. Les r\u00e9sultats seront automatiquement entr\u00e9s dans la banque et les m\u00e9decins traitants de <strong>David Souza<\/strong> seront pr\u00e9venus directement d\u00e8s qu&rsquo;un\u00b7e donneur\u00b7se compatible sera d\u00e9couvert\u00b7e.<\/p>\n<p>Des informations sur le d\u00e9roulement de l&rsquo;intervention sont d\u00e9taill\u00e9es sur le site d&rsquo;H\u00e9ma-Qu\u00e9bec <a href=\"https:\/\/www.hemaquebec.ca\/don-cellules-souches\/deroulement-don-cellules-souches\" target=\"_blank\" rel=\"noopener\">dans la cat\u00e9gorie \u00ab\u00a0don de cellules souches\u00a0\u00bb<\/a>, sous le type \u00ab\u00a0don de cellules souches par moelle osseuse\u00a0\u00bb.<\/p>\n<p>&nbsp;<\/p>\n","protected":false},"excerpt":{"rendered":"<p>La famille de David Souza recherche de fa\u00e7on urgente un don de mo\u00eblle osseuse d&rsquo;une personne d&rsquo;origine br\u00e9silienne pour sauver le chanteur d&rsquo;une leuc\u00e9mie my\u00e9lo\u00efde aig\u00fce qui s&rsquo;est d\u00e9clar\u00e9e au d\u00e9but juillet.<\/p>\n","protected":false},"author":55,"featured_media":89173,"comment_status":"open","ping_status":"open","sticky":false,"template":"","format":"standard","meta":{"om_disable_all_campaigns":false,"jetpack_post_was_ever_published":false},"categories":[42299,10956,10992],"tags":[42300,42346],"yst_prominent_words":[22904,12034,15056,23356,9838,24973],"acf":[],"jetpack_featured_media_url":"https:\/\/www.ludwig-van.com\/montreal\/wp-content\/uploads\/sites\/3\/2025\/08\/Copie-de-NOUVELLE57.jpg","jetpack_sharing_enabled":true,"jetpack_shortlink":"https:\/\/wp.me\/p9bdYt-ncd","amp_enabled":true,"_links":{"self":[{"href":"https:\/\/www.ludwig-van.com\/montreal\/wp-json\/wp\/v2\/posts\/89169"}],"collection":[{"href":"https:\/\/www.ludwig-van.com\/montreal\/wp-json\/wp\/v2\/posts"}],"about":[{"href":"https:\/\/www.ludwig-van.com\/montreal\/wp-json\/wp\/v2\/types\/post"}],"author":[{"embeddable":true,"href":"https:\/\/www.ludwig-van.com\/montreal\/wp-json\/wp\/v2\/users\/55"}],"replies":[{"embeddable":true,"href":"https:\/\/www.ludwig-van.com\/montreal\/wp-json\/wp\/v2\/comments?post=89169"}],"version-history":[{"count":5,"href":"https:\/\/www.ludwig-van.com\/montreal\/wp-json\/wp\/v2\/posts\/89169\/revisions"}],"predecessor-version":[{"id":89179,"href":"https:\/\/www.ludwig-van.com\/montreal\/wp-json\/wp\/v2\/posts\/89169\/revisions\/89179"}],"wp:featuredmedia":[{"embeddable":true,"href":"https:\/\/www.ludwig-van.com\/montreal\/wp-json\/wp\/v2\/media\/89173"}],"wp:attachment":[{"href":"https:\/\/www.ludwig-van.com\/montreal\/wp-json\/wp\/v2\/media?parent=89169"}],"wp:term":[{"taxonomy":"category","embeddable":true,"href":"https:\/\/www.ludwig-van.com\/montreal\/wp-json\/wp\/v2\/categories?post=89169"},{"taxonomy":"post_tag","embeddable":true,"href":"https:\/\/www.ludwig-van.com\/montreal\/wp-json\/wp\/v2\/tags?post=89169"},{"taxonomy":"yst_prominent_words","embeddable":true,"href":"https:\/\/www.ludwig-van.com\/montreal\/wp-json\/wp\/v2\/yst_prominent_words?post=89169"}],"curies":[{"name":"wp","href":"https:\/\/api.w.org\/{rel}","templated":true}]}}