{"id":89143,"date":"2025-08-12T20:06:17","date_gmt":"2025-08-13T00:06:17","guid":{"rendered":"https:\/\/www.ludwig-van.com\/montreal\/?p=89143"},"modified":"2025-08-14T14:00:02","modified_gmt":"2025-08-14T18:00:02","slug":"nouvelle-augmentation-de-frequentation-de-38-aux-concerts-des-iles-du-bic","status":"publish","type":"post","link":"https:\/\/www.ludwig-van.com\/montreal\/2025\/08\/12\/nouvelle-augmentation-de-frequentation-de-38-aux-concerts-des-iles-du-bic\/","title":{"rendered":"NOUVELLE | Augmentation de fr\u00e9quentation de 38 % aux Concerts des \u00eeles du Bic"},"content":{"rendered":"<p><img decoding=\"async\" loading=\"lazy\" class=\"aligncenter size-full wp-image-89148\" src=\"https:\/\/www.ludwig-van.com\/montreal\/wp-content\/uploads\/sites\/3\/2025\/08\/Copie-de-NOUVELLE56.jpg\" alt=\"\" width=\"1200\" height=\"628\" srcset=\"https:\/\/www.ludwig-van.com\/montreal\/wp-content\/uploads\/sites\/3\/2025\/08\/Copie-de-NOUVELLE56.jpg 1200w, https:\/\/www.ludwig-van.com\/montreal\/wp-content\/uploads\/sites\/3\/2025\/08\/Copie-de-NOUVELLE56-300x157.jpg 300w, https:\/\/www.ludwig-van.com\/montreal\/wp-content\/uploads\/sites\/3\/2025\/08\/Copie-de-NOUVELLE56-1024x536.jpg 1024w, https:\/\/www.ludwig-van.com\/montreal\/wp-content\/uploads\/sites\/3\/2025\/08\/Copie-de-NOUVELLE56-768x402.jpg 768w\" sizes=\"(max-width: 1200px) 100vw, 1200px\" \/><\/p>\n<p>Au terme de leur 24e saison, les <strong>Concerts des \u00eeles du Bic<\/strong> se r\u00e9jouissent d&rsquo;une hausse de fr\u00e9quentation atteignant un taux de 38 % de plus que l&rsquo;an dernier.<\/p>\n<p>Du 6 juillet au 10 ao\u00fbt, ce sont 3 200 festivaliers\u00b7\u00e8res qui ont fr\u00e9quent\u00e9 les concerts de musique de chambre et autres \u00e9v\u00e9nements pr\u00e9sent\u00e9s sur un territoire s&rsquo;\u00e9tendant de Cacouna \u00e0 Rimouski, en passant par Saint-Fabien et Rimouski.<\/p>\n<p>La programmation \u00e9labor\u00e9e par le directeur artistique par int\u00e9rim <strong>Mathieu Gaudet<\/strong> r\u00e9unissait 71 artistes, dont 48 musicien\u00b7ne\u00b7s professionnel\u00b7le\u00b7s, qui ont pr\u00e9sent\u00e9 un \u00e9ventail vari\u00e9 de r\u00e9pertoire.<\/p>\n<blockquote><p>\u00ab\u2009Les gens ont appr\u00e9ci\u00e9 la grande vari\u00e9t\u00e9 des r\u00e9pertoires pr\u00e9sent\u00e9s. Par exemple, les artistes ont interpr\u00e9t\u00e9 de la musique baroque avec les <em>V\u00eapres<\/em> de Monteverdi, de grandes \u0153uvres romantiques, puis explor\u00e9 des cr\u00e9ations plus actuelles, notamment le <em>Joy Boy<\/em> d\u2019Eastman au gala de cl\u00f4ture\u2009\u00bb a d\u00e9clar\u00e9 <strong>Mathieu Gaudet<\/strong>.<\/p><\/blockquote>\n<p><strong>Gaudet<\/strong> compte d&rsquo;ailleurs parmi les artistes originaires de la r\u00e9gion s&rsquo;\u00e9tant produit dans le cadre du festival, tout comme <strong>\u00c9lise Lavoie<\/strong>, co-fondatrice de l&rsquo;\u00e9v\u00e9nement avec <strong>James Darling<\/strong>. Le festival a \u00e9galement accueilli des artistes aux carri\u00e8res internationales tels que <strong>St\u00e9phane T\u00e9treault<\/strong> et l&rsquo;ensemble <strong>Paramirabo<\/strong>, ainsi que des artistes de la rel\u00e8ve de diff\u00e9rentes provenances, notamment du Qu\u00e9bec, de la France, des \u00c9tats-Unis, du S\u00e9n\u00e9gal, de la R\u00e9publique d\u00e9mocratique du Congo et d\u2019autres pays d\u2019origine panafricaine.<\/p>\n<p>Aux neuf concerts de la s\u00e9rie centrale s&rsquo;ajoutaient les \u00e9v\u00e9nements hors festival, regroup\u00e9s en trois volets distincts :<\/p>\n<ul>\n<li>\u00ab\u2009Envol musical\u2009\u00bb pour rejoindre le grand public et les jeunes des camps de jour;<\/li>\n<li>l\u2019exposition \u00ab\u2009Si j\u2019\u00e9tais un arbre\u2009\u00bb pour sensibiliser aux changements climatiques;<\/li>\n<li>la tourn\u00e9e \u00ab\u2009Kas\u00e0l\u00e0 et poutine\u2009\u00bb, cr\u00e9\u00e9e en partenariat avec Kas\u00e0laction, pour souligner le r\u00f4le de Rimouski comme ville d\u2019accueil et encourager \u00e0 un meilleur vivre-ensemble.<\/li>\n<\/ul>\n<p>La programmation de la prochaine \u00e9dition, qui se trouvera \u00e0 c\u00e9l\u00e9brer le 25e anniversaire du festival, sera l&rsquo;\u0153uvre du <a href=\"https:\/\/www.ludwig-van.com\/montreal\/2025\/04\/24\/concerts-aux-iles-du-bic\/\" target=\"_blank\" rel=\"noopener\">nouveau directeur artistique<\/a> nomm\u00e9 en avril dernier, <strong>Thibault<\/strong> <strong>Bertin-Maghit<\/strong>.<\/p>\n<h2><em>Inscrivez-vous \u00e0 notre infolettre! La musique classique et l\u2019op\u00e9ra en 5 minutes, chaque jour<\/em> <a href=\"https:\/\/ludwig-van.us9.list-manage.com\/subscribe?u=4f785cb3f9058f2393ccad035&amp;id=b9b160c032\" target=\"_blank\" rel=\"noopener noreferrer\">ICI.<\/a><\/h2>\n","protected":false},"excerpt":{"rendered":"<p>Au terme de leur 24e saison, les Concerts des \u00eeles du Bic se r\u00e9jouissent d&rsquo;une hausse de fr\u00e9quentation atteignant un taux de 38 % de plus que l&rsquo;an dernier.<\/p>\n","protected":false},"author":55,"featured_media":89148,"comment_status":"open","ping_status":"open","sticky":false,"template":"","format":"standard","meta":{"om_disable_all_campaigns":false,"jetpack_post_was_ever_published":false},"categories":[42299,10992],"tags":[42300,41981],"yst_prominent_words":[11743,9840,8858,9856,9851,10585,7412,13801,10064,8517,13800,9811,19485,16827,24019],"acf":[],"jetpack_featured_media_url":"https:\/\/www.ludwig-van.com\/montreal\/wp-content\/uploads\/sites\/3\/2025\/08\/Copie-de-NOUVELLE56.jpg","jetpack_sharing_enabled":true,"jetpack_shortlink":"https:\/\/wp.me\/p9bdYt-nbN","amp_enabled":true,"_links":{"self":[{"href":"https:\/\/www.ludwig-van.com\/montreal\/wp-json\/wp\/v2\/posts\/89143"}],"collection":[{"href":"https:\/\/www.ludwig-van.com\/montreal\/wp-json\/wp\/v2\/posts"}],"about":[{"href":"https:\/\/www.ludwig-van.com\/montreal\/wp-json\/wp\/v2\/types\/post"}],"author":[{"embeddable":true,"href":"https:\/\/www.ludwig-van.com\/montreal\/wp-json\/wp\/v2\/users\/55"}],"replies":[{"embeddable":true,"href":"https:\/\/www.ludwig-van.com\/montreal\/wp-json\/wp\/v2\/comments?post=89143"}],"version-history":[{"count":17,"href":"https:\/\/www.ludwig-van.com\/montreal\/wp-json\/wp\/v2\/posts\/89143\/revisions"}],"predecessor-version":[{"id":89171,"href":"https:\/\/www.ludwig-van.com\/montreal\/wp-json\/wp\/v2\/posts\/89143\/revisions\/89171"}],"wp:featuredmedia":[{"embeddable":true,"href":"https:\/\/www.ludwig-van.com\/montreal\/wp-json\/wp\/v2\/media\/89148"}],"wp:attachment":[{"href":"https:\/\/www.ludwig-van.com\/montreal\/wp-json\/wp\/v2\/media?parent=89143"}],"wp:term":[{"taxonomy":"category","embeddable":true,"href":"https:\/\/www.ludwig-van.com\/montreal\/wp-json\/wp\/v2\/categories?post=89143"},{"taxonomy":"post_tag","embeddable":true,"href":"https:\/\/www.ludwig-van.com\/montreal\/wp-json\/wp\/v2\/tags?post=89143"},{"taxonomy":"yst_prominent_words","embeddable":true,"href":"https:\/\/www.ludwig-van.com\/montreal\/wp-json\/wp\/v2\/yst_prominent_words?post=89143"}],"curies":[{"name":"wp","href":"https:\/\/api.w.org\/{rel}","templated":true}]}}