{"id":89139,"date":"2025-08-12T16:40:05","date_gmt":"2025-08-12T20:40:05","guid":{"rendered":"https:\/\/www.ludwig-van.com\/montreal\/?p=89139"},"modified":"2025-08-12T20:00:02","modified_gmt":"2025-08-13T00:00:02","slug":"nouvelle-lopq-annonce-le-depart-de-sa-directrion-generale","status":"publish","type":"post","link":"https:\/\/www.ludwig-van.com\/montreal\/2025\/08\/12\/nouvelle-lopq-annonce-le-depart-de-sa-directrion-generale\/","title":{"rendered":"NOUVELLE | L&rsquo;OPQ annonce le d\u00e9part de sa directrice g\u00e9n\u00e9rale"},"content":{"rendered":"<figure id=\"attachment_89140\" aria-describedby=\"caption-attachment-89140\" style=\"width: 1200px\" class=\"wp-caption aligncenter\"><img decoding=\"async\" loading=\"lazy\" class=\"size-full wp-image-89140\" src=\"https:\/\/www.ludwig-van.com\/montreal\/wp-content\/uploads\/sites\/3\/2025\/08\/Copie-de-NOUVELLE55.jpg\" alt=\"V\u00e9ronique Bugeaud (Photo : page LinkedIn de V\u00e9ronique Bugeaud)\" width=\"1200\" height=\"628\" srcset=\"https:\/\/www.ludwig-van.com\/montreal\/wp-content\/uploads\/sites\/3\/2025\/08\/Copie-de-NOUVELLE55.jpg 1200w, https:\/\/www.ludwig-van.com\/montreal\/wp-content\/uploads\/sites\/3\/2025\/08\/Copie-de-NOUVELLE55-300x157.jpg 300w, https:\/\/www.ludwig-van.com\/montreal\/wp-content\/uploads\/sites\/3\/2025\/08\/Copie-de-NOUVELLE55-1024x536.jpg 1024w, https:\/\/www.ludwig-van.com\/montreal\/wp-content\/uploads\/sites\/3\/2025\/08\/Copie-de-NOUVELLE55-768x402.jpg 768w\" sizes=\"(max-width: 1200px) 100vw, 1200px\" \/><figcaption id=\"caption-attachment-89140\" class=\"wp-caption-text\">V\u00e9ronique Bugeaud (Photo : page LinkedIn de V\u00e9ronique Bugeaud)<\/figcaption><\/figure>\n<p>L&rsquo;<strong>Orchestre philharmonique du Qu\u00e9bec<\/strong>, anciennement l&rsquo;Orchestre symphonique de Longueuil, a annonc\u00e9 aujourd&rsquo;hui sur sa page Facebook le d\u00e9part de la directrice g\u00e9n\u00e9rale <strong>V\u00e9ronique Bugeaud<\/strong>. Elle quittera ses fonctions le 29 ao\u00fbt.<\/p>\n<div class=\"html-div xdj266r x14z9mp xat24cr x1lziwak xexx8yu xyri2b x18d9i69 x1c1uobl\" dir=\"auto\">\n<div class=\"html-div xdj266r x14z9mp xat24cr x1lziwak xexx8yu xyri2b x18d9i69 x1c1uobl\" data-ad-rendering-role=\"story_message\">\n<div id=\"_R_2lataql9l9aqqd9biqapapd5aqH2_\" class=\"x1l90r2v x1iorvi4 x1g0dm76 xpdmqnj\" data-ad-comet-preview=\"message\" data-ad-preview=\"message\">\n<div class=\"x78zum5 xdt5ytf xz62fqu x16ldp7u\">\n<div class=\"xu06os2 x1ok221b\">\n<div class=\"html-div xdj266r x14z9mp xat24cr x1lziwak xexx8yu xyri2b x18d9i69 x1c1uobl\">\n<div class=\"xdj266r x14z9mp xat24cr x1lziwak x1vvkbs x126k92a\">\n<div dir=\"auto\">Dans sa publication, l&rsquo;orchestre souligne les \u00ab\u00a0<span class=\"x193iq5w xeuugli x13faqbe x1vvkbs x1xmvt09 x1lliihq x1s928wv xhkezso x1gmr53x x1cpjm7i x1fgarty x1943h6x xudqn12 x3x7a5m x6prxxf xvq8zen xo1l8bm xzsf02u x1yc453h\" dir=\"auto\">r\u00e9alisations et <span class=\"break-words tvm-parent-container\"><span dir=\"ltr\">[<\/span><\/span>l<span class=\"break-words tvm-parent-container\"><span dir=\"ltr\">]<\/span><\/span>es avanc\u00e9es structurantes qu\u2019elle a pilot\u00e9es\u00a0\u00bb, ainsi que<\/span> sa \u00ab\u00a0passion sinc\u00e8re pour la musique et son engagement aupr\u00e8s des musicien\u00b7ne\u00b7s et son d\u00e9sir constant de faire rayonner la musique aupr\u00e8s de la communaut\u00e9\u00a0\u00bb.<\/div>\n<\/div>\n<\/div>\n<\/div>\n<\/div>\n<\/div>\n<\/div>\n<\/div>\n<div dir=\"auto\"><\/div>\n<div dir=\"auto\">Pour sa part, dans un message publi\u00e9 sur LinkedIn, <strong>V\u00e9ronique Bugeaud<\/strong> souligne le travail accompli au cours de son mandat raccourci. Elle y mentionne la ratification en octobre 2024 de la convention collective, qui avait \u00e9t\u00e9 accept\u00e9e par les musicien\u00b7ne\u00b7s lors d&rsquo;un vote ayant eu lieu le 28 juin et appliqu\u00e9e d\u00e8s cette date. Elle nomme \u00e9galement l&rsquo;\u00e9laboration d&rsquo;une \u00ab\u00a0<span class=\"break-words tvm-parent-container\"><span dir=\"ltr\">feuille de route claire issue du processus de m\u00e9diation termin\u00e9 en janvier 2025, appuy\u00e9e par des comit\u00e9s actifs et dynamiques<\/span><\/span>\u00a0\u00bb et la \u00ab\u00a0<span class=\"break-words tvm-parent-container\"><span class=\"break-words tvm-parent-container\"><span dir=\"ltr\">confirmation de <\/span><\/span><\/span>[la]<span class=\"break-words tvm-parent-container\"><span dir=\"ltr\"> vocation r\u00e9gionale de [l&rsquo;] orchestre, au service de 1,5 million de citoyen\u00b7ne\u00b7s de la Mont\u00e9r\u00e9gie\u00a0\u00bb. Ce dernier point \u00e9tait devenu un sujet d&rsquo;inqui\u00e9tude fr\u00e9quemment soulev\u00e9 en 2023, lorsque l&rsquo;orchestre <a href=\"https:\/\/www.ludwig-van.com\/montreal\/2023\/07\/10\/editorial-lorchestre-symphonique-de-longueuil-change-finalement-de-nom-mais-pourquoi\/\" target=\"_blank\" rel=\"noopener\">a abandonn\u00e9 l&rsquo;appellation Orchestre symphonique de Longueuil en faveur du libell\u00e9 Orchestre philharmonique du Qu\u00e9bec<\/a>.<\/span><\/span><\/div>\n<div dir=\"auto\"><\/div>\n<div dir=\"auto\"><span class=\"break-words tvm-parent-container\"><span dir=\"ltr\">Du c\u00f4t\u00e9 financier, <strong>V\u00e9ronique Bugeaud<\/strong> affirme qu&rsquo;une \u00ab\u00a0gestion rigoureuse et des ajustements n\u00e9cessaires\u00a0\u00bb ont men\u00e9 \u00e0 un r\u00e9tablissement progressif des finances de l&rsquo;organisme, et que de nouveaux partenariats ont \u00e9t\u00e9 d\u00e9velopp\u00e9s avec des commanditaires, des fondations et des instances publiques.\u00a0<\/span><\/span><\/div>\n<div dir=\"auto\"><\/div>\n<div dir=\"auto\">Elle conclut en laissant entendre qu&rsquo;une prochaine annonce suivra bient\u00f4t concernant son prochain engagement professionnel et que celui-ci restera dans le milieu musical.<\/div>\n<div dir=\"auto\"><\/div>\n<div dir=\"auto\"><strong>V\u00e9ronique Bugeaud<\/strong> \u00e9tait entr\u00e9e en poste \u00e0 la mi-juillet 2024 apr\u00e8s le d\u00e9part pr\u00e9cipit\u00e9 de son pr\u00e9d\u00e9cesseur <strong>Jean-Marc L\u00e9veill\u00e9<\/strong>, qui avait cit\u00e9 <a href=\"https:\/\/www.ludwig-van.com\/montreal\/2024\/07\/16\/actualites-changement-precipite-de-direction-generale-losdel-opq\/\" target=\"_blank\" rel=\"noopener\">\u00ab\u00a0des diff\u00e9rences de priorit\u00e9s et de style de gestion\u00a0\u00bb avec le directeur artistique<\/a> <strong>Alexandre da Costa<\/strong> comme raisons de son d\u00e9part. Le 24 octobre 2024, V\u00e9ronique Bugeaud et le pr\u00e9sident du conseil d&rsquo;administration Jean-Jacques Rainville signaient dans le quotidien La Presse une lettre ouverte intitul\u00e9e \u00ab\u00a0<a href=\"https:\/\/www.lapresse.ca\/dialogue\/opinions\/2024-10-24\/l-opq-reitere-son-appui-a-alexandre-da-costa.php\" target=\"_blank\" rel=\"noopener\">L&rsquo;OPQ r\u00e9it\u00e8re son appui \u00e0 Alexandre Da Costa<\/a>\u00ab\u00a0.<\/div>\n<div dir=\"auto\"><\/div>\n<div dir=\"auto\">\n<h2><em>Inscrivez-vous \u00e0 notre infolettre! La musique classique et l\u2019op\u00e9ra en 5 minutes, chaque jour<\/em> <a href=\"https:\/\/ludwig-van.us9.list-manage.com\/subscribe?u=4f785cb3f9058f2393ccad035&amp;id=b9b160c032\" target=\"_blank\" rel=\"noopener noreferrer\">ICI<\/a>.<\/h2>\n<\/div>\n<div dir=\"auto\"><\/div>\n","protected":false},"excerpt":{"rendered":"<p>L&rsquo;Orchestre philharmonique du Qu\u00e9bec, anciennement l&rsquo;Orchestre symphonique de Longueuil, a annonc\u00e9 aujourd&rsquo;hui sur sa page Facebook le d\u00e9part de la directrice g\u00e9n\u00e9rale V\u00e9ronique Bugeaud. Elle quittera ses fonctions le 29 ao\u00fbt.<\/p>\n","protected":false},"author":55,"featured_media":89140,"comment_status":"open","ping_status":"open","sticky":false,"template":"","format":"standard","meta":{"om_disable_all_campaigns":false,"jetpack_post_was_ever_published":false},"categories":[42299,10992],"tags":[42300,42337,42251,14631],"yst_prominent_words":[22432,22417,22431,26506,9813,9811,10001,15817,10839,16293,9838,14623,12929],"acf":[],"jetpack_featured_media_url":"https:\/\/www.ludwig-van.com\/montreal\/wp-content\/uploads\/sites\/3\/2025\/08\/Copie-de-NOUVELLE55.jpg","jetpack_sharing_enabled":true,"jetpack_shortlink":"https:\/\/wp.me\/p9bdYt-nbJ","amp_enabled":true,"_links":{"self":[{"href":"https:\/\/www.ludwig-van.com\/montreal\/wp-json\/wp\/v2\/posts\/89139"}],"collection":[{"href":"https:\/\/www.ludwig-van.com\/montreal\/wp-json\/wp\/v2\/posts"}],"about":[{"href":"https:\/\/www.ludwig-van.com\/montreal\/wp-json\/wp\/v2\/types\/post"}],"author":[{"embeddable":true,"href":"https:\/\/www.ludwig-van.com\/montreal\/wp-json\/wp\/v2\/users\/55"}],"replies":[{"embeddable":true,"href":"https:\/\/www.ludwig-van.com\/montreal\/wp-json\/wp\/v2\/comments?post=89139"}],"version-history":[{"count":4,"href":"https:\/\/www.ludwig-van.com\/montreal\/wp-json\/wp\/v2\/posts\/89139\/revisions"}],"predecessor-version":[{"id":89146,"href":"https:\/\/www.ludwig-van.com\/montreal\/wp-json\/wp\/v2\/posts\/89139\/revisions\/89146"}],"wp:featuredmedia":[{"embeddable":true,"href":"https:\/\/www.ludwig-van.com\/montreal\/wp-json\/wp\/v2\/media\/89140"}],"wp:attachment":[{"href":"https:\/\/www.ludwig-van.com\/montreal\/wp-json\/wp\/v2\/media?parent=89139"}],"wp:term":[{"taxonomy":"category","embeddable":true,"href":"https:\/\/www.ludwig-van.com\/montreal\/wp-json\/wp\/v2\/categories?post=89139"},{"taxonomy":"post_tag","embeddable":true,"href":"https:\/\/www.ludwig-van.com\/montreal\/wp-json\/wp\/v2\/tags?post=89139"},{"taxonomy":"yst_prominent_words","embeddable":true,"href":"https:\/\/www.ludwig-van.com\/montreal\/wp-json\/wp\/v2\/yst_prominent_words?post=89139"}],"curies":[{"name":"wp","href":"https:\/\/api.w.org\/{rel}","templated":true}]}}