{"id":89116,"date":"2025-08-11T14:14:37","date_gmt":"2025-08-11T18:14:37","guid":{"rendered":"https:\/\/www.ludwig-van.com\/montreal\/?p=89116"},"modified":"2025-08-12T14:00:02","modified_gmt":"2025-08-12T18:00:02","slug":"choxi-de-la-redaction-harmonies-ensoleillees-pour-journees-chaudes","status":"publish","type":"post","link":"https:\/\/www.ludwig-van.com\/montreal\/2025\/08\/11\/choxi-de-la-redaction-harmonies-ensoleillees-pour-journees-chaudes\/","title":{"rendered":"CHOIX DE LA R\u00c9DACTION | Harmonies ensoleill\u00e9es pour journ\u00e9es chaudes"},"content":{"rendered":"<figure id=\"attachment_89127\" aria-describedby=\"caption-attachment-89127\" style=\"width: 1200px\" class=\"wp-caption aligncenter\"><img decoding=\"async\" loading=\"lazy\" class=\"wp-image-89127 size-full\" src=\"https:\/\/www.ludwig-van.com\/montreal\/wp-content\/uploads\/sites\/3\/2025\/08\/Copie-de-CONCERTS28.jpg\" alt=\"\" width=\"1200\" height=\"628\" srcset=\"https:\/\/www.ludwig-van.com\/montreal\/wp-content\/uploads\/sites\/3\/2025\/08\/Copie-de-CONCERTS28.jpg 1200w, https:\/\/www.ludwig-van.com\/montreal\/wp-content\/uploads\/sites\/3\/2025\/08\/Copie-de-CONCERTS28-300x157.jpg 300w, https:\/\/www.ludwig-van.com\/montreal\/wp-content\/uploads\/sites\/3\/2025\/08\/Copie-de-CONCERTS28-1024x536.jpg 1024w, https:\/\/www.ludwig-van.com\/montreal\/wp-content\/uploads\/sites\/3\/2025\/08\/Copie-de-CONCERTS28-768x402.jpg 768w\" sizes=\"(max-width: 1200px) 100vw, 1200px\" \/><figcaption id=\"caption-attachment-89127\" class=\"wp-caption-text\">Concert sur l&rsquo;Esplanade de l&rsquo;OSM en 2023 (Photo : Antoine Saito); Alain Lef\u00e8vre (Photo : courtoisie); Les Bor\u00e9ades (Photo : courtoisie Cammac)<\/figcaption><\/figure>\n<p>Une autre belle semaine musicale s&rsquo;amorce et am\u00e8ne avec elle quelques prestations ext\u00e9rieures gratuites, les derniers concerts d\u2019Orford Musique, deux concerts au Domaine Forget, un \u00e0 Ste-P\u00e9tronille, ainsi que le concert final de la s\u00e9rie Dimanche en musique de Cammac. Sans oublier la Vir\u00e9e classique de l&rsquo;OSM qui, en plus des concerts en salle d\u00e9taill\u00e9s ci-bas, propose une foule de pr\u00e9sentations et d&rsquo;activit\u00e9s gratuites! Profitez donc encore des belles journ\u00e9es estivales pour assister aux concerts pr\u00e8s de chez vous ou pour faire la route vers Charlevoix, Qu\u00e9bec, les Laurentides ou Orford et remplir vos oreilles d\u2019harmonies ensoleill\u00e9es!<\/p>\n<h3><\/h3>\n<figure id=\"attachment_50966\" aria-describedby=\"caption-attachment-50966\" style=\"width: 1024px\" class=\"wp-caption aligncenter\"><img decoding=\"async\" loading=\"lazy\" class=\"size-full wp-image-50966\" src=\"https:\/\/www.ludwig-van.com\/montreal\/wp-content\/uploads\/sites\/3\/2018\/01\/Marc-Djokic-cr-WaelChanab-web.jpg\" alt=\"\" width=\"1024\" height=\"683\" srcset=\"https:\/\/www.ludwig-van.com\/montreal\/wp-content\/uploads\/sites\/3\/2018\/01\/Marc-Djokic-cr-WaelChanab-web.jpg 1024w, https:\/\/www.ludwig-van.com\/montreal\/wp-content\/uploads\/sites\/3\/2018\/01\/Marc-Djokic-cr-WaelChanab-web-300x200.jpg 300w, https:\/\/www.ludwig-van.com\/montreal\/wp-content\/uploads\/sites\/3\/2018\/01\/Marc-Djokic-cr-WaelChanab-web-768x512.jpg 768w\" sizes=\"(max-width: 1024px) 100vw, 1024px\" \/><figcaption id=\"caption-attachment-50966\" class=\"wp-caption-text\">Marc Djokic, violoniste, premier violon de l&rsquo;OCM. (Cr\u00e9dit : Wa\u00ebl Chanab)<\/figcaption><\/figure>\n<h3>Kal\u00e9idoscope \u00e0 quatre &#8211; de Mozart \u00e0 Offenbach<\/h3>\n<p>Ce mardi, le quatuor \u00e0 cordes de l\u2019<b>Orchestre classique de Montr\u00e9al<\/b> vous offre un concert gratuit \u00e0 l\u2019ext\u00e9rieur de l\u2019Oratoire St-Joseph qui saura plaire \u00e0 tous. Les violonistes <b>Marc Djokic <\/b>et<b> Marianne Di Tomaso<\/b>, l\u2019altiste <b>F\u00e9lix Lefebvre<\/b> et la violoncelliste <b>Crystal Kim<\/b> interpr\u00e9teront des airs bien connus tels que la <i>Petite musique de nuit<\/i> de Mozart, <i>Les Quatre saisons<\/i> de Vivaldi, le <i>Habanera<\/i> de Carmen de Bizet et le fameux <i>Cancan<\/i> d\u2019Offenbach et bien d\u2019autres.<\/p>\n<p>LE 12 AO\u00dbT, 18 H 30, TERRASSE DE LA BASILIQUE ORATOIRE ST-JOSEPH\u00a0 <a href=\"https:\/\/saint-joseph.org\/fr\/activite\/kaleidoscope-a-quatre-de-mozart-a-offenbach\/\">D\u00c9TAILS<\/a><\/p>\n<p>&nbsp;<\/p>\n<figure id=\"attachment_65165\" aria-describedby=\"caption-attachment-65165\" style=\"width: 1024px\" class=\"wp-caption aligncenter\"><img decoding=\"async\" loading=\"lazy\" class=\"size-full wp-image-65165\" src=\"https:\/\/www.ludwig-van.com\/montreal\/wp-content\/uploads\/sites\/3\/2018\/10\/Buzz_Cuivres_Buzz_Brass_2019_HI_RES_Michel_B\u00e9rard.jpg\" alt=\"\" width=\"1024\" height=\"683\" srcset=\"https:\/\/www.ludwig-van.com\/montreal\/wp-content\/uploads\/sites\/3\/2018\/10\/Buzz_Cuivres_Buzz_Brass_2019_HI_RES_Michel_B\u00e9rard.jpg 1024w, https:\/\/www.ludwig-van.com\/montreal\/wp-content\/uploads\/sites\/3\/2018\/10\/Buzz_Cuivres_Buzz_Brass_2019_HI_RES_Michel_B\u00e9rard-300x200.jpg 300w, https:\/\/www.ludwig-van.com\/montreal\/wp-content\/uploads\/sites\/3\/2018\/10\/Buzz_Cuivres_Buzz_Brass_2019_HI_RES_Michel_B\u00e9rard-768x512.jpg 768w\" sizes=\"(max-width: 1024px) 100vw, 1024px\" \/><figcaption id=\"caption-attachment-65165\" class=\"wp-caption-text\">Buzz Cuivres (Photo : Michel B\u00e9rard)<\/figcaption><\/figure>\n<h3>Buzz cuivres<\/h3>\n<p>Toujours ce mardi, le quintette <b>Buzz cuivres<\/b>\u00a0pr\u00e9sente \u00e9galement un concert ext\u00e9rieur gratuit au Parc M\u00e9d\u00e9ric-Martin. Le programme, constitu\u00e9 de compositions c\u00e9l\u00e8bres du d\u00e9but du XXe si\u00e8cle dans des transpositions pour cuivres, ne laissera personne indiff\u00e9rent. Laissez-vous surprendre par ces \u0153uvres intemporelles que Buzz cuivres vous fera d\u00e9couvrir sous un nouveau jour.<\/p>\n<p>LE 12 AO\u00dbT, 19 H, PARC M\u00c9D\u00c9RIC-MARTIN\u00a0<a href=\"https:\/\/montreal.ca\/evenements\/mardis-de-mederic-buzz-cuivres-91215\" target=\"_blank\" rel=\"noopener\"> D\u00c9TAILS<\/a><\/p>\n<p>&nbsp;<\/p>\n<p><img decoding=\"async\" loading=\"lazy\" class=\"aligncenter size-full wp-image-89122\" src=\"https:\/\/www.ludwig-van.com\/montreal\/wp-content\/uploads\/sites\/3\/2025\/08\/Viree-classique_visuel_2025.jpg\" alt=\"\" width=\"1200\" height=\"498\" srcset=\"https:\/\/www.ludwig-van.com\/montreal\/wp-content\/uploads\/sites\/3\/2025\/08\/Viree-classique_visuel_2025.jpg 1200w, https:\/\/www.ludwig-van.com\/montreal\/wp-content\/uploads\/sites\/3\/2025\/08\/Viree-classique_visuel_2025-300x125.jpg 300w, https:\/\/www.ludwig-van.com\/montreal\/wp-content\/uploads\/sites\/3\/2025\/08\/Viree-classique_visuel_2025-1024x425.jpg 1024w, https:\/\/www.ludwig-van.com\/montreal\/wp-content\/uploads\/sites\/3\/2025\/08\/Viree-classique_visuel_2025-768x319.jpg 768w\" sizes=\"(max-width: 1200px) 100vw, 1200px\" \/><\/p>\n<h3>OSM &#8211; Vir\u00e9e classique : <i>Spectaculaire nature!<\/i><\/h3>\n<p>L\u2019<b>Orchestre symphonique de Montr\u00e9al <\/b>entame sa 12e \u00e9dition de la Vir\u00e9e classique avec son traditionnel concert gratuit \u00e0 l\u2019Esplanade du Parc olympique. Cette repr\u00e9sentation en plein-air est fort \u00e0 propos cette ann\u00e9e puisque le th\u00e8me de la Vir\u00e9e est la nature! Retrouvez l\u2019OSM sous les \u00e9toiles \u00e0 humer l\u2019air frais de fin de soir\u00e9e alors qu\u2019il vous interpr\u00e9tera un programme mettant en vedette la nature. Le mouvement \u00ab\u00a0Chaleur\u00a0\u00bb de la <em>Symphonie du verglas<\/em> de <strong>Maxime Goulet<\/strong> et la pi\u00e8ce <em>Kauyumari<\/em> de <strong>Gabriela Ortiz<\/strong> c\u00f4toieront l&rsquo;ouverture de <em>Guillaume Tell<\/em> de Rossini et le dernier mouvement de <em>La<\/em> <em>mer<\/em> de Debussy. Les solistes <strong>Pene Pati<\/strong> (t\u00e9nor) et <strong>Godwyn Friesen<\/strong> (piano) brilleront dans Gounod, Puccini et Theodorakis.<\/p>\n<p>LE 13 AO\u00dbT, 19 H 30, ESPLANADE DU PARC OLYMPIQUE <a href=\"https:\/\/www.osm.ca\/fr\/concert\/spectaculaire-nature-grand-concert-gratuit-a-lesplanade-du-parc-olympique\/\" target=\"_blank\" rel=\"noopener\">D\u00c9TAILS<\/a><\/p>\n<p>&nbsp;<\/p>\n<p>&nbsp;<\/p>\n<figure id=\"attachment_89117\" aria-describedby=\"caption-attachment-89117\" style=\"width: 1200px\" class=\"wp-caption aligncenter\"><img decoding=\"async\" loading=\"lazy\" class=\"size-full wp-image-89117\" src=\"https:\/\/www.ludwig-van.com\/montreal\/wp-content\/uploads\/sites\/3\/2025\/08\/Chloe-Dumoulin-Studio-Portraits-Brenden-Friesen.jpg\" alt=\"Chlo\u00e9 Dumoulin (Photo : Brenden Friesen)\" width=\"1200\" height=\"801\" srcset=\"https:\/\/www.ludwig-van.com\/montreal\/wp-content\/uploads\/sites\/3\/2025\/08\/Chloe-Dumoulin-Studio-Portraits-Brenden-Friesen.jpg 1200w, https:\/\/www.ludwig-van.com\/montreal\/wp-content\/uploads\/sites\/3\/2025\/08\/Chloe-Dumoulin-Studio-Portraits-Brenden-Friesen-300x200.jpg 300w, https:\/\/www.ludwig-van.com\/montreal\/wp-content\/uploads\/sites\/3\/2025\/08\/Chloe-Dumoulin-Studio-Portraits-Brenden-Friesen-1024x684.jpg 1024w, https:\/\/www.ludwig-van.com\/montreal\/wp-content\/uploads\/sites\/3\/2025\/08\/Chloe-Dumoulin-Studio-Portraits-Brenden-Friesen-768x513.jpg 768w\" sizes=\"(max-width: 1200px) 100vw, 1200px\" \/><figcaption id=\"caption-attachment-89117\" class=\"wp-caption-text\">Chlo\u00e9 Dumoulin (Photo : Brenden Friesen)<\/figcaption><\/figure>\n<h3>Musique de chambre \u00e0 Ste-P\u00e9tronille &#8211; Chlo\u00e9 Dumoulin, piano<\/h3>\n<p>La pianiste <b>Chlo\u00e9 Dumoulin<\/b> sera dans la r\u00e9gion de Qu\u00e9bec cette semaine alors qu\u2019elle sera re\u00e7ue \u00e0 Ste-P\u00e9tronille dans la s\u00e9rie de concerts de musique de chambre \u00e9ponyme. La jeune musicienne, qui a \u00e9t\u00e9 nomm\u00e9e parmi les meilleur\u00b7e\u00b7s de moins de 30 ans par la CBC, est reconnue pour son jeu sensible, sa sonorit\u00e9 color\u00e9e et son \u00e9nergie captivante. Elle interpr\u00e9tera des compositions de Schubert, Bart\u00f3k, Schumann et Scriabin.<\/p>\n<p>LE 14 AO\u00dbT, 19 H 30, \u00c9GLISE DE STE-P\u00c9TRONILLE \u00ceLE D\u2019ORL\u00c9ANS\u00a0 <a href=\"https:\/\/musiquedechambre.ca\/index.php\/14-aout-5.html\" target=\"_blank\" rel=\"noopener\">D\u00c9TAILS ET BILLETS<\/a><\/p>\n<h3><\/h3>\n<figure id=\"attachment_87299\" aria-describedby=\"caption-attachment-87299\" style=\"width: 1200px\" class=\"wp-caption aligncenter\"><img decoding=\"async\" loading=\"lazy\" class=\"size-full wp-image-87299\" src=\"https:\/\/www.ludwig-van.com\/montreal\/wp-content\/uploads\/sites\/3\/2025\/04\/Rafael-Payare_20250416_Antoine-Saito.jpg\" alt=\"Rafael Payare (Photo : Antoine Saito)\" width=\"1200\" height=\"800\" srcset=\"https:\/\/www.ludwig-van.com\/montreal\/wp-content\/uploads\/sites\/3\/2025\/04\/Rafael-Payare_20250416_Antoine-Saito.jpg 1200w, https:\/\/www.ludwig-van.com\/montreal\/wp-content\/uploads\/sites\/3\/2025\/04\/Rafael-Payare_20250416_Antoine-Saito-300x200.jpg 300w, https:\/\/www.ludwig-van.com\/montreal\/wp-content\/uploads\/sites\/3\/2025\/04\/Rafael-Payare_20250416_Antoine-Saito-1024x683.jpg 1024w, https:\/\/www.ludwig-van.com\/montreal\/wp-content\/uploads\/sites\/3\/2025\/04\/Rafael-Payare_20250416_Antoine-Saito-768x512.jpg 768w\" sizes=\"(max-width: 1200px) 100vw, 1200px\" \/><figcaption id=\"caption-attachment-87299\" class=\"wp-caption-text\">Rafael Payare (Photo : Antoine Saito)<\/figcaption><\/figure>\n<h3>OSM &#8211; Vir\u00e9e Classique :<i> Les mythiques Plan\u00e8tes de Holst<\/i><\/h3>\n<p>D\u00e9couvrez le syst\u00e8me solaire en musique vu par Holst dans l\u2019interpr\u00e9tation de cette \u0153uvre iconique par l\u2019<b>Orchestre symphonique de Montr\u00e9al<\/b>, dirig\u00e9 par <b>Rafael Payare<\/b>, avec le <b>Ch\u0153ur de l\u2019OSM<\/b>, pr\u00e9par\u00e9 par <strong>Andrew<\/strong><b> Megill<\/b>. Attention &#8211; ce premier concert en salle de la Vir\u00e9e classique risque de vous aspirer dans le trou noir de cet \u00e9v\u00e9nement annuel dont vous ne ressortirez que le 17 ao\u00fbt!<\/p>\n<p>LE 15 AO\u00dbT, 19 H 30 ET LE 17 AO\u00dbT, 15 H, MAISON SYMPHONIQUE\u00a0 <a href=\"https:\/\/www.osm.ca\/fr\/concert\/les-mythiques-planetes-de-holst-2\/\" target=\"_blank\" rel=\"noopener\">D\u00c9TAILS ET BILLETS<\/a><\/p>\n<p>&nbsp;<\/p>\n<figure id=\"attachment_89118\" aria-describedby=\"caption-attachment-89118\" style=\"width: 1200px\" class=\"wp-caption aligncenter\"><img decoding=\"async\" loading=\"lazy\" class=\"size-full wp-image-89118\" src=\"https:\/\/www.ludwig-van.com\/montreal\/wp-content\/uploads\/sites\/3\/2025\/08\/Clemence-visuel_courtoisie.png\" alt=\"\" width=\"1200\" height=\"676\" srcset=\"https:\/\/www.ludwig-van.com\/montreal\/wp-content\/uploads\/sites\/3\/2025\/08\/Clemence-visuel_courtoisie.png 1200w, https:\/\/www.ludwig-van.com\/montreal\/wp-content\/uploads\/sites\/3\/2025\/08\/Clemence-visuel_courtoisie-300x169.png 300w, https:\/\/www.ludwig-van.com\/montreal\/wp-content\/uploads\/sites\/3\/2025\/08\/Clemence-visuel_courtoisie-1024x577.png 1024w, https:\/\/www.ludwig-van.com\/montreal\/wp-content\/uploads\/sites\/3\/2025\/08\/Clemence-visuel_courtoisie-768x433.png 768w\" sizes=\"(max-width: 1200px) 100vw, 1200px\" \/><figcaption id=\"caption-attachment-89118\" class=\"wp-caption-text\">(Visuel : courtoisie)<\/figcaption><\/figure>\n<h3>Cl\u00e9mence<\/h3>\n<p>Le <b>Th\u00e9\u00e2tre de l\u2019\u0152il Ouvert<\/b> propose un th\u00e9\u00e2tre musical original inspir\u00e9 des \u0153uvres de <b>Cl\u00e9mence Desrochers<\/b>. Red\u00e9couvrez et faites d\u00e9couvrir \u00e0 vos enfants ou petits-enfants les textes et chansons de l\u2019artiste qu\u00e9b\u00e9coise ayant marqu\u00e9 le milieu culturel d\u2019ici. C\u2019est dans un univers po\u00e9tique et d\u00e9licat que ressortiront les personnages les plus color\u00e9s sortis de l\u2019imaginaire de notre Cl\u00e9mence nationale, le tout li\u00e9 par des textes de <b>Laurence R\u00e9gnier<\/b>.<\/p>\n<p>LE 15 AO\u00dbT, 19 H, BELV\u00c9D\u00c8RE FRANCINE-LALONDE\u00a0 <a href=\"https:\/\/montreal.ca\/evenements\/clemence-theatre-de-loeil-ouvert-89539\" target=\"_blank\" rel=\"noopener\">D\u00c9TAILS<\/a><\/p>\n<p>&nbsp;<\/p>\n<figure id=\"attachment_89119\" aria-describedby=\"caption-attachment-89119\" style=\"width: 1200px\" class=\"wp-caption aligncenter\"><img decoding=\"async\" loading=\"lazy\" class=\"size-full wp-image-89119\" src=\"https:\/\/www.ludwig-van.com\/montreal\/wp-content\/uploads\/sites\/3\/2025\/08\/StickBow-Perturbons-le-silence-\u2014-Orford-Musique.png\" alt=\"Stick&amp;Bow (Photo : courtoisie Orford musique)\" width=\"1200\" height=\"754\" srcset=\"https:\/\/www.ludwig-van.com\/montreal\/wp-content\/uploads\/sites\/3\/2025\/08\/StickBow-Perturbons-le-silence-\u2014-Orford-Musique.png 1200w, https:\/\/www.ludwig-van.com\/montreal\/wp-content\/uploads\/sites\/3\/2025\/08\/StickBow-Perturbons-le-silence-\u2014-Orford-Musique-300x189.png 300w, https:\/\/www.ludwig-van.com\/montreal\/wp-content\/uploads\/sites\/3\/2025\/08\/StickBow-Perturbons-le-silence-\u2014-Orford-Musique-1024x643.png 1024w, https:\/\/www.ludwig-van.com\/montreal\/wp-content\/uploads\/sites\/3\/2025\/08\/StickBow-Perturbons-le-silence-\u2014-Orford-Musique-768x483.png 768w\" sizes=\"(max-width: 1200px) 100vw, 1200px\" \/><figcaption id=\"caption-attachment-89119\" class=\"wp-caption-text\">Stick&amp;Bow (Photo : courtoisie Orford musique)<\/figcaption><\/figure>\n<h3>Orford Musique &#8211; Stick&amp;Bow : <em>Perturbons le silence<\/em><\/h3>\n<p>R\u00e9cipiendaire du prix Opus 2024 dans les cat\u00e9gories Artiste de l\u2019ann\u00e9e et Rayonnement \u00e0 l\u2019\u00e9tranger, le duo violoncelle-marimba <b>Stick&amp;Bow<\/b> pr\u00e9sente une performance politique r\u00e9v\u00e9lant les histoires de g\u00e9nies musicaux dont on a remis en question la sant\u00e9 mentale. Que l\u2019on pense \u00e0 Beethoven, Bowie, Lennon ou Simone, tant d\u2019artistes ont \u00e9t\u00e9 stigmatis\u00e9s alors qu\u2019ils ne r\u00eavaient que d\u2019un monde meilleur. L\u2019Argentin <b>Juan Sebastian Delgado<\/b>, violoncelle, et la Canadienne <b>Krystina Marcoux<\/b>, marimba, c\u00e9l\u00e9breront la cr\u00e9ativit\u00e9 et l\u2019esprit de r\u00e9sistance de ces compositeurs\u00b7trices gr\u00e2ce \u00e0 des arrangements originaux pour l\u2019\u00e9tonnante combinaison violoncelle et marimba leur donnant ainsi une toute nouvelle couleur.<\/p>\n<p>LE 15 AO\u00dbT, 19 H 30, SALLE GILLES-LEFEBVRE <a href=\"https:\/\/www.orford.mu\/concerts-et-evenements\/stickbow-perturbons-le-silence\/\" target=\"_blank\" rel=\"noopener\">D\u00c9TAILS ET BILLETS<\/a><\/p>\n<p>&nbsp;<\/p>\n<figure id=\"attachment_89124\" aria-describedby=\"caption-attachment-89124\" style=\"width: 1200px\" class=\"wp-caption aligncenter\"><img decoding=\"async\" loading=\"lazy\" class=\"size-full wp-image-89124\" src=\"https:\/\/www.ludwig-van.com\/montreal\/wp-content\/uploads\/sites\/3\/2025\/08\/marieelisabethhecker_cr_haraldhoffmann.jpg\" alt=\"Marie-Elisabeth Hecker (Photo : Harald Hoffman)\" width=\"1200\" height=\"800\" srcset=\"https:\/\/www.ludwig-van.com\/montreal\/wp-content\/uploads\/sites\/3\/2025\/08\/marieelisabethhecker_cr_haraldhoffmann.jpg 1200w, https:\/\/www.ludwig-van.com\/montreal\/wp-content\/uploads\/sites\/3\/2025\/08\/marieelisabethhecker_cr_haraldhoffmann-300x200.jpg 300w, https:\/\/www.ludwig-van.com\/montreal\/wp-content\/uploads\/sites\/3\/2025\/08\/marieelisabethhecker_cr_haraldhoffmann-1024x683.jpg 1024w, https:\/\/www.ludwig-van.com\/montreal\/wp-content\/uploads\/sites\/3\/2025\/08\/marieelisabethhecker_cr_haraldhoffmann-768x512.jpg 768w\" sizes=\"(max-width: 1200px) 100vw, 1200px\" \/><figcaption id=\"caption-attachment-89124\" class=\"wp-caption-text\">Marie-Elisabeth Hecker (Photo : Harald Hoffman)<\/figcaption><\/figure>\n<h3>OSM &#8211; Vir\u00e9e classique : <i>Piano et violoncelle : Un dialogue au travers les saisons<\/i><\/h3>\n<p>Ce samedi de la Vir\u00e9e classique prend son envol \u00e0 11h avec ce premier concert de six offert par <b>Martin Helmchen<\/b>, piano, et <b>Marie-Elisabeth Hecker<\/b>, violoncelle. Ils interpr\u00e9teront des \u0153uvres en lien avec le th\u00e8me g\u00e9n\u00e9ral de l\u2019\u00e9v\u00e9nement, la Nature, soit <i>Waldesruhe<\/i> (Le calme de la for\u00eat) de Dvo\u0159\u00e1k, <i>Papillon<\/i> de Faur\u00e9 et <i>Winterreise<\/i> (Le voyage d\u2019hiver) de Schubert. La <i>Sonate pour violoncelle et piano no 1<\/i> de Schnittke compl\u00e8tera cette repr\u00e9sentation matinale.<\/p>\n<p>LE 16 AO\u00dbT, 11 H, CINQUI\u00c8ME SALLE\u00a0 <a href=\"https:\/\/www.osm.ca\/fr\/concert\/piano-et-violoncelle-un-dialogue-a-travers-les-saisons\/\" target=\"_blank\" rel=\"noopener\">D\u00c9TAILS ET BILLETS<\/a><\/p>\n<p>&nbsp;<\/p>\n<figure id=\"attachment_86448\" aria-describedby=\"caption-attachment-86448\" style=\"width: 1200px\" class=\"wp-caption aligncenter\"><img decoding=\"async\" loading=\"lazy\" class=\"size-full wp-image-86448\" src=\"https:\/\/www.ludwig-van.com\/montreal\/wp-content\/uploads\/sites\/3\/2025\/02\/Justin-Saulnier_Anastasia-Krachkovskaya.jpg\" alt=\"Justin Saulnier, Laur\u00e9at du Violon d'or 2024. (Photo : Anastasia Krachkovskaya)\" width=\"1200\" height=\"798\" srcset=\"https:\/\/www.ludwig-van.com\/montreal\/wp-content\/uploads\/sites\/3\/2025\/02\/Justin-Saulnier_Anastasia-Krachkovskaya.jpg 1200w, https:\/\/www.ludwig-van.com\/montreal\/wp-content\/uploads\/sites\/3\/2025\/02\/Justin-Saulnier_Anastasia-Krachkovskaya-300x200.jpg 300w, https:\/\/www.ludwig-van.com\/montreal\/wp-content\/uploads\/sites\/3\/2025\/02\/Justin-Saulnier_Anastasia-Krachkovskaya-1024x681.jpg 1024w, https:\/\/www.ludwig-van.com\/montreal\/wp-content\/uploads\/sites\/3\/2025\/02\/Justin-Saulnier_Anastasia-Krachkovskaya-768x511.jpg 768w\" sizes=\"(max-width: 1200px) 100vw, 1200px\" \/><figcaption id=\"caption-attachment-86448\" class=\"wp-caption-text\">Justin Saulnier. (Photo : Anastasia Krachkovskaya)<\/figcaption><\/figure>\n<h3>OSM &#8211; Vir\u00e9e classique : <i>Quatuor no 1 de Smetana : une vie en quatre mouvements<\/i><\/h3>\n<p>Deux musiciennes de l\u2019OSM, soit la violoniste <b>Sydney Adedamola<\/b> et la violoncelliste <b>Sophie van der Sloot<\/b>, s\u2019allieront \u00e0 trois laur\u00e9ats du Concours OSM, le violoniste <b>Justin Saulnier<\/b>, le pianiste <b>Godwin Friesen<\/b> et l\u2019altiste <b>Sebastian Gonzalez Mora<\/b> pour jouer une \u0153uvre sur la vie de Smetana. \u00c9galement au programme, <i>Psaume 19<\/i> de Godwin Friesen et <i>Trio no 1 pour piano, violon et violoncelle<\/i> de Chostakovitch.<\/p>\n<p>LE 16 AO\u00dbT, 13 H 30, CINQUI\u00c8ME SALLE <a href=\"https:\/\/www.osm.ca\/fr\/concert\/quatuor-no-1-de-smetana-une-vie-en-4-mouvements\/\" target=\"_blank\" rel=\"noopener\">D\u00c9TAILS ET BILLETS<\/a><\/p>\n<p>&nbsp;<\/p>\n<figure id=\"attachment_80057\" aria-describedby=\"caption-attachment-80057\" style=\"width: 1200px\" class=\"wp-caption aligncenter\"><img decoding=\"async\" loading=\"lazy\" class=\"size-full wp-image-80057\" src=\"https:\/\/www.ludwig-van.com\/montreal\/wp-content\/uploads\/sites\/3\/2024\/02\/Ensemble-Obiora-Tam-Lan-Truong-1.jpg\" alt=\"\" width=\"1200\" height=\"675\" srcset=\"https:\/\/www.ludwig-van.com\/montreal\/wp-content\/uploads\/sites\/3\/2024\/02\/Ensemble-Obiora-Tam-Lan-Truong-1.jpg 1200w, https:\/\/www.ludwig-van.com\/montreal\/wp-content\/uploads\/sites\/3\/2024\/02\/Ensemble-Obiora-Tam-Lan-Truong-1-300x169.jpg 300w, https:\/\/www.ludwig-van.com\/montreal\/wp-content\/uploads\/sites\/3\/2024\/02\/Ensemble-Obiora-Tam-Lan-Truong-1-1024x576.jpg 1024w, https:\/\/www.ludwig-van.com\/montreal\/wp-content\/uploads\/sites\/3\/2024\/02\/Ensemble-Obiora-Tam-Lan-Truong-1-768x432.jpg 768w\" sizes=\"(max-width: 1200px) 100vw, 1200px\" \/><figcaption id=\"caption-attachment-80057\" class=\"wp-caption-text\">Ensemble Obiora (Photo : Tam Lan Truong)<\/figcaption><\/figure>\n<h3>OSM &#8211; Vir\u00e9e classique : <i>Le Carnaval de animaux<\/i><\/h3>\n<p>Apr\u00e8s avoir c\u00e9l\u00e9br\u00e9 la Nature par les plan\u00e8tes, les saisons et la vie, c\u2019est au tour des animaux d\u2019\u00eatre f\u00eat\u00e9s gr\u00e2ce \u00e0 l\u2019interpr\u00e9tation du <i>Carnaval des animaux<\/i> de Saint-Sa\u00ebns par l\u2019<b>Ensemble Obiora<\/b>, dirig\u00e9 par <b>Rafael Payare<\/b>. L&rsquo;Irlande, avec ses magnifiques paysages et son \u00e9nergique danse sera \u00e9galement soulign\u00e9 avec la participation du danseur <b>Charles Brecard<\/b>. Une repr\u00e9sentation qui risque de plaire \u00e0 tous!<\/p>\n<p>LE 16 AO\u00dbT, 14 H 30, MAISON SYMPHONIQUE\u00a0 <a href=\"https:\/\/www.osm.ca\/fr\/concert\/le-carnaval-des-animaux\/\" target=\"_blank\" rel=\"noopener\">D\u00c9TAILS ET BILLETS<\/a><\/p>\n<p>&nbsp;<\/p>\n<figure id=\"attachment_48438\" aria-describedby=\"caption-attachment-48438\" style=\"width: 1024px\" class=\"wp-caption aligncenter\"><img decoding=\"async\" loading=\"lazy\" class=\"size-full wp-image-48438\" src=\"https:\/\/www.ludwig-van.com\/montreal\/wp-content\/uploads\/sites\/3\/2017\/10\/Alain-Lefe\u0300vre-Pleins-Feux-sur-les-Territoires-Nordiques..jpg\" alt=\"Alain Lef\u00e8vre (Photo: courtoisie)\" width=\"1024\" height=\"576\" srcset=\"https:\/\/www.ludwig-van.com\/montreal\/wp-content\/uploads\/sites\/3\/2017\/10\/Alain-Lefe\u0300vre-Pleins-Feux-sur-les-Territoires-Nordiques..jpg 1024w, https:\/\/www.ludwig-van.com\/montreal\/wp-content\/uploads\/sites\/3\/2017\/10\/Alain-Lefe\u0300vre-Pleins-Feux-sur-les-Territoires-Nordiques.-300x169.jpg 300w, https:\/\/www.ludwig-van.com\/montreal\/wp-content\/uploads\/sites\/3\/2017\/10\/Alain-Lefe\u0300vre-Pleins-Feux-sur-les-Territoires-Nordiques.-768x432.jpg 768w\" sizes=\"(max-width: 1024px) 100vw, 1024px\" \/><figcaption id=\"caption-attachment-48438\" class=\"wp-caption-text\">Alain Lef\u00e8vre (Photo : courtoisie)<\/figcaption><\/figure>\n<h3>Orford Musique &#8211; Alain Lef\u00e8vre : <em>Consolation<\/em><\/h3>\n<p>C\u2019est \u00e0 <b>Alain Lefebvre<\/b> que revient la t\u00e2che de clore en grand la saison d\u2019Orford Musique ce samedi. Le pianiste franco-qu\u00e9b\u00e9cois y pr\u00e9sentera onze nouvelles \u0153uvres originales de son opus \u00e0 para\u00eetre, <i>Consolation<\/i>, qui se veut une mosa\u00efque d\u2019\u00e9motions. L\u2019artiste aspire \u00e0 cr\u00e9er un havre musical pour chacun o\u00f9 nostalgie, espoir, refuge et abandon au moment pr\u00e9sent se rencontreront le temps d\u2019une pause m\u00e9lodieuse.<\/p>\n<p>LE 16 AO\u00dbT, 16 H, SALLE GILLES-LEFEBVRE <a href=\"https:\/\/www.orford.mu\/concerts-et-evenements\/alain-lefevre-consolation\/\" target=\"_blank\" rel=\"noopener\">D\u00c9TAILS ET BILLETS<\/a><\/p>\n<h3><\/h3>\n<figure id=\"attachment_89123\" aria-describedby=\"caption-attachment-89123\" style=\"width: 1200px\" class=\"wp-caption aligncenter\"><img decoding=\"async\" loading=\"lazy\" class=\"size-full wp-image-89123\" src=\"https:\/\/www.ludwig-van.com\/montreal\/wp-content\/uploads\/sites\/3\/2025\/08\/PIQSIQ.jpg\" alt=\"Le duo PIQSIQ (Photo : site web des artistes)\" width=\"1200\" height=\"887\" srcset=\"https:\/\/www.ludwig-van.com\/montreal\/wp-content\/uploads\/sites\/3\/2025\/08\/PIQSIQ.jpg 1200w, https:\/\/www.ludwig-van.com\/montreal\/wp-content\/uploads\/sites\/3\/2025\/08\/PIQSIQ-300x222.jpg 300w, https:\/\/www.ludwig-van.com\/montreal\/wp-content\/uploads\/sites\/3\/2025\/08\/PIQSIQ-1024x757.jpg 1024w, https:\/\/www.ludwig-van.com\/montreal\/wp-content\/uploads\/sites\/3\/2025\/08\/PIQSIQ-768x568.jpg 768w\" sizes=\"(max-width: 1200px) 100vw, 1200px\" \/><figcaption id=\"caption-attachment-89123\" class=\"wp-caption-text\">Le duo PIQSIQ (Photo : site web des artistes)<\/figcaption><\/figure>\n<h3>OSM &#8211; Vir\u00e9e classique : <i>Voyage musical de Vienne au Grand Nord<\/i><\/h3>\n<p>Qui dit Nature, dit Premi\u00e8res Nations et Nations Autochtones et leur relation intime avec celle-ci. \u00c7a allait donc de soi qu\u2019un concert de cette Vir\u00e9e sur le th\u00e8me de la Nature inclut un ensemble d\u2019une de ces nations. C\u2019est au duo PIQSIQ compos\u00e9 de <b>Tiffany Ayalik<\/b> et <b>Inuksuk Mackay<\/b> que reviendra l\u2019honneur de souligner la musique inuit dans une \u0153uvre d\u2019<b>Alexina Louie<\/b>. Mais avant cette aventure dans le Grand Nord, sept musicien\u00b7ne\u00b7s dirig\u00e9s par <b>Dina Gilbert<\/b> honoreront la nuit avec <i>Une petite musique de nuit<\/i> de Mozart.<\/p>\n<p>LE 16 AO\u00dbT, 16 H, CINQUI\u00c8ME SALLE\u00a0 <a href=\"https:\/\/www.osm.ca\/fr\/concert\/voyage-musical-de-vienne-au-grand-nord\/\" target=\"_blank\" rel=\"noopener\">D\u00c9TAILS ET BILLETS<\/a><\/p>\n<p>&nbsp;<\/p>\n<figure id=\"attachment_85895\" aria-describedby=\"caption-attachment-85895\" style=\"width: 1200px\" class=\"wp-caption aligncenter\"><img decoding=\"async\" loading=\"lazy\" class=\"size-full wp-image-85895\" src=\"https:\/\/www.ludwig-van.com\/montreal\/wp-content\/uploads\/sites\/3\/2025\/01\/Beth-Taylor_16-janvier-2025-Lieder-dAlma-Mahler_Gabriel-Fournier.jpg\" alt=\"La mezzo-soprano Beth Taylor interpr\u00e9tait des lieder d'Alma Mahler avec l'OSM en janvier dernier. (Photo : Gabriel Fournier)\" width=\"1200\" height=\"800\" srcset=\"https:\/\/www.ludwig-van.com\/montreal\/wp-content\/uploads\/sites\/3\/2025\/01\/Beth-Taylor_16-janvier-2025-Lieder-dAlma-Mahler_Gabriel-Fournier.jpg 1200w, https:\/\/www.ludwig-van.com\/montreal\/wp-content\/uploads\/sites\/3\/2025\/01\/Beth-Taylor_16-janvier-2025-Lieder-dAlma-Mahler_Gabriel-Fournier-300x200.jpg 300w, https:\/\/www.ludwig-van.com\/montreal\/wp-content\/uploads\/sites\/3\/2025\/01\/Beth-Taylor_16-janvier-2025-Lieder-dAlma-Mahler_Gabriel-Fournier-1024x683.jpg 1024w, https:\/\/www.ludwig-van.com\/montreal\/wp-content\/uploads\/sites\/3\/2025\/01\/Beth-Taylor_16-janvier-2025-Lieder-dAlma-Mahler_Gabriel-Fournier-768x512.jpg 768w\" sizes=\"(max-width: 1200px) 100vw, 1200px\" \/><figcaption id=\"caption-attachment-85895\" class=\"wp-caption-text\">La mezzo-soprano Beth Taylor interpr\u00e9tait des lieder d&rsquo;Alma Mahler avec l&rsquo;OSM en janvier dernier. (Photo : Gabriel Fournier)<\/figcaption><\/figure>\n<h3>OSM &#8211; Vir\u00e9e classique : <i>Mozart et Elgar : m\u00e9taphores amoureuses<\/i><\/h3>\n<p>L\u2019<b>Orchestre symphonique de Montr\u00e9al<\/b>, sous la direction de <b>Rafael Payare<\/b>, recevra deux invit\u00e9s pour ce concert de d\u00e9but de soir\u00e9e. Tout d\u2019abord, <b>Martin Helmchen<\/b> se joindra \u00e0 l\u2019Orchestre pour l\u2019interpr\u00e9tation du <i>Concerto pour piano no 24<\/i> de Mozart. Par la suite, la mezzo-soprano <b>Beth Taylor<\/b>, que le public a d\u00e9couverte dans des lieders orchestr\u00e9es d&rsquo;Alma Mahler en janvier dernier, mettra en valeur la mer gr\u00e2ce \u00e0 l\u2019\u0153uvre <i>Sea Pictures<\/i> d\u2019Elgar.<\/p>\n<p>LE 16 AO\u00dbT, 18 H 30, MAISON SYMPHONIQUE <a href=\"https:\/\/www.osm.ca\/fr\/concert\/mozart-et-elgar-metaphores-amoureuses\/\" target=\"_blank\" rel=\"noopener\">D\u00c9TAILS ET BILLETS<\/a><\/p>\n<p>&nbsp;<\/p>\n<figure id=\"attachment_84179\" aria-describedby=\"caption-attachment-84179\" style=\"width: 1024px\" class=\"wp-caption aligncenter\"><img decoding=\"async\" loading=\"lazy\" class=\"size-full wp-image-84179\" src=\"https:\/\/www.ludwig-van.com\/montreal\/wp-content\/uploads\/sites\/3\/2024\/10\/Rachel-Fenlon-\u00a9-Clara-Evens-12-1-1024x683-1.jpg\" alt=\"\" width=\"1024\" height=\"683\" srcset=\"https:\/\/www.ludwig-van.com\/montreal\/wp-content\/uploads\/sites\/3\/2024\/10\/Rachel-Fenlon-\u00a9-Clara-Evens-12-1-1024x683-1.jpg 1024w, https:\/\/www.ludwig-van.com\/montreal\/wp-content\/uploads\/sites\/3\/2024\/10\/Rachel-Fenlon-\u00a9-Clara-Evens-12-1-1024x683-1-300x200.jpg 300w, https:\/\/www.ludwig-van.com\/montreal\/wp-content\/uploads\/sites\/3\/2024\/10\/Rachel-Fenlon-\u00a9-Clara-Evens-12-1-1024x683-1-768x512.jpg 768w\" sizes=\"(max-width: 1024px) 100vw, 1024px\" \/><figcaption id=\"caption-attachment-84179\" class=\"wp-caption-text\">Rachel Fenlon. (Photo : Clara Evens)<\/figcaption><\/figure>\n<h3>Domaine Forget &#8211; <em>Le voyage d\u2019hiver<\/em><\/h3>\n<p>La soprano <b>Rachel Fenlon<\/b> s\u2019accompagnera elle-m\u00eame au piano alors qu\u2019elle interpr\u00e9tera <i>Winterreise<\/i> de Schubert. La Canadienne \u00e9tablie \u00e0 Berlin, qui se distingue par sa voix unique, a enregistr\u00e9 son premier album sorti en octobre 2024, enregistrement ayant re\u00e7u que des critiques \u00e9logieuses et ayant \u00e9t\u00e9 nomm\u00e9 l\u2019album de la semaine par la CBC et la BBC, ainsi que l\u2019album du mois par Classic 106 FM. Elle vous invite \u00e0 une exp\u00e9rience intime et bouleversante de l\u2019\u0153uvre de Schubert, une interpr\u00e9tation ayant \u00e9t\u00e9 qualifi\u00e9e d&rsquo;extraordinaire par la BBC Radio 3.<\/p>\n<p>LE 16 AO\u00dbT, 19 H 30, DOMAINE FORGET\u00a0 <a href=\"https:\/\/www.domaineforget.com\/programmation\/festival\/le-voyage-d-hiver\/?from=1161&amp;from_p=%3fdf%3d%26dt%3d%26s%3d%26p%3d2%26_%3d1754786104027\" target=\"_blank\" rel=\"noopener\">D\u00c9TAILS ET BILLETS<\/a><\/p>\n<p>&nbsp;<\/p>\n<figure id=\"attachment_87216\" aria-describedby=\"caption-attachment-87216\" style=\"width: 1200px\" class=\"wp-caption aligncenter\"><img decoding=\"async\" loading=\"lazy\" class=\"size-full wp-image-87216\" src=\"https:\/\/www.ludwig-van.com\/montreal\/wp-content\/uploads\/sites\/3\/2025\/04\/OSM_Requiem-de-Verdi_Viree-classique-2024_Antoine-Saito.jpg\" alt=\"L'OSM et le Ch\u0153ur de l'OSM en concert lors de la Vir\u00e9e classique 2024. (Photo : Antoine Saito)\" width=\"1200\" height=\"800\" srcset=\"https:\/\/www.ludwig-van.com\/montreal\/wp-content\/uploads\/sites\/3\/2025\/04\/OSM_Requiem-de-Verdi_Viree-classique-2024_Antoine-Saito.jpg 1200w, https:\/\/www.ludwig-van.com\/montreal\/wp-content\/uploads\/sites\/3\/2025\/04\/OSM_Requiem-de-Verdi_Viree-classique-2024_Antoine-Saito-300x200.jpg 300w, https:\/\/www.ludwig-van.com\/montreal\/wp-content\/uploads\/sites\/3\/2025\/04\/OSM_Requiem-de-Verdi_Viree-classique-2024_Antoine-Saito-1024x683.jpg 1024w, https:\/\/www.ludwig-van.com\/montreal\/wp-content\/uploads\/sites\/3\/2025\/04\/OSM_Requiem-de-Verdi_Viree-classique-2024_Antoine-Saito-768x512.jpg 768w\" sizes=\"(max-width: 1200px) 100vw, 1200px\" \/><figcaption id=\"caption-attachment-87216\" class=\"wp-caption-text\">L&rsquo;OSM et le Ch\u0153ur de l&rsquo;OSM en concert lors de la Vir\u00e9e classique 2024. (Photo : Antoine Saito)<\/figcaption><\/figure>\n<h3>OSM &#8211; Vir\u00e9e classique : <i>La Symphonie \u00ab Pastorale \u00bb de Beethoven<\/i><\/h3>\n<p>L\u2019<b>Orchestre symphonique de Montr\u00e9al<\/b> vous offre un deuxi\u00e8me concert ce samedi. Et il ne pouvait faire une Vir\u00e9e sous le th\u00e8me de la Nature sans interpr\u00e9ter l\u2019\u0153uvre c\u00e9l\u00e8bre de Beethoven, <i>Symphonie no 6<\/i>, dite \u00ab Pastorale \u00bb! Fermez les yeux et entendez la nature prendre vie puis se disperser pour se mettre \u00e0 l&rsquo;abri d&rsquo;un violent orage lors de cette promenade en campagne mise en musique. Mais avant de vous immerger en nature avec Beethoven, restez attentifs pour la <i>Sinfonietta pour fl\u00fbte, piano et orchestre \u00e0 cordes<\/i> de Theodorakis, interpr\u00e9t\u00e9e par <b>Timothy Hutchins <\/b>\u00e0 la fl\u00fbte et par <b>Godwin Friesen<\/b> au piano.<\/p>\n<p>LE 16 AO\u00dbT, 20 H 30, MAISON SYMPHONIQUE <a href=\"https:\/\/www.osm.ca\/fr\/concert\/la-symphonie-pastorale-de-beethoven-2\/\" target=\"_blank\" rel=\"noopener\">D\u00c9TAILS ET BILLETS<\/a><\/p>\n<p>&nbsp;<\/p>\n<figure id=\"attachment_89120\" aria-describedby=\"caption-attachment-89120\" style=\"width: 1200px\" class=\"wp-caption aligncenter\"><img decoding=\"async\" loading=\"lazy\" class=\"size-full wp-image-89120\" src=\"https:\/\/www.ludwig-van.com\/montreal\/wp-content\/uploads\/sites\/3\/2025\/08\/LesBoreades_courtoisie-Cammac.jpg\" alt=\"\" width=\"1200\" height=\"675\" srcset=\"https:\/\/www.ludwig-van.com\/montreal\/wp-content\/uploads\/sites\/3\/2025\/08\/LesBoreades_courtoisie-Cammac.jpg 1200w, https:\/\/www.ludwig-van.com\/montreal\/wp-content\/uploads\/sites\/3\/2025\/08\/LesBoreades_courtoisie-Cammac-300x169.jpg 300w, https:\/\/www.ludwig-van.com\/montreal\/wp-content\/uploads\/sites\/3\/2025\/08\/LesBoreades_courtoisie-Cammac-1024x576.jpg 1024w, https:\/\/www.ludwig-van.com\/montreal\/wp-content\/uploads\/sites\/3\/2025\/08\/LesBoreades_courtoisie-Cammac-768x432.jpg 768w\" sizes=\"(max-width: 1200px) 100vw, 1200px\" \/><figcaption id=\"caption-attachment-89120\" class=\"wp-caption-text\">(Photo : courtoisie Cammac)<\/figcaption><\/figure>\n<h3>Cammac &#8211; Les Bor\u00e9ades : <i>Private Musick<\/i><\/h3>\n<p>L\u2019ensemble de musique baroque <b>Les Bor\u00e9ades <\/b>est re\u00e7u par le Centre musical Cammac lors de ce dernier concert de la s\u00e9rie Dimanche en musique. <b>Francis Colpron<\/b>, fl\u00fbtes \u00e0 bec, <b>Olivier Brault<\/b>, violon, <b>M\u00e9lisande Corriveau<\/b>, viole de gambe, et <b>Christophe Gauthier<\/b>, clavecin, interpr\u00e9teront la musique anglaise \u00e0 l\u2019\u00e8re des derniers Stuarts, soit des \u0153uvres de Lowe, Blow et Purcell. Profitez de ce dernier dimanche \u00e0 Cammac pour bruncher sur place, pour fl\u00e2ner sur le bord du lac MacDonald et pour d\u00e9couvrir la r\u00e9gion.<\/p>\n<p>LE 17 AO\u00dbT, 11 H, CENTRE MUSICAL CAMMAC &#8211; HARRINGTON\u00a0 <a href=\"https:\/\/cammac.ca\/concerts\/\" target=\"_blank\" rel=\"noopener\">D\u00c9TAILS ET BILLETS<\/a><\/p>\n<p>&nbsp;<\/p>\n<figure id=\"attachment_89121\" aria-describedby=\"caption-attachment-89121\" style=\"width: 1200px\" class=\"wp-caption aligncenter\"><img decoding=\"async\" loading=\"lazy\" class=\"size-full wp-image-89121\" src=\"https:\/\/www.ludwig-van.com\/montreal\/wp-content\/uploads\/sites\/3\/2025\/08\/Steve-Cowan-Classical-Guitarist_site-web-de-lartiste.png\" alt=\"Steve Cowan (Photo : site web de l'artiste)\" width=\"1200\" height=\"688\" srcset=\"https:\/\/www.ludwig-van.com\/montreal\/wp-content\/uploads\/sites\/3\/2025\/08\/Steve-Cowan-Classical-Guitarist_site-web-de-lartiste.png 1200w, https:\/\/www.ludwig-van.com\/montreal\/wp-content\/uploads\/sites\/3\/2025\/08\/Steve-Cowan-Classical-Guitarist_site-web-de-lartiste-300x172.png 300w, https:\/\/www.ludwig-van.com\/montreal\/wp-content\/uploads\/sites\/3\/2025\/08\/Steve-Cowan-Classical-Guitarist_site-web-de-lartiste-1024x587.png 1024w, https:\/\/www.ludwig-van.com\/montreal\/wp-content\/uploads\/sites\/3\/2025\/08\/Steve-Cowan-Classical-Guitarist_site-web-de-lartiste-768x440.png 768w\" sizes=\"(max-width: 1200px) 100vw, 1200px\" \/><figcaption id=\"caption-attachment-89121\" class=\"wp-caption-text\">Steve Cowan (Photo : site web de l&rsquo;artiste)<\/figcaption><\/figure>\n<h3>Jardin musical de collectif9 &#8211; Steve Cowan, guitare<\/h3>\n<p>Dans le cadre de la s\u00e9rie de concerts gratuits Jardin musical organis\u00e9e par l\u2019ensemble collectif9, le guitariste <b>Steve Cowan<\/b> donnera un r\u00e9cital gratuit au Parc de l\u2019Ukraine dans Rosemont. Ce Canadien, renomm\u00e9 pour son sens du rythme et ses interpr\u00e9tations color\u00e9es, jouera la musique de Piazzolla, Tailleferre, Bach, Villa-Lobos et Bj\u00f6rnsson. Apportez votre couverture ou votre chaise de jardin et assistez \u00e0 l\u2019une ou l\u2019autre des deux repr\u00e9sentations de 30 minutes, l\u2019une \u00e0 12h et l\u2019autre \u00e0 13h. \u00c0 noter que l\u2019\u00e9v\u00e9nement sera annul\u00e9 en cas de mauvais temps.<\/p>\n<p>LE 17 AO\u00dbT, 12 H ET 13H, PARC DE L\u2019UKRAINE<\/p>\n<p>&nbsp;<\/p>\n<figure id=\"attachment_85895\" aria-describedby=\"caption-attachment-85895\" style=\"width: 1200px\" class=\"wp-caption aligncenter\"><img decoding=\"async\" loading=\"lazy\" class=\"size-full wp-image-85895\" src=\"https:\/\/www.ludwig-van.com\/montreal\/wp-content\/uploads\/sites\/3\/2025\/01\/Beth-Taylor_16-janvier-2025-Lieder-dAlma-Mahler_Gabriel-Fournier.jpg\" alt=\"La mezzo-soprano Beth Taylor interpr\u00e9tait des lieder d'Alma Mahler avec l'OSM en janvier dernier. (Photo : Gabriel Fournier)\" width=\"1200\" height=\"800\" srcset=\"https:\/\/www.ludwig-van.com\/montreal\/wp-content\/uploads\/sites\/3\/2025\/01\/Beth-Taylor_16-janvier-2025-Lieder-dAlma-Mahler_Gabriel-Fournier.jpg 1200w, https:\/\/www.ludwig-van.com\/montreal\/wp-content\/uploads\/sites\/3\/2025\/01\/Beth-Taylor_16-janvier-2025-Lieder-dAlma-Mahler_Gabriel-Fournier-300x200.jpg 300w, https:\/\/www.ludwig-van.com\/montreal\/wp-content\/uploads\/sites\/3\/2025\/01\/Beth-Taylor_16-janvier-2025-Lieder-dAlma-Mahler_Gabriel-Fournier-1024x683.jpg 1024w, https:\/\/www.ludwig-van.com\/montreal\/wp-content\/uploads\/sites\/3\/2025\/01\/Beth-Taylor_16-janvier-2025-Lieder-dAlma-Mahler_Gabriel-Fournier-768x512.jpg 768w\" sizes=\"(max-width: 1200px) 100vw, 1200px\" \/><figcaption id=\"caption-attachment-85895\" class=\"wp-caption-text\">La mezzo-soprano Beth Taylor interpr\u00e9tait des lieder d&rsquo;Alma Mahler avec l&rsquo;OSM en janvier dernier. (Photo : Gabriel Fournier)<\/figcaption><\/figure>\n<h3>OSM &#8211; Vir\u00e9e classique : <i>La voix de la nature avec Beth Taylor<\/i><\/h3>\n<p>La voix expressive et nuanc\u00e9e de la mezzo-soprano <b>Beth Taylor<\/b> glorifiera la Nature et l\u2019Amour au travers un \u00e9ventail de m\u00e9lodies, alors qu\u2019elle sera accompagn\u00e9e par la pianiste <b>Esther Gonthier<\/b>. Leurs talents s\u2019uniront pour un moment musical empli d\u2019\u00e9motions avec une programmation vari\u00e9e allant de la France au Royaume-Uni avec un d\u00e9tour par l\u2019Allemagne valorisant musique et po\u00e9sie.<\/p>\n<p>LE 16 AO\u00dbT, 13 H 30, CINQUI\u00c8ME SALLE\u00a0 <a href=\"https:\/\/www.osm.ca\/fr\/concert\/la-voix-de-la-nature-avec-beth-taylor\/\" target=\"_blank\" rel=\"noopener\">D\u00c9TAILS ET BILLETS<\/a><\/p>\n<h3><\/h3>\n<figure id=\"attachment_53376\" aria-describedby=\"caption-attachment-53376\" style=\"width: 1024px\" class=\"wp-caption aligncenter\"><img decoding=\"async\" loading=\"lazy\" class=\"size-full wp-image-53376\" src=\"https:\/\/www.ludwig-van.com\/montreal\/wp-content\/uploads\/sites\/3\/2018\/04\/ViolonsDuRoy_JonathanCohen_cAtwoodPhotographie-2a.jpg\" alt=\"Jonathan Cohen\" width=\"1024\" height=\"576\" srcset=\"https:\/\/www.ludwig-van.com\/montreal\/wp-content\/uploads\/sites\/3\/2018\/04\/ViolonsDuRoy_JonathanCohen_cAtwoodPhotographie-2a.jpg 1024w, https:\/\/www.ludwig-van.com\/montreal\/wp-content\/uploads\/sites\/3\/2018\/04\/ViolonsDuRoy_JonathanCohen_cAtwoodPhotographie-2a-300x169.jpg 300w, https:\/\/www.ludwig-van.com\/montreal\/wp-content\/uploads\/sites\/3\/2018\/04\/ViolonsDuRoy_JonathanCohen_cAtwoodPhotographie-2a-768x432.jpg 768w\" sizes=\"(max-width: 1024px) 100vw, 1024px\" \/><figcaption id=\"caption-attachment-53376\" class=\"wp-caption-text\">Jonathan Cohen. (Photo : C. Atwood photographie)<\/figcaption><\/figure>\n<h3>Domaine Forget &#8211; <em>Un op\u00e9ra imaginaire<\/em><\/h3>\n<p>Les stagiaires en chant et en orchestre de chambre de l\u2019Acad\u00e9mie du Domaine Forget unissent leur talent \u00e0 celui des <b>Violons du Roy<\/b> et de <b>Penta\u00e8dre<\/b> sous la direction de <b>Jonathan Cohen<\/b> pour vous offrir <i>Un op\u00e9ra imaginaire<\/i> de Rameau. Cette \u0153uvre, qui n\u2019est pas un op\u00e9ra au sens traditionnel du terme, est en fait une fresque musicale compos\u00e9e des plus belles pages d\u2019op\u00e9ras et de ballets de Rameau agenc\u00e9es par Marc Minkowski afin de former un ensemble coh\u00e9rent mettant en valeur le g\u00e9nie orchestral de Rameau.<\/p>\n<p>LE 17 AO\u00dbT, 15 H, DOMAINE FORGET\u00a0 <a href=\"https:\/\/www.domaineforget.com\/programmation\/festival\/un-opera-imaginaire\/?from=1161&amp;from_p=%3fdf%3d%26dt%3d%26s%3d%26p%3d2\" target=\"_blank\" rel=\"noopener\">D\u00c9TAILS ET BILLETS<\/a><\/p>\n<h2><em>Inscrivez-vous \u00e0 notre infolettre! La musique classique et l\u2019op\u00e9ra en 5 minutes, chaque jour<\/em> <a href=\"https:\/\/ludwig-van.us9.list-manage.com\/subscribe?u=4f785cb3f9058f2393ccad035&amp;id=b9b160c032\" target=\"_blank\" rel=\"noopener noreferrer\">ICI<\/a>.<\/h2>\n","protected":false},"excerpt":{"rendered":"<p>Une autre belle semaine musicale s&rsquo;amorce et am\u00e8ne avec elle quelques prestations ext\u00e9rieures gratuites, les derniers concerts d\u2019Orford Musique, deux concerts au Domaine Forget, un \u00e0 Ste-P\u00e9tronille, ainsi que le concert final de la s\u00e9rie Dimanche en musique de Cammac. Profitez donc encore des belles journ\u00e9es estivales pour assister aux concerts dans des parcs ou pour faire la route vers Charlevoix, Qu\u00e9bec, les Laurentides ou Orford et remplir vos oreilles d\u2019harmonies ensoleill\u00e9es!<\/p>\n","protected":false},"author":1,"featured_media":89127,"comment_status":"open","ping_status":"open","sticky":false,"template":"","format":"standard","meta":{"om_disable_all_campaigns":false,"jetpack_post_was_ever_published":false},"categories":[42299,10994],"tags":[42300,2542,3506],"yst_prominent_words":[9863,25071,25084,26052,9877,11448,21882,26053,6668,26054,18156],"acf":[],"jetpack_featured_media_url":"https:\/\/www.ludwig-van.com\/montreal\/wp-content\/uploads\/sites\/3\/2025\/08\/Copie-de-CONCERTS28.jpg","jetpack_sharing_enabled":true,"jetpack_shortlink":"https:\/\/wp.me\/p9bdYt-nbm","amp_enabled":true,"_links":{"self":[{"href":"https:\/\/www.ludwig-van.com\/montreal\/wp-json\/wp\/v2\/posts\/89116"}],"collection":[{"href":"https:\/\/www.ludwig-van.com\/montreal\/wp-json\/wp\/v2\/posts"}],"about":[{"href":"https:\/\/www.ludwig-van.com\/montreal\/wp-json\/wp\/v2\/types\/post"}],"author":[{"embeddable":true,"href":"https:\/\/www.ludwig-van.com\/montreal\/wp-json\/wp\/v2\/users\/1"}],"replies":[{"embeddable":true,"href":"https:\/\/www.ludwig-van.com\/montreal\/wp-json\/wp\/v2\/comments?post=89116"}],"version-history":[{"count":10,"href":"https:\/\/www.ludwig-van.com\/montreal\/wp-json\/wp\/v2\/posts\/89116\/revisions"}],"predecessor-version":[{"id":89137,"href":"https:\/\/www.ludwig-van.com\/montreal\/wp-json\/wp\/v2\/posts\/89116\/revisions\/89137"}],"wp:featuredmedia":[{"embeddable":true,"href":"https:\/\/www.ludwig-van.com\/montreal\/wp-json\/wp\/v2\/media\/89127"}],"wp:attachment":[{"href":"https:\/\/www.ludwig-van.com\/montreal\/wp-json\/wp\/v2\/media?parent=89116"}],"wp:term":[{"taxonomy":"category","embeddable":true,"href":"https:\/\/www.ludwig-van.com\/montreal\/wp-json\/wp\/v2\/categories?post=89116"},{"taxonomy":"post_tag","embeddable":true,"href":"https:\/\/www.ludwig-van.com\/montreal\/wp-json\/wp\/v2\/tags?post=89116"},{"taxonomy":"yst_prominent_words","embeddable":true,"href":"https:\/\/www.ludwig-van.com\/montreal\/wp-json\/wp\/v2\/yst_prominent_words?post=89116"}],"curies":[{"name":"wp","href":"https:\/\/api.w.org\/{rel}","templated":true}]}}