{"id":89043,"date":"2025-08-07T17:54:53","date_gmt":"2025-08-07T21:54:53","guid":{"rendered":"https:\/\/www.ludwig-van.com\/montreal\/?p=89043"},"modified":"2025-08-08T14:00:02","modified_gmt":"2025-08-08T18:00:02","slug":"critique-osl-une-soiree-effervescente-et-eclectique-pour-le-60e-de-laval","status":"publish","type":"post","link":"https:\/\/www.ludwig-van.com\/montreal\/2025\/08\/07\/critique-osl-une-soiree-effervescente-et-eclectique-pour-le-60e-de-laval\/","title":{"rendered":"CRITIQUE | OSL : une soir\u00e9e effervescente et \u00e9clectique pour le 60e de Laval"},"content":{"rendered":"<figure id=\"attachment_89047\" aria-describedby=\"caption-attachment-89047\" style=\"width: 1200px\" class=\"wp-caption aligncenter\"><img decoding=\"async\" loading=\"lazy\" class=\"size-full wp-image-89047\" src=\"https:\/\/www.ludwig-van.com\/montreal\/wp-content\/uploads\/sites\/3\/2025\/08\/Copie-de-CRITIQUE24.jpg\" alt=\"L'OSL \u00e0 la Place Bell. (Photo : Gabriel Fournier)\" width=\"1200\" height=\"628\" srcset=\"https:\/\/www.ludwig-van.com\/montreal\/wp-content\/uploads\/sites\/3\/2025\/08\/Copie-de-CRITIQUE24.jpg 1200w, https:\/\/www.ludwig-van.com\/montreal\/wp-content\/uploads\/sites\/3\/2025\/08\/Copie-de-CRITIQUE24-300x157.jpg 300w, https:\/\/www.ludwig-van.com\/montreal\/wp-content\/uploads\/sites\/3\/2025\/08\/Copie-de-CRITIQUE24-1024x536.jpg 1024w, https:\/\/www.ludwig-van.com\/montreal\/wp-content\/uploads\/sites\/3\/2025\/08\/Copie-de-CRITIQUE24-768x402.jpg 768w\" sizes=\"(max-width: 1200px) 100vw, 1200px\" \/><figcaption id=\"caption-attachment-89047\" class=\"wp-caption-text\">L&rsquo;OSL \u00e0 la Place Bell. (Photo : Gabriel Fournier)<\/figcaption><\/figure>\n<p>La ville de Laval marquait hier le 60e anniversaire de sa fondation en invitant la population \u00e0 un grand concert gratuit \u00e0 la Place Bell donn\u00e9 par l&rsquo;<strong>Orchestre symphonique de Laval<\/strong> et des artistes invit\u00e9\u00b7e\u00b7s. La ma\u00eetre de c\u00e9r\u00e9monie <strong>\u00c9milie Duquette<\/strong> a anim\u00e9 la soir\u00e9e \u00e0 laquelle ont assist\u00e9 6 000 Lavallois\u00b7es.<\/p>\n<p>L&rsquo;orchestre et son nouveau directeur musical <strong>Adam Johnson<\/strong>, lui-m\u00eame \u00e9tabli \u00e0 Laval depuis huit ans, avaient con\u00e7u une soir\u00e9e en crescendo, o\u00f9 Brahms et Lalo ont \u00e9t\u00e9 succ\u00e9d\u00e9 par Beethoven et sa version disco, avant que la musique qu\u00e9b\u00e9coise de Jean Carignan jou\u00e9e par le violon solo <strong>Antoine Bareil<\/strong> et le pop\/country chant\u00e9 par <strong>Guylaine Tanguay<\/strong> ne prennent le dessus.<\/p>\n<p>&nbsp;<\/p>\n<figure id=\"attachment_89052\" aria-describedby=\"caption-attachment-89052\" style=\"width: 1200px\" class=\"wp-caption aligncenter\"><img decoding=\"async\" loading=\"lazy\" class=\"size-full wp-image-89052\" src=\"https:\/\/www.ludwig-van.com\/montreal\/wp-content\/uploads\/sites\/3\/2025\/08\/OSL-Place-Bell_Dominique-Beausejour-Ostiguy_Gabriel-Fournier.jpg\" alt=\"Dominique Beaus\u00e9jour-Ostiguy en solo avec l'OSL. (Photo : Gabriel Fournier)\" width=\"1200\" height=\"800\" srcset=\"https:\/\/www.ludwig-van.com\/montreal\/wp-content\/uploads\/sites\/3\/2025\/08\/OSL-Place-Bell_Dominique-Beausejour-Ostiguy_Gabriel-Fournier.jpg 1200w, https:\/\/www.ludwig-van.com\/montreal\/wp-content\/uploads\/sites\/3\/2025\/08\/OSL-Place-Bell_Dominique-Beausejour-Ostiguy_Gabriel-Fournier-300x200.jpg 300w, https:\/\/www.ludwig-van.com\/montreal\/wp-content\/uploads\/sites\/3\/2025\/08\/OSL-Place-Bell_Dominique-Beausejour-Ostiguy_Gabriel-Fournier-1024x683.jpg 1024w, https:\/\/www.ludwig-van.com\/montreal\/wp-content\/uploads\/sites\/3\/2025\/08\/OSL-Place-Bell_Dominique-Beausejour-Ostiguy_Gabriel-Fournier-768x512.jpg 768w\" sizes=\"(max-width: 1200px) 100vw, 1200px\" \/><figcaption id=\"caption-attachment-89052\" class=\"wp-caption-text\">Dominique Beaus\u00e9jour-Ostiguy en solo avec l&rsquo;OSL. (Photo : Gabriel Fournier)<\/figcaption><\/figure>\n<p>Le programme \u00e9clectique a permis de mettre en valeur plusieurs artistes li\u00e9\u00b7e\u00b7s \u00e0 la ville de Laval. Le r\u00e9put\u00e9 violoncelliste <strong>Dominique Beaus\u00e9jour-Ostiguy<\/strong>, qui y est n\u00e9 et y a grandi, a interpr\u00e9t\u00e9 le premier mouvement du <em>Concerto pour violoncelle<\/em> d&rsquo;\u00c9douard Lalo avec ma\u00eetrise et s\u00e9r\u00e9nit\u00e9. Cela n&rsquo;a pas \u00e9t\u00e9 mentionn\u00e9 hier, mais <strong>Beaus\u00e9jour-Ostiguy<\/strong> reviendra se produire avec l&rsquo;OSL en mars prochain dans une \u0153uvre d&rsquo;un autre Edward, le c\u00e9l\u00e8bre <em>Concerto pour violoncelle<\/em> d&rsquo;Elgar. <strong>Guylaine Tanguay<\/strong>, qui a assur\u00e9 avec entrain la section finale du concert, est elle aussi citoyenne de Laval depuis une trentaine d&rsquo;ann\u00e9es. Le <strong>Ch\u0153ur des jeunes de Laval<\/strong>, pr\u00e9par\u00e9 par son chef <strong>Philippe Ostiguy<\/strong>, \u00e9tait lui aussi de la partie, ajoutant de la profondeur aux refrains par ses harmonies (parfois difficilement perceptibles \u00e0 cause de la sonorisation d\u00e9s\u00e9quilibr\u00e9e favorisant le micro de la chanteuse au d\u00e9triment de tout le reste, m\u00eame les violons lui donnant la r\u00e9plique dans le \u00ab\u00a0concours\u00a0\u00bb de yodeling que se sont livr\u00e9s la voix et l&rsquo;orchestre en final).<\/p>\n<p>La soir\u00e9e constituait un beau cadeau offert par la ville \u00e0 ses citoyen\u00b7ne\u00b7s heureux\u00b7ses de souligner la qualit\u00e9 de vie, la diversit\u00e9 et la culture de leur milieu. Des photos documentant l&rsquo;\u00e9volution de la ville projet\u00e9es sur les grands \u00e9crans avant le concert au rythme bien men\u00e9 du d\u00e9roulement, le tout avait clairement \u00e9t\u00e9 pr\u00e9par\u00e9 avec minutie et une vision d&rsquo;ensemble de la f\u00eate. Pour l&rsquo;orchestre, cela repr\u00e9sentait une excellente occasion de pr\u00e9senter son nouveau chef, de qui c&rsquo;\u00e9tait la premi\u00e8re apparition publique officielle depuis sa nomination, et de mettre de l&rsquo;avant son affabilit\u00e9 et sa polyvalence.<\/p>\n<p>&nbsp;<\/p>\n<figure id=\"attachment_89051\" aria-describedby=\"caption-attachment-89051\" style=\"width: 1200px\" class=\"wp-caption aligncenter\"><img decoding=\"async\" loading=\"lazy\" class=\"size-full wp-image-89051\" src=\"https:\/\/www.ludwig-van.com\/montreal\/wp-content\/uploads\/sites\/3\/2025\/08\/OSL-Place-Bell_Adam-Johnson_Gabriel-Fournier-1.jpg\" alt=\"Adam Johnson. (Photo : Gabriel Fournier)\" width=\"1200\" height=\"800\" srcset=\"https:\/\/www.ludwig-van.com\/montreal\/wp-content\/uploads\/sites\/3\/2025\/08\/OSL-Place-Bell_Adam-Johnson_Gabriel-Fournier-1.jpg 1200w, https:\/\/www.ludwig-van.com\/montreal\/wp-content\/uploads\/sites\/3\/2025\/08\/OSL-Place-Bell_Adam-Johnson_Gabriel-Fournier-1-300x200.jpg 300w, https:\/\/www.ludwig-van.com\/montreal\/wp-content\/uploads\/sites\/3\/2025\/08\/OSL-Place-Bell_Adam-Johnson_Gabriel-Fournier-1-1024x683.jpg 1024w, https:\/\/www.ludwig-van.com\/montreal\/wp-content\/uploads\/sites\/3\/2025\/08\/OSL-Place-Bell_Adam-Johnson_Gabriel-Fournier-1-768x512.jpg 768w\" sizes=\"(max-width: 1200px) 100vw, 1200px\" \/><figcaption id=\"caption-attachment-89051\" class=\"wp-caption-text\">Adam Johnson. (Photo : Gabriel Fournier)<\/figcaption><\/figure>\n<p>Alors qu&rsquo;on aurait tendance \u00e0 croire que les publics de concerts ext\u00e9rieurs et d&rsquo;\u00e9v\u00e9nements hors s\u00e9rie comme celui d&rsquo;hier soir seraient plus dissip\u00e9s que le public en salle, mon exp\u00e9rience de cet \u00e9t\u00e9 d\u00e9montre tout le contraire : que ce soit au Festival de Lanaudi\u00e8re (certes fr\u00e9quent\u00e9 par un public connaisseur), au sein de la foule immense attroup\u00e9e pour le Concert au pied du mont Royal de l&rsquo;OM ou les 6 000 personnes rassembl\u00e9es \u00e0 la Place Bell hier soir, la qualit\u00e9 de l&rsquo;\u00e9coute a \u00e9t\u00e9 remarquable, respectueuse et silencieuse, sans pour autant l\u00e9siner sur leurs manifestations d&rsquo;enthousiasme le moment venu.<\/p>\n<p>La saison 2025-2026 de l&rsquo;OSL d\u00e9bute le mercredi 29 octobre avec un <a href=\"https:\/\/www.osl.ca\/celebrations\" target=\"_blank\" rel=\"noopener\">concert c\u00e9l\u00e9brant les 40 ans de l&rsquo;organisme<\/a>.<\/p>\n<h2><em>Inscrivez-vous \u00e0 notre infolettre! La musique classique et l\u2019op\u00e9ra en 5 minutes, chaque jour<\/em> <a href=\"https:\/\/ludwig-van.us9.list-manage.com\/subscribe?u=4f785cb3f9058f2393ccad035&amp;id=b9b160c032\" target=\"_blank\" rel=\"noopener noreferrer\">ICI.<\/a><\/h2>\n","protected":false},"excerpt":{"rendered":"<p>La ville de Laval marquait hier le 60e anniversaire de sa fondation en invitant la population \u00e0 un grand concert gratuit \u00e0 la Place Bell donn\u00e9 par l&rsquo;Orchestre symphonique de Laval et des artistes invit\u00e9\u00b7e\u00b7s. La ma\u00eetre de c\u00e9r\u00e9monie \u00c9milie Duquette a anim\u00e9 la soir\u00e9e \u00e0 laquelle ont assist\u00e9 6 000 Lavallois\u00b7es.<\/p>\n","protected":false},"author":55,"featured_media":89047,"comment_status":"open","ping_status":"open","sticky":false,"template":"","format":"standard","meta":{"om_disable_all_campaigns":false,"jetpack_post_was_ever_published":false},"categories":[42299,52],"tags":[42300,13571],"yst_prominent_words":[10439,25641,7202,15546,23558,14867,13739,21722,10711,8757,10087,11685,11186,20011],"acf":[],"jetpack_featured_media_url":"https:\/\/www.ludwig-van.com\/montreal\/wp-content\/uploads\/sites\/3\/2025\/08\/Copie-de-CRITIQUE24.jpg","jetpack_sharing_enabled":true,"jetpack_shortlink":"https:\/\/wp.me\/p9bdYt-nab","amp_enabled":true,"_links":{"self":[{"href":"https:\/\/www.ludwig-van.com\/montreal\/wp-json\/wp\/v2\/posts\/89043"}],"collection":[{"href":"https:\/\/www.ludwig-van.com\/montreal\/wp-json\/wp\/v2\/posts"}],"about":[{"href":"https:\/\/www.ludwig-van.com\/montreal\/wp-json\/wp\/v2\/types\/post"}],"author":[{"embeddable":true,"href":"https:\/\/www.ludwig-van.com\/montreal\/wp-json\/wp\/v2\/users\/55"}],"replies":[{"embeddable":true,"href":"https:\/\/www.ludwig-van.com\/montreal\/wp-json\/wp\/v2\/comments?post=89043"}],"version-history":[{"count":12,"href":"https:\/\/www.ludwig-van.com\/montreal\/wp-json\/wp\/v2\/posts\/89043\/revisions"}],"predecessor-version":[{"id":89062,"href":"https:\/\/www.ludwig-van.com\/montreal\/wp-json\/wp\/v2\/posts\/89043\/revisions\/89062"}],"wp:featuredmedia":[{"embeddable":true,"href":"https:\/\/www.ludwig-van.com\/montreal\/wp-json\/wp\/v2\/media\/89047"}],"wp:attachment":[{"href":"https:\/\/www.ludwig-van.com\/montreal\/wp-json\/wp\/v2\/media?parent=89043"}],"wp:term":[{"taxonomy":"category","embeddable":true,"href":"https:\/\/www.ludwig-van.com\/montreal\/wp-json\/wp\/v2\/categories?post=89043"},{"taxonomy":"post_tag","embeddable":true,"href":"https:\/\/www.ludwig-van.com\/montreal\/wp-json\/wp\/v2\/tags?post=89043"},{"taxonomy":"yst_prominent_words","embeddable":true,"href":"https:\/\/www.ludwig-van.com\/montreal\/wp-json\/wp\/v2\/yst_prominent_words?post=89043"}],"curies":[{"name":"wp","href":"https:\/\/api.w.org\/{rel}","templated":true}]}}