{"id":89034,"date":"2025-08-06T17:38:07","date_gmt":"2025-08-06T21:38:07","guid":{"rendered":"https:\/\/www.ludwig-van.com\/montreal\/?p=89034"},"modified":"2025-08-07T14:00:02","modified_gmt":"2025-08-07T18:00:02","slug":"nouvelle-le-festival-dopera-de-quebec-celebre-le-grand-succes-de-son-edition-2025","status":"publish","type":"post","link":"https:\/\/www.ludwig-van.com\/montreal\/2025\/08\/06\/nouvelle-le-festival-dopera-de-quebec-celebre-le-grand-succes-de-son-edition-2025\/","title":{"rendered":"NOUVELLE | Le Festival d&rsquo;Op\u00e9ra de Qu\u00e9bec c\u00e9l\u00e8bre le grand succ\u00e8s de son \u00e9dition 2025"},"content":{"rendered":"<figure id=\"attachment_89035\" aria-describedby=\"caption-attachment-89035\" style=\"width: 1200px\" class=\"wp-caption aligncenter\"><img decoding=\"async\" loading=\"lazy\" class=\"size-full wp-image-89035\" src=\"https:\/\/www.ludwig-van.com\/montreal\/wp-content\/uploads\/sites\/3\/2025\/08\/Copie-de-NOUVELLE53.jpg\" alt=\"Une sc\u00e8ne de la production de Carmen mise en sc\u00e8ne par Nicola Berloffa avec St\u00e9phanie d'Oustrac dans le r\u00f4le-titre. (Photo : Jessica Latouche)\" width=\"1200\" height=\"628\" srcset=\"https:\/\/www.ludwig-van.com\/montreal\/wp-content\/uploads\/sites\/3\/2025\/08\/Copie-de-NOUVELLE53.jpg 1200w, https:\/\/www.ludwig-van.com\/montreal\/wp-content\/uploads\/sites\/3\/2025\/08\/Copie-de-NOUVELLE53-300x157.jpg 300w, https:\/\/www.ludwig-van.com\/montreal\/wp-content\/uploads\/sites\/3\/2025\/08\/Copie-de-NOUVELLE53-1024x536.jpg 1024w, https:\/\/www.ludwig-van.com\/montreal\/wp-content\/uploads\/sites\/3\/2025\/08\/Copie-de-NOUVELLE53-768x402.jpg 768w\" sizes=\"(max-width: 1200px) 100vw, 1200px\" \/><figcaption id=\"caption-attachment-89035\" class=\"wp-caption-text\">Une sc\u00e8ne de la production de Carmen mise en sc\u00e8ne par Nicola Berloffa avec St\u00e9phanie d&rsquo;Oustrac dans le r\u00f4le-titre. (Photo : Jessica Latouche)<\/figcaption><\/figure>\n<p>Le <strong>Festival d&rsquo;Op\u00e9ra de Qu\u00e9bec<\/strong> peut s&rsquo;enorgueillir d&rsquo;avoir accueilli 16 908 spectateurs et spectatrices au cours de sa 14e \u00e9dition, qui avait lieu du 23 juillet au 3 ao\u00fbt derniers.\u00a0Comme par les ann\u00e9es pass\u00e9es, la programmation de cette \u00e9dition plac\u00e9es sous le th\u00e8me du f\u00e9minin pluriel \u00e9tait r\u00e9partie entre \u00e9v\u00e9nements en salles et animations ext\u00e9rieures.<\/p>\n<h3>En salle<\/h3>\n<p>La production principale \u00e9tait l&rsquo;op\u00e9ra <em>Carmen<\/em>, dont on marque le 150e anniversaire de cr\u00e9ation cette ann\u00e9e. Les repr\u00e9sentations, plac\u00e9es sous la direction de <strong>Jacques Lacombe<\/strong> et mises en sc\u00e8ne par <strong>Nicola Berloffa<\/strong>, ont attir\u00e9 \u00e0 elles seules 4 644 visiteurs\u00b7euses. Deux cr\u00e9ations mondiales se trouvaient \u00e9galement au programme. Il s&rsquo;agit d&rsquo;une part de <em>Pierrot entre 3 lunes<\/em>, une production multidisciplaire sign\u00e9e <strong>Rachel Fenlon<\/strong> (composition) et <strong>Idan Cohen<\/strong> (mise en sc\u00e8ne) inspir\u00e9e du chef-d&rsquo;\u0153uvre de Schoenberg, qui a affich\u00e9 complet lors des deux repr\u00e9sentations. D&rsquo;autre part, la seconde cr\u00e9ation de l&rsquo;ann\u00e9e est <em>La Th\u00e9i\u00e8re<\/em>, une \u0153uvre de <strong>Jean-Fran\u00e7ois Mailloux<\/strong> sur un livret de <strong>Jean-Philippe Lavoie<\/strong> inspir\u00e9 du conte de Hans Christian Andersen, compos\u00e9e pour une petite distribution comportant piano, fl\u00fbte et une voix de contralto. Cette cr\u00e9ation a \u00e9t\u00e9 pr\u00e9sent\u00e9e dans le cadre de la Brigade op\u00e9ra.<\/p>\n<p>Le <strong>Festival d&rsquo;Op\u00e9ra de Qu\u00e9bec<\/strong> et les <strong>Jeunesses musicales Canada<\/strong> poursuivaient leur partenariat appr\u00e9ci\u00e9 pour pr\u00e9senter en coproduction <em>Souvenirs de Lakm\u00e9<\/em>, une adaptation de l&rsquo;op\u00e9ra de Delibes pr\u00e9sent\u00e9e au Th\u00e9\u00e2tre La Bord\u00e9e. De jeunes artistes lyriques, dont <strong>Azur Simard<\/strong> dans le r\u00f4le-titre, y ont brill\u00e9 avec justesse et fra\u00eecheur.<\/p>\n<p>Toujours au chapitre des productions en salle, <em>La Ch\u00e8vre de Monsieur S\u00e9guin<\/em>, compos\u00e9e par <strong>Patrick Mathieu<\/strong> et mise en sc\u00e8ne par <strong>Claude Tremblay<\/strong>, s&rsquo;adressait aux petits et aux grands en m\u00ealant op\u00e9ra, th\u00e9\u00e2tre et humour.<\/p>\n<h3>\u00c0 l&rsquo;ext\u00e9rieur<\/h3>\n<p>Entre Circuit op\u00e9ra, Brigade op\u00e9ra et Brigade op\u00e9rette, ce sont 11 064 spectateurs\u00b7ices qui ont profit\u00e9 des activit\u00e9s ext\u00e9rieures gratuites propos\u00e9es par le Festival.<\/p>\n<p>Le Circuit op\u00e9ra guidait les visiteurs\u00b7euses, qui ont atteint le nombre total de 7 464,\u00a0 le long d&rsquo;un parcours lyrique parcourant cinq \u00e9glises embl\u00e9matiques de la ville pour entendre voix et instruments (accord\u00e9on, vibraphone, guitare, orgue et piano) dans une atmosph\u00e8re intime et recueillie.<\/p>\n<p>Les Brigades op\u00e9ra et op\u00e9rette, pour leur part, ont cumul\u00e9 un total de 11 repr\u00e9sentations dans diff\u00e9rents quartiers de la ville de Qu\u00e9bec. Mises en sc\u00e8ne par <strong>\u00c9rika Gagnon<\/strong>, <em>\u00c0 Clichy<\/em> d&rsquo;Adolphe Adam et <em>La Th\u00e9i\u00e8re<\/em>, la cr\u00e9ation de <strong>Jean-Fran\u00e7ois Mailloux<\/strong>, ont rejoint chacune plus de 1 700 spectateurs\u00b7ices, malgr\u00e9 la pluie occasionnelle.<\/p>\n<p>Le <strong>Festival d&rsquo;Op\u00e9ra de Qu\u00e9bec<\/strong> se r\u00e9jouit du succ\u00e8s de cette \u00e9dition de transition, puisqu&rsquo;elle a \u00e9t\u00e9 le fruit du travail combin\u00e9 du directeur g\u00e9n\u00e9ral et artistique <strong>Jean-Fran\u00e7ois Lapointe<\/strong>, parti en janvier dernier, et de son successeur par int\u00e9rim, qui est \u00e9galement son pr\u00e9d\u00e9cesseur, <strong>Gr\u00e9goire Legendre.<\/strong> La 15e \u00e9dition en 2026 portera la marque d&rsquo;une direction artistique encore non d\u00e9termin\u00e9e.<\/p>\n<h2><em>Inscrivez-vous \u00e0 notre infolettre! La musique classique et l\u2019op\u00e9ra en 5 minutes, chaque jour<\/em> <a href=\"https:\/\/ludwig-van.us9.list-manage.com\/subscribe?u=4f785cb3f9058f2393ccad035&amp;id=b9b160c032\" target=\"_blank\" rel=\"noopener noreferrer\">ICI.<\/a><\/h2>\n","protected":false},"excerpt":{"rendered":"<p>Le Festival d&rsquo;Op\u00e9ra de Qu\u00e9bec peut s&rsquo;enorgueillir d&rsquo;avoir accueilli 16 908 spectateurs et spectatrices au cours de sa 14e \u00e9dition, qui avait lieu du 23 juillet au 3 ao\u00fbt derniers.\u00a0Comme par les ann\u00e9es pass\u00e9es, la programmation de cette \u00e9dition plac\u00e9es sous le th\u00e8me du f\u00e9minin pluriel \u00e9tait r\u00e9partie entre \u00e9v\u00e9nements en salles et animations ext\u00e9rieures.<\/p>\n","protected":false},"author":55,"featured_media":89035,"comment_status":"open","ping_status":"open","sticky":false,"template":"","format":"standard","meta":{"om_disable_all_campaigns":false,"jetpack_post_was_ever_published":false},"categories":[42299,10992],"tags":[42300,21250],"yst_prominent_words":[29726,10592,11552,13955,12318,7412,14251,11891,11236,10538,11145,32135,6886,12006,9838,18708,10541],"acf":[],"jetpack_featured_media_url":"https:\/\/www.ludwig-van.com\/montreal\/wp-content\/uploads\/sites\/3\/2025\/08\/Copie-de-NOUVELLE53.jpg","jetpack_sharing_enabled":true,"jetpack_shortlink":"https:\/\/wp.me\/p9bdYt-na2","amp_enabled":true,"_links":{"self":[{"href":"https:\/\/www.ludwig-van.com\/montreal\/wp-json\/wp\/v2\/posts\/89034"}],"collection":[{"href":"https:\/\/www.ludwig-van.com\/montreal\/wp-json\/wp\/v2\/posts"}],"about":[{"href":"https:\/\/www.ludwig-van.com\/montreal\/wp-json\/wp\/v2\/types\/post"}],"author":[{"embeddable":true,"href":"https:\/\/www.ludwig-van.com\/montreal\/wp-json\/wp\/v2\/users\/55"}],"replies":[{"embeddable":true,"href":"https:\/\/www.ludwig-van.com\/montreal\/wp-json\/wp\/v2\/comments?post=89034"}],"version-history":[{"count":9,"href":"https:\/\/www.ludwig-van.com\/montreal\/wp-json\/wp\/v2\/posts\/89034\/revisions"}],"predecessor-version":[{"id":89045,"href":"https:\/\/www.ludwig-van.com\/montreal\/wp-json\/wp\/v2\/posts\/89034\/revisions\/89045"}],"wp:featuredmedia":[{"embeddable":true,"href":"https:\/\/www.ludwig-van.com\/montreal\/wp-json\/wp\/v2\/media\/89035"}],"wp:attachment":[{"href":"https:\/\/www.ludwig-van.com\/montreal\/wp-json\/wp\/v2\/media?parent=89034"}],"wp:term":[{"taxonomy":"category","embeddable":true,"href":"https:\/\/www.ludwig-van.com\/montreal\/wp-json\/wp\/v2\/categories?post=89034"},{"taxonomy":"post_tag","embeddable":true,"href":"https:\/\/www.ludwig-van.com\/montreal\/wp-json\/wp\/v2\/tags?post=89034"},{"taxonomy":"yst_prominent_words","embeddable":true,"href":"https:\/\/www.ludwig-van.com\/montreal\/wp-json\/wp\/v2\/yst_prominent_words?post=89034"}],"curies":[{"name":"wp","href":"https:\/\/api.w.org\/{rel}","templated":true}]}}