{"id":89024,"date":"2025-08-06T13:59:33","date_gmt":"2025-08-06T17:59:33","guid":{"rendered":"https:\/\/www.ludwig-van.com\/montreal\/?p=89024"},"modified":"2025-08-06T14:09:42","modified_gmt":"2025-08-06T18:09:42","slug":"nouvelle-abercorn-lyrique-presente-sa-troisieme-edition","status":"publish","type":"post","link":"https:\/\/www.ludwig-van.com\/montreal\/2025\/08\/06\/nouvelle-abercorn-lyrique-presente-sa-troisieme-edition\/","title":{"rendered":"NOUVELLE | Abercorn lyrique pr\u00e9sente sa troisi\u00e8me \u00e9dition"},"content":{"rendered":"<figure id=\"attachment_89025\" aria-describedby=\"caption-attachment-89025\" style=\"width: 1200px\" class=\"wp-caption aligncenter\"><img decoding=\"async\" loading=\"lazy\" class=\"size-full wp-image-89025\" src=\"https:\/\/www.ludwig-van.com\/montreal\/wp-content\/uploads\/sites\/3\/2025\/08\/Copie-de-NOUVELLE52.jpg\" alt=\"Le festival Abercorn lyrique se tiendra cette ann\u00e9e les 29 et 30 ao\u00fbt au Centre culturel, install\u00e9 dans l'ancienne \u00e9glise All Saints. (Photo : courtoisie)\" width=\"1200\" height=\"628\" srcset=\"https:\/\/www.ludwig-van.com\/montreal\/wp-content\/uploads\/sites\/3\/2025\/08\/Copie-de-NOUVELLE52.jpg 1200w, https:\/\/www.ludwig-van.com\/montreal\/wp-content\/uploads\/sites\/3\/2025\/08\/Copie-de-NOUVELLE52-300x157.jpg 300w, https:\/\/www.ludwig-van.com\/montreal\/wp-content\/uploads\/sites\/3\/2025\/08\/Copie-de-NOUVELLE52-1024x536.jpg 1024w, https:\/\/www.ludwig-van.com\/montreal\/wp-content\/uploads\/sites\/3\/2025\/08\/Copie-de-NOUVELLE52-768x402.jpg 768w\" sizes=\"(max-width: 1200px) 100vw, 1200px\" \/><figcaption id=\"caption-attachment-89025\" class=\"wp-caption-text\">Le festival Abercorn lyrique se tiendra cette ann\u00e9e les 29 et 30 ao\u00fbt au Centre culturel, install\u00e9 dans l&rsquo;ancienne \u00e9glise All Saints. (Photo : courtoisie)<\/figcaption><\/figure>\n<p>Il y a quelques ann\u00e9es, \u00e0 Abercorn, dans les Cantons de l&rsquo;Est, la passionn\u00e9e de musique <strong>Marie L\u00e9onard<\/strong> r\u00eavait d&rsquo;enrichir l&rsquo;offre musicale dans le secteur Brome-Missisquoi. Elle s&rsquo;est mise \u00e0 la t\u00e2che en recrutant d&rsquo;abord des acolytes b\u00e9n\u00e9voles, soit <strong>Robert Nadeau<\/strong> et l&rsquo;ancienne directrice de l&rsquo;Atelier lyrique de l&rsquo;Op\u00e9ra de Montr\u00e9al <strong>Chantal Lambert<\/strong>, pour fonder un mini-festival de concerts lyriques, nomm\u00e9 <strong>Abercorn<\/strong> <strong>lyrique<\/strong>. L&rsquo;\u00e9v\u00e9nement d&rsquo;une fin de semaine en est cette ann\u00e9e \u00e0 sa troisi\u00e8me \u00e9dition, qui se tiendra les 29 et 30 ao\u00fbt.<\/p>\n<p>Les concerts d&rsquo;<strong>Abercorn lyrique<\/strong> ont pour mission est de mettre en valeur des chanteurs\u00b7euses qu\u00e9b\u00e9cois\u00b7es et canadien\u00b7ne\u00b7s de renom dans des programmations vari\u00e9es plaisant \u00e0 un large public. Ils se tiennent dans un lieu embl\u00e9matique de la municipalit\u00e9, soit l&rsquo;ancienne \u00e9glise All Saints, transform\u00e9e en Centre culturel.<\/p>\n<p>\u00ab\u00a0On a tous besoin d&rsquo;introduire plus d&rsquo;art sous toutes formes afin d&rsquo;enrichir nos vies. Nous travaillons fort pour p\u00e9renniser certains appuis et en trouver de nouveaux, car nous avons plein de jeunes chanteurs\u00b7euses au talent fabuleux \u00e0 faire d\u00e9couvrir, dans une formule tr\u00e8s conviviale,\u00a0\u00bb d\u00e9clare la pr\u00e9sidente d&rsquo;Abercorn lyrique et initiatrice du projet <strong>Marie L\u00e9onard<\/strong>, qui est m\u00e9decin de famille de profession. Les commanditaires et m\u00e9c\u00e8nes int\u00e9ress\u00e9s \u00e0 soutenir l&rsquo;organisme peuvent d&rsquo;ailleurs communiquer avec elle en \u00e9crivant \u00e0 l&rsquo;adresse courriel de l&rsquo;organisme : abercornlyrique@hotmail.com.<\/p>\n<h3>Programmation<\/h3>\n<h4>\u00ab\u00a0Tandem amoureux\u00a0\u00bb<\/h4>\n<p>Le vendredi 29 ao\u00fbt, le couple form\u00e9 de la soprano <strong>Emma Fekete<\/strong> et du t\u00e9nor <strong>Angelo Moretti<\/strong> propose un programme compos\u00e9 d&rsquo;extraits d&rsquo;op\u00e9ra c\u00e9l\u00e8bres, de pi\u00e8ces du folklore irlandais arrang\u00e9es par Benjamin Britten, ainsi que du folklore napolitain, accompagn\u00e9 \u00e0 la guitare.<\/p>\n<h4>\u00ab\u00a0Triade en passion\u00a0\u00bb<\/h4>\n<p>Le lendemain, samedi 30 ao\u00fbt, la soprano<strong> Sophie Naubert<\/strong>, la mezzo <strong>Ilanna Starr<\/strong> et le baryton <strong>Jamal Al-Titi<\/strong> s&rsquo;agencent en combinaisons diverses pour chanter solos, duos et trios bien connus.<\/p>\n<p>Les deux programmes ont \u00e9t\u00e9 con\u00e7us par <strong>Julien LeBlanc<\/strong>, qui sera \u00e9galement au piano les deux soirs.<\/p>\n<p>Les billets sont en vente au m\u00eame co\u00fbt qu&rsquo;en 2024, soit 40 $ pour un soir ou 70 $ pour les deux (plus frais de service), et sont disponibles <a href=\"http:\/\/bit.ly\/billets-abercorn-lyrique\" target=\"_blank\" rel=\"noopener\">en ligne<\/a> ou en personne \u00e0 l&rsquo;h\u00f4tel de ville d&rsquo;Abercorn.<\/p>\n<p>Voil\u00e0 la destination tout trouv\u00e9e pour les m\u00e9lomanes \u00e0 la recherche d&rsquo;une destination pour une escapade enchanteresse lors de la longue fin de semaine de la F\u00eate du travail!<\/p>\n<h2><em>Inscrivez-vous \u00e0 notre infolettre! La musique classique et l\u2019op\u00e9ra en 5 minutes, chaque jour<\/em> <a href=\"https:\/\/ludwig-van.us9.list-manage.com\/subscribe?u=4f785cb3f9058f2393ccad035&amp;id=b9b160c032\" target=\"_blank\" rel=\"noopener noreferrer\">ICI.<\/a><\/h2>\n","protected":false},"excerpt":{"rendered":"<p>Il y a quelques ann\u00e9es, \u00e0 Abercorn, dans les Cantons de l&rsquo;Est, la passionn\u00e9e de musique Marie L\u00e9onard r\u00eavait d&rsquo;enrichir l&rsquo;offre musicale dans le secteur Brome-Missisquoi. Elle s&rsquo;est mise \u00e0 la t\u00e2che en recrutant d&rsquo;abord des acolytes b\u00e9n\u00e9voles, soit Robert Nadeau et l&rsquo;ancienne directrice de l&rsquo;Atelier lyrique de l&rsquo;Op\u00e9ra de Montr\u00e9al Chantal Lambert, pour fonder un mini-festival de concerts lyriques, nomm\u00e9 Abercorn lyrique. L&rsquo;\u00e9v\u00e9nement d&rsquo;une fin de semaine en est cette ann\u00e9e \u00e0 sa troisi\u00e8me \u00e9dition, qui se tiendra les 29 et 30 ao\u00fbt.\u00a0<\/p>\n","protected":false},"author":55,"featured_media":89025,"comment_status":"open","ping_status":"open","sticky":false,"template":"","format":"standard","meta":{"om_disable_all_campaigns":false,"jetpack_post_was_ever_published":false},"categories":[42299],"tags":[42300,42345],"yst_prominent_words":[13948,9958,40105,30573,15880,7034,15176,40087,13042,18477],"acf":[],"jetpack_featured_media_url":"https:\/\/www.ludwig-van.com\/montreal\/wp-content\/uploads\/sites\/3\/2025\/08\/Copie-de-NOUVELLE52.jpg","jetpack_sharing_enabled":true,"jetpack_shortlink":"https:\/\/wp.me\/p9bdYt-n9S","amp_enabled":true,"_links":{"self":[{"href":"https:\/\/www.ludwig-van.com\/montreal\/wp-json\/wp\/v2\/posts\/89024"}],"collection":[{"href":"https:\/\/www.ludwig-van.com\/montreal\/wp-json\/wp\/v2\/posts"}],"about":[{"href":"https:\/\/www.ludwig-van.com\/montreal\/wp-json\/wp\/v2\/types\/post"}],"author":[{"embeddable":true,"href":"https:\/\/www.ludwig-van.com\/montreal\/wp-json\/wp\/v2\/users\/55"}],"replies":[{"embeddable":true,"href":"https:\/\/www.ludwig-van.com\/montreal\/wp-json\/wp\/v2\/comments?post=89024"}],"version-history":[{"count":6,"href":"https:\/\/www.ludwig-van.com\/montreal\/wp-json\/wp\/v2\/posts\/89024\/revisions"}],"predecessor-version":[{"id":89031,"href":"https:\/\/www.ludwig-van.com\/montreal\/wp-json\/wp\/v2\/posts\/89024\/revisions\/89031"}],"wp:featuredmedia":[{"embeddable":true,"href":"https:\/\/www.ludwig-van.com\/montreal\/wp-json\/wp\/v2\/media\/89025"}],"wp:attachment":[{"href":"https:\/\/www.ludwig-van.com\/montreal\/wp-json\/wp\/v2\/media?parent=89024"}],"wp:term":[{"taxonomy":"category","embeddable":true,"href":"https:\/\/www.ludwig-van.com\/montreal\/wp-json\/wp\/v2\/categories?post=89024"},{"taxonomy":"post_tag","embeddable":true,"href":"https:\/\/www.ludwig-van.com\/montreal\/wp-json\/wp\/v2\/tags?post=89024"},{"taxonomy":"yst_prominent_words","embeddable":true,"href":"https:\/\/www.ludwig-van.com\/montreal\/wp-json\/wp\/v2\/yst_prominent_words?post=89024"}],"curies":[{"name":"wp","href":"https:\/\/api.w.org\/{rel}","templated":true}]}}