{"id":89000,"date":"2025-08-05T12:43:32","date_gmt":"2025-08-05T16:43:32","guid":{"rendered":"https:\/\/www.ludwig-van.com\/montreal\/?p=89000"},"modified":"2025-08-06T08:00:03","modified_gmt":"2025-08-06T12:00:03","slug":"nouvelle-lorchestre-de-la-francophonie-devoile-lidentite-de-sa-nouvelle-direction-artistique","status":"publish","type":"post","link":"https:\/\/www.ludwig-van.com\/montreal\/2025\/08\/05\/nouvelle-lorchestre-de-la-francophonie-devoile-lidentite-de-sa-nouvelle-direction-artistique\/","title":{"rendered":"NOUVELLE | L&rsquo;Orchestre de la Francophonie d\u00e9voile l&rsquo;identit\u00e9 de sa nouvelle direction artistique"},"content":{"rendered":"<figure id=\"attachment_89001\" aria-describedby=\"caption-attachment-89001\" style=\"width: 1200px\" class=\"wp-caption aligncenter\"><img decoding=\"async\" loading=\"lazy\" class=\"size-full wp-image-89001\" src=\"https:\/\/www.ludwig-van.com\/montreal\/wp-content\/uploads\/sites\/3\/2025\/08\/Copie-de-NOUVELLE51.jpg\" alt=\"Jean-Philippe Tremblay, dor\u00e9navant directeur artistique \u00e9m\u00e9rite de l'OF. (Photo : courtoisie)\" width=\"1200\" height=\"628\" srcset=\"https:\/\/www.ludwig-van.com\/montreal\/wp-content\/uploads\/sites\/3\/2025\/08\/Copie-de-NOUVELLE51.jpg 1200w, https:\/\/www.ludwig-van.com\/montreal\/wp-content\/uploads\/sites\/3\/2025\/08\/Copie-de-NOUVELLE51-300x157.jpg 300w, https:\/\/www.ludwig-van.com\/montreal\/wp-content\/uploads\/sites\/3\/2025\/08\/Copie-de-NOUVELLE51-1024x536.jpg 1024w, https:\/\/www.ludwig-van.com\/montreal\/wp-content\/uploads\/sites\/3\/2025\/08\/Copie-de-NOUVELLE51-768x402.jpg 768w\" sizes=\"(max-width: 1200px) 100vw, 1200px\" \/><figcaption id=\"caption-attachment-89001\" class=\"wp-caption-text\">Jean-Philippe Tremblay, dor\u00e9navant directeur artistique \u00e9m\u00e9rite de l&rsquo;OF. (Photo : courtoisie)<\/figcaption><\/figure>\n<p>C&rsquo;est dimanche, lors du dernier concert de son \u00e9dition 2025, que l&rsquo;<strong>Orchestre de la Francophonie<\/strong> a annonc\u00e9 le r\u00e9sultat du concours visant \u00e0 trouver la succession de<strong> Jean-Philippe Tremblay<\/strong> \u00e0 la direction artistique de l&rsquo;ensemble. Ce concours s&rsquo;est d\u00e9roul\u00e9 tout au long de la phase de travail estivale de l&rsquo;orchestre de formation fond\u00e9 en 2001. Au cours de cette p\u00e9riode, les candidat\u00b7e\u00b7s <strong>Emmanuelle Lambert-Lemoine<\/strong>, <strong>L\u00e9a Moisan-Perrier<\/strong> et <strong>Julien Proulx<\/strong> ont \u00e9t\u00e9 appel\u00e9s \u00e0 travailler avec la cohorte de 44 jeunes instrumentistes s\u00e9lectionn\u00e9\u00b7e\u00b7s par audition.<\/p>\n<p>Pr\u00e9alablement au concert de dimanche, dirig\u00e9 par le chef fondateur <strong>Jean-Philippe Tremblay<\/strong>, chaque candidat\u00b7e avait dirig\u00e9 un concert au cours de l&rsquo;\u00e9t\u00e9, donnant l&rsquo;occasion au public de les voir en action et de voter pour sa ou son candidat\u00b7e pr\u00e9f\u00e9r\u00e9\u00b7e. Ce vote du public s&rsquo;ajoutait au travail de s\u00e9lection fait par un jury sp\u00e9cialis\u00e9 et par les musicien\u00b7ne\u00b7s de l&rsquo;orchestre.<\/p>\n<p>&nbsp;<\/p>\n<figure id=\"attachment_89002\" aria-describedby=\"caption-attachment-89002\" style=\"width: 2000px\" class=\"wp-caption aligncenter\"><img decoding=\"async\" loading=\"lazy\" class=\"size-full wp-image-89002\" src=\"https:\/\/www.ludwig-van.com\/montreal\/wp-content\/uploads\/sites\/3\/2025\/08\/Julien-Proulx_courtoisie_cropped.jpg\" alt=\"Julien Proulx, nouveau directeur artistique de l'OF. (Photo : courtoisie)\" width=\"2000\" height=\"1330\" srcset=\"https:\/\/www.ludwig-van.com\/montreal\/wp-content\/uploads\/sites\/3\/2025\/08\/Julien-Proulx_courtoisie_cropped.jpg 2000w, https:\/\/www.ludwig-van.com\/montreal\/wp-content\/uploads\/sites\/3\/2025\/08\/Julien-Proulx_courtoisie_cropped-300x200.jpg 300w, https:\/\/www.ludwig-van.com\/montreal\/wp-content\/uploads\/sites\/3\/2025\/08\/Julien-Proulx_courtoisie_cropped-1024x681.jpg 1024w, https:\/\/www.ludwig-van.com\/montreal\/wp-content\/uploads\/sites\/3\/2025\/08\/Julien-Proulx_courtoisie_cropped-768x511.jpg 768w, https:\/\/www.ludwig-van.com\/montreal\/wp-content\/uploads\/sites\/3\/2025\/08\/Julien-Proulx_courtoisie_cropped-1536x1021.jpg 1536w\" sizes=\"(max-width: 2000px) 100vw, 2000px\" \/><figcaption id=\"caption-attachment-89002\" class=\"wp-caption-text\">Julien Proulx, nouveau directeur artistique de l&rsquo;OF. (Photo : courtoisie)<\/figcaption><\/figure>\n<h3>Choix final<\/h3>\n<p>Au terme de ce processus, c&rsquo;est \u00e0 <strong>Julien Proulx<\/strong> qu&rsquo;a \u00e9t\u00e9 confi\u00e9 le mandat de guider l&rsquo;<strong>Orchestre de la Francophonie<\/strong> au cours des trois prochaines ann\u00e9es. <strong>Proulx<\/strong> dirige l&rsquo;<strong>Orchestre symphonique de Drummondville<\/strong> depuis 2014, p\u00e9riode au cours de laquelle l&rsquo;orchestre a gagn\u00e9 plusieurs prix Opus gr\u00e2ce \u00e0 la programmation audacieuse et au leadership engag\u00e9 de son chef. Depuis plusieurs ann\u00e9es, <strong>Julien Proulx<\/strong> est \u00e9galement associ\u00e9 \u00e9troitement \u00e0 l&rsquo;<strong>Institut canadien d&rsquo;art vocal<\/strong>, o\u00f9 il contribue entre autres \u00e0 la formation des chef\u00b7fe\u00b7s stagiaires. Il a longtemps \u00e9t\u00e9 chef du <strong>Ch\u0153ur de la Montagne<\/strong>, \u00e9tabli \u00e0 Beloeil.<\/p>\n<h3>Bourse Jean-Philippe Tremblay<\/h3>\n<p>L&rsquo;<strong>OF<\/strong> annonce \u00e9galement la cr\u00e9ation de la bourse Jean-Philippe Tremblay, une fa\u00e7on de rendre hommage \u00e0 l&rsquo;engagement ind\u00e9fectible de son chef fondateur. Cr\u00e9\u00e9e \u00e0 l&rsquo;intention des jeunes chef\u00b7fe\u00b7s stagiaires venant se former au sein de l&rsquo;Orchestre, cette bourse permettra de poursuivre la mission de transmission ch\u00e8re \u00e0 <strong>Jean-Phlippe Tremblay<\/strong>.<\/p>\n<blockquote><p>\u00ab L\u2019avenir de la musique classique passe par l\u2019audace et l\u2019ouverture. Ce processus participatif t\u00e9moigne de l\u2019esprit d\u2019innovation et de partage qui anime l\u2019OF depuis sa fondation.\u00a0Cette saison 2025 \u00a0est non seulement\u00a0un moment fort sur le plan musical, mais aussi une c\u00e9l\u00e9bration de la transmission et du renouveau\u00a0\u00bb, d\u00e9clare Jean-Philippe Tremblay, directeur musical \u00e9m\u00e9rite de l\u2019OF.<\/p><\/blockquote>\n<h2><em>Inscrivez-vous \u00e0 notre infolettre! La musique classique et l\u2019op\u00e9ra en 5 minutes, chaque jour<\/em> <a href=\"https:\/\/ludwig-van.us9.list-manage.com\/subscribe?u=4f785cb3f9058f2393ccad035&amp;id=b9b160c032\" target=\"_blank\" rel=\"noopener noreferrer\">ICI.<\/a><\/h2>\n","protected":false},"excerpt":{"rendered":"<p>C&rsquo;est dimanche, lors du dernier concert de son \u00e9dition 2025, que l&rsquo;Orchestre de la Francophonie a annonc\u00e9 le r\u00e9sultat du concours visant \u00e0 trouver la succession de Jean-Philippe Tremblay \u00e0 la direction artistique de l&rsquo;ensemble.<\/p>\n","protected":false},"author":55,"featured_media":89001,"comment_status":"open","ping_status":"open","sticky":false,"template":"","format":"standard","meta":{"om_disable_all_campaigns":false,"jetpack_post_was_ever_published":false},"categories":[42299,10992],"tags":[42300,5531],"yst_prominent_words":[10006,27533,10706,9856,9851,12359,10286,11085,14183,22275,9813,10167,15712,14774,12049,10295],"acf":[],"jetpack_featured_media_url":"https:\/\/www.ludwig-van.com\/montreal\/wp-content\/uploads\/sites\/3\/2025\/08\/Copie-de-NOUVELLE51.jpg","jetpack_sharing_enabled":true,"jetpack_shortlink":"https:\/\/wp.me\/p9bdYt-n9u","amp_enabled":true,"_links":{"self":[{"href":"https:\/\/www.ludwig-van.com\/montreal\/wp-json\/wp\/v2\/posts\/89000"}],"collection":[{"href":"https:\/\/www.ludwig-van.com\/montreal\/wp-json\/wp\/v2\/posts"}],"about":[{"href":"https:\/\/www.ludwig-van.com\/montreal\/wp-json\/wp\/v2\/types\/post"}],"author":[{"embeddable":true,"href":"https:\/\/www.ludwig-van.com\/montreal\/wp-json\/wp\/v2\/users\/55"}],"replies":[{"embeddable":true,"href":"https:\/\/www.ludwig-van.com\/montreal\/wp-json\/wp\/v2\/comments?post=89000"}],"version-history":[{"count":9,"href":"https:\/\/www.ludwig-van.com\/montreal\/wp-json\/wp\/v2\/posts\/89000\/revisions"}],"predecessor-version":[{"id":89023,"href":"https:\/\/www.ludwig-van.com\/montreal\/wp-json\/wp\/v2\/posts\/89000\/revisions\/89023"}],"wp:featuredmedia":[{"embeddable":true,"href":"https:\/\/www.ludwig-van.com\/montreal\/wp-json\/wp\/v2\/media\/89001"}],"wp:attachment":[{"href":"https:\/\/www.ludwig-van.com\/montreal\/wp-json\/wp\/v2\/media?parent=89000"}],"wp:term":[{"taxonomy":"category","embeddable":true,"href":"https:\/\/www.ludwig-van.com\/montreal\/wp-json\/wp\/v2\/categories?post=89000"},{"taxonomy":"post_tag","embeddable":true,"href":"https:\/\/www.ludwig-van.com\/montreal\/wp-json\/wp\/v2\/tags?post=89000"},{"taxonomy":"yst_prominent_words","embeddable":true,"href":"https:\/\/www.ludwig-van.com\/montreal\/wp-json\/wp\/v2\/yst_prominent_words?post=89000"}],"curies":[{"name":"wp","href":"https:\/\/api.w.org\/{rel}","templated":true}]}}