{"id":88982,"date":"2025-08-04T19:21:46","date_gmt":"2025-08-04T23:21:46","guid":{"rendered":"https:\/\/www.ludwig-van.com\/montreal\/?p=88982"},"modified":"2025-08-05T08:00:02","modified_gmt":"2025-08-05T12:00:02","slug":"choix-de-la-redaction-en-aout-ou-sont-les-concerts","status":"publish","type":"post","link":"https:\/\/www.ludwig-van.com\/montreal\/2025\/08\/04\/choix-de-la-redaction-en-aout-ou-sont-les-concerts\/","title":{"rendered":"CHOIX DE LA R\u00c9DACTION | En ao\u00fbt, o\u00f9 sont les concerts?"},"content":{"rendered":"<p><img decoding=\"async\" loading=\"lazy\" class=\"aligncenter size-full wp-image-88991\" src=\"https:\/\/www.ludwig-van.com\/montreal\/wp-content\/uploads\/sites\/3\/2025\/08\/Copie-de-CONCERTS26.jpg\" alt=\"\" width=\"1200\" height=\"628\" srcset=\"https:\/\/www.ludwig-van.com\/montreal\/wp-content\/uploads\/sites\/3\/2025\/08\/Copie-de-CONCERTS26.jpg 1200w, https:\/\/www.ludwig-van.com\/montreal\/wp-content\/uploads\/sites\/3\/2025\/08\/Copie-de-CONCERTS26-300x157.jpg 300w, https:\/\/www.ludwig-van.com\/montreal\/wp-content\/uploads\/sites\/3\/2025\/08\/Copie-de-CONCERTS26-1024x536.jpg 1024w, https:\/\/www.ludwig-van.com\/montreal\/wp-content\/uploads\/sites\/3\/2025\/08\/Copie-de-CONCERTS26-768x402.jpg 768w\" sizes=\"(max-width: 1200px) 100vw, 1200px\" \/><\/p>\n<p>La majorit\u00e9 des festivals annonc\u00e9s dans les derni\u00e8res semaines sont termin\u00e9s, mais pas question de d\u00e9j\u00e0 penser \u00e0 la rentr\u00e9e scolaire! En plus de concerts en plein-air gratuits dans les parcs de Montr\u00e9al, il reste plusieurs repr\u00e9sentations de la saison estivale du Domaine Forget, ainsi qu\u2019\u00e0 Orford Musique. \u00c9galement, pour ceux qui sont encore en vacances, les gens du Bas-du-Fleuve vous invitent \u00e0 leur rendre visite lors du festival de musique de chambre Concerts aux \u00celes du Bic. Bref, l\u2019\u00e9t\u00e9 n\u2019est pas fini, profitez-en pendant qu\u2019il est encore temps!<\/p>\n<p>&nbsp;<\/p>\n<figure id=\"attachment_88990\" aria-describedby=\"caption-attachment-88990\" style=\"width: 1200px\" class=\"wp-caption aligncenter\"><img decoding=\"async\" loading=\"lazy\" class=\"size-full wp-image-88990\" src=\"https:\/\/www.ludwig-van.com\/montreal\/wp-content\/uploads\/sites\/3\/2025\/08\/Kleyn-Kabaret_Denis-Martin.png\" alt=\"\" width=\"1200\" height=\"568\" srcset=\"https:\/\/www.ludwig-van.com\/montreal\/wp-content\/uploads\/sites\/3\/2025\/08\/Kleyn-Kabaret_Denis-Martin.png 1200w, https:\/\/www.ludwig-van.com\/montreal\/wp-content\/uploads\/sites\/3\/2025\/08\/Kleyn-Kabaret_Denis-Martin-300x142.png 300w, https:\/\/www.ludwig-van.com\/montreal\/wp-content\/uploads\/sites\/3\/2025\/08\/Kleyn-Kabaret_Denis-Martin-1024x485.png 1024w, https:\/\/www.ludwig-van.com\/montreal\/wp-content\/uploads\/sites\/3\/2025\/08\/Kleyn-Kabaret_Denis-Martin-768x364.png 768w\" sizes=\"(max-width: 1200px) 100vw, 1200px\" \/><figcaption id=\"caption-attachment-88990\" class=\"wp-caption-text\">Kleyn Kabaret (Photo : Denis Martin)<\/figcaption><\/figure>\n<h3>Kleyn Kabaret &#8211; <i>De M\u00e9moire<\/i><\/h3>\n<p>L\u2019ensemble de musique klezmer et yiddish <b>Kleyn Kabaret<\/b> vous offre deux concerts gratuits cette semaine o\u00f9 il vous pr\u00e9sentera des chansons de son dernier album, <i>De M\u00e9moire<\/i>. Chansons militantes du d\u00e9but du XXe si\u00e8cle, chansons des ghettos, chansons des com\u00e9dies musicales des ann\u00e9es 1930 et 1940 et berceuses anciennes font parties du r\u00e9pertoire de ce groupe qui chante toujours en yiddish pour \u00abgarder vivant la musique, la langue et les textes qui parlent d\u2019un monde disparu\u00bb explique-t-il.<\/p>\n<p>LE 5 AO\u00dbT, 18 H, PARC MACKENZIE-KING ET LE 8 AO\u00dbT, 20 H, TH\u00c9\u00c2TRE DE VERDURE\u00a0 <a href=\"https:\/\/montreal.ca\/evenements\/de-memoire-kleyn-kabaret-89651\" target=\"_blank\" rel=\"noopener\">D\u00c9TAILS<\/a><\/p>\n<p>&nbsp;<\/p>\n<figure id=\"attachment_88988\" aria-describedby=\"caption-attachment-88988\" style=\"width: 1200px\" class=\"wp-caption aligncenter\"><img decoding=\"async\" loading=\"lazy\" class=\"size-full wp-image-88988\" src=\"https:\/\/www.ludwig-van.com\/montreal\/wp-content\/uploads\/sites\/3\/2025\/08\/Daniel-Bolshoy_cropped_1200.jpg\" alt=\"Daniel Bolshoy (Photo : site web de l'artiste)\" width=\"1200\" height=\"874\" srcset=\"https:\/\/www.ludwig-van.com\/montreal\/wp-content\/uploads\/sites\/3\/2025\/08\/Daniel-Bolshoy_cropped_1200.jpg 1200w, https:\/\/www.ludwig-van.com\/montreal\/wp-content\/uploads\/sites\/3\/2025\/08\/Daniel-Bolshoy_cropped_1200-300x219.jpg 300w, https:\/\/www.ludwig-van.com\/montreal\/wp-content\/uploads\/sites\/3\/2025\/08\/Daniel-Bolshoy_cropped_1200-1024x746.jpg 1024w, https:\/\/www.ludwig-van.com\/montreal\/wp-content\/uploads\/sites\/3\/2025\/08\/Daniel-Bolshoy_cropped_1200-768x559.jpg 768w\" sizes=\"(max-width: 1200px) 100vw, 1200px\" \/><figcaption id=\"caption-attachment-88988\" class=\"wp-caption-text\">Daniel Bolshoy (Photo : site web de l&rsquo;artiste)<\/figcaption><\/figure>\n<h3>Daniel Bolshoy &#8211; <i>Voyages \u00e0 travers les Am\u00e9riques<\/i><\/h3>\n<p>Le guitariste isra\u00e9lo-canadien <b>Daniel Bolshoy<\/b> s\u2019est produit avec plus de soixante orchestres dans le monde entier en plus de participer \u00e0 plusieurs festivals comme chambriste et comme soliste. Il vous propose gratuitement ce concert dont le r\u00e9pertoire rassemble diff\u00e9rentes \u0153uvres des compositeurs sud-am\u00e9ricains Agust\u00edn Barrios Mangor\u00e9, Manuel Ponce et Sergio Assad.<\/p>\n<p>LE 5 AO\u00dbT, 19 H, PARC CL\u00c9MENTINE-DE LA ROUSSELI\u00c8RE <a href=\"https:\/\/montreal.ca\/evenements\/voyage-travers-les-ameriques-daniel-bolshoy-89418\" target=\"_blank\" rel=\"noopener\">D\u00c9TAILS<\/a><\/p>\n<h3><\/h3>\n<figure id=\"attachment_87000\" aria-describedby=\"caption-attachment-87000\" style=\"width: 1200px\" class=\"wp-caption aligncenter\"><img decoding=\"async\" loading=\"lazy\" class=\"size-full wp-image-87000\" src=\"https:\/\/www.ludwig-van.com\/montreal\/wp-content\/uploads\/sites\/3\/2025\/03\/Clemens-Schuldt_Jean-Francois-Gravel.jpg\" alt=\"Clemens Schuldt (Photo : Jean-Fran\u00e7ois Gravel)\" width=\"1200\" height=\"800\" srcset=\"https:\/\/www.ludwig-van.com\/montreal\/wp-content\/uploads\/sites\/3\/2025\/03\/Clemens-Schuldt_Jean-Francois-Gravel.jpg 1200w, https:\/\/www.ludwig-van.com\/montreal\/wp-content\/uploads\/sites\/3\/2025\/03\/Clemens-Schuldt_Jean-Francois-Gravel-300x200.jpg 300w, https:\/\/www.ludwig-van.com\/montreal\/wp-content\/uploads\/sites\/3\/2025\/03\/Clemens-Schuldt_Jean-Francois-Gravel-1024x683.jpg 1024w, https:\/\/www.ludwig-van.com\/montreal\/wp-content\/uploads\/sites\/3\/2025\/03\/Clemens-Schuldt_Jean-Francois-Gravel-768x512.jpg 768w\" sizes=\"(max-width: 1200px) 100vw, 1200px\" \/><figcaption id=\"caption-attachment-87000\" class=\"wp-caption-text\">Clemens Schuldt (Photo : Jean-Fran\u00e7ois Gravel)<\/figcaption><\/figure>\n<h3>OSQ &#8211; <i>Soir\u00e9e d\u2019\u00e9t\u00e9<\/i><\/h3>\n<p>L\u2019<b>Orchestre symphonique de Qu\u00e9bec<\/b> pr\u00e9sente un concert ext\u00e9rieur dirig\u00e9 par <b>Clemens Schuldt<\/b>. Au programme, des grands classiques, de la musique de films et des \u0153uvres du r\u00e9pertoire qu\u00e9b\u00e9cois. Cette soir\u00e9e festive et accessible est une occasion parfaite pour faire d\u00e9couvrir la musique classique au jeune public dans une ambiance d\u00e9contract\u00e9e et estivale. En cas de pluie, le concert sera report\u00e9 au lendemain, 19h30.<\/p>\n<p>LE 5 AO\u00dbT, 19 H 30, PLACE JEAN-B\u00c9LIVEAU &#8211; EXPOCIT\u00c9\u00a0 <a href=\"https:\/\/www.osq.org\/concerts\/soir-dete-avec-lorchestre\/\" target=\"_blank\" rel=\"noopener\">D\u00c9TAILS<\/a><\/p>\n<h3><\/h3>\n<figure id=\"attachment_77451\" aria-describedby=\"caption-attachment-77451\" style=\"width: 1200px\" class=\"wp-caption aligncenter\"><img decoding=\"async\" loading=\"lazy\" class=\"size-full wp-image-77451\" src=\"https:\/\/www.ludwig-van.com\/montreal\/wp-content\/uploads\/sites\/3\/2023\/08\/Quatuor-Dover_2.jpg\" alt=\"Le Quatuor Dover (Photo : courtoisie)\" width=\"1200\" height=\"900\" \/><figcaption id=\"caption-attachment-77451\" class=\"wp-caption-text\">Le Quatuor Dover (Photo : courtoisie)<\/figcaption><\/figure>\n<h3>Le Quatuor Dover en r\u00e9cital<\/h3>\n<p>Le <b>Quatuor Dover<\/b>, l\u2019un des ensembles les plus en demande sur la sc\u00e8ne internationale, se produira cette semaine au Domaine Forget. Au programme, trois \u0153uvres qui vous emm\u00e8neront dans des mondes musicaux diff\u00e9rents : <i>Strum<\/i> de Montgomery, <i>Quatuor no 12 en fa majeur<\/i> de Dvo\u0159\u00e1k, ainsi que <i>Quatuor no 1 en r\u00e9 majeur<\/i> de Tchaikovsky.<\/p>\n<p>LE 7 AO\u00dbT, 19 H 30, DOMAINE FORGET\u00a0 <a href=\"https:\/\/www.domaineforget.com\/programmation\/festival\/le-quatuor-dover-en-recital\/?from=1162&amp;from_p=%3fs%3d4931\" target=\"_blank\" rel=\"noopener\">D\u00c9TAILS ET BILLETS<\/a><\/p>\n<p>&nbsp;<\/p>\n<figure id=\"attachment_80309\" aria-describedby=\"caption-attachment-80309\" style=\"width: 1200px\" class=\"wp-caption aligncenter\"><img decoding=\"async\" loading=\"lazy\" class=\"size-full wp-image-80309\" src=\"https:\/\/www.ludwig-van.com\/montreal\/wp-content\/uploads\/sites\/3\/2024\/03\/Stock-photo-violoncelle_Meline-Waxx_1200.jpg\" alt=\"Un violoncelle couch\u00e9 sur le c\u00f4t\u00e9 avec un archet d\u00e9pos\u00e9 dessus. (Photo : M\u00e9line Waxx)\" width=\"1200\" height=\"800\" srcset=\"https:\/\/www.ludwig-van.com\/montreal\/wp-content\/uploads\/sites\/3\/2024\/03\/Stock-photo-violoncelle_Meline-Waxx_1200.jpg 1200w, https:\/\/www.ludwig-van.com\/montreal\/wp-content\/uploads\/sites\/3\/2024\/03\/Stock-photo-violoncelle_Meline-Waxx_1200-300x200.jpg 300w, https:\/\/www.ludwig-van.com\/montreal\/wp-content\/uploads\/sites\/3\/2024\/03\/Stock-photo-violoncelle_Meline-Waxx_1200-1024x683.jpg 1024w, https:\/\/www.ludwig-van.com\/montreal\/wp-content\/uploads\/sites\/3\/2024\/03\/Stock-photo-violoncelle_Meline-Waxx_1200-768x512.jpg 768w\" sizes=\"(max-width: 1200px) 100vw, 1200px\" \/><figcaption id=\"caption-attachment-80309\" class=\"wp-caption-text\">(Photo : M\u00e9line Waxx)<\/figcaption><\/figure>\n<h3><i>Les Quatre saisons<\/i> de Vivaldi<\/h3>\n<p>Dix cordistes s\u2019allient \u00e0 la claveciniste <b>M\u00e9lisande McNabney<\/b> pour vous offrir ce concert o\u00f9, en plus de l\u2019\u0153uvre phare <i>Les Quatre saisons<\/i> de Vivaldi, sera interpr\u00e9t\u00e9 le <i>Concerto pour deux violoncelles en sol mineur<\/i> de Vivaldi ainsi que le <i>Concerto pour deux altos<\/i> de Telemann. Les deux violoncellistes mis en valeur dans la premi\u00e8re pi\u00e8ce seront <b>Caroline Stinson<\/b> et <b>Thomas<\/b> <b>Wiebe<\/b>, alors que les deux altistes <b>Yura Lee<\/b> et <b>Marina Thibeault<\/b> interpr\u00e9teront la deuxi\u00e8me pi\u00e8ce accompagn\u00e9es d\u2019un ensemble \u00e0 cordes. Les <i>Quatre saisons<\/i>, quant \u00e0 elles, prendront vie sous les archets de <b>Francesca dePasquale<\/b>, <b>Erika Raum<\/b> et <b>Vineta Sareika<\/b>, violonistes.<\/p>\n<p>LE 8 AO\u00dbT, 19 H 30, DOMAINE FORGET\u00a0 <a href=\"https:\/\/www.domaineforget.com\/programmation\/festival\/les-quatre-saisons-de-vivaldi\/?from=1162&amp;from_p=%3fs%3d4931\" target=\"_blank\" rel=\"noopener\">D\u00c9TAILS ET BILLETS<\/a><\/p>\n<p>&nbsp;<\/p>\n<figure id=\"attachment_88989\" aria-describedby=\"caption-attachment-88989\" style=\"width: 1200px\" class=\"wp-caption aligncenter\"><img decoding=\"async\" loading=\"lazy\" class=\"size-full wp-image-88989\" src=\"https:\/\/www.ludwig-van.com\/montreal\/wp-content\/uploads\/sites\/3\/2025\/08\/Mariya-Orlenko_site-web-de-lartiste.jpg\" alt=\"Mariya Orlenko (Photo : site web de l'artiste)\" width=\"1200\" height=\"800\" srcset=\"https:\/\/www.ludwig-van.com\/montreal\/wp-content\/uploads\/sites\/3\/2025\/08\/Mariya-Orlenko_site-web-de-lartiste.jpg 1200w, https:\/\/www.ludwig-van.com\/montreal\/wp-content\/uploads\/sites\/3\/2025\/08\/Mariya-Orlenko_site-web-de-lartiste-300x200.jpg 300w, https:\/\/www.ludwig-van.com\/montreal\/wp-content\/uploads\/sites\/3\/2025\/08\/Mariya-Orlenko_site-web-de-lartiste-1024x683.jpg 1024w, https:\/\/www.ludwig-van.com\/montreal\/wp-content\/uploads\/sites\/3\/2025\/08\/Mariya-Orlenko_site-web-de-lartiste-768x512.jpg 768w\" sizes=\"(max-width: 1200px) 100vw, 1200px\" \/><figcaption id=\"caption-attachment-88989\" class=\"wp-caption-text\">Mariya Orlenko (Photo : site web de l&rsquo;artiste)<\/figcaption><\/figure>\n<h3>Orford Musique &#8211; <i>Un portrait musical de l\u2019Ukraine<\/i><\/h3>\n<p>La pianiste canado-ukrainienne <b>Mariya Orlenko<\/b>, laur\u00e9ate du Prix Orford Musique 2024, vous invite \u00e0 une r\u00e9flexion intime et puissante alors qu\u2019elle interpr\u00e9tera des \u0153uvres du r\u00e9pertoire de la musique ukrainienne. Cette immersion dans l\u2019histoire de l\u2019Ukraine se veut un hommage \u00e0 la m\u00e9moire collective et \u00e0 la r\u00e9silience du peuple ukrainien.<\/p>\n<p>LE 9 AO\u00dbT, 16 H, SALLE GILLES-LEFEBVRE\u00a0 <a href=\"https:\/\/www.orford.mu\/concerts-et-evenements\/un-portrait-musical-de-lukraine\/\" target=\"_blank\" rel=\"noopener\">D\u00c9TAILS ET BILLETS<\/a><\/p>\n<p>&nbsp;<\/p>\n<figure id=\"attachment_75928\" aria-describedby=\"caption-attachment-75928\" style=\"width: 1200px\" class=\"wp-caption aligncenter\"><img decoding=\"async\" loading=\"lazy\" class=\"size-full wp-image-75928\" src=\"https:\/\/www.ludwig-van.com\/montreal\/wp-content\/uploads\/sites\/3\/2023\/05\/serhiy_salov_12_credit_julie_beauchemin-1200.jpg\" alt=\"Serhiy Salov. (Photo: Julie Beauchemin)\" width=\"1200\" height=\"800\" \/><figcaption id=\"caption-attachment-75928\" class=\"wp-caption-text\">Serhiy Salov. (Photo : Julie Beauchemin)<\/figcaption><\/figure>\n<h3>Serhiy Salov, piano, en duo avec Sacha Jorba-Wu, violon<\/h3>\n<p>Le Th\u00e9\u00e2tre du Lac-Brome re\u00e7oit cette semaine le violoniste canadien <b>Sacha Jorba-Wu<\/b> qui, \u00e0 seulement 10 ans, a d\u00e9j\u00e0 remport\u00e9 plus d\u2019une vingtaine de concours internationaux, en plus de s\u2019\u00eatre produit sur les plus grandes sc\u00e8nes de Salzbourg \u00e0 Paris. Ce jeune prodige sera accompagn\u00e9 du pianiste <b>Serhiy Salov<\/b>, un canadien d\u2019origine ukrainienne \u00e9tant reconnu pour la profondeur de ses interpr\u00e9tations et pour sa virtuosit\u00e9.<\/p>\n<p>LE 9 AO\u00dbT, 20 H, TH\u00c9\u00c2TRE DU LAC-BROME\u00a0<a href=\"https:\/\/theatrelacbrome.ticketacces.net\/fr\/organisation\/representations\/index.cfm?EvenementID=391&amp;DetectionCookies=TestComplet\" target=\"_blank\" rel=\"noopener\"> D\u00c9TAILS ET BILLETS<\/a><\/p>\n<p>&nbsp;<\/p>\n<p><img decoding=\"async\" loading=\"lazy\" class=\"aligncenter size-full wp-image-88987\" src=\"https:\/\/www.ludwig-van.com\/montreal\/wp-content\/uploads\/sites\/3\/2025\/08\/Histoire-du-soldat_Cammac.jpg\" alt=\"\" width=\"1200\" height=\"675\" srcset=\"https:\/\/www.ludwig-van.com\/montreal\/wp-content\/uploads\/sites\/3\/2025\/08\/Histoire-du-soldat_Cammac.jpg 1200w, https:\/\/www.ludwig-van.com\/montreal\/wp-content\/uploads\/sites\/3\/2025\/08\/Histoire-du-soldat_Cammac-300x169.jpg 300w, https:\/\/www.ludwig-van.com\/montreal\/wp-content\/uploads\/sites\/3\/2025\/08\/Histoire-du-soldat_Cammac-1024x576.jpg 1024w, https:\/\/www.ludwig-van.com\/montreal\/wp-content\/uploads\/sites\/3\/2025\/08\/Histoire-du-soldat_Cammac-768x432.jpg 768w\" sizes=\"(max-width: 1200px) 100vw, 1200px\" \/><\/p>\n<h3>Cammac &#8211; <i>L\u2019Histoire d\u2019un soldat<\/i> de Stravinsky<\/h3>\n<p>Le chef-d\u2019\u0153uvre <i>L\u2019Histoire d\u2019un soldat<\/i> de Stravinski a \u00e9t\u00e9 le th\u00e8me de la semaine alors que les participants du camp musical l\u2019ont explor\u00e9 \u00e0 l\u2019aide d\u2019un th\u00e9\u00e2tre de marionnette. Un concert du dimanche ayant cette pi\u00e8ce au programme allait donc de soi. Ce sont les musiciens prim\u00e9s <b>Marc Djokic<\/b> au violon, <b>Simon Aldrich<\/b> \u00e0 la clarinette et <b>Maxim Schatalkin<\/b> au piano qui uniront leurs talents pour interpr\u00e9ter la partition musicale, tandis que la narration sera assur\u00e9e par <b>Peter Duschenes<\/b>, dramaturge et metteur en sc\u00e8ne laur\u00e9at de nombreux prix. Comme \u00e0 tous les dimanches, Cammac vous invite \u00e0 rester pour le brunch suite \u00e0 la repr\u00e9sentation.<\/p>\n<p>LE 10 AO\u00dbT, 11 H, CENTRE MUSICAL CAMMAC &#8211; HARRINGTON\u00a0 <a href=\"https:\/\/cammac.ca\/concerts\/\" target=\"_blank\" rel=\"noopener\">D\u00c9TAILS ET BILLETS<\/a><\/p>\n<p>&nbsp;<\/p>\n<figure id=\"attachment_52429\" aria-describedby=\"caption-attachment-52429\" style=\"width: 1024px\" class=\"wp-caption aligncenter\"><img decoding=\"async\" loading=\"lazy\" class=\"size-full wp-image-52429\" src=\"https:\/\/www.ludwig-van.com\/montreal\/wp-content\/uploads\/sites\/3\/2018\/03\/L\u2019Harmonie-des-saisons.jpg\" alt=\"L\u2019Harmonie des saisons (Photo courtoisie)\" width=\"1024\" height=\"626\" srcset=\"https:\/\/www.ludwig-van.com\/montreal\/wp-content\/uploads\/sites\/3\/2018\/03\/L\u2019Harmonie-des-saisons.jpg 1024w, https:\/\/www.ludwig-van.com\/montreal\/wp-content\/uploads\/sites\/3\/2018\/03\/L\u2019Harmonie-des-saisons-300x183.jpg 300w, https:\/\/www.ludwig-van.com\/montreal\/wp-content\/uploads\/sites\/3\/2018\/03\/L\u2019Harmonie-des-saisons-768x470.jpg 768w\" sizes=\"(max-width: 1024px) 100vw, 1024px\" \/><figcaption id=\"caption-attachment-52429\" class=\"wp-caption-text\">L\u2019Harmonie des saisons (Photo : courtoisie)<\/figcaption><\/figure>\n<h3>L\u2019Harmonie des saisons &#8211; <i>Les V\u00eapres de la Vierge<\/i><\/h3>\n<p>L\u2019\u0153uvre du d\u00e9but de la p\u00e9riode baroque <i>Les V\u00eapres de la Vierge<\/i> de Monteverdi sera interpr\u00e9t\u00e9e par l\u2019ensemble vocal et musical <b>L\u2019Harmonie des saisons<\/b> ce dimanche au Domaine Forget. Monteverdi est sans contredit l\u2019un g\u00e9nie de l\u2019histoire de la musique et l\u2019occident lui doit largement la naissance de son op\u00e9ra, mais il a \u00e9galement laiss\u00e9 tout un recueil d\u2019\u0153uvres lyriques, dont ses V\u00eapres d\u00e9di\u00e9es \u00e0 la Vierge Marie. L\u2019Harmonie des saisons les interpr\u00e9tera, tel que le fait toujours leur ensemble, sur des instruments d\u2019\u00e9poques. \u00c0 noter que l\u2019ensemble pr\u00e9sentera le m\u00eame concert lors du Festival de musique de chambre Concerts aux \u00celes du Bic (voir plus bas pour les d\u00e9tails).<\/p>\n<p>LE 10 AO\u00dbT, 15 H, DOMAINE FORGET <a href=\"https:\/\/www.domaineforget.com\/programmation\/festival\/les-vepres-de-la-vierge\/?from=1162&amp;from_p=%3fs%3d4931\" target=\"_blank\" rel=\"noopener\">D\u00c9TAILS ET BILLETS<\/a><\/p>\n<p>&nbsp;<\/p>\n<figure id=\"attachment_76846\" aria-describedby=\"caption-attachment-76846\" style=\"width: 1120px\" class=\"wp-caption aligncenter\"><img decoding=\"async\" loading=\"lazy\" class=\"size-full wp-image-76846\" src=\"https:\/\/www.ludwig-van.com\/montreal\/wp-content\/uploads\/sites\/3\/2023\/07\/EnsembleMirabilia.jpeg\" alt=\"Ensemble Mirabilia (Photo : courtoisie)\" width=\"1120\" height=\"630\" \/><figcaption id=\"caption-attachment-76846\" class=\"wp-caption-text\">Ensemble Mirabilia (Photo : courtoisie)<\/figcaption><\/figure>\n<h3>Ensemble Mirabilia &#8211; <i>Amour fou<\/i><\/h3>\n<p>L\u2019ensemble <b>Mirabilia<\/b> et la chanteuse <b>Myriam Leblanc<\/b> vous invite \u00e0 ce concert gratuit en plein-air ayant pour th\u00e8me l\u2019amour. Ce programme de m\u00e9lodies n\u2019ayant rien d\u2019autre en commun que la th\u00e9matique universelle et aussi vieille que le monde qu\u2019est l\u2019amour sera suivi d\u2019un atelier d\u00e9couverte sur la musique baroque. Annul\u00e9 en cas de pluie.<\/p>\n<p>LE 10 AO\u00dbT, 18 H, PARC OUTREMONT\u00a0 <a href=\"https:\/\/montreal.ca\/evenements\/amour-fou-ensemble-mirabilia-87978\" target=\"_blank\" rel=\"noopener\">D\u00c9TAILS<\/a><\/p>\n<p>&nbsp;<\/p>\n<p><img decoding=\"async\" loading=\"lazy\" class=\"aligncenter size-full wp-image-88986\" src=\"https:\/\/www.ludwig-van.com\/montreal\/wp-content\/uploads\/sites\/3\/2025\/08\/Concerts-aux-iles-du-Bic-visuel-2025.png\" alt=\"\" width=\"1200\" height=\"568\" srcset=\"https:\/\/www.ludwig-van.com\/montreal\/wp-content\/uploads\/sites\/3\/2025\/08\/Concerts-aux-iles-du-Bic-visuel-2025.png 1200w, https:\/\/www.ludwig-van.com\/montreal\/wp-content\/uploads\/sites\/3\/2025\/08\/Concerts-aux-iles-du-Bic-visuel-2025-300x142.png 300w, https:\/\/www.ludwig-van.com\/montreal\/wp-content\/uploads\/sites\/3\/2025\/08\/Concerts-aux-iles-du-Bic-visuel-2025-1024x485.png 1024w, https:\/\/www.ludwig-van.com\/montreal\/wp-content\/uploads\/sites\/3\/2025\/08\/Concerts-aux-iles-du-Bic-visuel-2025-768x364.png 768w\" sizes=\"(max-width: 1200px) 100vw, 1200px\" \/><\/p>\n<h3>Concerts aux \u00celes du Bic &#8211; Festival de musique de chambre &#8211; du 6 au 10 ao\u00fbt<\/h3>\n<p><i>Soir\u00e9e chez les Schumann<\/i><\/p>\n<p>Ce concert mettant en vedette la violoniste <b>\u00c9lise Lavoie<\/b>, le violoncelliste <b>St\u00e9phane T\u00e9treault<\/b> et le pianiste <b>Mathieu Gaudet<\/b> r\u00e9unit des \u0153uvres compos\u00e9es par le triangle amoureux le plus c\u00e9l\u00e8bre de la musique classique, celui form\u00e9 de Robert et Clara Schumann avec Johannes Brahms. Chacun de ces artistes c\u00e9l\u00e8bres de l\u2019\u00e8re romantique ont \u00e9crit des pi\u00e8ces l\u2019un pour l\u2019autre, laissant \u00e0 l\u2019histoire des traces de leur amour partag\u00e9. Une composition de leur p\u00e8re spirituel Beethoven est \u00e9galement au programme.<\/p>\n<p>LE 6 AO\u00dbT, 20 H, \u00c9GLISE STE-C\u00c9CILE DU BIC\u00a0 <a href=\"https:\/\/www.concertsauxilesdubic.org\/concerts\/chez-les-schumann\" target=\"_blank\" rel=\"noopener\">D\u00c9TAILS ET BILLETS<\/a><\/p>\n<p>&nbsp;<\/p>\n<figure id=\"attachment_88983\" aria-describedby=\"caption-attachment-88983\" style=\"width: 1200px\" class=\"wp-caption aligncenter\"><img decoding=\"async\" loading=\"lazy\" class=\"size-full wp-image-88983\" src=\"https:\/\/www.ludwig-van.com\/montreal\/wp-content\/uploads\/sites\/3\/2025\/08\/Quatuor-Myriade_Tam-Photography.jpg\" alt=\"Le Quatuor Myriade (Photo : Tam Photography)\" width=\"1200\" height=\"798\" srcset=\"https:\/\/www.ludwig-van.com\/montreal\/wp-content\/uploads\/sites\/3\/2025\/08\/Quatuor-Myriade_Tam-Photography.jpg 1200w, https:\/\/www.ludwig-van.com\/montreal\/wp-content\/uploads\/sites\/3\/2025\/08\/Quatuor-Myriade_Tam-Photography-300x200.jpg 300w, https:\/\/www.ludwig-van.com\/montreal\/wp-content\/uploads\/sites\/3\/2025\/08\/Quatuor-Myriade_Tam-Photography-1024x681.jpg 1024w, https:\/\/www.ludwig-van.com\/montreal\/wp-content\/uploads\/sites\/3\/2025\/08\/Quatuor-Myriade_Tam-Photography-768x511.jpg 768w\" sizes=\"(max-width: 1200px) 100vw, 1200px\" \/><figcaption id=\"caption-attachment-88983\" class=\"wp-caption-text\">Le Quatuor Myriade (Photo : Tam Photography)<\/figcaption><\/figure>\n<h3><i>Le Quatuor Myriade c\u00e9l\u00e8bre Ravel<\/i><\/h3>\n<p>Le <b>Quatuor Myriade<\/b>, compos\u00e9 des violonistes <b>Julia Mirzoev<\/b> et <b>Russell Iceberg<\/b>, de l\u2019altiste <b>Cynthia Blanchon<\/b> et du violoncelliste <b>Braden McConnell<\/b>, a \u00e9t\u00e9 form\u00e9 \u00e0 l\u2019\u00c9cole de musique Schulich de l\u2019Universit\u00e9 McGill en 2021. Lors de ce concert, le jeune ensemble interpr\u00e9tera des \u0153uvres de Dvo\u0159\u00e1k et Ravel.<\/p>\n<p>LE 7 AO\u00dbT, 20 H, \u00c9GLISE DE ST-FABIEN\u00a0 <a href=\"https:\/\/www.concertsauxilesdubic.org\/concerts\/myriade-celebre-ravel\" target=\"_blank\" rel=\"noopener\">D\u00c9TAILS ET BILLETS<\/a><\/p>\n<p>&nbsp;<\/p>\n<figure id=\"attachment_88985\" aria-describedby=\"caption-attachment-88985\" style=\"width: 1200px\" class=\"wp-caption aligncenter\"><img decoding=\"async\" loading=\"lazy\" class=\"size-full wp-image-88985\" src=\"https:\/\/www.ludwig-van.com\/montreal\/wp-content\/uploads\/sites\/3\/2025\/08\/Paramirabo_credit_Brenden_Frisen.jpg\" alt=\"Ensemble Paramirabo (Photo : Brenden Friesen)\" width=\"1200\" height=\"801\" srcset=\"https:\/\/www.ludwig-van.com\/montreal\/wp-content\/uploads\/sites\/3\/2025\/08\/Paramirabo_credit_Brenden_Frisen.jpg 1200w, https:\/\/www.ludwig-van.com\/montreal\/wp-content\/uploads\/sites\/3\/2025\/08\/Paramirabo_credit_Brenden_Frisen-300x200.jpg 300w, https:\/\/www.ludwig-van.com\/montreal\/wp-content\/uploads\/sites\/3\/2025\/08\/Paramirabo_credit_Brenden_Frisen-1024x684.jpg 1024w, https:\/\/www.ludwig-van.com\/montreal\/wp-content\/uploads\/sites\/3\/2025\/08\/Paramirabo_credit_Brenden_Frisen-768x513.jpg 768w\" sizes=\"(max-width: 1200px) 100vw, 1200px\" \/><figcaption id=\"caption-attachment-88985\" class=\"wp-caption-text\">Ensemble Paramirabo (Photo : Brenden Friesen)<\/figcaption><\/figure>\n<h3>Ensemble Paramirabo &#8211; <i>Perles du minimalisme<\/i><\/h3>\n<p>L&rsquo;<b>Ensemble<\/b> <b>Paramirabo<\/b> se veut le porte-\u00e9tendard de la musique d\u2019aujourd\u2019hui et des compositeurs \u00e9mergents en organisant des \u00e9v\u00e9nements novateurs permettant \u00e0 des jeunes cr\u00e9ateurs de se faire une place ici comme \u00e0 l\u2019\u00e9tranger. Les six instrumentistes permanents <b>Jeffrey Stonehouse<\/b>, fl\u00fbtes et direction artistique, <b>Viviane Gosselin<\/b>, violoncelle et direction g\u00e9n\u00e9rale, <b>Gw\u00e9na\u00eblle Ratouit<\/b>, clarinettes, <b>Hubert Brizard<\/b>, violon, <b>Pamela Reimer<\/b>, piano et <b>Krystina Marcoux<\/b>, percussions, pr\u00e9senteront lors du concert de cette semaine des \u0153uvres du r\u00e9pertoire minimaliste contemporain qui sauront plaire \u00e0 tous.<\/p>\n<p>LE 8 AO\u00dbT, 21 H, CONSERVATOIRE DE RIMOUSKI <a href=\"https:\/\/www.concertsauxilesdubic.org\/concerts\/perles-minimalisme\" target=\"_blank\" rel=\"noopener\">D\u00c9TAILS ET BILLETS<\/a><\/p>\n<p>&nbsp;<\/p>\n<figure id=\"attachment_60970\" aria-describedby=\"caption-attachment-60970\" style=\"width: 1024px\" class=\"wp-caption aligncenter\"><img decoding=\"async\" loading=\"lazy\" class=\"size-full wp-image-60970\" src=\"https:\/\/www.ludwig-van.com\/montreal\/wp-content\/uploads\/sites\/3\/2017\/09\/10-oct-Philippe-Gagne\u0301-cre\u0301dit-Pierre-E\u0301tienne-Bergeron.jpg\" alt=\"Philippe Gagne\u0301\" width=\"1024\" height=\"731\" srcset=\"https:\/\/www.ludwig-van.com\/montreal\/wp-content\/uploads\/sites\/3\/2017\/09\/10-oct-Philippe-Gagne\u0301-cre\u0301dit-Pierre-E\u0301tienne-Bergeron.jpg 1024w, https:\/\/www.ludwig-van.com\/montreal\/wp-content\/uploads\/sites\/3\/2017\/09\/10-oct-Philippe-Gagne\u0301-cre\u0301dit-Pierre-E\u0301tienne-Bergeron-300x214.jpg 300w, https:\/\/www.ludwig-van.com\/montreal\/wp-content\/uploads\/sites\/3\/2017\/09\/10-oct-Philippe-Gagne\u0301-cre\u0301dit-Pierre-E\u0301tienne-Bergeron-768x548.jpg 768w\" sizes=\"(max-width: 1024px) 100vw, 1024px\" \/><figcaption id=\"caption-attachment-60970\" class=\"wp-caption-text\">Philipp Gagn\u00e9, t\u00e9nor. (Photo: Pierre-\u00c9tienne Bergeron)<\/figcaption><\/figure>\n<h3><i>Musiques intimes pour la chambre du Roy<\/i><\/h3>\n<p>Ce concert pr\u00e9sente des \u0153uvres tournant autour du film r\u00e9alis\u00e9 par Alain Corneau <i>Tous les matins du monde<\/i>, dont la trame sonore est compos\u00e9e d\u2019\u0153uvres baroques d\u2019entre autres Marin Marais. Ces pi\u00e8ces s&rsquo;entrelaceront avec celles de Michel Lambert et de Marc-Antoine Charpentier cr\u00e9ant un tout digne d\u2019un grand roi. Les artistes de cette matin\u00e9e musicale seront <b>Philippe Gagn\u00e9<\/b>, voix, <b>M\u00e9lisande Corriveau<\/b>, viole de gambe, violoncelle et fl\u00fbtes \u00e0 bec, ainsi que <b>Eric Milnes<\/b>, orgue et clavecin.<\/p>\n<p>LE 9 AO\u00dbT, 10 H, CHAPELLE NOTRE-DAME-DES-MURAILLES \u00c0 ST-FABIEN\u00a0 <a href=\"https:\/\/www.concertsauxilesdubic.org\/concerts\/musiques-chambre-roy\" target=\"_blank\" rel=\"noopener\">D\u00c9TAILS ET BILLETS<\/a><\/p>\n<p>&nbsp;<\/p>\n<figure id=\"attachment_52429\" aria-describedby=\"caption-attachment-52429\" style=\"width: 1024px\" class=\"wp-caption aligncenter\"><img decoding=\"async\" loading=\"lazy\" class=\"size-full wp-image-52429\" src=\"https:\/\/www.ludwig-van.com\/montreal\/wp-content\/uploads\/sites\/3\/2018\/03\/L\u2019Harmonie-des-saisons.jpg\" alt=\"L\u2019Harmonie des saisons (Photo courtoisie)\" width=\"1024\" height=\"626\" srcset=\"https:\/\/www.ludwig-van.com\/montreal\/wp-content\/uploads\/sites\/3\/2018\/03\/L\u2019Harmonie-des-saisons.jpg 1024w, https:\/\/www.ludwig-van.com\/montreal\/wp-content\/uploads\/sites\/3\/2018\/03\/L\u2019Harmonie-des-saisons-300x183.jpg 300w, https:\/\/www.ludwig-van.com\/montreal\/wp-content\/uploads\/sites\/3\/2018\/03\/L\u2019Harmonie-des-saisons-768x470.jpg 768w\" sizes=\"(max-width: 1024px) 100vw, 1024px\" \/><figcaption id=\"caption-attachment-52429\" class=\"wp-caption-text\">L\u2019Harmonie des saisons (Photo : courtoisie)<\/figcaption><\/figure>\n<h3>L\u2019Harmonie des saisons &#8211; <i>Les V\u00eapres de la Vierge<\/i><\/h3>\n<p>L\u2019ensemble <b>L\u2019Harmonie des saisons<\/b> pr\u00e9sente deux fois cette semaine l\u2019\u0153uvre rarement jou\u00e9e devant public qu\u2019est <i>Les V\u00eapres de la Vierge<\/i> de Monteverdi. La composition de Monteverdi, qui sera jou\u00e9e sur instruments d\u2019\u00e9poque, s\u2019est valu une place unique dans l\u2019histoire de la musique par la fa\u00e7on nouvelle et inventive avec laquelle le compositeur aborde chaque partie. L\u2019ensemble la pr\u00e9sentera \u00e9galement au Domaine Forget le 10 ao\u00fbt (voir plus haut pour les d\u00e9tails).<\/p>\n<p>LE 9 AO\u00dbT, 14 H, CATH\u00c9DRALE DE RIMOUSKI\u00a0 <a href=\"https:\/\/www.concertsauxilesdubic.org\/concerts\/vepres-monteverdi\" target=\"_blank\" rel=\"noopener\">D\u00c9TAILS ET BILLETS<\/a><\/p>\n<h3><\/h3>\n<figure id=\"attachment_85109\" aria-describedby=\"caption-attachment-85109\" style=\"width: 1200px\" class=\"wp-caption aligncenter\"><img decoding=\"async\" loading=\"lazy\" class=\"size-full wp-image-85109\" src=\"https:\/\/www.ludwig-van.com\/montreal\/wp-content\/uploads\/sites\/3\/2024\/11\/Paramirabo-Fall-2024-Group-Photos-3_Brenden-Friesen.jpg\" alt=\"Paramirabo. (Photo : Brenden Friesen)\" width=\"1200\" height=\"800\" srcset=\"https:\/\/www.ludwig-van.com\/montreal\/wp-content\/uploads\/sites\/3\/2024\/11\/Paramirabo-Fall-2024-Group-Photos-3_Brenden-Friesen.jpg 1200w, https:\/\/www.ludwig-van.com\/montreal\/wp-content\/uploads\/sites\/3\/2024\/11\/Paramirabo-Fall-2024-Group-Photos-3_Brenden-Friesen-300x200.jpg 300w, https:\/\/www.ludwig-van.com\/montreal\/wp-content\/uploads\/sites\/3\/2024\/11\/Paramirabo-Fall-2024-Group-Photos-3_Brenden-Friesen-1024x683.jpg 1024w, https:\/\/www.ludwig-van.com\/montreal\/wp-content\/uploads\/sites\/3\/2024\/11\/Paramirabo-Fall-2024-Group-Photos-3_Brenden-Friesen-768x512.jpg 768w\" sizes=\"(max-width: 1200px) 100vw, 1200px\" \/><figcaption id=\"caption-attachment-85109\" class=\"wp-caption-text\">Paramirabo. (Photo : Brenden Friesen)<\/figcaption><\/figure>\n<h3>Ensemble Paramirabo &#8211; <i>Musiques am\u00e9ricaines<\/i><\/h3>\n<p>C\u2019est \u00e0 l\u2019ensemble en r\u00e9sidence <b>Paramirabo<\/b> que reviendra l\u2019honneur de clore le festival avec un concert-gala ayant \u00e9t\u00e9 construit autour de l\u2019\u0153uvre de <b>Philip Glass<\/b> de 2018, son quintette pour piano <i>Annunciation<\/i>. Le programme fera un panorama de l\u2019\u00e9volution de la musique aux \u00c9tats-Unis au dernier si\u00e8cle avec, en plus de celle de Glass, des compositions de Aaron Copland, Julius Eastman et <b>Caroline Shaw<\/b>.<\/p>\n<p>LE 10 AO\u00dbT, 16 H, \u00c9GLISE STE-C\u00c9CILE DU BIC\u00a0 <a href=\"https:\/\/www.concertsauxilesdubic.org\/concerts\/musiques-americaines\" target=\"_blank\" rel=\"noopener\">D\u00c9TAILS ET BILLETS<\/a><\/p>\n<h2><em>Inscrivez-vous \u00e0 notre infolettre! La musique classique et l\u2019op\u00e9ra en 5 minutes, chaque jour<\/em> <a href=\"https:\/\/ludwig-van.us9.list-manage.com\/subscribe?u=4f785cb3f9058f2393ccad035&amp;id=b9b160c032\" target=\"_blank\" rel=\"noopener noreferrer\">ICI.<\/a><\/h2>\n","protected":false},"excerpt":{"rendered":"<p>La majorit\u00e9 des festivals annonc\u00e9s dans les derni\u00e8res semaines sont termin\u00e9s, mais pas question de d\u00e9j\u00e0 penser \u00e0 la rentr\u00e9e scolaire! En plus de concerts en plein-air gratuits dans les parcs de Montr\u00e9al, il reste plusieurs repr\u00e9sentations de la saison estivale du Domaine Forget, ainsi qu\u2019\u00e0 Orford Musique. \u00c9galement, pour ceux qui sont encore en vacances, les gens du Bas-du-Fleuve vous invitent \u00e0 leur rendre visite lors du festival de musique de chambre Concerts aux \u00celes du Bic. Bref, l\u2019\u00e9t\u00e9 n\u2019est pas fini, profitez-en pendant qu\u2019il est encore temps!<\/p>\n","protected":false},"author":1,"featured_media":88991,"comment_status":"open","ping_status":"open","sticky":false,"template":"","format":"standard","meta":{"om_disable_all_campaigns":false,"jetpack_post_was_ever_published":false},"categories":[42299,10994],"tags":[42300,11882],"yst_prominent_words":[25071,25084,25287,26052,14335,21185,19895],"acf":[],"jetpack_featured_media_url":"https:\/\/www.ludwig-van.com\/montreal\/wp-content\/uploads\/sites\/3\/2025\/08\/Copie-de-CONCERTS26.jpg","jetpack_sharing_enabled":true,"jetpack_shortlink":"https:\/\/wp.me\/p9bdYt-n9c","amp_enabled":true,"_links":{"self":[{"href":"https:\/\/www.ludwig-van.com\/montreal\/wp-json\/wp\/v2\/posts\/88982"}],"collection":[{"href":"https:\/\/www.ludwig-van.com\/montreal\/wp-json\/wp\/v2\/posts"}],"about":[{"href":"https:\/\/www.ludwig-van.com\/montreal\/wp-json\/wp\/v2\/types\/post"}],"author":[{"embeddable":true,"href":"https:\/\/www.ludwig-van.com\/montreal\/wp-json\/wp\/v2\/users\/1"}],"replies":[{"embeddable":true,"href":"https:\/\/www.ludwig-van.com\/montreal\/wp-json\/wp\/v2\/comments?post=88982"}],"version-history":[{"count":7,"href":"https:\/\/www.ludwig-van.com\/montreal\/wp-json\/wp\/v2\/posts\/88982\/revisions"}],"predecessor-version":[{"id":88999,"href":"https:\/\/www.ludwig-van.com\/montreal\/wp-json\/wp\/v2\/posts\/88982\/revisions\/88999"}],"wp:featuredmedia":[{"embeddable":true,"href":"https:\/\/www.ludwig-van.com\/montreal\/wp-json\/wp\/v2\/media\/88991"}],"wp:attachment":[{"href":"https:\/\/www.ludwig-van.com\/montreal\/wp-json\/wp\/v2\/media?parent=88982"}],"wp:term":[{"taxonomy":"category","embeddable":true,"href":"https:\/\/www.ludwig-van.com\/montreal\/wp-json\/wp\/v2\/categories?post=88982"},{"taxonomy":"post_tag","embeddable":true,"href":"https:\/\/www.ludwig-van.com\/montreal\/wp-json\/wp\/v2\/tags?post=88982"},{"taxonomy":"yst_prominent_words","embeddable":true,"href":"https:\/\/www.ludwig-van.com\/montreal\/wp-json\/wp\/v2\/yst_prominent_words?post=88982"}],"curies":[{"name":"wp","href":"https:\/\/api.w.org\/{rel}","templated":true}]}}