{"id":88951,"date":"2025-08-01T15:34:06","date_gmt":"2025-08-01T19:34:06","guid":{"rendered":"https:\/\/www.ludwig-van.com\/montreal\/?p=88951"},"modified":"2025-08-04T14:00:04","modified_gmt":"2025-08-04T18:00:04","slug":"entretien-orchestre-de-la-francophonie-jean-philippe-tremblay-passe-la-baguette","status":"publish","type":"post","link":"https:\/\/www.ludwig-van.com\/montreal\/2025\/08\/01\/entretien-orchestre-de-la-francophonie-jean-philippe-tremblay-passe-la-baguette\/","title":{"rendered":"ENTRETIEN | Orchestre de la Francophonie : Jean-Philippe Tremblay passe la baguette"},"content":{"rendered":"<figure id=\"attachment_88948\" aria-describedby=\"caption-attachment-88948\" style=\"width: 1200px\" class=\"wp-caption aligncenter\"><img decoding=\"async\" loading=\"lazy\" class=\"size-full wp-image-88948\" src=\"https:\/\/www.ludwig-van.com\/montreal\/wp-content\/uploads\/sites\/3\/2025\/08\/Copie-de-ENTREVUE12.jpg\" alt=\"Jean-Philippe Tremblay dirigeant l'Orchestre de la Francophonie \u00e0 la Maison symphonique. (Photo : Cassandra Beck)\" width=\"1200\" height=\"628\" srcset=\"https:\/\/www.ludwig-van.com\/montreal\/wp-content\/uploads\/sites\/3\/2025\/08\/Copie-de-ENTREVUE12.jpg 1200w, https:\/\/www.ludwig-van.com\/montreal\/wp-content\/uploads\/sites\/3\/2025\/08\/Copie-de-ENTREVUE12-300x157.jpg 300w, https:\/\/www.ludwig-van.com\/montreal\/wp-content\/uploads\/sites\/3\/2025\/08\/Copie-de-ENTREVUE12-1024x536.jpg 1024w, https:\/\/www.ludwig-van.com\/montreal\/wp-content\/uploads\/sites\/3\/2025\/08\/Copie-de-ENTREVUE12-768x402.jpg 768w\" sizes=\"(max-width: 1200px) 100vw, 1200px\" \/><figcaption id=\"caption-attachment-88948\" class=\"wp-caption-text\">Jean-Philippe Tremblay dirigeant l&rsquo;Orchestre de la Francophonie \u00e0 la Maison symphonique. (Photo : Cassandra Beck)<\/figcaption><\/figure>\n<p>Ce dimanche 3 ao\u00fbt, \u00e0 14 h 30, le chef <strong>Jean-Philippe Tremblay<\/strong> prendra la baguette pour la derni\u00e8re fois en tant que directeur artistique de l&rsquo;<strong>Orchestre de la Francophonie<\/strong> (<strong>OF<\/strong>), l&rsquo;ensemble qu&rsquo;il a fond\u00e9 en 2001. Ce concert vient couronner une phase de travail au cours de laquelle les trois candidat\u00b7e\u00b7s \u00e0 sa succession &#8211; <strong>Emmanuelle Lambert-Lemoine<\/strong>, <strong>L\u00e9a Moisan-Pierrier<\/strong> et <strong>Julien Proulx<\/strong> &#8211; ont chacun\u00b7e diriger un concert. Le r\u00e9sultat de cette s\u00e9lection sera justement d\u00e9voil\u00e9 lors du concert dimanche.<\/p>\n<p>Nous avons discut\u00e9 avec<strong> H\u00e9l\u00e8ne Archambault<\/strong>, directrice g\u00e9n\u00e9rale de l&rsquo;<strong>OF<\/strong>, de ce que ce changement repr\u00e9sente et de l&rsquo;avenir de l&rsquo;orchestre.<\/p>\n<p><em>LVM : C&rsquo;est la premi\u00e8re fois de son histoire que l&rsquo;OF change de chef. Qu&rsquo;est-ce qui \u00e9tait important pour vous \u00e0 travers ce processus?<\/em><\/p>\n<p>HA : Dans l\u2019esprit de l\u2019orchestre, on d\u00e9sirait avoir un processus ouvert \u00e0 tous\u00b7tes pour donner la chance \u00e0 tout le monde de pouvoir manifester leur int\u00e9r\u00eat. En parall\u00e8le, l&rsquo;objectif pour l&rsquo;<strong>OF<\/strong> \u00e9tait de faire des d\u00e9couvertes et d&rsquo;ainsi ouvrir de nouvelles perspectives sur diverses visions artistiques et p\u00e9dagogiques sans a priori. Le second \u00e9l\u00e9ment \u00e9tait d\u2019avoir un processus rigoureux et le plus objectif possible. Les \u00e9tapes \u00e9taient nombreuses afin d\u2019aller en ce sens, le vote du public nous a apport\u00e9 aussi des \u00e9l\u00e9ments qualitatifs venant de l\u2019ext\u00e9rieur. On ne cherchait pas \u00e0 remplacer<strong> Jean-Philippe Tremblay<\/strong> (il est irrempla\u00e7able!) mais bien de trouver une direction artistique qui assurerait une rel\u00e8ve en apportant sa propre vision, toujours dans le cadre de nos valeurs fondamentales et la mission de l\u2019orchestre, qui, elles, ne changent pas.<\/p>\n<p><em>LVM : Quel h\u00e9ritage laisse<strong> Jean-Philippe Tremblay<\/strong>?<\/em><\/p>\n<p>HA : L\u2019h\u00e9ritage de <strong>Jean-Philippe<\/strong>, c\u2019est tout l\u2019<strong>OF<\/strong>. Il l\u2019a co-fond\u00e9 et s\u2019est engag\u00e9 dans ce projet, l\u2019a model\u00e9, l\u2019a r\u00e9fl\u00e9chi, lui a insuffl\u00e9 une continuit\u00e9. Les valeurs dont je parlais, l\u2019apprentissage, l\u2019innovation et le partage, sont encore bien vivantes et l\u2019<strong>OF<\/strong> va continuer \u00e0 les incarner. Par exemple, depuis de longues ann\u00e9es, l\u2019<strong>OF<\/strong> a des collaborations que nous d\u00e9sirons conserver, comme avec <strong>Le Garage \u00e0 musique<\/strong>. L\u2019apprentissage d\u2019un vaste r\u00e9pertoire est sans contredit aussi un des \u00e9l\u00e9ments fondamentaux. Quand tu as 20, 25 ans et que tu poss\u00e8des d\u00e9j\u00e0 dans ton r\u00e9pertoire par exemple l\u2019int\u00e9grale des symphonies de Beethoven que tu as acquis en un \u00e9t\u00e9, on pense que c\u2019est tr\u00e8s formateur. Jouer et cr\u00e9er des oeuvres contemporaines canadiennes et qu\u00e9b\u00e9coises est aussi un \u00e9l\u00e9ment fondateur qui reste essentiel \u00e0 nos yeux, tant pour l\u2019apprentissage &#8211; souvent, les musicien\u00b7ne\u00b7s travaillent avec les compositeur\u00b7rices &#8211; que pour faire partie du renouveau et pour faire d\u00e9couvrir un r\u00e9pertoire au public. L\u2019h\u00e9ritage de <strong>Jean-Philippe<\/strong>, c\u2019est aussi plus de 1 200 musicien\u00b7ne\u00b7s qui se sont form\u00e9\u00b7e\u00b7s. avec l\u2019<strong>OF<\/strong> avant de sauter dans le monde professionnel.<\/p>\n<p>Jean-Philippe est encore avec l\u2019<strong>OF<\/strong>. Il continue son travail au sein du c.a. et en tant que directeur musical \u00e9m\u00e9rite. Cependant, la nouvelle direction artistique est l\u00e0 pour insuffler sa vision artistique et p\u00e9dagogique, et nous sommes pr\u00eat\u00b7e\u00b7s \u00e0 cette aventure. Je reviens \u00e0 la premi\u00e8re question : nous voulions un processus le plus ouvert possible pour continuer \u00e0 modeler l\u2019orchestre, pour poursuivre son \u00e9volution, et pour nous assurer de rester pertinent &#8211; avant tout pour les jeunes, mais aussi pour le public et pour nos collaborateurs\u00b7ices. Toutes les id\u00e9es et les fa\u00e7ons de faire in\u00e9dites sont les bienvenues. La continuit\u00e9 doit \u00eatre au niveau de la mission et des valeurs; pour le reste, tout est ouvert!<\/p>\n<p><em>LVM : Qu&rsquo;avez-vous constat\u00e9 au cours du processus de s\u00e9lection?<\/em><\/p>\n<p>HA : Je dois dire que s\u00e9lectionner les trois candidat\u00b7e\u00b7s a \u00e9t\u00e9 difficile. Les semi-finalistes \u00e9taient tous\u00b7tes tr\u00e8s cr\u00e9atifs\u00b7ives et nous avons fait de superbes rencontres. Le facteur d\u00e9terminant a \u00e9t\u00e9 l\u2019alliage vision artistique + approche p\u00e9dagogique + int\u00e9r\u00eat pour la formation + volont\u00e9 claire de jouer le r\u00f4le fin entre chef\u00b7fe et coach, entre excellence et apprentissage. C\u2019est comme un fil de soie. Les candidat\u00b7e\u00b7s\u00a0retenu\u00b7e\u00b7s\u00a0nous ont sembl\u00e9 \u00eatre en mesure de marcher tr\u00e8s \u00e0 l\u2019aise sur ce fil.<\/p>\n<p>La derni\u00e8re \u00e9tape a \u00e9t\u00e9 incroyablement formatrice pour les jeunes musicien.nes qui ont appris aupr\u00e8s des trois candidat\u00b7e\u00b7s en passant toute une semaine avec chacun\u00b7e. Et tous\u00b7tes ont eu quelque chose \u00e0 apporter.<\/p>\n<p>On a aussi constat\u00e9 \u00e0 quel point il y a du talent en direction d\u2019orchestre au Qu\u00e9bec et ailleurs : pour qui pense que la musique dite classique n\u2019a plus de place, il y a une rel\u00e8ve forte et engag\u00e9e en direction d\u2019orchestre avec beaucoup d\u2019id\u00e9es pertinentes.<\/p>\n<p><em>LVM : \u00c0 quoi peut-on s&rsquo;attendre lors du concert de dimanche?<\/em><\/p>\n<p>HA : Le ou la gagnant\u00b7e sera d\u00e9voil\u00e9\u00b7e d\u00e8s le d\u00e9but, car il ou elle va diriger en ouverture une pi\u00e8ce contemporaine qui faisait partie du programme de son concert assign\u00e9. Puis,<strong> Jean-Philippe<\/strong> va diriger le <em>Deuxi\u00e8me concerto pour piano<\/em> de Rachmaninov, interpr\u00e9t\u00e9 par <strong>Nadia Azzi<\/strong>. Cette jeune soliste a d\u00e9j\u00e0 \u00e9t\u00e9 invit\u00e9e \u00e0 jouer avec l&rsquo;orchestre il y a 10 ans (je crois qu\u2019elle avait 17 ans \u00e0 l\u2019\u00e9poque) et elle avait justement jou\u00e9 du Rachmaninov (la <em>Rhapsodie sur un th\u00e8me de Paganini<\/em>). Le concert se conclut avec la<em> Sixi\u00e8me symphonie<\/em> de Tcha\u00efkovski, que <strong>Jean-Philippe<\/strong> connait si bien, et que les musicien\u00b7ne\u00b7s ont h\u00e2te de jouer.<\/p>\n<p>Cette ann\u00e9e, l\u2019<strong>OF<\/strong> est form\u00e9 de 40 musicien\u00b7ne\u00b7s, plus seize ancien\u00b7ne\u00b7s qui se joindront \u00e0 eux pour le concert final. On trouvait \u00e7a important d&rsquo;inviter les ancien\u00b7ne\u00b7s pour appuyer l&rsquo;importance de ce concert. Le concert de dimanche, c\u2019est le passage officiel du b\u00e2ton, \u00e7a symbolise tout ce que l\u2019<strong>OF<\/strong> doit \u00e0 <strong>Jean-Philippe<\/strong>, et toute la confiance que l\u2019<strong>OF<\/strong> donne \u00e0 sa nouvelle direction artistique.<\/p>\n<p>LE 3 AO\u00dbT, 14 H 30, MAISON SYMPHONIQUE\u00a0 <a href=\"https:\/\/www.placedesarts.com\/evenement\/tchaikovski-et-le-concerto-n-2-de-rachmaninov\" target=\"_blank\" rel=\"noopener\">D\u00c9TAILS ET BILLETS<\/a><\/p>\n<h2><em>Inscrivez-vous \u00e0 notre infolettre! La musique classique et l\u2019op\u00e9ra en 5 minutes, chaque jour<\/em> <a href=\"https:\/\/ludwig-van.us9.list-manage.com\/subscribe?u=4f785cb3f9058f2393ccad035&amp;id=b9b160c032\" target=\"_blank\" rel=\"noopener noreferrer\">ICI.<\/a><\/h2>\n","protected":false},"excerpt":{"rendered":"<p>Ce dimanche 3 ao\u00fbt, \u00e0 14 h 30, le chef \u00a0Jean-Philippe Tremblay prendra la baguette pour la derni\u00e8re fois en tant que directeur artistique de l&rsquo;Orchestre de la Francophonie (OF), l&rsquo;ensemble qu&rsquo;il a fond\u00e9 en 2001. Ce concert vient couronner une phase de travail au cours de laquelle les trois candidat\u00b7e\u00b7s \u00e0 sa succession &#8211; Emmanuelle Lambert-Lemoine, L\u00e9a Moisan-Pierrier et Julien Proulx &#8211; ont chacun\u00b7e diriger un concert. Le r\u00e9sultat de cette s\u00e9lection sera justement d\u00e9voil\u00e9 lors du concert dimanche.<\/p>\n","protected":false},"author":55,"featured_media":88948,"comment_status":"open","ping_status":"open","sticky":false,"template":"","format":"standard","meta":{"om_disable_all_campaigns":false,"jetpack_post_was_ever_published":false},"categories":[42299,10998],"tags":[42300,42344,5531],"yst_prominent_words":[11991,16509,21248,9840,7202,27143,19446,9877,12359,10286,22275,9813,10327,9869],"acf":[],"jetpack_featured_media_url":"https:\/\/www.ludwig-van.com\/montreal\/wp-content\/uploads\/sites\/3\/2025\/08\/Copie-de-ENTREVUE12.jpg","jetpack_sharing_enabled":true,"jetpack_shortlink":"https:\/\/wp.me\/p9bdYt-n8H","amp_enabled":true,"_links":{"self":[{"href":"https:\/\/www.ludwig-van.com\/montreal\/wp-json\/wp\/v2\/posts\/88951"}],"collection":[{"href":"https:\/\/www.ludwig-van.com\/montreal\/wp-json\/wp\/v2\/posts"}],"about":[{"href":"https:\/\/www.ludwig-van.com\/montreal\/wp-json\/wp\/v2\/types\/post"}],"author":[{"embeddable":true,"href":"https:\/\/www.ludwig-van.com\/montreal\/wp-json\/wp\/v2\/users\/55"}],"replies":[{"embeddable":true,"href":"https:\/\/www.ludwig-van.com\/montreal\/wp-json\/wp\/v2\/comments?post=88951"}],"version-history":[{"count":26,"href":"https:\/\/www.ludwig-van.com\/montreal\/wp-json\/wp\/v2\/posts\/88951\/revisions"}],"predecessor-version":[{"id":88981,"href":"https:\/\/www.ludwig-van.com\/montreal\/wp-json\/wp\/v2\/posts\/88951\/revisions\/88981"}],"wp:featuredmedia":[{"embeddable":true,"href":"https:\/\/www.ludwig-van.com\/montreal\/wp-json\/wp\/v2\/media\/88948"}],"wp:attachment":[{"href":"https:\/\/www.ludwig-van.com\/montreal\/wp-json\/wp\/v2\/media?parent=88951"}],"wp:term":[{"taxonomy":"category","embeddable":true,"href":"https:\/\/www.ludwig-van.com\/montreal\/wp-json\/wp\/v2\/categories?post=88951"},{"taxonomy":"post_tag","embeddable":true,"href":"https:\/\/www.ludwig-van.com\/montreal\/wp-json\/wp\/v2\/tags?post=88951"},{"taxonomy":"yst_prominent_words","embeddable":true,"href":"https:\/\/www.ludwig-van.com\/montreal\/wp-json\/wp\/v2\/yst_prominent_words?post=88951"}],"curies":[{"name":"wp","href":"https:\/\/api.w.org\/{rel}","templated":true}]}}